{"id":16783,"date":"2025-10-30T07:00:00","date_gmt":"2025-10-30T10:00:00","guid":{"rendered":"https:\/\/www.radiomanchester.com.br\/fm\/?p=16783"},"modified":"2025-10-29T21:30:33","modified_gmt":"2025-10-30T00:30:33","slug":"caiado-vai-ao-rio-de-janeiro-e-oferece-apoio-das-forcas-de-seguranca-de-goias","status":"publish","type":"post","link":"https:\/\/www.radiomanchester.com.br\/fm\/caiado-vai-ao-rio-de-janeiro-e-oferece-apoio-das-forcas-de-seguranca-de-goias\/","title":{"rendered":"Caiado vai ao Rio de Janeiro e oferece apoio das for\u00e7as de seguran\u00e7a de Goi\u00e1s"},"content":{"rendered":"\n<p><\/p>\n\n\n\n<p>O governador Ronaldo Caiado anunciou que viajar\u00e1 ao Rio de Janeiro nesta quinta-feira (30\/10), acompanhado de uma comitiva de governadores, para demonstrar apoio ao governo fluminense ap\u00f3s a megaopera\u00e7\u00e3o policial contra a fac\u00e7\u00e3o Comando Vermelho (CV).<\/p>\n\n\n\n<p>A articula\u00e7\u00e3o foi feita pelo pr\u00f3prio Caiado durante uma videoconfer\u00eancia realizada na manh\u00e3 desta quarta-feira (29) com os governadores Tarc\u00edsio de Freitas (SP), Romeu Zema (MG), Jorginho Mello (SC) e Mauro Mendes (MT).<\/p>\n\n\n\n<p><strong>For\u00e7as de seguran\u00e7a<br><\/strong>Na reuni\u00e3o virtual com o governador do Rio de Janeiro, Cl\u00e1udio Castro, os chefes do Executivo estaduais declararam solidariedade \u00e0s for\u00e7as de seguran\u00e7a e \u00e0 popula\u00e7\u00e3o fluminense. \u201cEstaremos no Rio de Janeiro para prestar solidariedade ao governador Cl\u00e1udio Castro e apoiar as for\u00e7as de seguran\u00e7a do estado\u201d, afirmou Caiado.<\/p>\n\n\n\n<p>Segundo ele, outros governadores tamb\u00e9m est\u00e3o sendo convidados a integrar a comitiva. Caiado refor\u00e7ou que o avan\u00e7o do narcotr\u00e1fico precisa ser enfrentado de forma conjunta pelos estados.<\/p>\n\n\n\n<p>\u201cA a\u00e7\u00e3o do Comando Vermelho ultrapassa as fronteiras do Rio e impacta a seguran\u00e7a p\u00fablica em todo o pa\u00eds. Esse \u00e9 um problema nacional\u201d, declarou.<\/p>\n\n\n\n<p>Ele tamb\u00e9m voltou a criticar o governo federal, acusando o presidente Lula de omiss\u00e3o no combate ao crime organizado. \u201cVivemos um estado de guerra, com a domina\u00e7\u00e3o do narcotr\u00e1fico sobre parte do territ\u00f3rio nacional e a coniv\u00eancia do governo federal\u201d, disse. Para o governador, os ataques de fac\u00e7\u00f5es deveriam ser enquadrados como terrorismo no Brasil.<\/p>\n\n\n\n<p>Caiado afirmou ainda que as for\u00e7as de seguran\u00e7a de Goi\u00e1s est\u00e3o \u00e0 disposi\u00e7\u00e3o do governo fluminense. \u201cCl\u00e1udio Castro ter\u00e1 o que precisar. Estamos prontos para apoiar os policiais que enfrentam na linha de frente esses criminosos\u201d, declarou. As falas ocorreram durante agenda oficial do governador em S\u00e3o Paulo, onde est\u00e1 desde ter\u00e7a-feira (28).<\/p>\n\n\n\n<p>A Secretaria de Seguran\u00e7a P\u00fablica de Goi\u00e1s (SSP-GO) confirmou que quatro criminosos ligados ao Comando Vermelho, que atuavam em Goi\u00e1s e eram foragidos da Justi\u00e7a, foram mortos no Rio de Janeiro durante a megaopera\u00e7\u00e3o.<\/p>\n\n\n\n<p>Os mortos foram identificados como \u00c9der Alves de Souza, Marcos Vinicius da Silva Lima, Adan Pablo Alves de Oliveira e Rafael Resende Ferreira.<\/p>\n\n\n\n<p>porAg\u00eancia Cora Coralina Gov Goi\u00e1s<\/p>\n","protected":false},"excerpt":{"rendered":"<p class=\"excerpt\">O governador Ronaldo Caiado anunciou que viajar\u00e1 ao Rio de Janeiro nesta quinta-feira (30\/10), acompanhado de uma comitiva de governadores, para demonstrar apoio ao governo fluminense ap\u00f3s a megaopera\u00e7\u00e3o policial contra a fac\u00e7\u00e3o Comando Vermelho (CV). A articula\u00e7\u00e3o foi feita pelo pr\u00f3prio Caiado durante uma videoconfer\u00eancia realizada na manh\u00e3 desta quarta-feira (29) com os governadores [&hellip;]<\/p>\n","protected":false},"author":1,"featured_media":0,"comment_status":"open","ping_status":"open","sticky":false,"template":"","format":"standard","meta":[],"categories":[8,17],"tags":[22,24,172,113,83,92],"yoast_head":"<!-- This site is optimized with the Yoast SEO plugin v18.3 - https:\/\/yoast.com\/wordpress\/plugins\/seo\/ -->\n<title>Caiado vai ao Rio de Janeiro e oferece apoio das for\u00e7as de seguran\u00e7a de Goi\u00e1s - Manchester FM 93,3<\/title>\n<meta name=\"robots\" content=\"index, follow, max-snippet:-1, max-image-preview:large, max-video-preview:-1\" \/>\n<link rel=\"canonical\" href=\"https:\/\/www.radiomanchester.com.br\/fm\/caiado-vai-ao-rio-de-janeiro-e-oferece-apoio-das-forcas-de-seguranca-de-goias\/\" \/>\n<meta property=\"og:locale\" content=\"pt_BR\" \/>\n<meta property=\"og:type\" content=\"article\" \/>\n<meta property=\"og:title\" content=\"Caiado vai ao Rio de Janeiro e oferece apoio das for\u00e7as de seguran\u00e7a de Goi\u00e1s - Manchester FM 93,3\" \/>\n<meta property=\"og:description\" content=\"O governador Ronaldo Caiado anunciou que viajar\u00e1 ao Rio de Janeiro nesta quinta-feira (30\/10), acompanhado de uma comitiva de governadores, para demonstrar apoio ao governo fluminense ap\u00f3s a megaopera\u00e7\u00e3o policial contra a fac\u00e7\u00e3o Comando Vermelho (CV). A articula\u00e7\u00e3o foi feita pelo pr\u00f3prio Caiado durante uma videoconfer\u00eancia realizada na manh\u00e3 desta quarta-feira (29) com os governadores [&hellip;]\" \/>\n<meta property=\"og:url\" content=\"https:\/\/www.radiomanchester.com.br\/fm\/caiado-vai-ao-rio-de-janeiro-e-oferece-apoio-das-forcas-de-seguranca-de-goias\/\" \/>\n<meta property=\"og:site_name\" content=\"Manchester FM 93,3\" \/>\n<meta property=\"article:published_time\" content=\"2025-10-30T10:00:00+00:00\" \/>\n<meta property=\"article:modified_time\" content=\"2025-10-30T00:30:33+00:00\" \/>\n<meta name=\"twitter:card\" content=\"summary_large_image\" \/>\n<meta name=\"twitter:label1\" content=\"Escrito por\" \/>\n\t<meta name=\"twitter:data1\" content=\"admin\" \/>\n\t<meta name=\"twitter:label2\" content=\"Est. tempo de leitura\" \/>\n\t<meta name=\"twitter:data2\" content=\"2 minutos\" \/>\n<script type=\"application\/ld+json\" class=\"yoast-schema-graph\">{\"@context\":\"https:\/\/schema.org\",\"@graph\":[{\"@type\":\"WebSite\",\"@id\":\"https:\/\/www.radiomanchester.com.br\/fm\/#website\",\"url\":\"https:\/\/www.radiomanchester.com.br\/fm\/\",\"name\":\"Manchester FM 93,3\",\"description\":\"Todo Mundo Ouve!\",\"potentialAction\":[{\"@type\":\"SearchAction\",\"target\":{\"@type\":\"EntryPoint\",\"urlTemplate\":\"https:\/\/www.radiomanchester.com.br\/fm\/?s={search_term_string}\"},\"query-input\":\"required name=search_term_string\"}],\"inLanguage\":\"pt-BR\"},{\"@type\":\"WebPage\",\"@id\":\"https:\/\/www.radiomanchester.com.br\/fm\/caiado-vai-ao-rio-de-janeiro-e-oferece-apoio-das-forcas-de-seguranca-de-goias\/#webpage\",\"url\":\"https:\/\/www.radiomanchester.com.br\/fm\/caiado-vai-ao-rio-de-janeiro-e-oferece-apoio-das-forcas-de-seguranca-de-goias\/\",\"name\":\"Caiado vai ao Rio de Janeiro e oferece apoio das for\u00e7as de seguran\u00e7a de Goi\u00e1s - Manchester FM 93,3\",\"isPartOf\":{\"@id\":\"https:\/\/www.radiomanchester.com.br\/fm\/#website\"},\"datePublished\":\"2025-10-30T10:00:00+00:00\",\"dateModified\":\"2025-10-30T00:30:33+00:00\",\"author\":{\"@id\":\"https:\/\/www.radiomanchester.com.br\/fm\/#\/schema\/person\/408a7b4d4e32cbebd90e2782852abca3\"},\"breadcrumb\":{\"@id\":\"https:\/\/www.radiomanchester.com.br\/fm\/caiado-vai-ao-rio-de-janeiro-e-oferece-apoio-das-forcas-de-seguranca-de-goias\/#breadcrumb\"},\"inLanguage\":\"pt-BR\",\"potentialAction\":[{\"@type\":\"ReadAction\",\"target\":[\"https:\/\/www.radiomanchester.com.br\/fm\/caiado-vai-ao-rio-de-janeiro-e-oferece-apoio-das-forcas-de-seguranca-de-goias\/\"]}]},{\"@type\":\"BreadcrumbList\",\"@id\":\"https:\/\/www.radiomanchester.com.br\/fm\/caiado-vai-ao-rio-de-janeiro-e-oferece-apoio-das-forcas-de-seguranca-de-goias\/#breadcrumb\",\"itemListElement\":[{\"@type\":\"ListItem\",\"position\":1,\"name\":\"Home\",\"item\":\"https:\/\/www.radiomanchester.com.br\/fm\/\"},{\"@type\":\"ListItem\",\"position\":2,\"name\":\"Caiado vai ao Rio de Janeiro e oferece apoio das for\u00e7as de seguran\u00e7a de Goi\u00e1s\"}]},{\"@type\":\"Person\",\"@id\":\"https:\/\/www.radiomanchester.com.br\/fm\/#\/schema\/person\/408a7b4d4e32cbebd90e2782852abca3\",\"name\":\"admin\",\"image\":{\"@type\":\"ImageObject\",\"@id\":\"https:\/\/www.radiomanchester.com.br\/fm\/#personlogo\",\"inLanguage\":\"pt-BR\",\"url\":\"https:\/\/secure.gravatar.com\/avatar\/115a974dba3376872eb3addeb276301c?s=96&d=mm&r=g\",\"contentUrl\":\"https:\/\/secure.gravatar.com\/avatar\/115a974dba3376872eb3addeb276301c?s=96&d=mm&r=g\",\"caption\":\"admin\"},\"url\":\"https:\/\/www.radiomanchester.com.br\/fm\/author\/admin\/\"}]}<\/script>\n<!-- \/ Yoast SEO plugin. -->","yoast_head_json":{"title":"Caiado vai ao Rio de Janeiro e oferece apoio das for\u00e7as de seguran\u00e7a de Goi\u00e1s - Manchester FM 93,3","robots":{"index":"index","follow":"follow","max-snippet":"max-snippet:-1","max-image-preview":"max-image-preview:large","max-video-preview":"max-video-preview:-1"},"canonical":"https:\/\/www.radiomanchester.com.br\/fm\/caiado-vai-ao-rio-de-janeiro-e-oferece-apoio-das-forcas-de-seguranca-de-goias\/","og_locale":"pt_BR","og_type":"article","og_title":"Caiado vai ao Rio de Janeiro e oferece apoio das for\u00e7as de seguran\u00e7a de Goi\u00e1s - Manchester FM 93,3","og_description":"O governador Ronaldo Caiado anunciou que viajar\u00e1 ao Rio de Janeiro nesta quinta-feira (30\/10), acompanhado de uma comitiva de governadores, para demonstrar apoio ao governo fluminense ap\u00f3s a megaopera\u00e7\u00e3o policial contra a fac\u00e7\u00e3o Comando Vermelho (CV). A articula\u00e7\u00e3o foi feita pelo pr\u00f3prio Caiado durante uma videoconfer\u00eancia realizada na manh\u00e3 desta quarta-feira (29) com os governadores [&hellip;]","og_url":"https:\/\/www.radiomanchester.com.br\/fm\/caiado-vai-ao-rio-de-janeiro-e-oferece-apoio-das-forcas-de-seguranca-de-goias\/","og_site_name":"Manchester FM 93,3","article_published_time":"2025-10-30T10:00:00+00:00","article_modified_time":"2025-10-30T00:30:33+00:00","twitter_card":"summary_large_image","twitter_misc":{"Escrito por":"admin","Est. tempo de leitura":"2 minutos"},"schema":{"@context":"https:\/\/schema.org","@graph":[{"@type":"WebSite","@id":"https:\/\/www.radiomanchester.com.br\/fm\/#website","url":"https:\/\/www.radiomanchester.com.br\/fm\/","name":"Manchester FM 93,3","description":"Todo Mundo Ouve!","potentialAction":[{"@type":"SearchAction","target":{"@type":"EntryPoint","urlTemplate":"https:\/\/www.radiomanchester.com.br\/fm\/?s={search_term_string}"},"query-input":"required name=search_term_string"}],"inLanguage":"pt-BR"},{"@type":"WebPage","@id":"https:\/\/www.radiomanchester.com.br\/fm\/caiado-vai-ao-rio-de-janeiro-e-oferece-apoio-das-forcas-de-seguranca-de-goias\/#webpage","url":"https:\/\/www.radiomanchester.com.br\/fm\/caiado-vai-ao-rio-de-janeiro-e-oferece-apoio-das-forcas-de-seguranca-de-goias\/","name":"Caiado vai ao Rio de Janeiro e oferece apoio das for\u00e7as de seguran\u00e7a de Goi\u00e1s - Manchester FM 93,3","isPartOf":{"@id":"https:\/\/www.radiomanchester.com.br\/fm\/#website"},"datePublished":"2025-10-30T10:00:00+00:00","dateModified":"2025-10-30T00:30:33+00:00","author":{"@id":"https:\/\/www.radiomanchester.com.br\/fm\/#\/schema\/person\/408a7b4d4e32cbebd90e2782852abca3"},"breadcrumb":{"@id":"https:\/\/www.radiomanchester.com.br\/fm\/caiado-vai-ao-rio-de-janeiro-e-oferece-apoio-das-forcas-de-seguranca-de-goias\/#breadcrumb"},"inLanguage":"pt-BR","potentialAction":[{"@type":"ReadAction","target":["https:\/\/www.radiomanchester.com.br\/fm\/caiado-vai-ao-rio-de-janeiro-e-oferece-apoio-das-forcas-de-seguranca-de-goias\/"]}]},{"@type":"BreadcrumbList","@id":"https:\/\/www.radiomanchester.com.br\/fm\/caiado-vai-ao-rio-de-janeiro-e-oferece-apoio-das-forcas-de-seguranca-de-goias\/#breadcrumb","itemListElement":[{"@type":"ListItem","position":1,"name":"Home","item":"https:\/\/www.radiomanchester.com.br\/fm\/"},{"@type":"ListItem","position":2,"name":"Caiado vai ao Rio de Janeiro e oferece apoio das for\u00e7as de seguran\u00e7a de Goi\u00e1s"}]},{"@type":"Person","@id":"https:\/\/www.radiomanchester.com.br\/fm\/#\/schema\/person\/408a7b4d4e32cbebd90e2782852abca3","name":"admin","image":{"@type":"ImageObject","@id":"https:\/\/www.radiomanchester.com.br\/fm\/#personlogo","inLanguage":"pt-BR","url":"https:\/\/secure.gravatar.com\/avatar\/115a974dba3376872eb3addeb276301c?s=96&d=mm&r=g","contentUrl":"https:\/\/secure.gravatar.com\/avatar\/115a974dba3376872eb3addeb276301c?s=96&d=mm&r=g","caption":"admin"},"url":"https:\/\/www.radiomanchester.com.br\/fm\/author\/admin\/"}]}},"_links":{"self":[{"href":"https:\/\/www.radiomanchester.com.br\/fm\/wp-json\/wp\/v2\/posts\/16783"}],"collection":[{"href":"https:\/\/www.radiomanchester.com.br\/fm\/wp-json\/wp\/v2\/posts"}],"about":[{"href":"https:\/\/www.radiomanchester.com.br\/fm\/wp-json\/wp\/v2\/types\/post"}],"author":[{"embeddable":true,"href":"https:\/\/www.radiomanchester.com.br\/fm\/wp-json\/wp\/v2\/users\/1"}],"replies":[{"embeddable":true,"href":"https:\/\/www.radiomanchester.com.br\/fm\/wp-json\/wp\/v2\/comments?post=16783"}],"version-history":[{"count":1,"href":"https:\/\/www.radiomanchester.com.br\/fm\/wp-json\/wp\/v2\/posts\/16783\/revisions"}],"predecessor-version":[{"id":16784,"href":"https:\/\/www.radiomanchester.com.br\/fm\/wp-json\/wp\/v2\/posts\/16783\/revisions\/16784"}],"wp:attachment":[{"href":"https:\/\/www.radiomanchester.com.br\/fm\/wp-json\/wp\/v2\/media?parent=16783"}],"wp:term":[{"taxonomy":"category","embeddable":true,"href":"https:\/\/www.radiomanchester.com.br\/fm\/wp-json\/wp\/v2\/categories?post=16783"},{"taxonomy":"post_tag","embeddable":true,"href":"https:\/\/www.radiomanchester.com.br\/fm\/wp-json\/wp\/v2\/tags?post=16783"}],"curies":[{"name":"wp","href":"https:\/\/api.w.org\/{rel}","templated":true}]}}