{"id":16785,"date":"2025-10-30T18:43:57","date_gmt":"2025-10-30T21:43:57","guid":{"rendered":"https:\/\/www.radiomanchester.com.br\/fm\/?p=16785"},"modified":"2025-10-30T18:43:59","modified_gmt":"2025-10-30T21:43:59","slug":"idosos-do-curso-primeiro-foco-realizam-exposicao-fotografica-assim-vejo-a-vida-em-anapolis","status":"publish","type":"post","link":"https:\/\/www.radiomanchester.com.br\/fm\/idosos-do-curso-primeiro-foco-realizam-exposicao-fotografica-assim-vejo-a-vida-em-anapolis\/","title":{"rendered":"Idosos do curso \u201cPrimeiro Foco\u201d realizam exposi\u00e7\u00e3o fotogr\u00e1fica \u201cAssim vejo a vida\u201d em An\u00e1polis"},"content":{"rendered":"\n<p><\/p>\n\n\n\n<p>Os alunos do curso \u201cPrimeiro Foco \u2013 Um Olhar da Pessoa Idosa\u201d convidam familiares, amigos e toda a comunidade para prestigiar a exposi\u00e7\u00e3o fotogr\u00e1fica \u201cAssim vejo a vida\u201d, que ser\u00e1 realizada neste s\u00e1bado, 1\u00ba de novembro, \u00e0s 14h, no Centro de Conviv\u00eancia do Idoso (CCI), em An\u00e1polis.<\/p>\n\n\n\n<p>A mostra re\u00fane os trabalhos produzidos ao longo do curso e representa o encerramento de uma jornada repleta de aprendizado, partilha e sensibilidade. Ao longo das aulas, os participantes foram convidados a explorar a fotografia como forma de express\u00e3o e de reencontro com a pr\u00f3pria hist\u00f3ria \u2014 aprendendo a enxergar o cotidiano com novos olhos e a registrar o que h\u00e1 de mais belo na vida.<\/p>\n\n\n\n<p>\u201cCada clique traz uma hist\u00f3ria, um sentimento e uma maneira \u00fanica de ver o mundo. A proposta do projeto \u00e9 valorizar o olhar da pessoa idosa, oferecendo espa\u00e7o para que elas se reconhe\u00e7am como protagonistas da pr\u00f3pria narrativa\u201d, explica Ina\u00ea Ribeiro, jornalista e idealizadora do curso.<\/p>\n\n\n\n<p>Entre os alunos, hist\u00f3rias inspiradoras d\u00e3o sentido ao projeto. A artes\u00e3 Joana, por exemplo, descobriu na fotografia uma aliada para divulgar seu trabalho com acess\u00f3rios. \u201cEu n\u00e3o imaginava que a c\u00e2mera dava zoom, nem sabia o que era isso\u201d, conta, aos risos. \u201cHoje fa\u00e7o as fotos das minhas pe\u00e7as e a professora ainda me ajuda online, me ensinando a ajustar a luz e o enquadramento para postar no Instagram. Isso mudou muito a forma como mostro meu trabalho\u201d, comemora a aluna.<\/p>\n\n\n\n<p>Al\u00e9m das obras fotogr\u00e1ficas, o evento contar\u00e1 com coquetel e show ao vivo do grupo musical Os Cabras de Bigode, garantindo um clima leve e festivo para celebrar o encerramento das atividades.<\/p>\n\n\n\n<p>A entrada \u00e9 gratuita e aberta ao p\u00fablico. O projeto foi contemplado pelo Fundo Municipal de Cultura de An\u00e1polis \u2013 Edi\u00e7\u00e3o 2023\/2024, e conta com o apoio da Secretaria Municipal de Cultura, do Centro de Conviv\u00eancia do Idoso (CCI) e da Funda\u00e7\u00e3o Frei Jo\u00e3o Batista Vogel.<\/p>\n\n\n\n<p><strong>Servi\u00e7o:<br><\/strong>Exposi\u00e7\u00e3o fotogr\u00e1fica \u201cAssim vejo a vida\u201d<br>Local: Centro de Conviv\u00eancia do Idoso (CCI)<br>Data: S\u00e1bado, 01 de novembro<br>Hora:\u00a014h<\/p>\n\n\n\n<figure class=\"wp-block-image size-medium\"><img loading=\"lazy\" width=\"300\" height=\"225\" src=\"https:\/\/www.radiomanchester.com.br\/fm\/wp-content\/uploads\/2025\/10\/Imagem-do-WhatsApp-de-2025-10-30-as-08.52.04_d6fed973-300x225.jpg\" alt=\"\" class=\"wp-image-16786\" srcset=\"https:\/\/www.radiomanchester.com.br\/fm\/wp-content\/uploads\/2025\/10\/Imagem-do-WhatsApp-de-2025-10-30-as-08.52.04_d6fed973-300x225.jpg 300w, https:\/\/www.radiomanchester.com.br\/fm\/wp-content\/uploads\/2025\/10\/Imagem-do-WhatsApp-de-2025-10-30-as-08.52.04_d6fed973-1024x768.jpg 1024w, https:\/\/www.radiomanchester.com.br\/fm\/wp-content\/uploads\/2025\/10\/Imagem-do-WhatsApp-de-2025-10-30-as-08.52.04_d6fed973-768x576.jpg 768w, https:\/\/www.radiomanchester.com.br\/fm\/wp-content\/uploads\/2025\/10\/Imagem-do-WhatsApp-de-2025-10-30-as-08.52.04_d6fed973.jpg 1280w\" sizes=\"(max-width: 300px) 100vw, 300px\" \/><\/figure>\n","protected":false},"excerpt":{"rendered":"<p class=\"excerpt\">Os alunos do curso \u201cPrimeiro Foco \u2013 Um Olhar da Pessoa Idosa\u201d convidam familiares, amigos e toda a comunidade para prestigiar a exposi\u00e7\u00e3o fotogr\u00e1fica \u201cAssim vejo a vida\u201d, que ser\u00e1 realizada neste s\u00e1bado, 1\u00ba de novembro, \u00e0s 14h, no Centro de Conviv\u00eancia do Idoso (CCI), em An\u00e1polis. A mostra re\u00fane os trabalhos produzidos ao longo [&hellip;]<\/p>\n","protected":false},"author":1,"featured_media":0,"comment_status":"open","ping_status":"open","sticky":false,"template":"","format":"standard","meta":[],"categories":[8,17],"tags":[22,24,113,83,92],"yoast_head":"<!-- This site is optimized with the Yoast SEO plugin v18.3 - https:\/\/yoast.com\/wordpress\/plugins\/seo\/ -->\n<title>Idosos do curso \u201cPrimeiro Foco\u201d realizam exposi\u00e7\u00e3o fotogr\u00e1fica \u201cAssim vejo a vida\u201d em An\u00e1polis - Manchester FM 93,3<\/title>\n<meta name=\"robots\" content=\"index, follow, max-snippet:-1, max-image-preview:large, max-video-preview:-1\" \/>\n<link rel=\"canonical\" href=\"https:\/\/www.radiomanchester.com.br\/fm\/idosos-do-curso-primeiro-foco-realizam-exposicao-fotografica-assim-vejo-a-vida-em-anapolis\/\" \/>\n<meta property=\"og:locale\" content=\"pt_BR\" \/>\n<meta property=\"og:type\" content=\"article\" \/>\n<meta property=\"og:title\" content=\"Idosos do curso \u201cPrimeiro Foco\u201d realizam exposi\u00e7\u00e3o fotogr\u00e1fica \u201cAssim vejo a vida\u201d em An\u00e1polis - Manchester FM 93,3\" \/>\n<meta property=\"og:description\" content=\"Os alunos do curso \u201cPrimeiro Foco \u2013 Um Olhar da Pessoa Idosa\u201d convidam familiares, amigos e toda a comunidade para prestigiar a exposi\u00e7\u00e3o fotogr\u00e1fica \u201cAssim vejo a vida\u201d, que ser\u00e1 realizada neste s\u00e1bado, 1\u00ba de novembro, \u00e0s 14h, no Centro de Conviv\u00eancia do Idoso (CCI), em An\u00e1polis. A mostra re\u00fane os trabalhos produzidos ao longo [&hellip;]\" \/>\n<meta property=\"og:url\" content=\"https:\/\/www.radiomanchester.com.br\/fm\/idosos-do-curso-primeiro-foco-realizam-exposicao-fotografica-assim-vejo-a-vida-em-anapolis\/\" \/>\n<meta property=\"og:site_name\" content=\"Manchester FM 93,3\" \/>\n<meta property=\"article:published_time\" content=\"2025-10-30T21:43:57+00:00\" \/>\n<meta property=\"article:modified_time\" content=\"2025-10-30T21:43:59+00:00\" \/>\n<meta property=\"og:image\" content=\"https:\/\/www.radiomanchester.com.br\/fm\/wp-content\/uploads\/2025\/10\/Imagem-do-WhatsApp-de-2025-10-30-as-08.52.04_d6fed973-300x225.jpg\" \/>\n<meta name=\"twitter:card\" content=\"summary_large_image\" \/>\n<meta name=\"twitter:label1\" content=\"Escrito por\" \/>\n\t<meta name=\"twitter:data1\" content=\"admin\" \/>\n\t<meta name=\"twitter:label2\" content=\"Est. tempo de leitura\" \/>\n\t<meta name=\"twitter:data2\" content=\"3 minutos\" \/>\n<script type=\"application\/ld+json\" class=\"yoast-schema-graph\">{\"@context\":\"https:\/\/schema.org\",\"@graph\":[{\"@type\":\"WebSite\",\"@id\":\"https:\/\/www.radiomanchester.com.br\/fm\/#website\",\"url\":\"https:\/\/www.radiomanchester.com.br\/fm\/\",\"name\":\"Manchester FM 93,3\",\"description\":\"Todo Mundo Ouve!\",\"potentialAction\":[{\"@type\":\"SearchAction\",\"target\":{\"@type\":\"EntryPoint\",\"urlTemplate\":\"https:\/\/www.radiomanchester.com.br\/fm\/?s={search_term_string}\"},\"query-input\":\"required name=search_term_string\"}],\"inLanguage\":\"pt-BR\"},{\"@type\":\"ImageObject\",\"@id\":\"https:\/\/www.radiomanchester.com.br\/fm\/idosos-do-curso-primeiro-foco-realizam-exposicao-fotografica-assim-vejo-a-vida-em-anapolis\/#primaryimage\",\"inLanguage\":\"pt-BR\",\"url\":\"https:\/\/www.radiomanchester.com.br\/fm\/wp-content\/uploads\/2025\/10\/Imagem-do-WhatsApp-de-2025-10-30-as-08.52.04_d6fed973.jpg\",\"contentUrl\":\"https:\/\/www.radiomanchester.com.br\/fm\/wp-content\/uploads\/2025\/10\/Imagem-do-WhatsApp-de-2025-10-30-as-08.52.04_d6fed973.jpg\",\"width\":1280,\"height\":960},{\"@type\":\"WebPage\",\"@id\":\"https:\/\/www.radiomanchester.com.br\/fm\/idosos-do-curso-primeiro-foco-realizam-exposicao-fotografica-assim-vejo-a-vida-em-anapolis\/#webpage\",\"url\":\"https:\/\/www.radiomanchester.com.br\/fm\/idosos-do-curso-primeiro-foco-realizam-exposicao-fotografica-assim-vejo-a-vida-em-anapolis\/\",\"name\":\"Idosos do curso \u201cPrimeiro Foco\u201d realizam exposi\u00e7\u00e3o fotogr\u00e1fica \u201cAssim vejo a vida\u201d em An\u00e1polis - Manchester FM 93,3\",\"isPartOf\":{\"@id\":\"https:\/\/www.radiomanchester.com.br\/fm\/#website\"},\"primaryImageOfPage\":{\"@id\":\"https:\/\/www.radiomanchester.com.br\/fm\/idosos-do-curso-primeiro-foco-realizam-exposicao-fotografica-assim-vejo-a-vida-em-anapolis\/#primaryimage\"},\"datePublished\":\"2025-10-30T21:43:57+00:00\",\"dateModified\":\"2025-10-30T21:43:59+00:00\",\"author\":{\"@id\":\"https:\/\/www.radiomanchester.com.br\/fm\/#\/schema\/person\/408a7b4d4e32cbebd90e2782852abca3\"},\"breadcrumb\":{\"@id\":\"https:\/\/www.radiomanchester.com.br\/fm\/idosos-do-curso-primeiro-foco-realizam-exposicao-fotografica-assim-vejo-a-vida-em-anapolis\/#breadcrumb\"},\"inLanguage\":\"pt-BR\",\"potentialAction\":[{\"@type\":\"ReadAction\",\"target\":[\"https:\/\/www.radiomanchester.com.br\/fm\/idosos-do-curso-primeiro-foco-realizam-exposicao-fotografica-assim-vejo-a-vida-em-anapolis\/\"]}]},{\"@type\":\"BreadcrumbList\",\"@id\":\"https:\/\/www.radiomanchester.com.br\/fm\/idosos-do-curso-primeiro-foco-realizam-exposicao-fotografica-assim-vejo-a-vida-em-anapolis\/#breadcrumb\",\"itemListElement\":[{\"@type\":\"ListItem\",\"position\":1,\"name\":\"Home\",\"item\":\"https:\/\/www.radiomanchester.com.br\/fm\/\"},{\"@type\":\"ListItem\",\"position\":2,\"name\":\"Idosos do curso \u201cPrimeiro Foco\u201d realizam exposi\u00e7\u00e3o fotogr\u00e1fica \u201cAssim vejo a vida\u201d em An\u00e1polis\"}]},{\"@type\":\"Person\",\"@id\":\"https:\/\/www.radiomanchester.com.br\/fm\/#\/schema\/person\/408a7b4d4e32cbebd90e2782852abca3\",\"name\":\"admin\",\"image\":{\"@type\":\"ImageObject\",\"@id\":\"https:\/\/www.radiomanchester.com.br\/fm\/#personlogo\",\"inLanguage\":\"pt-BR\",\"url\":\"https:\/\/secure.gravatar.com\/avatar\/115a974dba3376872eb3addeb276301c?s=96&d=mm&r=g\",\"contentUrl\":\"https:\/\/secure.gravatar.com\/avatar\/115a974dba3376872eb3addeb276301c?s=96&d=mm&r=g\",\"caption\":\"admin\"},\"url\":\"https:\/\/www.radiomanchester.com.br\/fm\/author\/admin\/\"}]}<\/script>\n<!-- \/ Yoast SEO plugin. -->","yoast_head_json":{"title":"Idosos do curso \u201cPrimeiro Foco\u201d realizam exposi\u00e7\u00e3o fotogr\u00e1fica \u201cAssim vejo a vida\u201d em An\u00e1polis - Manchester FM 93,3","robots":{"index":"index","follow":"follow","max-snippet":"max-snippet:-1","max-image-preview":"max-image-preview:large","max-video-preview":"max-video-preview:-1"},"canonical":"https:\/\/www.radiomanchester.com.br\/fm\/idosos-do-curso-primeiro-foco-realizam-exposicao-fotografica-assim-vejo-a-vida-em-anapolis\/","og_locale":"pt_BR","og_type":"article","og_title":"Idosos do curso \u201cPrimeiro Foco\u201d realizam exposi\u00e7\u00e3o fotogr\u00e1fica \u201cAssim vejo a vida\u201d em An\u00e1polis - Manchester FM 93,3","og_description":"Os alunos do curso \u201cPrimeiro Foco \u2013 Um Olhar da Pessoa Idosa\u201d convidam familiares, amigos e toda a comunidade para prestigiar a exposi\u00e7\u00e3o fotogr\u00e1fica \u201cAssim vejo a vida\u201d, que ser\u00e1 realizada neste s\u00e1bado, 1\u00ba de novembro, \u00e0s 14h, no Centro de Conviv\u00eancia do Idoso (CCI), em An\u00e1polis. A mostra re\u00fane os trabalhos produzidos ao longo [&hellip;]","og_url":"https:\/\/www.radiomanchester.com.br\/fm\/idosos-do-curso-primeiro-foco-realizam-exposicao-fotografica-assim-vejo-a-vida-em-anapolis\/","og_site_name":"Manchester FM 93,3","article_published_time":"2025-10-30T21:43:57+00:00","article_modified_time":"2025-10-30T21:43:59+00:00","og_image":[{"url":"https:\/\/www.radiomanchester.com.br\/fm\/wp-content\/uploads\/2025\/10\/Imagem-do-WhatsApp-de-2025-10-30-as-08.52.04_d6fed973-300x225.jpg"}],"twitter_card":"summary_large_image","twitter_misc":{"Escrito por":"admin","Est. tempo de leitura":"3 minutos"},"schema":{"@context":"https:\/\/schema.org","@graph":[{"@type":"WebSite","@id":"https:\/\/www.radiomanchester.com.br\/fm\/#website","url":"https:\/\/www.radiomanchester.com.br\/fm\/","name":"Manchester FM 93,3","description":"Todo Mundo Ouve!","potentialAction":[{"@type":"SearchAction","target":{"@type":"EntryPoint","urlTemplate":"https:\/\/www.radiomanchester.com.br\/fm\/?s={search_term_string}"},"query-input":"required name=search_term_string"}],"inLanguage":"pt-BR"},{"@type":"ImageObject","@id":"https:\/\/www.radiomanchester.com.br\/fm\/idosos-do-curso-primeiro-foco-realizam-exposicao-fotografica-assim-vejo-a-vida-em-anapolis\/#primaryimage","inLanguage":"pt-BR","url":"https:\/\/www.radiomanchester.com.br\/fm\/wp-content\/uploads\/2025\/10\/Imagem-do-WhatsApp-de-2025-10-30-as-08.52.04_d6fed973.jpg","contentUrl":"https:\/\/www.radiomanchester.com.br\/fm\/wp-content\/uploads\/2025\/10\/Imagem-do-WhatsApp-de-2025-10-30-as-08.52.04_d6fed973.jpg","width":1280,"height":960},{"@type":"WebPage","@id":"https:\/\/www.radiomanchester.com.br\/fm\/idosos-do-curso-primeiro-foco-realizam-exposicao-fotografica-assim-vejo-a-vida-em-anapolis\/#webpage","url":"https:\/\/www.radiomanchester.com.br\/fm\/idosos-do-curso-primeiro-foco-realizam-exposicao-fotografica-assim-vejo-a-vida-em-anapolis\/","name":"Idosos do curso \u201cPrimeiro Foco\u201d realizam exposi\u00e7\u00e3o fotogr\u00e1fica \u201cAssim vejo a vida\u201d em An\u00e1polis - Manchester FM 93,3","isPartOf":{"@id":"https:\/\/www.radiomanchester.com.br\/fm\/#website"},"primaryImageOfPage":{"@id":"https:\/\/www.radiomanchester.com.br\/fm\/idosos-do-curso-primeiro-foco-realizam-exposicao-fotografica-assim-vejo-a-vida-em-anapolis\/#primaryimage"},"datePublished":"2025-10-30T21:43:57+00:00","dateModified":"2025-10-30T21:43:59+00:00","author":{"@id":"https:\/\/www.radiomanchester.com.br\/fm\/#\/schema\/person\/408a7b4d4e32cbebd90e2782852abca3"},"breadcrumb":{"@id":"https:\/\/www.radiomanchester.com.br\/fm\/idosos-do-curso-primeiro-foco-realizam-exposicao-fotografica-assim-vejo-a-vida-em-anapolis\/#breadcrumb"},"inLanguage":"pt-BR","potentialAction":[{"@type":"ReadAction","target":["https:\/\/www.radiomanchester.com.br\/fm\/idosos-do-curso-primeiro-foco-realizam-exposicao-fotografica-assim-vejo-a-vida-em-anapolis\/"]}]},{"@type":"BreadcrumbList","@id":"https:\/\/www.radiomanchester.com.br\/fm\/idosos-do-curso-primeiro-foco-realizam-exposicao-fotografica-assim-vejo-a-vida-em-anapolis\/#breadcrumb","itemListElement":[{"@type":"ListItem","position":1,"name":"Home","item":"https:\/\/www.radiomanchester.com.br\/fm\/"},{"@type":"ListItem","position":2,"name":"Idosos do curso \u201cPrimeiro Foco\u201d realizam exposi\u00e7\u00e3o fotogr\u00e1fica \u201cAssim vejo a vida\u201d em An\u00e1polis"}]},{"@type":"Person","@id":"https:\/\/www.radiomanchester.com.br\/fm\/#\/schema\/person\/408a7b4d4e32cbebd90e2782852abca3","name":"admin","image":{"@type":"ImageObject","@id":"https:\/\/www.radiomanchester.com.br\/fm\/#personlogo","inLanguage":"pt-BR","url":"https:\/\/secure.gravatar.com\/avatar\/115a974dba3376872eb3addeb276301c?s=96&d=mm&r=g","contentUrl":"https:\/\/secure.gravatar.com\/avatar\/115a974dba3376872eb3addeb276301c?s=96&d=mm&r=g","caption":"admin"},"url":"https:\/\/www.radiomanchester.com.br\/fm\/author\/admin\/"}]}},"_links":{"self":[{"href":"https:\/\/www.radiomanchester.com.br\/fm\/wp-json\/wp\/v2\/posts\/16785"}],"collection":[{"href":"https:\/\/www.radiomanchester.com.br\/fm\/wp-json\/wp\/v2\/posts"}],"about":[{"href":"https:\/\/www.radiomanchester.com.br\/fm\/wp-json\/wp\/v2\/types\/post"}],"author":[{"embeddable":true,"href":"https:\/\/www.radiomanchester.com.br\/fm\/wp-json\/wp\/v2\/users\/1"}],"replies":[{"embeddable":true,"href":"https:\/\/www.radiomanchester.com.br\/fm\/wp-json\/wp\/v2\/comments?post=16785"}],"version-history":[{"count":1,"href":"https:\/\/www.radiomanchester.com.br\/fm\/wp-json\/wp\/v2\/posts\/16785\/revisions"}],"predecessor-version":[{"id":16787,"href":"https:\/\/www.radiomanchester.com.br\/fm\/wp-json\/wp\/v2\/posts\/16785\/revisions\/16787"}],"wp:attachment":[{"href":"https:\/\/www.radiomanchester.com.br\/fm\/wp-json\/wp\/v2\/media?parent=16785"}],"wp:term":[{"taxonomy":"category","embeddable":true,"href":"https:\/\/www.radiomanchester.com.br\/fm\/wp-json\/wp\/v2\/categories?post=16785"},{"taxonomy":"post_tag","embeddable":true,"href":"https:\/\/www.radiomanchester.com.br\/fm\/wp-json\/wp\/v2\/tags?post=16785"}],"curies":[{"name":"wp","href":"https:\/\/api.w.org\/{rel}","templated":true}]}}