{"id":16788,"date":"2025-10-31T07:00:00","date_gmt":"2025-10-31T10:00:00","guid":{"rendered":"https:\/\/www.radiomanchester.com.br\/fm\/?p=16788"},"modified":"2025-10-30T19:18:35","modified_gmt":"2025-10-30T22:18:35","slug":"parque-da-jaiara-recebe-o-primeiro-vou-de-bike-kids","status":"publish","type":"post","link":"https:\/\/www.radiomanchester.com.br\/fm\/parque-da-jaiara-recebe-o-primeiro-vou-de-bike-kids\/","title":{"rendered":"Parque da Jaiara recebe o primeiro \u201cVou de Bike Kids\u201d"},"content":{"rendered":"\n<p>O primeiro \u201cVou de Bike Kids\u201d, marcado para o dia 9 de novembro, ser\u00e1 realizado no Parque da Jaiara. A mudan\u00e7a de local foi definida em raz\u00e3o das obras de desassoreamento em andamento no Central Parque (Parque Onofre Quinan), que exigem o isolamento parcial da \u00e1rea. A medida visa assegurar a integridade dos participantes e oferecer uma estrutura adequada para a realiza\u00e7\u00e3o do evento.<\/p>\n\n\n\n<p>O desassoreamento \u00e9 uma interven\u00e7\u00e3o preventiva e necess\u00e1ria, conduzida pela Secretaria Municipal de Obras, Habita\u00e7\u00e3o, Planejamento Urbano e Meio Ambiente, com o objetivo de recuperar o ecossistema local e melhorar o escoamento das \u00e1guas. Por envolver maquin\u00e1rio e movimenta\u00e7\u00e3o de solo, o trabalho requer que a \u00e1rea permane\u00e7a parcialmente isolada, o que inviabiliza temporariamente a realiza\u00e7\u00e3o de atividades com grande p\u00fablico.<\/p>\n\n\n\n<p>De acordo com a Secretaria Municipal de Esporte, respons\u00e1vel pela organiza\u00e7\u00e3o do evento em parceria com a empresa Senses Eventos e Esportes, a altera\u00e7\u00e3o de local foi adotada para garantir total seguran\u00e7a aos participantes e manter a proposta de um momento de lazer, esporte e integra\u00e7\u00e3o entre as fam\u00edlias.<\/p>\n\n\n\n<p>O \u201cVou de Bike Kids\u201d \u00e9 voltado para crian\u00e7as e adolescentes de 2 a 13 anos, com concentra\u00e7\u00e3o \u00e0s 8h30 e largada \u00e0s 9h. Durante uma hora, os pequenos ciclistas participar\u00e3o de uma divertida gincana de movimentos, cumprindo desafios e somando pontos. Haver\u00e1 premia\u00e7\u00f5es e medalhas para todos os participantes, al\u00e9m de um piquenique comunit\u00e1rio, incentivando a confraterniza\u00e7\u00e3o entre as fam\u00edlias.<\/p>\n\n\n\n<p>As inscri\u00e7\u00f5es seguem abertas at\u00e9 o dia 5 de novembro, e podem ser feitas presencialmente no Gin\u00e1sio Internacional Newton de Faria, das 9h \u00e0s 17h, mediante a doa\u00e7\u00e3o de 2 kg de alimento n\u00e3o perec\u00edvel por inscri\u00e7\u00e3o. As vagas&nbsp;s\u00e3o&nbsp;limitadas.<\/p>\n","protected":false},"excerpt":{"rendered":"<p class=\"excerpt\">O primeiro \u201cVou de Bike Kids\u201d, marcado para o dia 9 de novembro, ser\u00e1 realizado no Parque da Jaiara. A mudan\u00e7a de local foi definida em raz\u00e3o das obras de desassoreamento em andamento no Central Parque (Parque Onofre Quinan), que exigem o isolamento parcial da \u00e1rea. A medida visa assegurar a integridade dos participantes e [&hellip;]<\/p>\n","protected":false},"author":1,"featured_media":0,"comment_status":"open","ping_status":"open","sticky":false,"template":"","format":"standard","meta":[],"categories":[8,17],"tags":[22,24,113,83,129,92],"yoast_head":"<!-- This site is optimized with the Yoast SEO plugin v18.3 - https:\/\/yoast.com\/wordpress\/plugins\/seo\/ -->\n<title>Parque da Jaiara recebe o primeiro \u201cVou de Bike Kids\u201d - Manchester FM 93,3<\/title>\n<meta name=\"robots\" content=\"index, follow, max-snippet:-1, max-image-preview:large, max-video-preview:-1\" \/>\n<link rel=\"canonical\" href=\"https:\/\/www.radiomanchester.com.br\/fm\/parque-da-jaiara-recebe-o-primeiro-vou-de-bike-kids\/\" \/>\n<meta property=\"og:locale\" content=\"pt_BR\" \/>\n<meta property=\"og:type\" content=\"article\" \/>\n<meta property=\"og:title\" content=\"Parque da Jaiara recebe o primeiro \u201cVou de Bike Kids\u201d - Manchester FM 93,3\" \/>\n<meta property=\"og:description\" content=\"O primeiro \u201cVou de Bike Kids\u201d, marcado para o dia 9 de novembro, ser\u00e1 realizado no Parque da Jaiara. A mudan\u00e7a de local foi definida em raz\u00e3o das obras de desassoreamento em andamento no Central Parque (Parque Onofre Quinan), que exigem o isolamento parcial da \u00e1rea. A medida visa assegurar a integridade dos participantes e [&hellip;]\" \/>\n<meta property=\"og:url\" content=\"https:\/\/www.radiomanchester.com.br\/fm\/parque-da-jaiara-recebe-o-primeiro-vou-de-bike-kids\/\" \/>\n<meta property=\"og:site_name\" content=\"Manchester FM 93,3\" \/>\n<meta property=\"article:published_time\" content=\"2025-10-31T10:00:00+00:00\" \/>\n<meta property=\"article:modified_time\" content=\"2025-10-30T22:18:35+00:00\" \/>\n<meta name=\"twitter:card\" content=\"summary_large_image\" \/>\n<meta name=\"twitter:label1\" content=\"Escrito por\" \/>\n\t<meta name=\"twitter:data1\" content=\"admin\" \/>\n\t<meta name=\"twitter:label2\" content=\"Est. tempo de leitura\" \/>\n\t<meta name=\"twitter:data2\" content=\"2 minutos\" \/>\n<script type=\"application\/ld+json\" class=\"yoast-schema-graph\">{\"@context\":\"https:\/\/schema.org\",\"@graph\":[{\"@type\":\"WebSite\",\"@id\":\"https:\/\/www.radiomanchester.com.br\/fm\/#website\",\"url\":\"https:\/\/www.radiomanchester.com.br\/fm\/\",\"name\":\"Manchester FM 93,3\",\"description\":\"Todo Mundo Ouve!\",\"potentialAction\":[{\"@type\":\"SearchAction\",\"target\":{\"@type\":\"EntryPoint\",\"urlTemplate\":\"https:\/\/www.radiomanchester.com.br\/fm\/?s={search_term_string}\"},\"query-input\":\"required name=search_term_string\"}],\"inLanguage\":\"pt-BR\"},{\"@type\":\"WebPage\",\"@id\":\"https:\/\/www.radiomanchester.com.br\/fm\/parque-da-jaiara-recebe-o-primeiro-vou-de-bike-kids\/#webpage\",\"url\":\"https:\/\/www.radiomanchester.com.br\/fm\/parque-da-jaiara-recebe-o-primeiro-vou-de-bike-kids\/\",\"name\":\"Parque da Jaiara recebe o primeiro \u201cVou de Bike Kids\u201d - Manchester FM 93,3\",\"isPartOf\":{\"@id\":\"https:\/\/www.radiomanchester.com.br\/fm\/#website\"},\"datePublished\":\"2025-10-31T10:00:00+00:00\",\"dateModified\":\"2025-10-30T22:18:35+00:00\",\"author\":{\"@id\":\"https:\/\/www.radiomanchester.com.br\/fm\/#\/schema\/person\/408a7b4d4e32cbebd90e2782852abca3\"},\"breadcrumb\":{\"@id\":\"https:\/\/www.radiomanchester.com.br\/fm\/parque-da-jaiara-recebe-o-primeiro-vou-de-bike-kids\/#breadcrumb\"},\"inLanguage\":\"pt-BR\",\"potentialAction\":[{\"@type\":\"ReadAction\",\"target\":[\"https:\/\/www.radiomanchester.com.br\/fm\/parque-da-jaiara-recebe-o-primeiro-vou-de-bike-kids\/\"]}]},{\"@type\":\"BreadcrumbList\",\"@id\":\"https:\/\/www.radiomanchester.com.br\/fm\/parque-da-jaiara-recebe-o-primeiro-vou-de-bike-kids\/#breadcrumb\",\"itemListElement\":[{\"@type\":\"ListItem\",\"position\":1,\"name\":\"Home\",\"item\":\"https:\/\/www.radiomanchester.com.br\/fm\/\"},{\"@type\":\"ListItem\",\"position\":2,\"name\":\"Parque da Jaiara recebe o primeiro \u201cVou de Bike Kids\u201d\"}]},{\"@type\":\"Person\",\"@id\":\"https:\/\/www.radiomanchester.com.br\/fm\/#\/schema\/person\/408a7b4d4e32cbebd90e2782852abca3\",\"name\":\"admin\",\"image\":{\"@type\":\"ImageObject\",\"@id\":\"https:\/\/www.radiomanchester.com.br\/fm\/#personlogo\",\"inLanguage\":\"pt-BR\",\"url\":\"https:\/\/secure.gravatar.com\/avatar\/115a974dba3376872eb3addeb276301c?s=96&d=mm&r=g\",\"contentUrl\":\"https:\/\/secure.gravatar.com\/avatar\/115a974dba3376872eb3addeb276301c?s=96&d=mm&r=g\",\"caption\":\"admin\"},\"url\":\"https:\/\/www.radiomanchester.com.br\/fm\/author\/admin\/\"}]}<\/script>\n<!-- \/ Yoast SEO plugin. -->","yoast_head_json":{"title":"Parque da Jaiara recebe o primeiro \u201cVou de Bike Kids\u201d - Manchester FM 93,3","robots":{"index":"index","follow":"follow","max-snippet":"max-snippet:-1","max-image-preview":"max-image-preview:large","max-video-preview":"max-video-preview:-1"},"canonical":"https:\/\/www.radiomanchester.com.br\/fm\/parque-da-jaiara-recebe-o-primeiro-vou-de-bike-kids\/","og_locale":"pt_BR","og_type":"article","og_title":"Parque da Jaiara recebe o primeiro \u201cVou de Bike Kids\u201d - Manchester FM 93,3","og_description":"O primeiro \u201cVou de Bike Kids\u201d, marcado para o dia 9 de novembro, ser\u00e1 realizado no Parque da Jaiara. A mudan\u00e7a de local foi definida em raz\u00e3o das obras de desassoreamento em andamento no Central Parque (Parque Onofre Quinan), que exigem o isolamento parcial da \u00e1rea. A medida visa assegurar a integridade dos participantes e [&hellip;]","og_url":"https:\/\/www.radiomanchester.com.br\/fm\/parque-da-jaiara-recebe-o-primeiro-vou-de-bike-kids\/","og_site_name":"Manchester FM 93,3","article_published_time":"2025-10-31T10:00:00+00:00","article_modified_time":"2025-10-30T22:18:35+00:00","twitter_card":"summary_large_image","twitter_misc":{"Escrito por":"admin","Est. tempo de leitura":"2 minutos"},"schema":{"@context":"https:\/\/schema.org","@graph":[{"@type":"WebSite","@id":"https:\/\/www.radiomanchester.com.br\/fm\/#website","url":"https:\/\/www.radiomanchester.com.br\/fm\/","name":"Manchester FM 93,3","description":"Todo Mundo Ouve!","potentialAction":[{"@type":"SearchAction","target":{"@type":"EntryPoint","urlTemplate":"https:\/\/www.radiomanchester.com.br\/fm\/?s={search_term_string}"},"query-input":"required name=search_term_string"}],"inLanguage":"pt-BR"},{"@type":"WebPage","@id":"https:\/\/www.radiomanchester.com.br\/fm\/parque-da-jaiara-recebe-o-primeiro-vou-de-bike-kids\/#webpage","url":"https:\/\/www.radiomanchester.com.br\/fm\/parque-da-jaiara-recebe-o-primeiro-vou-de-bike-kids\/","name":"Parque da Jaiara recebe o primeiro \u201cVou de Bike Kids\u201d - Manchester FM 93,3","isPartOf":{"@id":"https:\/\/www.radiomanchester.com.br\/fm\/#website"},"datePublished":"2025-10-31T10:00:00+00:00","dateModified":"2025-10-30T22:18:35+00:00","author":{"@id":"https:\/\/www.radiomanchester.com.br\/fm\/#\/schema\/person\/408a7b4d4e32cbebd90e2782852abca3"},"breadcrumb":{"@id":"https:\/\/www.radiomanchester.com.br\/fm\/parque-da-jaiara-recebe-o-primeiro-vou-de-bike-kids\/#breadcrumb"},"inLanguage":"pt-BR","potentialAction":[{"@type":"ReadAction","target":["https:\/\/www.radiomanchester.com.br\/fm\/parque-da-jaiara-recebe-o-primeiro-vou-de-bike-kids\/"]}]},{"@type":"BreadcrumbList","@id":"https:\/\/www.radiomanchester.com.br\/fm\/parque-da-jaiara-recebe-o-primeiro-vou-de-bike-kids\/#breadcrumb","itemListElement":[{"@type":"ListItem","position":1,"name":"Home","item":"https:\/\/www.radiomanchester.com.br\/fm\/"},{"@type":"ListItem","position":2,"name":"Parque da Jaiara recebe o primeiro \u201cVou de Bike Kids\u201d"}]},{"@type":"Person","@id":"https:\/\/www.radiomanchester.com.br\/fm\/#\/schema\/person\/408a7b4d4e32cbebd90e2782852abca3","name":"admin","image":{"@type":"ImageObject","@id":"https:\/\/www.radiomanchester.com.br\/fm\/#personlogo","inLanguage":"pt-BR","url":"https:\/\/secure.gravatar.com\/avatar\/115a974dba3376872eb3addeb276301c?s=96&d=mm&r=g","contentUrl":"https:\/\/secure.gravatar.com\/avatar\/115a974dba3376872eb3addeb276301c?s=96&d=mm&r=g","caption":"admin"},"url":"https:\/\/www.radiomanchester.com.br\/fm\/author\/admin\/"}]}},"_links":{"self":[{"href":"https:\/\/www.radiomanchester.com.br\/fm\/wp-json\/wp\/v2\/posts\/16788"}],"collection":[{"href":"https:\/\/www.radiomanchester.com.br\/fm\/wp-json\/wp\/v2\/posts"}],"about":[{"href":"https:\/\/www.radiomanchester.com.br\/fm\/wp-json\/wp\/v2\/types\/post"}],"author":[{"embeddable":true,"href":"https:\/\/www.radiomanchester.com.br\/fm\/wp-json\/wp\/v2\/users\/1"}],"replies":[{"embeddable":true,"href":"https:\/\/www.radiomanchester.com.br\/fm\/wp-json\/wp\/v2\/comments?post=16788"}],"version-history":[{"count":1,"href":"https:\/\/www.radiomanchester.com.br\/fm\/wp-json\/wp\/v2\/posts\/16788\/revisions"}],"predecessor-version":[{"id":16789,"href":"https:\/\/www.radiomanchester.com.br\/fm\/wp-json\/wp\/v2\/posts\/16788\/revisions\/16789"}],"wp:attachment":[{"href":"https:\/\/www.radiomanchester.com.br\/fm\/wp-json\/wp\/v2\/media?parent=16788"}],"wp:term":[{"taxonomy":"category","embeddable":true,"href":"https:\/\/www.radiomanchester.com.br\/fm\/wp-json\/wp\/v2\/categories?post=16788"},{"taxonomy":"post_tag","embeddable":true,"href":"https:\/\/www.radiomanchester.com.br\/fm\/wp-json\/wp\/v2\/tags?post=16788"}],"curies":[{"name":"wp","href":"https:\/\/api.w.org\/{rel}","templated":true}]}}