{"id":16810,"date":"2025-11-04T07:00:00","date_gmt":"2025-11-04T10:00:00","guid":{"rendered":"https:\/\/www.radiomanchester.com.br\/fm\/?p=16810"},"modified":"2025-11-03T19:28:33","modified_gmt":"2025-11-03T22:28:33","slug":"em-articulacao-com-governadores-caiado-busca-endurecimento-de-leis-contra-faccoes","status":"publish","type":"post","link":"https:\/\/www.radiomanchester.com.br\/fm\/em-articulacao-com-governadores-caiado-busca-endurecimento-de-leis-contra-faccoes\/","title":{"rendered":"Em articula\u00e7\u00e3o com governadores, Caiado busca endurecimento de leis contra fac\u00e7\u00f5es"},"content":{"rendered":"\n<p><strong><em>Gestores ligados ao Cons\u00f3rcio da Paz ter\u00e3o audi\u00eancia em Bras\u00edlia para defender endurecimento de penas para faccionados e fim de benef\u00edcios a criminosos reincidentes<\/em><\/strong><\/p>\n\n\n\n<hr class=\"wp-block-separator\"\/>\n\n\n\n<p><\/p>\n\n\n\n<p>O governador Ronaldo Caiado anunciou, nesta segunda-feira (3\/11), que governadores ligados ao Cons\u00f3rcio da Paz ir\u00e3o a Bras\u00edlia ao longo da semana para dialogar com o Congresso Nacional pela inclus\u00e3o de alguns itens ao Projeto de Lei Antifac\u00e7\u00e3o. Segundo o chefe do Executivo goiano, o texto rec\u00e9m-apresentado pelo governo federal, bem como a Proposta de Emenda \u00e0 Constitui\u00e7\u00e3o (PEC) da Seguran\u00e7a, devem ser revistos e aprimorados para que \u201ca legisla\u00e7\u00e3o seja compat\u00edvel com o momento que o Brasil vive\u201d, que \u00e9 a urg\u00eancia no combate ao crime organizado.<\/p>\n\n\n\n<p>\u201cVamos discutir a fundo no Congresso Nacional. Essa \u00e9 a oportunidade para trazermos \u00e0 tona o que \u00e9 realmente necess\u00e1rio: considerar faccionados como terroristas, narcoterroristas\u201d, afirmou Caiado ao programa Ponto de Vista, da revista Veja. \u201cImportante dizer o que \u00e9 um terrorista. \u00c9 aquele que enfrenta a estrutura de Estado, que legisla no lugar do Estado, e imp\u00f5e suas regras no lugar do Estado democr\u00e1tico de direito. E \u00e9 isso que estamos vendo\u201d, denunciou.<\/p>\n\n\n\n<p>Caiado disse estar em contato com outros governadores, entre eles o do Rio de Janeiro, Cl\u00e1udio Castro, para aglutinar for\u00e7as no sentido de alinhar os interesses dos Estados aos projetos de seguran\u00e7a p\u00fablica que tramitam no Congresso. \u201cIremos a Bras\u00edlia em um grande movimento dos governadores e nossa base de deputados, para refor\u00e7ar o apoio ao relator [da PEC da Seguran\u00e7a], o deputado Mendon\u00e7a Filho, a fim de que todos os temas estejam inclu\u00eddos, e alguns mais\u201d, detalhou.<\/p>\n\n\n\n<p>Durante a entrevista, o governador citou mudan\u00e7as que entende serem necess\u00e1rias nos projetos em tramita\u00e7\u00e3o. \u201cNessa proposta, o reincidente n\u00e3o ter\u00e1 mais direito \u00e0 audi\u00eancia de cust\u00f3dia. Ele ir\u00e1 direto para o regime fechado. Outro ponto \u00e9 acabar com as \u2018saidinhas\u2019 para faccionados. Para outros crimes, podemos rever as fra\u00e7\u00f5es de cumprimento de pena \u2014 de um sexto para tr\u00eas quintos, por exemplo\u201d, disse.<\/p>\n\n\n\n<p>\u201cPara os faccionados, deve ficar claro na legisla\u00e7\u00e3o que n\u00e3o ter\u00e3o direito \u00e0 visita \u00edntima e que as audi\u00eancias com advogados ser\u00e3o gravadas, para impedir que continuem usando esses encontros para ordenar assassinatos de pessoas que os julgaram e condenaram. Essas s\u00e3o algumas das mudan\u00e7as que n\u00f3s vamos defender fortemente na pr\u00f3xima reuni\u00e3o\u201d, adiantou o chefe do Executivo goiano.<\/p>\n\n\n\n<p>O governador declarou que o endurecimento das leis \u00e9 uma forma de atender o clamor dos brasileiros, que cansaram de inseguran\u00e7a. \u201cN\u00e3o podemos confundir os sinais. Como pol\u00edticos, temos de responder \u00e0s demandas da popula\u00e7\u00e3o. E pesquisas mostram que 60% da popula\u00e7\u00e3o deseja viver em paz, o combate aos faccionados e n\u00e3o ficar sob jugo das fac\u00e7\u00f5es. A sociedade deseja viver em paz, n\u00e3o sob a tutela do crime\u201d, sublinhou.<\/p>\n\n\n\n<p>por Secretaria de Comunica\u00e7\u00e3o &#8211; Governo&nbsp;de&nbsp;Goi\u00e1s<\/p>\n","protected":false},"excerpt":{"rendered":"<p class=\"excerpt\">Gestores ligados ao Cons\u00f3rcio da Paz ter\u00e3o audi\u00eancia em Bras\u00edlia para defender endurecimento de penas para faccionados e fim de benef\u00edcios a criminosos reincidentes O governador Ronaldo Caiado anunciou, nesta segunda-feira (3\/11), que governadores ligados ao Cons\u00f3rcio da Paz ir\u00e3o a Bras\u00edlia ao longo da semana para dialogar com o Congresso Nacional pela inclus\u00e3o de [&hellip;]<\/p>\n","protected":false},"author":1,"featured_media":0,"comment_status":"open","ping_status":"open","sticky":false,"template":"","format":"standard","meta":[],"categories":[8,17],"tags":[22,24,172,113,83,92],"yoast_head":"<!-- This site is optimized with the Yoast SEO plugin v18.3 - https:\/\/yoast.com\/wordpress\/plugins\/seo\/ -->\n<title>Em articula\u00e7\u00e3o com governadores, Caiado busca endurecimento de leis contra fac\u00e7\u00f5es - Manchester FM 93,3<\/title>\n<meta name=\"robots\" content=\"index, follow, max-snippet:-1, max-image-preview:large, max-video-preview:-1\" \/>\n<link rel=\"canonical\" href=\"https:\/\/www.radiomanchester.com.br\/fm\/em-articulacao-com-governadores-caiado-busca-endurecimento-de-leis-contra-faccoes\/\" \/>\n<meta property=\"og:locale\" content=\"pt_BR\" \/>\n<meta property=\"og:type\" content=\"article\" \/>\n<meta property=\"og:title\" content=\"Em articula\u00e7\u00e3o com governadores, Caiado busca endurecimento de leis contra fac\u00e7\u00f5es - Manchester FM 93,3\" \/>\n<meta property=\"og:description\" content=\"Gestores ligados ao Cons\u00f3rcio da Paz ter\u00e3o audi\u00eancia em Bras\u00edlia para defender endurecimento de penas para faccionados e fim de benef\u00edcios a criminosos reincidentes O governador Ronaldo Caiado anunciou, nesta segunda-feira (3\/11), que governadores ligados ao Cons\u00f3rcio da Paz ir\u00e3o a Bras\u00edlia ao longo da semana para dialogar com o Congresso Nacional pela inclus\u00e3o de [&hellip;]\" \/>\n<meta property=\"og:url\" content=\"https:\/\/www.radiomanchester.com.br\/fm\/em-articulacao-com-governadores-caiado-busca-endurecimento-de-leis-contra-faccoes\/\" \/>\n<meta property=\"og:site_name\" content=\"Manchester FM 93,3\" \/>\n<meta property=\"article:published_time\" content=\"2025-11-04T10:00:00+00:00\" \/>\n<meta property=\"article:modified_time\" content=\"2025-11-03T22:28:33+00:00\" \/>\n<meta name=\"twitter:card\" content=\"summary_large_image\" \/>\n<meta name=\"twitter:label1\" content=\"Escrito por\" \/>\n\t<meta name=\"twitter:data1\" content=\"admin\" \/>\n\t<meta name=\"twitter:label2\" content=\"Est. tempo de leitura\" \/>\n\t<meta name=\"twitter:data2\" content=\"3 minutos\" \/>\n<script type=\"application\/ld+json\" class=\"yoast-schema-graph\">{\"@context\":\"https:\/\/schema.org\",\"@graph\":[{\"@type\":\"WebSite\",\"@id\":\"https:\/\/www.radiomanchester.com.br\/fm\/#website\",\"url\":\"https:\/\/www.radiomanchester.com.br\/fm\/\",\"name\":\"Manchester FM 93,3\",\"description\":\"Todo Mundo Ouve!\",\"potentialAction\":[{\"@type\":\"SearchAction\",\"target\":{\"@type\":\"EntryPoint\",\"urlTemplate\":\"https:\/\/www.radiomanchester.com.br\/fm\/?s={search_term_string}\"},\"query-input\":\"required name=search_term_string\"}],\"inLanguage\":\"pt-BR\"},{\"@type\":\"WebPage\",\"@id\":\"https:\/\/www.radiomanchester.com.br\/fm\/em-articulacao-com-governadores-caiado-busca-endurecimento-de-leis-contra-faccoes\/#webpage\",\"url\":\"https:\/\/www.radiomanchester.com.br\/fm\/em-articulacao-com-governadores-caiado-busca-endurecimento-de-leis-contra-faccoes\/\",\"name\":\"Em articula\u00e7\u00e3o com governadores, Caiado busca endurecimento de leis contra fac\u00e7\u00f5es - Manchester FM 93,3\",\"isPartOf\":{\"@id\":\"https:\/\/www.radiomanchester.com.br\/fm\/#website\"},\"datePublished\":\"2025-11-04T10:00:00+00:00\",\"dateModified\":\"2025-11-03T22:28:33+00:00\",\"author\":{\"@id\":\"https:\/\/www.radiomanchester.com.br\/fm\/#\/schema\/person\/408a7b4d4e32cbebd90e2782852abca3\"},\"breadcrumb\":{\"@id\":\"https:\/\/www.radiomanchester.com.br\/fm\/em-articulacao-com-governadores-caiado-busca-endurecimento-de-leis-contra-faccoes\/#breadcrumb\"},\"inLanguage\":\"pt-BR\",\"potentialAction\":[{\"@type\":\"ReadAction\",\"target\":[\"https:\/\/www.radiomanchester.com.br\/fm\/em-articulacao-com-governadores-caiado-busca-endurecimento-de-leis-contra-faccoes\/\"]}]},{\"@type\":\"BreadcrumbList\",\"@id\":\"https:\/\/www.radiomanchester.com.br\/fm\/em-articulacao-com-governadores-caiado-busca-endurecimento-de-leis-contra-faccoes\/#breadcrumb\",\"itemListElement\":[{\"@type\":\"ListItem\",\"position\":1,\"name\":\"Home\",\"item\":\"https:\/\/www.radiomanchester.com.br\/fm\/\"},{\"@type\":\"ListItem\",\"position\":2,\"name\":\"Em articula\u00e7\u00e3o com governadores, Caiado busca endurecimento de leis contra fac\u00e7\u00f5es\"}]},{\"@type\":\"Person\",\"@id\":\"https:\/\/www.radiomanchester.com.br\/fm\/#\/schema\/person\/408a7b4d4e32cbebd90e2782852abca3\",\"name\":\"admin\",\"image\":{\"@type\":\"ImageObject\",\"@id\":\"https:\/\/www.radiomanchester.com.br\/fm\/#personlogo\",\"inLanguage\":\"pt-BR\",\"url\":\"https:\/\/secure.gravatar.com\/avatar\/115a974dba3376872eb3addeb276301c?s=96&d=mm&r=g\",\"contentUrl\":\"https:\/\/secure.gravatar.com\/avatar\/115a974dba3376872eb3addeb276301c?s=96&d=mm&r=g\",\"caption\":\"admin\"},\"url\":\"https:\/\/www.radiomanchester.com.br\/fm\/author\/admin\/\"}]}<\/script>\n<!-- \/ Yoast SEO plugin. -->","yoast_head_json":{"title":"Em articula\u00e7\u00e3o com governadores, Caiado busca endurecimento de leis contra fac\u00e7\u00f5es - Manchester FM 93,3","robots":{"index":"index","follow":"follow","max-snippet":"max-snippet:-1","max-image-preview":"max-image-preview:large","max-video-preview":"max-video-preview:-1"},"canonical":"https:\/\/www.radiomanchester.com.br\/fm\/em-articulacao-com-governadores-caiado-busca-endurecimento-de-leis-contra-faccoes\/","og_locale":"pt_BR","og_type":"article","og_title":"Em articula\u00e7\u00e3o com governadores, Caiado busca endurecimento de leis contra fac\u00e7\u00f5es - Manchester FM 93,3","og_description":"Gestores ligados ao Cons\u00f3rcio da Paz ter\u00e3o audi\u00eancia em Bras\u00edlia para defender endurecimento de penas para faccionados e fim de benef\u00edcios a criminosos reincidentes O governador Ronaldo Caiado anunciou, nesta segunda-feira (3\/11), que governadores ligados ao Cons\u00f3rcio da Paz ir\u00e3o a Bras\u00edlia ao longo da semana para dialogar com o Congresso Nacional pela inclus\u00e3o de [&hellip;]","og_url":"https:\/\/www.radiomanchester.com.br\/fm\/em-articulacao-com-governadores-caiado-busca-endurecimento-de-leis-contra-faccoes\/","og_site_name":"Manchester FM 93,3","article_published_time":"2025-11-04T10:00:00+00:00","article_modified_time":"2025-11-03T22:28:33+00:00","twitter_card":"summary_large_image","twitter_misc":{"Escrito por":"admin","Est. tempo de leitura":"3 minutos"},"schema":{"@context":"https:\/\/schema.org","@graph":[{"@type":"WebSite","@id":"https:\/\/www.radiomanchester.com.br\/fm\/#website","url":"https:\/\/www.radiomanchester.com.br\/fm\/","name":"Manchester FM 93,3","description":"Todo Mundo Ouve!","potentialAction":[{"@type":"SearchAction","target":{"@type":"EntryPoint","urlTemplate":"https:\/\/www.radiomanchester.com.br\/fm\/?s={search_term_string}"},"query-input":"required name=search_term_string"}],"inLanguage":"pt-BR"},{"@type":"WebPage","@id":"https:\/\/www.radiomanchester.com.br\/fm\/em-articulacao-com-governadores-caiado-busca-endurecimento-de-leis-contra-faccoes\/#webpage","url":"https:\/\/www.radiomanchester.com.br\/fm\/em-articulacao-com-governadores-caiado-busca-endurecimento-de-leis-contra-faccoes\/","name":"Em articula\u00e7\u00e3o com governadores, Caiado busca endurecimento de leis contra fac\u00e7\u00f5es - Manchester FM 93,3","isPartOf":{"@id":"https:\/\/www.radiomanchester.com.br\/fm\/#website"},"datePublished":"2025-11-04T10:00:00+00:00","dateModified":"2025-11-03T22:28:33+00:00","author":{"@id":"https:\/\/www.radiomanchester.com.br\/fm\/#\/schema\/person\/408a7b4d4e32cbebd90e2782852abca3"},"breadcrumb":{"@id":"https:\/\/www.radiomanchester.com.br\/fm\/em-articulacao-com-governadores-caiado-busca-endurecimento-de-leis-contra-faccoes\/#breadcrumb"},"inLanguage":"pt-BR","potentialAction":[{"@type":"ReadAction","target":["https:\/\/www.radiomanchester.com.br\/fm\/em-articulacao-com-governadores-caiado-busca-endurecimento-de-leis-contra-faccoes\/"]}]},{"@type":"BreadcrumbList","@id":"https:\/\/www.radiomanchester.com.br\/fm\/em-articulacao-com-governadores-caiado-busca-endurecimento-de-leis-contra-faccoes\/#breadcrumb","itemListElement":[{"@type":"ListItem","position":1,"name":"Home","item":"https:\/\/www.radiomanchester.com.br\/fm\/"},{"@type":"ListItem","position":2,"name":"Em articula\u00e7\u00e3o com governadores, Caiado busca endurecimento de leis contra fac\u00e7\u00f5es"}]},{"@type":"Person","@id":"https:\/\/www.radiomanchester.com.br\/fm\/#\/schema\/person\/408a7b4d4e32cbebd90e2782852abca3","name":"admin","image":{"@type":"ImageObject","@id":"https:\/\/www.radiomanchester.com.br\/fm\/#personlogo","inLanguage":"pt-BR","url":"https:\/\/secure.gravatar.com\/avatar\/115a974dba3376872eb3addeb276301c?s=96&d=mm&r=g","contentUrl":"https:\/\/secure.gravatar.com\/avatar\/115a974dba3376872eb3addeb276301c?s=96&d=mm&r=g","caption":"admin"},"url":"https:\/\/www.radiomanchester.com.br\/fm\/author\/admin\/"}]}},"_links":{"self":[{"href":"https:\/\/www.radiomanchester.com.br\/fm\/wp-json\/wp\/v2\/posts\/16810"}],"collection":[{"href":"https:\/\/www.radiomanchester.com.br\/fm\/wp-json\/wp\/v2\/posts"}],"about":[{"href":"https:\/\/www.radiomanchester.com.br\/fm\/wp-json\/wp\/v2\/types\/post"}],"author":[{"embeddable":true,"href":"https:\/\/www.radiomanchester.com.br\/fm\/wp-json\/wp\/v2\/users\/1"}],"replies":[{"embeddable":true,"href":"https:\/\/www.radiomanchester.com.br\/fm\/wp-json\/wp\/v2\/comments?post=16810"}],"version-history":[{"count":3,"href":"https:\/\/www.radiomanchester.com.br\/fm\/wp-json\/wp\/v2\/posts\/16810\/revisions"}],"predecessor-version":[{"id":16813,"href":"https:\/\/www.radiomanchester.com.br\/fm\/wp-json\/wp\/v2\/posts\/16810\/revisions\/16813"}],"wp:attachment":[{"href":"https:\/\/www.radiomanchester.com.br\/fm\/wp-json\/wp\/v2\/media?parent=16810"}],"wp:term":[{"taxonomy":"category","embeddable":true,"href":"https:\/\/www.radiomanchester.com.br\/fm\/wp-json\/wp\/v2\/categories?post=16810"},{"taxonomy":"post_tag","embeddable":true,"href":"https:\/\/www.radiomanchester.com.br\/fm\/wp-json\/wp\/v2\/tags?post=16810"}],"curies":[{"name":"wp","href":"https:\/\/api.w.org\/{rel}","templated":true}]}}