{"id":16816,"date":"2025-11-04T20:13:42","date_gmt":"2025-11-04T23:13:42","guid":{"rendered":"https:\/\/www.radiomanchester.com.br\/fm\/?p=16816"},"modified":"2025-11-04T20:13:45","modified_gmt":"2025-11-04T23:13:45","slug":"escolas-municipais-de-anapolis-recebem-mais-de-r-1-milhao-do-programa-de-autonomia-financeira","status":"publish","type":"post","link":"https:\/\/www.radiomanchester.com.br\/fm\/escolas-municipais-de-anapolis-recebem-mais-de-r-1-milhao-do-programa-de-autonomia-financeira\/","title":{"rendered":"Escolas municipais de An\u00e1polis recebem mais de R$ 1 milh\u00e3o do Programa de Autonomia Financeira"},"content":{"rendered":"\n<p><\/p>\n\n\n\n<p>A educa\u00e7\u00e3o de An\u00e1polis ganhou um refor\u00e7o com o recebimento de uma nova parcela do Programa de Autonomia Financeira da Institui\u00e7\u00e3o Educacional (PAFIE). O recurso, no valor de mais de R$1 milh\u00e3o, foi liberado pela Prefeitura na \u00faltima semana e foi distribu\u00eddo entre as unidades de ensino de acordo com a quantidade de estudantes.<\/p>\n\n\n\n<p>O PAFIE \u00e9 um programa que garante autonomia financeira \u00e0s institui\u00e7\u00f5es de educa\u00e7\u00e3o. Com ele, os gestores escolares identificam as principais necessidades e destinam o recurso conforme as demandas locais, como a compra de ?livros, materiais pedag\u00f3gicos, did\u00e1ticos, eletr\u00f4nicos e pequenos reparos estruturais.<\/p>\n\n\n\n<p>Neste ano, o munic\u00edpio j\u00e1 recebeu duas libera\u00e7\u00f5es do programa. Neste semestre, o diferencial ser\u00e1 a economia dos recursos, que n\u00e3o precisar\u00e3o mais ser utilizados para itens de cozinha, despesas que anteriormente faziam parte dos gastos das escolas e que agora est\u00e3o inclu\u00eddas no programa Merenda Nota 10.<\/p>\n\n\n\n<p>?De acordo com a Secretaria Municipal de Educa\u00e7\u00e3o, a verba chega como um importante benef\u00edcio para as institui\u00e7\u00f5es, que poder\u00e3o investir em atividades voltadas ao desenvolvimento dos alunos, fortalecendo ainda mais a qualidade do ensino na&nbsp;rede&nbsp;municipal.<\/p>\n","protected":false},"excerpt":{"rendered":"<p class=\"excerpt\">A educa\u00e7\u00e3o de An\u00e1polis ganhou um refor\u00e7o com o recebimento de uma nova parcela do Programa de Autonomia Financeira da Institui\u00e7\u00e3o Educacional (PAFIE). O recurso, no valor de mais de R$1 milh\u00e3o, foi liberado pela Prefeitura na \u00faltima semana e foi distribu\u00eddo entre as unidades de ensino de acordo com a quantidade de estudantes. O [&hellip;]<\/p>\n","protected":false},"author":1,"featured_media":0,"comment_status":"open","ping_status":"open","sticky":false,"template":"","format":"standard","meta":[],"categories":[8,17],"tags":[22,24,113,83,129,92],"yoast_head":"<!-- This site is optimized with the Yoast SEO plugin v18.3 - https:\/\/yoast.com\/wordpress\/plugins\/seo\/ -->\n<title>Escolas municipais de An\u00e1polis recebem mais de R$ 1 milh\u00e3o do Programa de Autonomia Financeira - Manchester FM 93,3<\/title>\n<meta name=\"robots\" content=\"index, follow, max-snippet:-1, max-image-preview:large, max-video-preview:-1\" \/>\n<link rel=\"canonical\" href=\"https:\/\/www.radiomanchester.com.br\/fm\/escolas-municipais-de-anapolis-recebem-mais-de-r-1-milhao-do-programa-de-autonomia-financeira\/\" \/>\n<meta property=\"og:locale\" content=\"pt_BR\" \/>\n<meta property=\"og:type\" content=\"article\" \/>\n<meta property=\"og:title\" content=\"Escolas municipais de An\u00e1polis recebem mais de R$ 1 milh\u00e3o do Programa de Autonomia Financeira - Manchester FM 93,3\" \/>\n<meta property=\"og:description\" content=\"A educa\u00e7\u00e3o de An\u00e1polis ganhou um refor\u00e7o com o recebimento de uma nova parcela do Programa de Autonomia Financeira da Institui\u00e7\u00e3o Educacional (PAFIE). O recurso, no valor de mais de R$1 milh\u00e3o, foi liberado pela Prefeitura na \u00faltima semana e foi distribu\u00eddo entre as unidades de ensino de acordo com a quantidade de estudantes. O [&hellip;]\" \/>\n<meta property=\"og:url\" content=\"https:\/\/www.radiomanchester.com.br\/fm\/escolas-municipais-de-anapolis-recebem-mais-de-r-1-milhao-do-programa-de-autonomia-financeira\/\" \/>\n<meta property=\"og:site_name\" content=\"Manchester FM 93,3\" \/>\n<meta property=\"article:published_time\" content=\"2025-11-04T23:13:42+00:00\" \/>\n<meta property=\"article:modified_time\" content=\"2025-11-04T23:13:45+00:00\" \/>\n<meta name=\"twitter:card\" content=\"summary_large_image\" \/>\n<meta name=\"twitter:label1\" content=\"Escrito por\" \/>\n\t<meta name=\"twitter:data1\" content=\"admin\" \/>\n\t<meta name=\"twitter:label2\" content=\"Est. tempo de leitura\" \/>\n\t<meta name=\"twitter:data2\" content=\"1 minuto\" \/>\n<script type=\"application\/ld+json\" class=\"yoast-schema-graph\">{\"@context\":\"https:\/\/schema.org\",\"@graph\":[{\"@type\":\"WebSite\",\"@id\":\"https:\/\/www.radiomanchester.com.br\/fm\/#website\",\"url\":\"https:\/\/www.radiomanchester.com.br\/fm\/\",\"name\":\"Manchester FM 93,3\",\"description\":\"Todo Mundo Ouve!\",\"potentialAction\":[{\"@type\":\"SearchAction\",\"target\":{\"@type\":\"EntryPoint\",\"urlTemplate\":\"https:\/\/www.radiomanchester.com.br\/fm\/?s={search_term_string}\"},\"query-input\":\"required name=search_term_string\"}],\"inLanguage\":\"pt-BR\"},{\"@type\":\"WebPage\",\"@id\":\"https:\/\/www.radiomanchester.com.br\/fm\/escolas-municipais-de-anapolis-recebem-mais-de-r-1-milhao-do-programa-de-autonomia-financeira\/#webpage\",\"url\":\"https:\/\/www.radiomanchester.com.br\/fm\/escolas-municipais-de-anapolis-recebem-mais-de-r-1-milhao-do-programa-de-autonomia-financeira\/\",\"name\":\"Escolas municipais de An\u00e1polis recebem mais de R$ 1 milh\u00e3o do Programa de Autonomia Financeira - Manchester FM 93,3\",\"isPartOf\":{\"@id\":\"https:\/\/www.radiomanchester.com.br\/fm\/#website\"},\"datePublished\":\"2025-11-04T23:13:42+00:00\",\"dateModified\":\"2025-11-04T23:13:45+00:00\",\"author\":{\"@id\":\"https:\/\/www.radiomanchester.com.br\/fm\/#\/schema\/person\/408a7b4d4e32cbebd90e2782852abca3\"},\"breadcrumb\":{\"@id\":\"https:\/\/www.radiomanchester.com.br\/fm\/escolas-municipais-de-anapolis-recebem-mais-de-r-1-milhao-do-programa-de-autonomia-financeira\/#breadcrumb\"},\"inLanguage\":\"pt-BR\",\"potentialAction\":[{\"@type\":\"ReadAction\",\"target\":[\"https:\/\/www.radiomanchester.com.br\/fm\/escolas-municipais-de-anapolis-recebem-mais-de-r-1-milhao-do-programa-de-autonomia-financeira\/\"]}]},{\"@type\":\"BreadcrumbList\",\"@id\":\"https:\/\/www.radiomanchester.com.br\/fm\/escolas-municipais-de-anapolis-recebem-mais-de-r-1-milhao-do-programa-de-autonomia-financeira\/#breadcrumb\",\"itemListElement\":[{\"@type\":\"ListItem\",\"position\":1,\"name\":\"Home\",\"item\":\"https:\/\/www.radiomanchester.com.br\/fm\/\"},{\"@type\":\"ListItem\",\"position\":2,\"name\":\"Escolas municipais de An\u00e1polis recebem mais de R$ 1 milh\u00e3o do Programa de Autonomia Financeira\"}]},{\"@type\":\"Person\",\"@id\":\"https:\/\/www.radiomanchester.com.br\/fm\/#\/schema\/person\/408a7b4d4e32cbebd90e2782852abca3\",\"name\":\"admin\",\"image\":{\"@type\":\"ImageObject\",\"@id\":\"https:\/\/www.radiomanchester.com.br\/fm\/#personlogo\",\"inLanguage\":\"pt-BR\",\"url\":\"https:\/\/secure.gravatar.com\/avatar\/115a974dba3376872eb3addeb276301c?s=96&d=mm&r=g\",\"contentUrl\":\"https:\/\/secure.gravatar.com\/avatar\/115a974dba3376872eb3addeb276301c?s=96&d=mm&r=g\",\"caption\":\"admin\"},\"url\":\"https:\/\/www.radiomanchester.com.br\/fm\/author\/admin\/\"}]}<\/script>\n<!-- \/ Yoast SEO plugin. -->","yoast_head_json":{"title":"Escolas municipais de An\u00e1polis recebem mais de R$ 1 milh\u00e3o do Programa de Autonomia Financeira - Manchester FM 93,3","robots":{"index":"index","follow":"follow","max-snippet":"max-snippet:-1","max-image-preview":"max-image-preview:large","max-video-preview":"max-video-preview:-1"},"canonical":"https:\/\/www.radiomanchester.com.br\/fm\/escolas-municipais-de-anapolis-recebem-mais-de-r-1-milhao-do-programa-de-autonomia-financeira\/","og_locale":"pt_BR","og_type":"article","og_title":"Escolas municipais de An\u00e1polis recebem mais de R$ 1 milh\u00e3o do Programa de Autonomia Financeira - Manchester FM 93,3","og_description":"A educa\u00e7\u00e3o de An\u00e1polis ganhou um refor\u00e7o com o recebimento de uma nova parcela do Programa de Autonomia Financeira da Institui\u00e7\u00e3o Educacional (PAFIE). O recurso, no valor de mais de R$1 milh\u00e3o, foi liberado pela Prefeitura na \u00faltima semana e foi distribu\u00eddo entre as unidades de ensino de acordo com a quantidade de estudantes. O [&hellip;]","og_url":"https:\/\/www.radiomanchester.com.br\/fm\/escolas-municipais-de-anapolis-recebem-mais-de-r-1-milhao-do-programa-de-autonomia-financeira\/","og_site_name":"Manchester FM 93,3","article_published_time":"2025-11-04T23:13:42+00:00","article_modified_time":"2025-11-04T23:13:45+00:00","twitter_card":"summary_large_image","twitter_misc":{"Escrito por":"admin","Est. tempo de leitura":"1 minuto"},"schema":{"@context":"https:\/\/schema.org","@graph":[{"@type":"WebSite","@id":"https:\/\/www.radiomanchester.com.br\/fm\/#website","url":"https:\/\/www.radiomanchester.com.br\/fm\/","name":"Manchester FM 93,3","description":"Todo Mundo Ouve!","potentialAction":[{"@type":"SearchAction","target":{"@type":"EntryPoint","urlTemplate":"https:\/\/www.radiomanchester.com.br\/fm\/?s={search_term_string}"},"query-input":"required name=search_term_string"}],"inLanguage":"pt-BR"},{"@type":"WebPage","@id":"https:\/\/www.radiomanchester.com.br\/fm\/escolas-municipais-de-anapolis-recebem-mais-de-r-1-milhao-do-programa-de-autonomia-financeira\/#webpage","url":"https:\/\/www.radiomanchester.com.br\/fm\/escolas-municipais-de-anapolis-recebem-mais-de-r-1-milhao-do-programa-de-autonomia-financeira\/","name":"Escolas municipais de An\u00e1polis recebem mais de R$ 1 milh\u00e3o do Programa de Autonomia Financeira - Manchester FM 93,3","isPartOf":{"@id":"https:\/\/www.radiomanchester.com.br\/fm\/#website"},"datePublished":"2025-11-04T23:13:42+00:00","dateModified":"2025-11-04T23:13:45+00:00","author":{"@id":"https:\/\/www.radiomanchester.com.br\/fm\/#\/schema\/person\/408a7b4d4e32cbebd90e2782852abca3"},"breadcrumb":{"@id":"https:\/\/www.radiomanchester.com.br\/fm\/escolas-municipais-de-anapolis-recebem-mais-de-r-1-milhao-do-programa-de-autonomia-financeira\/#breadcrumb"},"inLanguage":"pt-BR","potentialAction":[{"@type":"ReadAction","target":["https:\/\/www.radiomanchester.com.br\/fm\/escolas-municipais-de-anapolis-recebem-mais-de-r-1-milhao-do-programa-de-autonomia-financeira\/"]}]},{"@type":"BreadcrumbList","@id":"https:\/\/www.radiomanchester.com.br\/fm\/escolas-municipais-de-anapolis-recebem-mais-de-r-1-milhao-do-programa-de-autonomia-financeira\/#breadcrumb","itemListElement":[{"@type":"ListItem","position":1,"name":"Home","item":"https:\/\/www.radiomanchester.com.br\/fm\/"},{"@type":"ListItem","position":2,"name":"Escolas municipais de An\u00e1polis recebem mais de R$ 1 milh\u00e3o do Programa de Autonomia Financeira"}]},{"@type":"Person","@id":"https:\/\/www.radiomanchester.com.br\/fm\/#\/schema\/person\/408a7b4d4e32cbebd90e2782852abca3","name":"admin","image":{"@type":"ImageObject","@id":"https:\/\/www.radiomanchester.com.br\/fm\/#personlogo","inLanguage":"pt-BR","url":"https:\/\/secure.gravatar.com\/avatar\/115a974dba3376872eb3addeb276301c?s=96&d=mm&r=g","contentUrl":"https:\/\/secure.gravatar.com\/avatar\/115a974dba3376872eb3addeb276301c?s=96&d=mm&r=g","caption":"admin"},"url":"https:\/\/www.radiomanchester.com.br\/fm\/author\/admin\/"}]}},"_links":{"self":[{"href":"https:\/\/www.radiomanchester.com.br\/fm\/wp-json\/wp\/v2\/posts\/16816"}],"collection":[{"href":"https:\/\/www.radiomanchester.com.br\/fm\/wp-json\/wp\/v2\/posts"}],"about":[{"href":"https:\/\/www.radiomanchester.com.br\/fm\/wp-json\/wp\/v2\/types\/post"}],"author":[{"embeddable":true,"href":"https:\/\/www.radiomanchester.com.br\/fm\/wp-json\/wp\/v2\/users\/1"}],"replies":[{"embeddable":true,"href":"https:\/\/www.radiomanchester.com.br\/fm\/wp-json\/wp\/v2\/comments?post=16816"}],"version-history":[{"count":1,"href":"https:\/\/www.radiomanchester.com.br\/fm\/wp-json\/wp\/v2\/posts\/16816\/revisions"}],"predecessor-version":[{"id":16817,"href":"https:\/\/www.radiomanchester.com.br\/fm\/wp-json\/wp\/v2\/posts\/16816\/revisions\/16817"}],"wp:attachment":[{"href":"https:\/\/www.radiomanchester.com.br\/fm\/wp-json\/wp\/v2\/media?parent=16816"}],"wp:term":[{"taxonomy":"category","embeddable":true,"href":"https:\/\/www.radiomanchester.com.br\/fm\/wp-json\/wp\/v2\/categories?post=16816"},{"taxonomy":"post_tag","embeddable":true,"href":"https:\/\/www.radiomanchester.com.br\/fm\/wp-json\/wp\/v2\/tags?post=16816"}],"curies":[{"name":"wp","href":"https:\/\/api.w.org\/{rel}","templated":true}]}}