{"id":16829,"date":"2025-11-08T20:30:30","date_gmt":"2025-11-08T23:30:30","guid":{"rendered":"https:\/\/www.radiomanchester.com.br\/fm\/?p=16829"},"modified":"2025-11-08T20:30:32","modified_gmt":"2025-11-08T23:30:32","slug":"numero-de-mortos-sobe-para-6-e-750-estao-feridos-no-parana","status":"publish","type":"post","link":"https:\/\/www.radiomanchester.com.br\/fm\/numero-de-mortos-sobe-para-6-e-750-estao-feridos-no-parana\/","title":{"rendered":"N\u00famero de mortos sobe para 6 e 750 est\u00e3o feridos no Paran\u00e1"},"content":{"rendered":"\n<p><\/p>\n\n\n\n<p>O governo do Paran\u00e1 confirmou at\u00e9 agora seis mortes e 750 feridos, sendo 30 em estado grave, ap\u00f3s a passagem de um tornado no Paran\u00e1 na tarde desta sexta-feira (7\/10). O fen\u00f4meno, provocado por um ciclone extratropical, atingiu principalmente Rio Bonito do Igua\u00e7u, Cand\u00f3i e Porto Barreiro, causando destrui\u00e7\u00e3o em larga escala no Centro-Sul e Oeste do estado.<\/p>\n\n\n\n<p>Em Rio Bonito do Igua\u00e7u, o prefeito Sezar Augusto Bovino relatou que 80% dos im\u00f3veis da cidade foram danificados ou completamente destru\u00eddos. Segundo ele, h\u00e1 pessoas soterradas nos escombros de um supermercado que desabou durante o temporal. Equipes da Defesa Civil e do Corpo de Bombeiros seguem em campo, trabalhando na remo\u00e7\u00e3o de destro\u00e7os e no atendimento \u00e0s v\u00edtimas.<\/p>\n\n\n\n<p>De acordo com o governador Ratinho Junior (PSD), o tornado que atingiu o Paran\u00e1 \u00e9 de n\u00edvel 3, com ventos que ultrapassaram 250 km\/h. Em publica\u00e7\u00e3o nas redes sociais, o governador afirmou:<\/p>\n\n\n\n<p>&#8220;A Defesa Civil e as nossas for\u00e7as de seguran\u00e7a est\u00e3o em alerta, mobilizadas e acompanhando as cidades atingidas pelas fortes tempestades. Nossa solidariedade \u00e0 toda popula\u00e7\u00e3o das regi\u00f5es afetadas. Seguimos em aten\u00e7\u00e3o permanente.\u201d<\/p>\n\n\n\n<p>O Simepar confirmou o tornado por volta das 23h10. V\u00eddeos que circulam nas redes sociais mostram casas completamente destru\u00eddas, carros virados e ruas cobertas por entulhos. Al\u00e9m de Rio Bonito do Igua\u00e7u, os munic\u00edpios de Cantagalo, Laranjeiras do Sul, Nova Laranjeiras e Porto Barreiro tamb\u00e9m sofreram com destelhamentos, alagamentos e falta de energia el\u00e9trica.<\/p>\n\n\n\n<p>porRepMD<\/p>\n","protected":false},"excerpt":{"rendered":"<p class=\"excerpt\">O governo do Paran\u00e1 confirmou at\u00e9 agora seis mortes e 750 feridos, sendo 30 em estado grave, ap\u00f3s a passagem de um tornado no Paran\u00e1 na tarde desta sexta-feira (7\/10). O fen\u00f4meno, provocado por um ciclone extratropical, atingiu principalmente Rio Bonito do Igua\u00e7u, Cand\u00f3i e Porto Barreiro, causando destrui\u00e7\u00e3o em larga escala no Centro-Sul e [&hellip;]<\/p>\n","protected":false},"author":1,"featured_media":0,"comment_status":"open","ping_status":"open","sticky":false,"template":"","format":"standard","meta":[],"categories":[8,17],"tags":[22,24,113,83,92],"yoast_head":"<!-- This site is optimized with the Yoast SEO plugin v18.3 - https:\/\/yoast.com\/wordpress\/plugins\/seo\/ -->\n<title>N\u00famero de mortos sobe para 6 e 750 est\u00e3o feridos no Paran\u00e1 - Manchester FM 93,3<\/title>\n<meta name=\"robots\" content=\"index, follow, max-snippet:-1, max-image-preview:large, max-video-preview:-1\" \/>\n<link rel=\"canonical\" href=\"https:\/\/www.radiomanchester.com.br\/fm\/numero-de-mortos-sobe-para-6-e-750-estao-feridos-no-parana\/\" \/>\n<meta property=\"og:locale\" content=\"pt_BR\" \/>\n<meta property=\"og:type\" content=\"article\" \/>\n<meta property=\"og:title\" content=\"N\u00famero de mortos sobe para 6 e 750 est\u00e3o feridos no Paran\u00e1 - Manchester FM 93,3\" \/>\n<meta property=\"og:description\" content=\"O governo do Paran\u00e1 confirmou at\u00e9 agora seis mortes e 750 feridos, sendo 30 em estado grave, ap\u00f3s a passagem de um tornado no Paran\u00e1 na tarde desta sexta-feira (7\/10). O fen\u00f4meno, provocado por um ciclone extratropical, atingiu principalmente Rio Bonito do Igua\u00e7u, Cand\u00f3i e Porto Barreiro, causando destrui\u00e7\u00e3o em larga escala no Centro-Sul e [&hellip;]\" \/>\n<meta property=\"og:url\" content=\"https:\/\/www.radiomanchester.com.br\/fm\/numero-de-mortos-sobe-para-6-e-750-estao-feridos-no-parana\/\" \/>\n<meta property=\"og:site_name\" content=\"Manchester FM 93,3\" \/>\n<meta property=\"article:published_time\" content=\"2025-11-08T23:30:30+00:00\" \/>\n<meta property=\"article:modified_time\" content=\"2025-11-08T23:30:32+00:00\" \/>\n<meta name=\"twitter:card\" content=\"summary_large_image\" \/>\n<meta name=\"twitter:label1\" content=\"Escrito por\" \/>\n\t<meta name=\"twitter:data1\" content=\"admin\" \/>\n\t<meta name=\"twitter:label2\" content=\"Est. tempo de leitura\" \/>\n\t<meta name=\"twitter:data2\" content=\"2 minutos\" \/>\n<script type=\"application\/ld+json\" class=\"yoast-schema-graph\">{\"@context\":\"https:\/\/schema.org\",\"@graph\":[{\"@type\":\"WebSite\",\"@id\":\"https:\/\/www.radiomanchester.com.br\/fm\/#website\",\"url\":\"https:\/\/www.radiomanchester.com.br\/fm\/\",\"name\":\"Manchester FM 93,3\",\"description\":\"Todo Mundo Ouve!\",\"potentialAction\":[{\"@type\":\"SearchAction\",\"target\":{\"@type\":\"EntryPoint\",\"urlTemplate\":\"https:\/\/www.radiomanchester.com.br\/fm\/?s={search_term_string}\"},\"query-input\":\"required name=search_term_string\"}],\"inLanguage\":\"pt-BR\"},{\"@type\":\"WebPage\",\"@id\":\"https:\/\/www.radiomanchester.com.br\/fm\/numero-de-mortos-sobe-para-6-e-750-estao-feridos-no-parana\/#webpage\",\"url\":\"https:\/\/www.radiomanchester.com.br\/fm\/numero-de-mortos-sobe-para-6-e-750-estao-feridos-no-parana\/\",\"name\":\"N\u00famero de mortos sobe para 6 e 750 est\u00e3o feridos no Paran\u00e1 - Manchester FM 93,3\",\"isPartOf\":{\"@id\":\"https:\/\/www.radiomanchester.com.br\/fm\/#website\"},\"datePublished\":\"2025-11-08T23:30:30+00:00\",\"dateModified\":\"2025-11-08T23:30:32+00:00\",\"author\":{\"@id\":\"https:\/\/www.radiomanchester.com.br\/fm\/#\/schema\/person\/408a7b4d4e32cbebd90e2782852abca3\"},\"breadcrumb\":{\"@id\":\"https:\/\/www.radiomanchester.com.br\/fm\/numero-de-mortos-sobe-para-6-e-750-estao-feridos-no-parana\/#breadcrumb\"},\"inLanguage\":\"pt-BR\",\"potentialAction\":[{\"@type\":\"ReadAction\",\"target\":[\"https:\/\/www.radiomanchester.com.br\/fm\/numero-de-mortos-sobe-para-6-e-750-estao-feridos-no-parana\/\"]}]},{\"@type\":\"BreadcrumbList\",\"@id\":\"https:\/\/www.radiomanchester.com.br\/fm\/numero-de-mortos-sobe-para-6-e-750-estao-feridos-no-parana\/#breadcrumb\",\"itemListElement\":[{\"@type\":\"ListItem\",\"position\":1,\"name\":\"Home\",\"item\":\"https:\/\/www.radiomanchester.com.br\/fm\/\"},{\"@type\":\"ListItem\",\"position\":2,\"name\":\"N\u00famero de mortos sobe para 6 e 750 est\u00e3o feridos no Paran\u00e1\"}]},{\"@type\":\"Person\",\"@id\":\"https:\/\/www.radiomanchester.com.br\/fm\/#\/schema\/person\/408a7b4d4e32cbebd90e2782852abca3\",\"name\":\"admin\",\"image\":{\"@type\":\"ImageObject\",\"@id\":\"https:\/\/www.radiomanchester.com.br\/fm\/#personlogo\",\"inLanguage\":\"pt-BR\",\"url\":\"https:\/\/secure.gravatar.com\/avatar\/115a974dba3376872eb3addeb276301c?s=96&d=mm&r=g\",\"contentUrl\":\"https:\/\/secure.gravatar.com\/avatar\/115a974dba3376872eb3addeb276301c?s=96&d=mm&r=g\",\"caption\":\"admin\"},\"url\":\"https:\/\/www.radiomanchester.com.br\/fm\/author\/admin\/\"}]}<\/script>\n<!-- \/ Yoast SEO plugin. -->","yoast_head_json":{"title":"N\u00famero de mortos sobe para 6 e 750 est\u00e3o feridos no Paran\u00e1 - Manchester FM 93,3","robots":{"index":"index","follow":"follow","max-snippet":"max-snippet:-1","max-image-preview":"max-image-preview:large","max-video-preview":"max-video-preview:-1"},"canonical":"https:\/\/www.radiomanchester.com.br\/fm\/numero-de-mortos-sobe-para-6-e-750-estao-feridos-no-parana\/","og_locale":"pt_BR","og_type":"article","og_title":"N\u00famero de mortos sobe para 6 e 750 est\u00e3o feridos no Paran\u00e1 - Manchester FM 93,3","og_description":"O governo do Paran\u00e1 confirmou at\u00e9 agora seis mortes e 750 feridos, sendo 30 em estado grave, ap\u00f3s a passagem de um tornado no Paran\u00e1 na tarde desta sexta-feira (7\/10). O fen\u00f4meno, provocado por um ciclone extratropical, atingiu principalmente Rio Bonito do Igua\u00e7u, Cand\u00f3i e Porto Barreiro, causando destrui\u00e7\u00e3o em larga escala no Centro-Sul e [&hellip;]","og_url":"https:\/\/www.radiomanchester.com.br\/fm\/numero-de-mortos-sobe-para-6-e-750-estao-feridos-no-parana\/","og_site_name":"Manchester FM 93,3","article_published_time":"2025-11-08T23:30:30+00:00","article_modified_time":"2025-11-08T23:30:32+00:00","twitter_card":"summary_large_image","twitter_misc":{"Escrito por":"admin","Est. tempo de leitura":"2 minutos"},"schema":{"@context":"https:\/\/schema.org","@graph":[{"@type":"WebSite","@id":"https:\/\/www.radiomanchester.com.br\/fm\/#website","url":"https:\/\/www.radiomanchester.com.br\/fm\/","name":"Manchester FM 93,3","description":"Todo Mundo Ouve!","potentialAction":[{"@type":"SearchAction","target":{"@type":"EntryPoint","urlTemplate":"https:\/\/www.radiomanchester.com.br\/fm\/?s={search_term_string}"},"query-input":"required name=search_term_string"}],"inLanguage":"pt-BR"},{"@type":"WebPage","@id":"https:\/\/www.radiomanchester.com.br\/fm\/numero-de-mortos-sobe-para-6-e-750-estao-feridos-no-parana\/#webpage","url":"https:\/\/www.radiomanchester.com.br\/fm\/numero-de-mortos-sobe-para-6-e-750-estao-feridos-no-parana\/","name":"N\u00famero de mortos sobe para 6 e 750 est\u00e3o feridos no Paran\u00e1 - Manchester FM 93,3","isPartOf":{"@id":"https:\/\/www.radiomanchester.com.br\/fm\/#website"},"datePublished":"2025-11-08T23:30:30+00:00","dateModified":"2025-11-08T23:30:32+00:00","author":{"@id":"https:\/\/www.radiomanchester.com.br\/fm\/#\/schema\/person\/408a7b4d4e32cbebd90e2782852abca3"},"breadcrumb":{"@id":"https:\/\/www.radiomanchester.com.br\/fm\/numero-de-mortos-sobe-para-6-e-750-estao-feridos-no-parana\/#breadcrumb"},"inLanguage":"pt-BR","potentialAction":[{"@type":"ReadAction","target":["https:\/\/www.radiomanchester.com.br\/fm\/numero-de-mortos-sobe-para-6-e-750-estao-feridos-no-parana\/"]}]},{"@type":"BreadcrumbList","@id":"https:\/\/www.radiomanchester.com.br\/fm\/numero-de-mortos-sobe-para-6-e-750-estao-feridos-no-parana\/#breadcrumb","itemListElement":[{"@type":"ListItem","position":1,"name":"Home","item":"https:\/\/www.radiomanchester.com.br\/fm\/"},{"@type":"ListItem","position":2,"name":"N\u00famero de mortos sobe para 6 e 750 est\u00e3o feridos no Paran\u00e1"}]},{"@type":"Person","@id":"https:\/\/www.radiomanchester.com.br\/fm\/#\/schema\/person\/408a7b4d4e32cbebd90e2782852abca3","name":"admin","image":{"@type":"ImageObject","@id":"https:\/\/www.radiomanchester.com.br\/fm\/#personlogo","inLanguage":"pt-BR","url":"https:\/\/secure.gravatar.com\/avatar\/115a974dba3376872eb3addeb276301c?s=96&d=mm&r=g","contentUrl":"https:\/\/secure.gravatar.com\/avatar\/115a974dba3376872eb3addeb276301c?s=96&d=mm&r=g","caption":"admin"},"url":"https:\/\/www.radiomanchester.com.br\/fm\/author\/admin\/"}]}},"_links":{"self":[{"href":"https:\/\/www.radiomanchester.com.br\/fm\/wp-json\/wp\/v2\/posts\/16829"}],"collection":[{"href":"https:\/\/www.radiomanchester.com.br\/fm\/wp-json\/wp\/v2\/posts"}],"about":[{"href":"https:\/\/www.radiomanchester.com.br\/fm\/wp-json\/wp\/v2\/types\/post"}],"author":[{"embeddable":true,"href":"https:\/\/www.radiomanchester.com.br\/fm\/wp-json\/wp\/v2\/users\/1"}],"replies":[{"embeddable":true,"href":"https:\/\/www.radiomanchester.com.br\/fm\/wp-json\/wp\/v2\/comments?post=16829"}],"version-history":[{"count":1,"href":"https:\/\/www.radiomanchester.com.br\/fm\/wp-json\/wp\/v2\/posts\/16829\/revisions"}],"predecessor-version":[{"id":16830,"href":"https:\/\/www.radiomanchester.com.br\/fm\/wp-json\/wp\/v2\/posts\/16829\/revisions\/16830"}],"wp:attachment":[{"href":"https:\/\/www.radiomanchester.com.br\/fm\/wp-json\/wp\/v2\/media?parent=16829"}],"wp:term":[{"taxonomy":"category","embeddable":true,"href":"https:\/\/www.radiomanchester.com.br\/fm\/wp-json\/wp\/v2\/categories?post=16829"},{"taxonomy":"post_tag","embeddable":true,"href":"https:\/\/www.radiomanchester.com.br\/fm\/wp-json\/wp\/v2\/tags?post=16829"}],"curies":[{"name":"wp","href":"https:\/\/api.w.org\/{rel}","templated":true}]}}