{"id":16832,"date":"2025-11-09T09:00:00","date_gmt":"2025-11-09T12:00:00","guid":{"rendered":"https:\/\/www.radiomanchester.com.br\/fm\/?p=16832"},"modified":"2025-11-08T22:49:34","modified_gmt":"2025-11-09T01:49:34","slug":"operacao-em-moteis-e-boates-em-anapolis-resulta-na-prisao-de-mulher-ligada-ao-comando-vermelho","status":"publish","type":"post","link":"https:\/\/www.radiomanchester.com.br\/fm\/operacao-em-moteis-e-boates-em-anapolis-resulta-na-prisao-de-mulher-ligada-ao-comando-vermelho\/","title":{"rendered":"Opera\u00e7\u00e3o em mot\u00e9is e boates em An\u00e1polis resulta na pris\u00e3o de mulher ligada ao Comando Vermelho"},"content":{"rendered":"\n<p><\/p>\n\n\n\n<p>Uma mulher com mandado de pris\u00e3o em aberto e apontada pela Pol\u00edcia Civil como integrante do Comando Vermelho foi presa durante a Opera\u00e7\u00e3o Sossego, realizada na tarde de sexta-feira (7\/11), em An\u00e1polis.<\/p>\n\n\n\n<p>A a\u00e7\u00e3o foi coordenada pela Diretoria de Posturas do munic\u00edpio e contou com o apoio da Pol\u00edcia Militar, Pol\u00edcia Civil, Corpo de Bombeiros, Vigil\u00e2ncia Sanit\u00e1ria e Juizado da Inf\u00e2ncia e da Adolesc\u00eancia.<\/p>\n\n\n\n<p>A mulher responde por crimes como organiza\u00e7\u00e3o criminosa, tr\u00e1fico de drogas, associa\u00e7\u00e3o para o tr\u00e1fico, homic\u00eddio, porte de arma e roubo.<\/p>\n\n\n\n<p>Ao todo, cerca de vinte locais, entre boates, mot\u00e9is e pontos de venda de bebidas alco\u00f3licas, foram vistoriados. Nove estabelecimentos foram interditados por aus\u00eancia de documenta\u00e7\u00e3o obrigat\u00f3ria e outros nove foram intimados por estarem em processo de regulariza\u00e7\u00e3o.<\/p>\n\n\n\n<p>O Corpo de Bombeiros elaborou 11 relat\u00f3rios de inspe\u00e7\u00e3o em locais com irregularidades e realizou uma vistoria em estabelecimento regularizado.<\/p>\n\n\n\n<p>A Vigil\u00e2ncia Sanit\u00e1ria efetuou oito interdi\u00e7\u00f5es, seis autos de infra\u00e7\u00e3o, quatro intima\u00e7\u00f5es e uma notifica\u00e7\u00e3o para regulariza\u00e7\u00e3o sanit\u00e1ria.<\/p>\n\n\n\n<p>O Juizado da Inf\u00e2ncia e Adolesc\u00eancia lavrou auto de infra\u00e7\u00e3o ap\u00f3s constatar a presen\u00e7a de menores em um dos locais fiscalizados.<\/p>\n\n\n\n<p>As a\u00e7\u00f5es seguem sendo realizadas de forma integrada para fiscaliza\u00e7\u00e3o e controle de atividades comerciais&nbsp;na&nbsp;cidade.<\/p>\n","protected":false},"excerpt":{"rendered":"<p class=\"excerpt\">Uma mulher com mandado de pris\u00e3o em aberto e apontada pela Pol\u00edcia Civil como integrante do Comando Vermelho foi presa durante a Opera\u00e7\u00e3o Sossego, realizada na tarde de sexta-feira (7\/11), em An\u00e1polis. A a\u00e7\u00e3o foi coordenada pela Diretoria de Posturas do munic\u00edpio e contou com o apoio da Pol\u00edcia Militar, Pol\u00edcia Civil, Corpo de Bombeiros, [&hellip;]<\/p>\n","protected":false},"author":1,"featured_media":0,"comment_status":"open","ping_status":"open","sticky":false,"template":"","format":"standard","meta":[],"categories":[8,17],"tags":[22,24,113,83,129,92],"yoast_head":"<!-- This site is optimized with the Yoast SEO plugin v18.3 - https:\/\/yoast.com\/wordpress\/plugins\/seo\/ -->\n<title>Opera\u00e7\u00e3o em mot\u00e9is e boates em An\u00e1polis resulta na pris\u00e3o de mulher ligada ao Comando Vermelho - Manchester FM 93,3<\/title>\n<meta name=\"robots\" content=\"index, follow, max-snippet:-1, max-image-preview:large, max-video-preview:-1\" \/>\n<link rel=\"canonical\" href=\"https:\/\/www.radiomanchester.com.br\/fm\/operacao-em-moteis-e-boates-em-anapolis-resulta-na-prisao-de-mulher-ligada-ao-comando-vermelho\/\" \/>\n<meta property=\"og:locale\" content=\"pt_BR\" \/>\n<meta property=\"og:type\" content=\"article\" \/>\n<meta property=\"og:title\" content=\"Opera\u00e7\u00e3o em mot\u00e9is e boates em An\u00e1polis resulta na pris\u00e3o de mulher ligada ao Comando Vermelho - Manchester FM 93,3\" \/>\n<meta property=\"og:description\" content=\"Uma mulher com mandado de pris\u00e3o em aberto e apontada pela Pol\u00edcia Civil como integrante do Comando Vermelho foi presa durante a Opera\u00e7\u00e3o Sossego, realizada na tarde de sexta-feira (7\/11), em An\u00e1polis. A a\u00e7\u00e3o foi coordenada pela Diretoria de Posturas do munic\u00edpio e contou com o apoio da Pol\u00edcia Militar, Pol\u00edcia Civil, Corpo de Bombeiros, [&hellip;]\" \/>\n<meta property=\"og:url\" content=\"https:\/\/www.radiomanchester.com.br\/fm\/operacao-em-moteis-e-boates-em-anapolis-resulta-na-prisao-de-mulher-ligada-ao-comando-vermelho\/\" \/>\n<meta property=\"og:site_name\" content=\"Manchester FM 93,3\" \/>\n<meta property=\"article:published_time\" content=\"2025-11-09T12:00:00+00:00\" \/>\n<meta property=\"article:modified_time\" content=\"2025-11-09T01:49:34+00:00\" \/>\n<meta name=\"twitter:card\" content=\"summary_large_image\" \/>\n<meta name=\"twitter:label1\" content=\"Escrito por\" \/>\n\t<meta name=\"twitter:data1\" content=\"admin\" \/>\n\t<meta name=\"twitter:label2\" content=\"Est. tempo de leitura\" \/>\n\t<meta name=\"twitter:data2\" content=\"2 minutos\" \/>\n<script type=\"application\/ld+json\" class=\"yoast-schema-graph\">{\"@context\":\"https:\/\/schema.org\",\"@graph\":[{\"@type\":\"WebSite\",\"@id\":\"https:\/\/www.radiomanchester.com.br\/fm\/#website\",\"url\":\"https:\/\/www.radiomanchester.com.br\/fm\/\",\"name\":\"Manchester FM 93,3\",\"description\":\"Todo Mundo Ouve!\",\"potentialAction\":[{\"@type\":\"SearchAction\",\"target\":{\"@type\":\"EntryPoint\",\"urlTemplate\":\"https:\/\/www.radiomanchester.com.br\/fm\/?s={search_term_string}\"},\"query-input\":\"required name=search_term_string\"}],\"inLanguage\":\"pt-BR\"},{\"@type\":\"WebPage\",\"@id\":\"https:\/\/www.radiomanchester.com.br\/fm\/operacao-em-moteis-e-boates-em-anapolis-resulta-na-prisao-de-mulher-ligada-ao-comando-vermelho\/#webpage\",\"url\":\"https:\/\/www.radiomanchester.com.br\/fm\/operacao-em-moteis-e-boates-em-anapolis-resulta-na-prisao-de-mulher-ligada-ao-comando-vermelho\/\",\"name\":\"Opera\u00e7\u00e3o em mot\u00e9is e boates em An\u00e1polis resulta na pris\u00e3o de mulher ligada ao Comando Vermelho - Manchester FM 93,3\",\"isPartOf\":{\"@id\":\"https:\/\/www.radiomanchester.com.br\/fm\/#website\"},\"datePublished\":\"2025-11-09T12:00:00+00:00\",\"dateModified\":\"2025-11-09T01:49:34+00:00\",\"author\":{\"@id\":\"https:\/\/www.radiomanchester.com.br\/fm\/#\/schema\/person\/408a7b4d4e32cbebd90e2782852abca3\"},\"breadcrumb\":{\"@id\":\"https:\/\/www.radiomanchester.com.br\/fm\/operacao-em-moteis-e-boates-em-anapolis-resulta-na-prisao-de-mulher-ligada-ao-comando-vermelho\/#breadcrumb\"},\"inLanguage\":\"pt-BR\",\"potentialAction\":[{\"@type\":\"ReadAction\",\"target\":[\"https:\/\/www.radiomanchester.com.br\/fm\/operacao-em-moteis-e-boates-em-anapolis-resulta-na-prisao-de-mulher-ligada-ao-comando-vermelho\/\"]}]},{\"@type\":\"BreadcrumbList\",\"@id\":\"https:\/\/www.radiomanchester.com.br\/fm\/operacao-em-moteis-e-boates-em-anapolis-resulta-na-prisao-de-mulher-ligada-ao-comando-vermelho\/#breadcrumb\",\"itemListElement\":[{\"@type\":\"ListItem\",\"position\":1,\"name\":\"Home\",\"item\":\"https:\/\/www.radiomanchester.com.br\/fm\/\"},{\"@type\":\"ListItem\",\"position\":2,\"name\":\"Opera\u00e7\u00e3o em mot\u00e9is e boates em An\u00e1polis resulta na pris\u00e3o de mulher ligada ao Comando Vermelho\"}]},{\"@type\":\"Person\",\"@id\":\"https:\/\/www.radiomanchester.com.br\/fm\/#\/schema\/person\/408a7b4d4e32cbebd90e2782852abca3\",\"name\":\"admin\",\"image\":{\"@type\":\"ImageObject\",\"@id\":\"https:\/\/www.radiomanchester.com.br\/fm\/#personlogo\",\"inLanguage\":\"pt-BR\",\"url\":\"https:\/\/secure.gravatar.com\/avatar\/115a974dba3376872eb3addeb276301c?s=96&d=mm&r=g\",\"contentUrl\":\"https:\/\/secure.gravatar.com\/avatar\/115a974dba3376872eb3addeb276301c?s=96&d=mm&r=g\",\"caption\":\"admin\"},\"url\":\"https:\/\/www.radiomanchester.com.br\/fm\/author\/admin\/\"}]}<\/script>\n<!-- \/ Yoast SEO plugin. -->","yoast_head_json":{"title":"Opera\u00e7\u00e3o em mot\u00e9is e boates em An\u00e1polis resulta na pris\u00e3o de mulher ligada ao Comando Vermelho - Manchester FM 93,3","robots":{"index":"index","follow":"follow","max-snippet":"max-snippet:-1","max-image-preview":"max-image-preview:large","max-video-preview":"max-video-preview:-1"},"canonical":"https:\/\/www.radiomanchester.com.br\/fm\/operacao-em-moteis-e-boates-em-anapolis-resulta-na-prisao-de-mulher-ligada-ao-comando-vermelho\/","og_locale":"pt_BR","og_type":"article","og_title":"Opera\u00e7\u00e3o em mot\u00e9is e boates em An\u00e1polis resulta na pris\u00e3o de mulher ligada ao Comando Vermelho - Manchester FM 93,3","og_description":"Uma mulher com mandado de pris\u00e3o em aberto e apontada pela Pol\u00edcia Civil como integrante do Comando Vermelho foi presa durante a Opera\u00e7\u00e3o Sossego, realizada na tarde de sexta-feira (7\/11), em An\u00e1polis. A a\u00e7\u00e3o foi coordenada pela Diretoria de Posturas do munic\u00edpio e contou com o apoio da Pol\u00edcia Militar, Pol\u00edcia Civil, Corpo de Bombeiros, [&hellip;]","og_url":"https:\/\/www.radiomanchester.com.br\/fm\/operacao-em-moteis-e-boates-em-anapolis-resulta-na-prisao-de-mulher-ligada-ao-comando-vermelho\/","og_site_name":"Manchester FM 93,3","article_published_time":"2025-11-09T12:00:00+00:00","article_modified_time":"2025-11-09T01:49:34+00:00","twitter_card":"summary_large_image","twitter_misc":{"Escrito por":"admin","Est. tempo de leitura":"2 minutos"},"schema":{"@context":"https:\/\/schema.org","@graph":[{"@type":"WebSite","@id":"https:\/\/www.radiomanchester.com.br\/fm\/#website","url":"https:\/\/www.radiomanchester.com.br\/fm\/","name":"Manchester FM 93,3","description":"Todo Mundo Ouve!","potentialAction":[{"@type":"SearchAction","target":{"@type":"EntryPoint","urlTemplate":"https:\/\/www.radiomanchester.com.br\/fm\/?s={search_term_string}"},"query-input":"required name=search_term_string"}],"inLanguage":"pt-BR"},{"@type":"WebPage","@id":"https:\/\/www.radiomanchester.com.br\/fm\/operacao-em-moteis-e-boates-em-anapolis-resulta-na-prisao-de-mulher-ligada-ao-comando-vermelho\/#webpage","url":"https:\/\/www.radiomanchester.com.br\/fm\/operacao-em-moteis-e-boates-em-anapolis-resulta-na-prisao-de-mulher-ligada-ao-comando-vermelho\/","name":"Opera\u00e7\u00e3o em mot\u00e9is e boates em An\u00e1polis resulta na pris\u00e3o de mulher ligada ao Comando Vermelho - Manchester FM 93,3","isPartOf":{"@id":"https:\/\/www.radiomanchester.com.br\/fm\/#website"},"datePublished":"2025-11-09T12:00:00+00:00","dateModified":"2025-11-09T01:49:34+00:00","author":{"@id":"https:\/\/www.radiomanchester.com.br\/fm\/#\/schema\/person\/408a7b4d4e32cbebd90e2782852abca3"},"breadcrumb":{"@id":"https:\/\/www.radiomanchester.com.br\/fm\/operacao-em-moteis-e-boates-em-anapolis-resulta-na-prisao-de-mulher-ligada-ao-comando-vermelho\/#breadcrumb"},"inLanguage":"pt-BR","potentialAction":[{"@type":"ReadAction","target":["https:\/\/www.radiomanchester.com.br\/fm\/operacao-em-moteis-e-boates-em-anapolis-resulta-na-prisao-de-mulher-ligada-ao-comando-vermelho\/"]}]},{"@type":"BreadcrumbList","@id":"https:\/\/www.radiomanchester.com.br\/fm\/operacao-em-moteis-e-boates-em-anapolis-resulta-na-prisao-de-mulher-ligada-ao-comando-vermelho\/#breadcrumb","itemListElement":[{"@type":"ListItem","position":1,"name":"Home","item":"https:\/\/www.radiomanchester.com.br\/fm\/"},{"@type":"ListItem","position":2,"name":"Opera\u00e7\u00e3o em mot\u00e9is e boates em An\u00e1polis resulta na pris\u00e3o de mulher ligada ao Comando Vermelho"}]},{"@type":"Person","@id":"https:\/\/www.radiomanchester.com.br\/fm\/#\/schema\/person\/408a7b4d4e32cbebd90e2782852abca3","name":"admin","image":{"@type":"ImageObject","@id":"https:\/\/www.radiomanchester.com.br\/fm\/#personlogo","inLanguage":"pt-BR","url":"https:\/\/secure.gravatar.com\/avatar\/115a974dba3376872eb3addeb276301c?s=96&d=mm&r=g","contentUrl":"https:\/\/secure.gravatar.com\/avatar\/115a974dba3376872eb3addeb276301c?s=96&d=mm&r=g","caption":"admin"},"url":"https:\/\/www.radiomanchester.com.br\/fm\/author\/admin\/"}]}},"_links":{"self":[{"href":"https:\/\/www.radiomanchester.com.br\/fm\/wp-json\/wp\/v2\/posts\/16832"}],"collection":[{"href":"https:\/\/www.radiomanchester.com.br\/fm\/wp-json\/wp\/v2\/posts"}],"about":[{"href":"https:\/\/www.radiomanchester.com.br\/fm\/wp-json\/wp\/v2\/types\/post"}],"author":[{"embeddable":true,"href":"https:\/\/www.radiomanchester.com.br\/fm\/wp-json\/wp\/v2\/users\/1"}],"replies":[{"embeddable":true,"href":"https:\/\/www.radiomanchester.com.br\/fm\/wp-json\/wp\/v2\/comments?post=16832"}],"version-history":[{"count":1,"href":"https:\/\/www.radiomanchester.com.br\/fm\/wp-json\/wp\/v2\/posts\/16832\/revisions"}],"predecessor-version":[{"id":16833,"href":"https:\/\/www.radiomanchester.com.br\/fm\/wp-json\/wp\/v2\/posts\/16832\/revisions\/16833"}],"wp:attachment":[{"href":"https:\/\/www.radiomanchester.com.br\/fm\/wp-json\/wp\/v2\/media?parent=16832"}],"wp:term":[{"taxonomy":"category","embeddable":true,"href":"https:\/\/www.radiomanchester.com.br\/fm\/wp-json\/wp\/v2\/categories?post=16832"},{"taxonomy":"post_tag","embeddable":true,"href":"https:\/\/www.radiomanchester.com.br\/fm\/wp-json\/wp\/v2\/tags?post=16832"}],"curies":[{"name":"wp","href":"https:\/\/api.w.org\/{rel}","templated":true}]}}