{"id":16840,"date":"2025-11-10T17:23:00","date_gmt":"2025-11-10T20:23:00","guid":{"rendered":"https:\/\/www.radiomanchester.com.br\/fm\/?p=16840"},"modified":"2025-11-09T17:24:33","modified_gmt":"2025-11-09T20:24:33","slug":"parana-quer-pagar-ate-r-50-mil-a-familias-atingidas-por-tornado","status":"publish","type":"post","link":"https:\/\/www.radiomanchester.com.br\/fm\/parana-quer-pagar-ate-r-50-mil-a-familias-atingidas-por-tornado\/","title":{"rendered":"Paran\u00e1 quer pagar at\u00e9 R$ 50 mil a fam\u00edlias atingidas por tornado"},"content":{"rendered":"\n<p>O governo do Estado do Paran\u00e1 anunciou, nesse s\u00e1bado (8\/11), a proposta de conceder at\u00e9 R$ 50 mil por fam\u00edlia afetada pelo tornado que atingiu o estado na sexta-feira (7\/11).<\/p>\n\n\n\n<p>O governador Ratinho Jr. (PSD) enviou \u00e0 Assembleia Legislativa do Estado do Paran\u00e1 um projeto de lei que altera o Fundo Estadual para Calamidades P\u00fablicas (Fecap), permitindo que os recursos sejam repassados diretamente \u00e0s fam\u00edlias atingidas, n\u00e3o apenas aos munic\u00edpios, como j\u00e1 era o procedimento.<\/p>\n\n\n\n<p>A proposta tramita em regime de urg\u00eancia, com sess\u00e3o extraordin\u00e1ria marcada para este domingo (9\/11).<\/p>\n\n\n\n<p>\u201cO aux\u00edlio financeiro vai ajudar na reconstru\u00e7\u00e3o das casas e na compra de m\u00f3veis e eletrodom\u00e9sticos\u201d, afirmou Ratinho Jr. em seu perfil nas redes sociais.<\/p>\n\n\n\n<p>A medida visa acelerar a resposta do Estado \u00e0s fam\u00edlias que perderam tudo, segundo o governo, e contempla parceria com prefeituras para instala\u00e7\u00e3o de abrigos tempor\u00e1rios e in\u00edcio das obras de reconstru\u00e7\u00e3o.<\/p>\n\n\n\n<p>Os crit\u00e9rios espec\u00edficos para a distribui\u00e7\u00e3o dos recursos ainda ser\u00e3o definidos por meio de decreto, uma vez que o projeto for aprovado.<\/p>\n\n\n\n<p>T\u00e9cnicos da Companhia de Habita\u00e7\u00e3o do Paran\u00e1 (Cohapar) e do Conselho Regional de Engenharia e Agronomia do Paran\u00e1 (CREA?PR) est\u00e3o avaliando os danos para direcionar obras emergenciais. O Estado investiu desde 2024 aproximadamente R$ 61 milh\u00f5es no Fecap para recupera\u00e7\u00e3o de desastres naturais, atendendo mais de 100 munic\u00edpios.<\/p>\n\n\n\n<p><strong>Tornado destruiu a cidade<br><\/strong>O tornado deixou seis pessoas mortas e cerca de 750 feridas no estado. Na cidade de Rio Bonito do Igua\u00e7u, uma das mais atingidas, estima-se que 90% dos im\u00f3veis sofreram danos.<\/p>\n\n\n\n<p>Segundo a Defesa Civil, o fen\u00f4meno foi classificado como n\u00edvel F2 na escala de Fujita (ventos entre 180 km\/h e 250 km\/h), embora existam fortes ind\u00edcios de que algumas \u00e1reas possam ter sido atingidas por ventos com mais de 250 km\/h, categoria F3.<\/p>\n\n\n\n<p>porRepMetr0p0les parceiro Manchester<\/p>\n","protected":false},"excerpt":{"rendered":"<p class=\"excerpt\">O governo do Estado do Paran\u00e1 anunciou, nesse s\u00e1bado (8\/11), a proposta de conceder at\u00e9 R$ 50 mil por fam\u00edlia afetada pelo tornado que atingiu o estado na sexta-feira (7\/11). O governador Ratinho Jr. (PSD) enviou \u00e0 Assembleia Legislativa do Estado do Paran\u00e1 um projeto de lei que altera o Fundo Estadual para Calamidades P\u00fablicas [&hellip;]<\/p>\n","protected":false},"author":1,"featured_media":0,"comment_status":"open","ping_status":"open","sticky":false,"template":"","format":"standard","meta":[],"categories":[8,17],"tags":[22,113,83,92],"yoast_head":"<!-- This site is optimized with the Yoast SEO plugin v18.3 - https:\/\/yoast.com\/wordpress\/plugins\/seo\/ -->\n<title>Paran\u00e1 quer pagar at\u00e9 R$ 50 mil a fam\u00edlias atingidas por tornado - Manchester FM 93,3<\/title>\n<meta name=\"robots\" content=\"index, follow, max-snippet:-1, max-image-preview:large, max-video-preview:-1\" \/>\n<link rel=\"canonical\" href=\"https:\/\/www.radiomanchester.com.br\/fm\/parana-quer-pagar-ate-r-50-mil-a-familias-atingidas-por-tornado\/\" \/>\n<meta property=\"og:locale\" content=\"pt_BR\" \/>\n<meta property=\"og:type\" content=\"article\" \/>\n<meta property=\"og:title\" content=\"Paran\u00e1 quer pagar at\u00e9 R$ 50 mil a fam\u00edlias atingidas por tornado - Manchester FM 93,3\" \/>\n<meta property=\"og:description\" content=\"O governo do Estado do Paran\u00e1 anunciou, nesse s\u00e1bado (8\/11), a proposta de conceder at\u00e9 R$ 50 mil por fam\u00edlia afetada pelo tornado que atingiu o estado na sexta-feira (7\/11). O governador Ratinho Jr. (PSD) enviou \u00e0 Assembleia Legislativa do Estado do Paran\u00e1 um projeto de lei que altera o Fundo Estadual para Calamidades P\u00fablicas [&hellip;]\" \/>\n<meta property=\"og:url\" content=\"https:\/\/www.radiomanchester.com.br\/fm\/parana-quer-pagar-ate-r-50-mil-a-familias-atingidas-por-tornado\/\" \/>\n<meta property=\"og:site_name\" content=\"Manchester FM 93,3\" \/>\n<meta property=\"article:published_time\" content=\"2025-11-10T20:23:00+00:00\" \/>\n<meta property=\"article:modified_time\" content=\"2025-11-09T20:24:33+00:00\" \/>\n<meta name=\"twitter:card\" content=\"summary_large_image\" \/>\n<meta name=\"twitter:label1\" content=\"Escrito por\" \/>\n\t<meta name=\"twitter:data1\" content=\"admin\" \/>\n\t<meta name=\"twitter:label2\" content=\"Est. tempo de leitura\" \/>\n\t<meta name=\"twitter:data2\" content=\"2 minutos\" \/>\n<script type=\"application\/ld+json\" class=\"yoast-schema-graph\">{\"@context\":\"https:\/\/schema.org\",\"@graph\":[{\"@type\":\"WebSite\",\"@id\":\"https:\/\/www.radiomanchester.com.br\/fm\/#website\",\"url\":\"https:\/\/www.radiomanchester.com.br\/fm\/\",\"name\":\"Manchester FM 93,3\",\"description\":\"Todo Mundo Ouve!\",\"potentialAction\":[{\"@type\":\"SearchAction\",\"target\":{\"@type\":\"EntryPoint\",\"urlTemplate\":\"https:\/\/www.radiomanchester.com.br\/fm\/?s={search_term_string}\"},\"query-input\":\"required name=search_term_string\"}],\"inLanguage\":\"pt-BR\"},{\"@type\":\"WebPage\",\"@id\":\"https:\/\/www.radiomanchester.com.br\/fm\/parana-quer-pagar-ate-r-50-mil-a-familias-atingidas-por-tornado\/#webpage\",\"url\":\"https:\/\/www.radiomanchester.com.br\/fm\/parana-quer-pagar-ate-r-50-mil-a-familias-atingidas-por-tornado\/\",\"name\":\"Paran\u00e1 quer pagar at\u00e9 R$ 50 mil a fam\u00edlias atingidas por tornado - Manchester FM 93,3\",\"isPartOf\":{\"@id\":\"https:\/\/www.radiomanchester.com.br\/fm\/#website\"},\"datePublished\":\"2025-11-10T20:23:00+00:00\",\"dateModified\":\"2025-11-09T20:24:33+00:00\",\"author\":{\"@id\":\"https:\/\/www.radiomanchester.com.br\/fm\/#\/schema\/person\/408a7b4d4e32cbebd90e2782852abca3\"},\"breadcrumb\":{\"@id\":\"https:\/\/www.radiomanchester.com.br\/fm\/parana-quer-pagar-ate-r-50-mil-a-familias-atingidas-por-tornado\/#breadcrumb\"},\"inLanguage\":\"pt-BR\",\"potentialAction\":[{\"@type\":\"ReadAction\",\"target\":[\"https:\/\/www.radiomanchester.com.br\/fm\/parana-quer-pagar-ate-r-50-mil-a-familias-atingidas-por-tornado\/\"]}]},{\"@type\":\"BreadcrumbList\",\"@id\":\"https:\/\/www.radiomanchester.com.br\/fm\/parana-quer-pagar-ate-r-50-mil-a-familias-atingidas-por-tornado\/#breadcrumb\",\"itemListElement\":[{\"@type\":\"ListItem\",\"position\":1,\"name\":\"Home\",\"item\":\"https:\/\/www.radiomanchester.com.br\/fm\/\"},{\"@type\":\"ListItem\",\"position\":2,\"name\":\"Paran\u00e1 quer pagar at\u00e9 R$ 50 mil a fam\u00edlias atingidas por tornado\"}]},{\"@type\":\"Person\",\"@id\":\"https:\/\/www.radiomanchester.com.br\/fm\/#\/schema\/person\/408a7b4d4e32cbebd90e2782852abca3\",\"name\":\"admin\",\"image\":{\"@type\":\"ImageObject\",\"@id\":\"https:\/\/www.radiomanchester.com.br\/fm\/#personlogo\",\"inLanguage\":\"pt-BR\",\"url\":\"https:\/\/secure.gravatar.com\/avatar\/115a974dba3376872eb3addeb276301c?s=96&d=mm&r=g\",\"contentUrl\":\"https:\/\/secure.gravatar.com\/avatar\/115a974dba3376872eb3addeb276301c?s=96&d=mm&r=g\",\"caption\":\"admin\"},\"url\":\"https:\/\/www.radiomanchester.com.br\/fm\/author\/admin\/\"}]}<\/script>\n<!-- \/ Yoast SEO plugin. -->","yoast_head_json":{"title":"Paran\u00e1 quer pagar at\u00e9 R$ 50 mil a fam\u00edlias atingidas por tornado - Manchester FM 93,3","robots":{"index":"index","follow":"follow","max-snippet":"max-snippet:-1","max-image-preview":"max-image-preview:large","max-video-preview":"max-video-preview:-1"},"canonical":"https:\/\/www.radiomanchester.com.br\/fm\/parana-quer-pagar-ate-r-50-mil-a-familias-atingidas-por-tornado\/","og_locale":"pt_BR","og_type":"article","og_title":"Paran\u00e1 quer pagar at\u00e9 R$ 50 mil a fam\u00edlias atingidas por tornado - Manchester FM 93,3","og_description":"O governo do Estado do Paran\u00e1 anunciou, nesse s\u00e1bado (8\/11), a proposta de conceder at\u00e9 R$ 50 mil por fam\u00edlia afetada pelo tornado que atingiu o estado na sexta-feira (7\/11). O governador Ratinho Jr. (PSD) enviou \u00e0 Assembleia Legislativa do Estado do Paran\u00e1 um projeto de lei que altera o Fundo Estadual para Calamidades P\u00fablicas [&hellip;]","og_url":"https:\/\/www.radiomanchester.com.br\/fm\/parana-quer-pagar-ate-r-50-mil-a-familias-atingidas-por-tornado\/","og_site_name":"Manchester FM 93,3","article_published_time":"2025-11-10T20:23:00+00:00","article_modified_time":"2025-11-09T20:24:33+00:00","twitter_card":"summary_large_image","twitter_misc":{"Escrito por":"admin","Est. tempo de leitura":"2 minutos"},"schema":{"@context":"https:\/\/schema.org","@graph":[{"@type":"WebSite","@id":"https:\/\/www.radiomanchester.com.br\/fm\/#website","url":"https:\/\/www.radiomanchester.com.br\/fm\/","name":"Manchester FM 93,3","description":"Todo Mundo Ouve!","potentialAction":[{"@type":"SearchAction","target":{"@type":"EntryPoint","urlTemplate":"https:\/\/www.radiomanchester.com.br\/fm\/?s={search_term_string}"},"query-input":"required name=search_term_string"}],"inLanguage":"pt-BR"},{"@type":"WebPage","@id":"https:\/\/www.radiomanchester.com.br\/fm\/parana-quer-pagar-ate-r-50-mil-a-familias-atingidas-por-tornado\/#webpage","url":"https:\/\/www.radiomanchester.com.br\/fm\/parana-quer-pagar-ate-r-50-mil-a-familias-atingidas-por-tornado\/","name":"Paran\u00e1 quer pagar at\u00e9 R$ 50 mil a fam\u00edlias atingidas por tornado - Manchester FM 93,3","isPartOf":{"@id":"https:\/\/www.radiomanchester.com.br\/fm\/#website"},"datePublished":"2025-11-10T20:23:00+00:00","dateModified":"2025-11-09T20:24:33+00:00","author":{"@id":"https:\/\/www.radiomanchester.com.br\/fm\/#\/schema\/person\/408a7b4d4e32cbebd90e2782852abca3"},"breadcrumb":{"@id":"https:\/\/www.radiomanchester.com.br\/fm\/parana-quer-pagar-ate-r-50-mil-a-familias-atingidas-por-tornado\/#breadcrumb"},"inLanguage":"pt-BR","potentialAction":[{"@type":"ReadAction","target":["https:\/\/www.radiomanchester.com.br\/fm\/parana-quer-pagar-ate-r-50-mil-a-familias-atingidas-por-tornado\/"]}]},{"@type":"BreadcrumbList","@id":"https:\/\/www.radiomanchester.com.br\/fm\/parana-quer-pagar-ate-r-50-mil-a-familias-atingidas-por-tornado\/#breadcrumb","itemListElement":[{"@type":"ListItem","position":1,"name":"Home","item":"https:\/\/www.radiomanchester.com.br\/fm\/"},{"@type":"ListItem","position":2,"name":"Paran\u00e1 quer pagar at\u00e9 R$ 50 mil a fam\u00edlias atingidas por tornado"}]},{"@type":"Person","@id":"https:\/\/www.radiomanchester.com.br\/fm\/#\/schema\/person\/408a7b4d4e32cbebd90e2782852abca3","name":"admin","image":{"@type":"ImageObject","@id":"https:\/\/www.radiomanchester.com.br\/fm\/#personlogo","inLanguage":"pt-BR","url":"https:\/\/secure.gravatar.com\/avatar\/115a974dba3376872eb3addeb276301c?s=96&d=mm&r=g","contentUrl":"https:\/\/secure.gravatar.com\/avatar\/115a974dba3376872eb3addeb276301c?s=96&d=mm&r=g","caption":"admin"},"url":"https:\/\/www.radiomanchester.com.br\/fm\/author\/admin\/"}]}},"_links":{"self":[{"href":"https:\/\/www.radiomanchester.com.br\/fm\/wp-json\/wp\/v2\/posts\/16840"}],"collection":[{"href":"https:\/\/www.radiomanchester.com.br\/fm\/wp-json\/wp\/v2\/posts"}],"about":[{"href":"https:\/\/www.radiomanchester.com.br\/fm\/wp-json\/wp\/v2\/types\/post"}],"author":[{"embeddable":true,"href":"https:\/\/www.radiomanchester.com.br\/fm\/wp-json\/wp\/v2\/users\/1"}],"replies":[{"embeddable":true,"href":"https:\/\/www.radiomanchester.com.br\/fm\/wp-json\/wp\/v2\/comments?post=16840"}],"version-history":[{"count":1,"href":"https:\/\/www.radiomanchester.com.br\/fm\/wp-json\/wp\/v2\/posts\/16840\/revisions"}],"predecessor-version":[{"id":16842,"href":"https:\/\/www.radiomanchester.com.br\/fm\/wp-json\/wp\/v2\/posts\/16840\/revisions\/16842"}],"wp:attachment":[{"href":"https:\/\/www.radiomanchester.com.br\/fm\/wp-json\/wp\/v2\/media?parent=16840"}],"wp:term":[{"taxonomy":"category","embeddable":true,"href":"https:\/\/www.radiomanchester.com.br\/fm\/wp-json\/wp\/v2\/categories?post=16840"},{"taxonomy":"post_tag","embeddable":true,"href":"https:\/\/www.radiomanchester.com.br\/fm\/wp-json\/wp\/v2\/tags?post=16840"}],"curies":[{"name":"wp","href":"https:\/\/api.w.org\/{rel}","templated":true}]}}