{"id":16845,"date":"2025-11-11T07:00:00","date_gmt":"2025-11-11T10:00:00","guid":{"rendered":"https:\/\/www.radiomanchester.com.br\/fm\/?p=16845"},"modified":"2025-11-10T20:27:34","modified_gmt":"2025-11-10T23:27:34","slug":"goias-se-torna-elegivel-para-captar-recursos-internacionais-na-area-ambiental","status":"publish","type":"post","link":"https:\/\/www.radiomanchester.com.br\/fm\/goias-se-torna-elegivel-para-captar-recursos-internacionais-na-area-ambiental\/","title":{"rendered":"Goi\u00e1s se torna eleg\u00edvel para captar recursos internacionais na \u00e1rea ambiental"},"content":{"rendered":"\n<p><\/p>\n\n\n\n<p>Goi\u00e1s chega \u00e0 30\u00aa Confer\u00eancia das Na\u00e7\u00f5es Unidas sobre Mudan\u00e7as Clim\u00e1ticas (COP30), em Bel\u00e9m, de 10 a 17 de novembro, com reconhecimento nacional na agenda de cr\u00e9ditos de carbono.<\/p>\n\n\n\n<p>A Comiss\u00e3o Nacional para REDD+ (Conaredd+) aprovou, em 14 de outubro, a elegibilidade do estado, reconhecendo os avan\u00e7os de Goi\u00e1s na redu\u00e7\u00e3o do desmatamento ilegal, na preserva\u00e7\u00e3o do Cerrado e na implementa\u00e7\u00e3o de pol\u00edticas de sustentabilidade.<\/p>\n\n\n\n<p>O resultado habilita Goi\u00e1s a acessar pagamentos por resultados ambientais, conforme os acordos internacionais de clima, e ser\u00e1 apresentado pelo governador Ronaldo Caiado e pela secret\u00e1ria de Meio Ambiente e Desenvolvimento Sustent\u00e1vel, Andr\u00e9a Vulcanis, durante a confer\u00eancia.<\/p>\n\n\n\n<p>O tema estar\u00e1 presente em pain\u00e9is sobre governan\u00e7a clim\u00e1tica, transi\u00e7\u00e3o energ\u00e9tica e economia verde, que destacam a contribui\u00e7\u00e3o dos estados brasileiros para a mitiga\u00e7\u00e3o das mudan\u00e7as clim\u00e1ticas.<\/p>\n\n\n\n<p>\u201c\u00c9 o reconhecimento de um modelo que alia produ\u00e7\u00e3o, conserva\u00e7\u00e3o e inclus\u00e3o social\u201d, afirma Vulcanis.<\/p>\n\n\n\n<p>Os dados que embasam a aprova\u00e7\u00e3o da Conaredd+ refletem o desempenho ambiental de Goi\u00e1s nos \u00faltimos anos. O Estado reduziu em 73% a \u00e1rea queimada e ampliou em mais de 1.000% as a\u00e7\u00f5es de fiscaliza\u00e7\u00e3o, alcan\u00e7ando praticamente todos os alertas de desmatamento.<\/p>\n\n\n\n<p>Medidas como a Declara\u00e7\u00e3o Ambiental do Im\u00f3vel (DAI), o Programa de Pagamento por Servi\u00e7os Ambientais Cerrado em P\u00e9, o Sistema de Cadastro Ambiental Rural (Sigcar) e o plano integrado de preven\u00e7\u00e3o e combate a inc\u00eandios florestais ser\u00e3o apresentadas na COP30 como exemplos de pol\u00edticas p\u00fablicas que produzem resultados mensur\u00e1veis em carbono.<\/p>\n\n\n\n<p>\u201cEsses n\u00fameros comprovam o esfor\u00e7o de Goi\u00e1s em alinhar crescimento econ\u00f4mico e conserva\u00e7\u00e3o ambiental. Estamos prontos para transformar resultados ambientais em novas oportunidades de investimento para o Estado\u201d, completou.<\/p>\n\n\n\n<p>Na vis\u00e3o de Vulcanis, o reconhecimento da Conaredd+ \u00e9 relevante por colocar o Cerrado no centro da agenda global de clima e florestas. Isso porque, o Cerrado \u00e9 o segundo maior bioma do Brasil e ber\u00e7o das \u00e1guas do pa\u00eds.<\/p>\n\n\n\n<p>Goi\u00e1s tem cerca de um ter\u00e7o de seu territ\u00f3rio coberto por vegeta\u00e7\u00e3o nativa, o que refor\u00e7a o potencial do Estado em gerar resultados ambientais com impacto real na mitiga\u00e7\u00e3o das mudan\u00e7as clim\u00e1ticas.<\/p>\n\n\n\n<p><strong>Goi\u00e1s na COP30<br><\/strong>A comitiva goiana tamb\u00e9m levar\u00e1 \u00e0 confer\u00eancia a Estrat\u00e9gia Goi\u00e1s Carbono Neutro, que define o caminho para alcan\u00e7ar a neutralidade em carbono at\u00e9 2050 e consolida a integra\u00e7\u00e3o entre desenvolvimento econ\u00f4mico e conserva\u00e7\u00e3o ambiental.<\/p>\n\n\n\n<p>Com o reconhecimento da Conaredd+ e a presen\u00e7a na COP30, Goi\u00e1s refor\u00e7a sua posi\u00e7\u00e3o de protagonismo na agenda clim\u00e1tica nacional, levando ao debate internacional um modelo de governan\u00e7a ambiental que valoriza o Cerrado e transforma resultados de conserva\u00e7\u00e3o em oportunidades para o futuro verde do pa\u00eds.<\/p>\n\n\n\n<p>por Ag\u00eancia Cora Coralina<\/p>\n","protected":false},"excerpt":{"rendered":"<p class=\"excerpt\">Goi\u00e1s chega \u00e0 30\u00aa Confer\u00eancia das Na\u00e7\u00f5es Unidas sobre Mudan\u00e7as Clim\u00e1ticas (COP30), em Bel\u00e9m, de 10 a 17 de novembro, com reconhecimento nacional na agenda de cr\u00e9ditos de carbono. A Comiss\u00e3o Nacional para REDD+ (Conaredd+) aprovou, em 14 de outubro, a elegibilidade do estado, reconhecendo os avan\u00e7os de Goi\u00e1s na redu\u00e7\u00e3o do desmatamento ilegal, na [&hellip;]<\/p>\n","protected":false},"author":1,"featured_media":0,"comment_status":"open","ping_status":"open","sticky":false,"template":"","format":"standard","meta":[],"categories":[8,17],"tags":[22,24,172,113,83,92],"yoast_head":"<!-- This site is optimized with the Yoast SEO plugin v18.3 - https:\/\/yoast.com\/wordpress\/plugins\/seo\/ -->\n<title>Goi\u00e1s se torna eleg\u00edvel para captar recursos internacionais na \u00e1rea ambiental - Manchester FM 93,3<\/title>\n<meta name=\"robots\" content=\"index, follow, max-snippet:-1, max-image-preview:large, max-video-preview:-1\" \/>\n<link rel=\"canonical\" href=\"https:\/\/www.radiomanchester.com.br\/fm\/goias-se-torna-elegivel-para-captar-recursos-internacionais-na-area-ambiental\/\" \/>\n<meta property=\"og:locale\" content=\"pt_BR\" \/>\n<meta property=\"og:type\" content=\"article\" \/>\n<meta property=\"og:title\" content=\"Goi\u00e1s se torna eleg\u00edvel para captar recursos internacionais na \u00e1rea ambiental - Manchester FM 93,3\" \/>\n<meta property=\"og:description\" content=\"Goi\u00e1s chega \u00e0 30\u00aa Confer\u00eancia das Na\u00e7\u00f5es Unidas sobre Mudan\u00e7as Clim\u00e1ticas (COP30), em Bel\u00e9m, de 10 a 17 de novembro, com reconhecimento nacional na agenda de cr\u00e9ditos de carbono. A Comiss\u00e3o Nacional para REDD+ (Conaredd+) aprovou, em 14 de outubro, a elegibilidade do estado, reconhecendo os avan\u00e7os de Goi\u00e1s na redu\u00e7\u00e3o do desmatamento ilegal, na [&hellip;]\" \/>\n<meta property=\"og:url\" content=\"https:\/\/www.radiomanchester.com.br\/fm\/goias-se-torna-elegivel-para-captar-recursos-internacionais-na-area-ambiental\/\" \/>\n<meta property=\"og:site_name\" content=\"Manchester FM 93,3\" \/>\n<meta property=\"article:published_time\" content=\"2025-11-11T10:00:00+00:00\" \/>\n<meta property=\"article:modified_time\" content=\"2025-11-10T23:27:34+00:00\" \/>\n<meta name=\"twitter:card\" content=\"summary_large_image\" \/>\n<meta name=\"twitter:label1\" content=\"Escrito por\" \/>\n\t<meta name=\"twitter:data1\" content=\"admin\" \/>\n\t<meta name=\"twitter:label2\" content=\"Est. tempo de leitura\" \/>\n\t<meta name=\"twitter:data2\" content=\"3 minutos\" \/>\n<script type=\"application\/ld+json\" class=\"yoast-schema-graph\">{\"@context\":\"https:\/\/schema.org\",\"@graph\":[{\"@type\":\"WebSite\",\"@id\":\"https:\/\/www.radiomanchester.com.br\/fm\/#website\",\"url\":\"https:\/\/www.radiomanchester.com.br\/fm\/\",\"name\":\"Manchester FM 93,3\",\"description\":\"Todo Mundo Ouve!\",\"potentialAction\":[{\"@type\":\"SearchAction\",\"target\":{\"@type\":\"EntryPoint\",\"urlTemplate\":\"https:\/\/www.radiomanchester.com.br\/fm\/?s={search_term_string}\"},\"query-input\":\"required name=search_term_string\"}],\"inLanguage\":\"pt-BR\"},{\"@type\":\"WebPage\",\"@id\":\"https:\/\/www.radiomanchester.com.br\/fm\/goias-se-torna-elegivel-para-captar-recursos-internacionais-na-area-ambiental\/#webpage\",\"url\":\"https:\/\/www.radiomanchester.com.br\/fm\/goias-se-torna-elegivel-para-captar-recursos-internacionais-na-area-ambiental\/\",\"name\":\"Goi\u00e1s se torna eleg\u00edvel para captar recursos internacionais na \u00e1rea ambiental - Manchester FM 93,3\",\"isPartOf\":{\"@id\":\"https:\/\/www.radiomanchester.com.br\/fm\/#website\"},\"datePublished\":\"2025-11-11T10:00:00+00:00\",\"dateModified\":\"2025-11-10T23:27:34+00:00\",\"author\":{\"@id\":\"https:\/\/www.radiomanchester.com.br\/fm\/#\/schema\/person\/408a7b4d4e32cbebd90e2782852abca3\"},\"breadcrumb\":{\"@id\":\"https:\/\/www.radiomanchester.com.br\/fm\/goias-se-torna-elegivel-para-captar-recursos-internacionais-na-area-ambiental\/#breadcrumb\"},\"inLanguage\":\"pt-BR\",\"potentialAction\":[{\"@type\":\"ReadAction\",\"target\":[\"https:\/\/www.radiomanchester.com.br\/fm\/goias-se-torna-elegivel-para-captar-recursos-internacionais-na-area-ambiental\/\"]}]},{\"@type\":\"BreadcrumbList\",\"@id\":\"https:\/\/www.radiomanchester.com.br\/fm\/goias-se-torna-elegivel-para-captar-recursos-internacionais-na-area-ambiental\/#breadcrumb\",\"itemListElement\":[{\"@type\":\"ListItem\",\"position\":1,\"name\":\"Home\",\"item\":\"https:\/\/www.radiomanchester.com.br\/fm\/\"},{\"@type\":\"ListItem\",\"position\":2,\"name\":\"Goi\u00e1s se torna eleg\u00edvel para captar recursos internacionais na \u00e1rea ambiental\"}]},{\"@type\":\"Person\",\"@id\":\"https:\/\/www.radiomanchester.com.br\/fm\/#\/schema\/person\/408a7b4d4e32cbebd90e2782852abca3\",\"name\":\"admin\",\"image\":{\"@type\":\"ImageObject\",\"@id\":\"https:\/\/www.radiomanchester.com.br\/fm\/#personlogo\",\"inLanguage\":\"pt-BR\",\"url\":\"https:\/\/secure.gravatar.com\/avatar\/115a974dba3376872eb3addeb276301c?s=96&d=mm&r=g\",\"contentUrl\":\"https:\/\/secure.gravatar.com\/avatar\/115a974dba3376872eb3addeb276301c?s=96&d=mm&r=g\",\"caption\":\"admin\"},\"url\":\"https:\/\/www.radiomanchester.com.br\/fm\/author\/admin\/\"}]}<\/script>\n<!-- \/ Yoast SEO plugin. -->","yoast_head_json":{"title":"Goi\u00e1s se torna eleg\u00edvel para captar recursos internacionais na \u00e1rea ambiental - Manchester FM 93,3","robots":{"index":"index","follow":"follow","max-snippet":"max-snippet:-1","max-image-preview":"max-image-preview:large","max-video-preview":"max-video-preview:-1"},"canonical":"https:\/\/www.radiomanchester.com.br\/fm\/goias-se-torna-elegivel-para-captar-recursos-internacionais-na-area-ambiental\/","og_locale":"pt_BR","og_type":"article","og_title":"Goi\u00e1s se torna eleg\u00edvel para captar recursos internacionais na \u00e1rea ambiental - Manchester FM 93,3","og_description":"Goi\u00e1s chega \u00e0 30\u00aa Confer\u00eancia das Na\u00e7\u00f5es Unidas sobre Mudan\u00e7as Clim\u00e1ticas (COP30), em Bel\u00e9m, de 10 a 17 de novembro, com reconhecimento nacional na agenda de cr\u00e9ditos de carbono. A Comiss\u00e3o Nacional para REDD+ (Conaredd+) aprovou, em 14 de outubro, a elegibilidade do estado, reconhecendo os avan\u00e7os de Goi\u00e1s na redu\u00e7\u00e3o do desmatamento ilegal, na [&hellip;]","og_url":"https:\/\/www.radiomanchester.com.br\/fm\/goias-se-torna-elegivel-para-captar-recursos-internacionais-na-area-ambiental\/","og_site_name":"Manchester FM 93,3","article_published_time":"2025-11-11T10:00:00+00:00","article_modified_time":"2025-11-10T23:27:34+00:00","twitter_card":"summary_large_image","twitter_misc":{"Escrito por":"admin","Est. tempo de leitura":"3 minutos"},"schema":{"@context":"https:\/\/schema.org","@graph":[{"@type":"WebSite","@id":"https:\/\/www.radiomanchester.com.br\/fm\/#website","url":"https:\/\/www.radiomanchester.com.br\/fm\/","name":"Manchester FM 93,3","description":"Todo Mundo Ouve!","potentialAction":[{"@type":"SearchAction","target":{"@type":"EntryPoint","urlTemplate":"https:\/\/www.radiomanchester.com.br\/fm\/?s={search_term_string}"},"query-input":"required name=search_term_string"}],"inLanguage":"pt-BR"},{"@type":"WebPage","@id":"https:\/\/www.radiomanchester.com.br\/fm\/goias-se-torna-elegivel-para-captar-recursos-internacionais-na-area-ambiental\/#webpage","url":"https:\/\/www.radiomanchester.com.br\/fm\/goias-se-torna-elegivel-para-captar-recursos-internacionais-na-area-ambiental\/","name":"Goi\u00e1s se torna eleg\u00edvel para captar recursos internacionais na \u00e1rea ambiental - Manchester FM 93,3","isPartOf":{"@id":"https:\/\/www.radiomanchester.com.br\/fm\/#website"},"datePublished":"2025-11-11T10:00:00+00:00","dateModified":"2025-11-10T23:27:34+00:00","author":{"@id":"https:\/\/www.radiomanchester.com.br\/fm\/#\/schema\/person\/408a7b4d4e32cbebd90e2782852abca3"},"breadcrumb":{"@id":"https:\/\/www.radiomanchester.com.br\/fm\/goias-se-torna-elegivel-para-captar-recursos-internacionais-na-area-ambiental\/#breadcrumb"},"inLanguage":"pt-BR","potentialAction":[{"@type":"ReadAction","target":["https:\/\/www.radiomanchester.com.br\/fm\/goias-se-torna-elegivel-para-captar-recursos-internacionais-na-area-ambiental\/"]}]},{"@type":"BreadcrumbList","@id":"https:\/\/www.radiomanchester.com.br\/fm\/goias-se-torna-elegivel-para-captar-recursos-internacionais-na-area-ambiental\/#breadcrumb","itemListElement":[{"@type":"ListItem","position":1,"name":"Home","item":"https:\/\/www.radiomanchester.com.br\/fm\/"},{"@type":"ListItem","position":2,"name":"Goi\u00e1s se torna eleg\u00edvel para captar recursos internacionais na \u00e1rea ambiental"}]},{"@type":"Person","@id":"https:\/\/www.radiomanchester.com.br\/fm\/#\/schema\/person\/408a7b4d4e32cbebd90e2782852abca3","name":"admin","image":{"@type":"ImageObject","@id":"https:\/\/www.radiomanchester.com.br\/fm\/#personlogo","inLanguage":"pt-BR","url":"https:\/\/secure.gravatar.com\/avatar\/115a974dba3376872eb3addeb276301c?s=96&d=mm&r=g","contentUrl":"https:\/\/secure.gravatar.com\/avatar\/115a974dba3376872eb3addeb276301c?s=96&d=mm&r=g","caption":"admin"},"url":"https:\/\/www.radiomanchester.com.br\/fm\/author\/admin\/"}]}},"_links":{"self":[{"href":"https:\/\/www.radiomanchester.com.br\/fm\/wp-json\/wp\/v2\/posts\/16845"}],"collection":[{"href":"https:\/\/www.radiomanchester.com.br\/fm\/wp-json\/wp\/v2\/posts"}],"about":[{"href":"https:\/\/www.radiomanchester.com.br\/fm\/wp-json\/wp\/v2\/types\/post"}],"author":[{"embeddable":true,"href":"https:\/\/www.radiomanchester.com.br\/fm\/wp-json\/wp\/v2\/users\/1"}],"replies":[{"embeddable":true,"href":"https:\/\/www.radiomanchester.com.br\/fm\/wp-json\/wp\/v2\/comments?post=16845"}],"version-history":[{"count":1,"href":"https:\/\/www.radiomanchester.com.br\/fm\/wp-json\/wp\/v2\/posts\/16845\/revisions"}],"predecessor-version":[{"id":16846,"href":"https:\/\/www.radiomanchester.com.br\/fm\/wp-json\/wp\/v2\/posts\/16845\/revisions\/16846"}],"wp:attachment":[{"href":"https:\/\/www.radiomanchester.com.br\/fm\/wp-json\/wp\/v2\/media?parent=16845"}],"wp:term":[{"taxonomy":"category","embeddable":true,"href":"https:\/\/www.radiomanchester.com.br\/fm\/wp-json\/wp\/v2\/categories?post=16845"},{"taxonomy":"post_tag","embeddable":true,"href":"https:\/\/www.radiomanchester.com.br\/fm\/wp-json\/wp\/v2\/tags?post=16845"}],"curies":[{"name":"wp","href":"https:\/\/api.w.org\/{rel}","templated":true}]}}