{"id":16847,"date":"2025-11-11T14:24:09","date_gmt":"2025-11-11T17:24:09","guid":{"rendered":"https:\/\/www.radiomanchester.com.br\/fm\/?p=16847"},"modified":"2025-11-11T14:34:47","modified_gmt":"2025-11-11T17:34:47","slug":"morre-dom-joao-wilk-bispo-da-diocese-de-anapolis","status":"publish","type":"post","link":"https:\/\/www.radiomanchester.com.br\/fm\/morre-dom-joao-wilk-bispo-da-diocese-de-anapolis\/","title":{"rendered":"Morre Dom Jo\u00e3o Wilk, bispo da Diocese de An\u00e1polis"},"content":{"rendered":"\n<p><\/p>\n\n\n\n<p>A Diocese de An\u00e1polis, confirmou no in\u00edcio da tarde desta ter\u00e7a-feira (11\/11), a morte do bispo, Dom Jo\u00e3o Wilk de 74 anos. O l\u00edder da Igreja Cat\u00f3lica em An\u00e1polis faleceu ap\u00f3s uma trajet\u00f3ria marcada pela dedica\u00e7\u00e3o pastoral e pela proximidade com os fi\u00e9is na cidade.de An\u00e1polis, confirmou no in\u00edcio da tarde desta ter\u00e7a-feira (11\/11), a morte do bispo, Dom Jo\u00e3o Wilk de 74 anos. O l\u00edder da Igreja Cat\u00f3lica em An\u00e1polis faleceu ap\u00f3s uma trajet\u00f3ria marcada pela dedica\u00e7\u00e3o pastoral e pela proximidade com os fi\u00e9is na cidade.<\/p>\n\n\n\n<p>A C\u00faria Diocesana informou atrav\u00e9s de um comunicado que o vel\u00f3rio e as cerim\u00f4nias f\u00fanebres ser\u00e3o realizadas na Catedral do Senhor Bom Jesus da Lapa, no centro da cidade. Os hor\u00e1rios das despedidas ser\u00e3o divulgados em breve.<\/p>\n\n\n\n<p>Dom Jo\u00e3o Wilk nasceu na Pol\u00f4nia e foi ordenado padre em 1976. O l\u00edder cat\u00f3lico chegou ao Brasil para miss\u00f5es religiosas e em 2004, foi nomeado bispo da Diocese de An\u00e1polis. Dom Jo\u00e3o sempre foi muito querido pelos fi\u00e9is cat\u00f3licos e pela comunidade anapolina.<\/p>\n","protected":false},"excerpt":{"rendered":"<p class=\"excerpt\">A Diocese de An\u00e1polis, confirmou no in\u00edcio da tarde desta ter\u00e7a-feira (11\/11), a morte do bispo, Dom Jo\u00e3o Wilk de 74 anos. O l\u00edder da Igreja Cat\u00f3lica em An\u00e1polis faleceu ap\u00f3s uma trajet\u00f3ria marcada pela dedica\u00e7\u00e3o pastoral e pela proximidade com os fi\u00e9is na cidade.de An\u00e1polis, confirmou no in\u00edcio da tarde desta ter\u00e7a-feira (11\/11), a [&hellip;]<\/p>\n","protected":false},"author":1,"featured_media":0,"comment_status":"open","ping_status":"open","sticky":false,"template":"","format":"standard","meta":[],"categories":[8,17],"tags":[22,24,113,83,92],"yoast_head":"<!-- This site is optimized with the Yoast SEO plugin v18.3 - https:\/\/yoast.com\/wordpress\/plugins\/seo\/ -->\n<title>Morre Dom Jo\u00e3o Wilk, bispo da Diocese de An\u00e1polis - Manchester FM 93,3<\/title>\n<meta name=\"robots\" content=\"index, follow, max-snippet:-1, max-image-preview:large, max-video-preview:-1\" \/>\n<link rel=\"canonical\" href=\"https:\/\/www.radiomanchester.com.br\/fm\/morre-dom-joao-wilk-bispo-da-diocese-de-anapolis\/\" \/>\n<meta property=\"og:locale\" content=\"pt_BR\" \/>\n<meta property=\"og:type\" content=\"article\" \/>\n<meta property=\"og:title\" content=\"Morre Dom Jo\u00e3o Wilk, bispo da Diocese de An\u00e1polis - Manchester FM 93,3\" \/>\n<meta property=\"og:description\" content=\"A Diocese de An\u00e1polis, confirmou no in\u00edcio da tarde desta ter\u00e7a-feira (11\/11), a morte do bispo, Dom Jo\u00e3o Wilk de 74 anos. O l\u00edder da Igreja Cat\u00f3lica em An\u00e1polis faleceu ap\u00f3s uma trajet\u00f3ria marcada pela dedica\u00e7\u00e3o pastoral e pela proximidade com os fi\u00e9is na cidade.de An\u00e1polis, confirmou no in\u00edcio da tarde desta ter\u00e7a-feira (11\/11), a [&hellip;]\" \/>\n<meta property=\"og:url\" content=\"https:\/\/www.radiomanchester.com.br\/fm\/morre-dom-joao-wilk-bispo-da-diocese-de-anapolis\/\" \/>\n<meta property=\"og:site_name\" content=\"Manchester FM 93,3\" \/>\n<meta property=\"article:published_time\" content=\"2025-11-11T17:24:09+00:00\" \/>\n<meta property=\"article:modified_time\" content=\"2025-11-11T17:34:47+00:00\" \/>\n<meta name=\"twitter:card\" content=\"summary_large_image\" \/>\n<meta name=\"twitter:label1\" content=\"Escrito por\" \/>\n\t<meta name=\"twitter:data1\" content=\"admin\" \/>\n\t<meta name=\"twitter:label2\" content=\"Est. tempo de leitura\" \/>\n\t<meta name=\"twitter:data2\" content=\"1 minuto\" \/>\n<script type=\"application\/ld+json\" class=\"yoast-schema-graph\">{\"@context\":\"https:\/\/schema.org\",\"@graph\":[{\"@type\":\"WebSite\",\"@id\":\"https:\/\/www.radiomanchester.com.br\/fm\/#website\",\"url\":\"https:\/\/www.radiomanchester.com.br\/fm\/\",\"name\":\"Manchester FM 93,3\",\"description\":\"Todo Mundo Ouve!\",\"potentialAction\":[{\"@type\":\"SearchAction\",\"target\":{\"@type\":\"EntryPoint\",\"urlTemplate\":\"https:\/\/www.radiomanchester.com.br\/fm\/?s={search_term_string}\"},\"query-input\":\"required name=search_term_string\"}],\"inLanguage\":\"pt-BR\"},{\"@type\":\"WebPage\",\"@id\":\"https:\/\/www.radiomanchester.com.br\/fm\/morre-dom-joao-wilk-bispo-da-diocese-de-anapolis\/#webpage\",\"url\":\"https:\/\/www.radiomanchester.com.br\/fm\/morre-dom-joao-wilk-bispo-da-diocese-de-anapolis\/\",\"name\":\"Morre Dom Jo\u00e3o Wilk, bispo da Diocese de An\u00e1polis - Manchester FM 93,3\",\"isPartOf\":{\"@id\":\"https:\/\/www.radiomanchester.com.br\/fm\/#website\"},\"datePublished\":\"2025-11-11T17:24:09+00:00\",\"dateModified\":\"2025-11-11T17:34:47+00:00\",\"author\":{\"@id\":\"https:\/\/www.radiomanchester.com.br\/fm\/#\/schema\/person\/408a7b4d4e32cbebd90e2782852abca3\"},\"breadcrumb\":{\"@id\":\"https:\/\/www.radiomanchester.com.br\/fm\/morre-dom-joao-wilk-bispo-da-diocese-de-anapolis\/#breadcrumb\"},\"inLanguage\":\"pt-BR\",\"potentialAction\":[{\"@type\":\"ReadAction\",\"target\":[\"https:\/\/www.radiomanchester.com.br\/fm\/morre-dom-joao-wilk-bispo-da-diocese-de-anapolis\/\"]}]},{\"@type\":\"BreadcrumbList\",\"@id\":\"https:\/\/www.radiomanchester.com.br\/fm\/morre-dom-joao-wilk-bispo-da-diocese-de-anapolis\/#breadcrumb\",\"itemListElement\":[{\"@type\":\"ListItem\",\"position\":1,\"name\":\"Home\",\"item\":\"https:\/\/www.radiomanchester.com.br\/fm\/\"},{\"@type\":\"ListItem\",\"position\":2,\"name\":\"Morre Dom Jo\u00e3o Wilk, bispo da Diocese de An\u00e1polis\"}]},{\"@type\":\"Person\",\"@id\":\"https:\/\/www.radiomanchester.com.br\/fm\/#\/schema\/person\/408a7b4d4e32cbebd90e2782852abca3\",\"name\":\"admin\",\"image\":{\"@type\":\"ImageObject\",\"@id\":\"https:\/\/www.radiomanchester.com.br\/fm\/#personlogo\",\"inLanguage\":\"pt-BR\",\"url\":\"https:\/\/secure.gravatar.com\/avatar\/115a974dba3376872eb3addeb276301c?s=96&d=mm&r=g\",\"contentUrl\":\"https:\/\/secure.gravatar.com\/avatar\/115a974dba3376872eb3addeb276301c?s=96&d=mm&r=g\",\"caption\":\"admin\"},\"url\":\"https:\/\/www.radiomanchester.com.br\/fm\/author\/admin\/\"}]}<\/script>\n<!-- \/ Yoast SEO plugin. -->","yoast_head_json":{"title":"Morre Dom Jo\u00e3o Wilk, bispo da Diocese de An\u00e1polis - Manchester FM 93,3","robots":{"index":"index","follow":"follow","max-snippet":"max-snippet:-1","max-image-preview":"max-image-preview:large","max-video-preview":"max-video-preview:-1"},"canonical":"https:\/\/www.radiomanchester.com.br\/fm\/morre-dom-joao-wilk-bispo-da-diocese-de-anapolis\/","og_locale":"pt_BR","og_type":"article","og_title":"Morre Dom Jo\u00e3o Wilk, bispo da Diocese de An\u00e1polis - Manchester FM 93,3","og_description":"A Diocese de An\u00e1polis, confirmou no in\u00edcio da tarde desta ter\u00e7a-feira (11\/11), a morte do bispo, Dom Jo\u00e3o Wilk de 74 anos. O l\u00edder da Igreja Cat\u00f3lica em An\u00e1polis faleceu ap\u00f3s uma trajet\u00f3ria marcada pela dedica\u00e7\u00e3o pastoral e pela proximidade com os fi\u00e9is na cidade.de An\u00e1polis, confirmou no in\u00edcio da tarde desta ter\u00e7a-feira (11\/11), a [&hellip;]","og_url":"https:\/\/www.radiomanchester.com.br\/fm\/morre-dom-joao-wilk-bispo-da-diocese-de-anapolis\/","og_site_name":"Manchester FM 93,3","article_published_time":"2025-11-11T17:24:09+00:00","article_modified_time":"2025-11-11T17:34:47+00:00","twitter_card":"summary_large_image","twitter_misc":{"Escrito por":"admin","Est. tempo de leitura":"1 minuto"},"schema":{"@context":"https:\/\/schema.org","@graph":[{"@type":"WebSite","@id":"https:\/\/www.radiomanchester.com.br\/fm\/#website","url":"https:\/\/www.radiomanchester.com.br\/fm\/","name":"Manchester FM 93,3","description":"Todo Mundo Ouve!","potentialAction":[{"@type":"SearchAction","target":{"@type":"EntryPoint","urlTemplate":"https:\/\/www.radiomanchester.com.br\/fm\/?s={search_term_string}"},"query-input":"required name=search_term_string"}],"inLanguage":"pt-BR"},{"@type":"WebPage","@id":"https:\/\/www.radiomanchester.com.br\/fm\/morre-dom-joao-wilk-bispo-da-diocese-de-anapolis\/#webpage","url":"https:\/\/www.radiomanchester.com.br\/fm\/morre-dom-joao-wilk-bispo-da-diocese-de-anapolis\/","name":"Morre Dom Jo\u00e3o Wilk, bispo da Diocese de An\u00e1polis - Manchester FM 93,3","isPartOf":{"@id":"https:\/\/www.radiomanchester.com.br\/fm\/#website"},"datePublished":"2025-11-11T17:24:09+00:00","dateModified":"2025-11-11T17:34:47+00:00","author":{"@id":"https:\/\/www.radiomanchester.com.br\/fm\/#\/schema\/person\/408a7b4d4e32cbebd90e2782852abca3"},"breadcrumb":{"@id":"https:\/\/www.radiomanchester.com.br\/fm\/morre-dom-joao-wilk-bispo-da-diocese-de-anapolis\/#breadcrumb"},"inLanguage":"pt-BR","potentialAction":[{"@type":"ReadAction","target":["https:\/\/www.radiomanchester.com.br\/fm\/morre-dom-joao-wilk-bispo-da-diocese-de-anapolis\/"]}]},{"@type":"BreadcrumbList","@id":"https:\/\/www.radiomanchester.com.br\/fm\/morre-dom-joao-wilk-bispo-da-diocese-de-anapolis\/#breadcrumb","itemListElement":[{"@type":"ListItem","position":1,"name":"Home","item":"https:\/\/www.radiomanchester.com.br\/fm\/"},{"@type":"ListItem","position":2,"name":"Morre Dom Jo\u00e3o Wilk, bispo da Diocese de An\u00e1polis"}]},{"@type":"Person","@id":"https:\/\/www.radiomanchester.com.br\/fm\/#\/schema\/person\/408a7b4d4e32cbebd90e2782852abca3","name":"admin","image":{"@type":"ImageObject","@id":"https:\/\/www.radiomanchester.com.br\/fm\/#personlogo","inLanguage":"pt-BR","url":"https:\/\/secure.gravatar.com\/avatar\/115a974dba3376872eb3addeb276301c?s=96&d=mm&r=g","contentUrl":"https:\/\/secure.gravatar.com\/avatar\/115a974dba3376872eb3addeb276301c?s=96&d=mm&r=g","caption":"admin"},"url":"https:\/\/www.radiomanchester.com.br\/fm\/author\/admin\/"}]}},"_links":{"self":[{"href":"https:\/\/www.radiomanchester.com.br\/fm\/wp-json\/wp\/v2\/posts\/16847"}],"collection":[{"href":"https:\/\/www.radiomanchester.com.br\/fm\/wp-json\/wp\/v2\/posts"}],"about":[{"href":"https:\/\/www.radiomanchester.com.br\/fm\/wp-json\/wp\/v2\/types\/post"}],"author":[{"embeddable":true,"href":"https:\/\/www.radiomanchester.com.br\/fm\/wp-json\/wp\/v2\/users\/1"}],"replies":[{"embeddable":true,"href":"https:\/\/www.radiomanchester.com.br\/fm\/wp-json\/wp\/v2\/comments?post=16847"}],"version-history":[{"count":2,"href":"https:\/\/www.radiomanchester.com.br\/fm\/wp-json\/wp\/v2\/posts\/16847\/revisions"}],"predecessor-version":[{"id":16850,"href":"https:\/\/www.radiomanchester.com.br\/fm\/wp-json\/wp\/v2\/posts\/16847\/revisions\/16850"}],"wp:attachment":[{"href":"https:\/\/www.radiomanchester.com.br\/fm\/wp-json\/wp\/v2\/media?parent=16847"}],"wp:term":[{"taxonomy":"category","embeddable":true,"href":"https:\/\/www.radiomanchester.com.br\/fm\/wp-json\/wp\/v2\/categories?post=16847"},{"taxonomy":"post_tag","embeddable":true,"href":"https:\/\/www.radiomanchester.com.br\/fm\/wp-json\/wp\/v2\/tags?post=16847"}],"curies":[{"name":"wp","href":"https:\/\/api.w.org\/{rel}","templated":true}]}}