{"id":16852,"date":"2025-11-12T07:00:00","date_gmt":"2025-11-12T10:00:00","guid":{"rendered":"https:\/\/www.radiomanchester.com.br\/fm\/?p=16852"},"modified":"2025-11-11T20:38:11","modified_gmt":"2025-11-11T23:38:11","slug":"curso-de-informatica-basica-da-uab-anapolis-ja-formou-quase-100-alunos-neste-ano","status":"publish","type":"post","link":"https:\/\/www.radiomanchester.com.br\/fm\/curso-de-informatica-basica-da-uab-anapolis-ja-formou-quase-100-alunos-neste-ano\/","title":{"rendered":"Curso de inform\u00e1tica b\u00e1sica da UAB An\u00e1polis j\u00e1 formou quase 100 alunos neste ano"},"content":{"rendered":"\n<p>O curso de inform\u00e1tica b\u00e1sica j\u00e1 formou quase 100 pessoas em 2025 e, na \u00faltima semana, deu in\u00edcio a uma nova turma com aulas gratuitas no polo da Universidade Aberta do Brasil (UAB), em An\u00e1polis. Os participantes, de diferentes bairros da cidade, mostram o impacto e o alcance do curso em An\u00e1polis.<\/p>\n\n\n\n<p>A capacita\u00e7\u00e3o \u00e9 oferecida pela Prefeitura, por meio da Secretaria Municipal de Educa\u00e7\u00e3o e de Ind\u00fastria, Com\u00e9rcio e Agricultura, e as aulas s\u00e3o ministradas no laborat\u00f3rio de inform\u00e1tica localizado no Centro de Empreendedorismo, Inova\u00e7\u00e3o e Tecnologia de An\u00e1polis (CEITEC).<\/p>\n\n\n\n<p>De acordo com a coordena\u00e7\u00e3o geral da UAB, neste ano j\u00e1 foram atendidas cerca de 97 pessoas pelo curso, incluindo estudantes da rede municipal de ensino e a popula\u00e7\u00e3o em geral.<\/p>\n\n\n\n<p>Somente no primeiro semestre, foram atendidas cerca de 35 pessoas, entre elas estudantes da Escola Municipal Tasso Barros Vilela.<\/p>\n\n\n\n<p>No segundo semestre, o curso recebeu alunos das Escolas Municipais Tasso Barros Vilela e Ant\u00f4nio Constante, al\u00e9m de outras pessoas da comunidade.<\/p>\n\n\n\n<p>O curso refor\u00e7a o investimento da Prefeitura em capacita\u00e7\u00e3o e na educa\u00e7\u00e3o local, unindo tecnologia e aprendizado, al\u00e9m de contribuir para a prepara\u00e7\u00e3o dos participantes para o mercado&nbsp;de&nbsp;trabalho.<\/p>\n","protected":false},"excerpt":{"rendered":"<p class=\"excerpt\">O curso de inform\u00e1tica b\u00e1sica j\u00e1 formou quase 100 pessoas em 2025 e, na \u00faltima semana, deu in\u00edcio a uma nova turma com aulas gratuitas no polo da Universidade Aberta do Brasil (UAB), em An\u00e1polis. Os participantes, de diferentes bairros da cidade, mostram o impacto e o alcance do curso em An\u00e1polis. A capacita\u00e7\u00e3o \u00e9 [&hellip;]<\/p>\n","protected":false},"author":1,"featured_media":0,"comment_status":"open","ping_status":"open","sticky":false,"template":"","format":"standard","meta":[],"categories":[8,17],"tags":[22,24,113,83,129,92],"yoast_head":"<!-- This site is optimized with the Yoast SEO plugin v18.3 - https:\/\/yoast.com\/wordpress\/plugins\/seo\/ -->\n<title>Curso de inform\u00e1tica b\u00e1sica da UAB An\u00e1polis j\u00e1 formou quase 100 alunos neste ano - Manchester FM 93,3<\/title>\n<meta name=\"robots\" content=\"index, follow, max-snippet:-1, max-image-preview:large, max-video-preview:-1\" \/>\n<link rel=\"canonical\" href=\"https:\/\/www.radiomanchester.com.br\/fm\/curso-de-informatica-basica-da-uab-anapolis-ja-formou-quase-100-alunos-neste-ano\/\" \/>\n<meta property=\"og:locale\" content=\"pt_BR\" \/>\n<meta property=\"og:type\" content=\"article\" \/>\n<meta property=\"og:title\" content=\"Curso de inform\u00e1tica b\u00e1sica da UAB An\u00e1polis j\u00e1 formou quase 100 alunos neste ano - Manchester FM 93,3\" \/>\n<meta property=\"og:description\" content=\"O curso de inform\u00e1tica b\u00e1sica j\u00e1 formou quase 100 pessoas em 2025 e, na \u00faltima semana, deu in\u00edcio a uma nova turma com aulas gratuitas no polo da Universidade Aberta do Brasil (UAB), em An\u00e1polis. Os participantes, de diferentes bairros da cidade, mostram o impacto e o alcance do curso em An\u00e1polis. A capacita\u00e7\u00e3o \u00e9 [&hellip;]\" \/>\n<meta property=\"og:url\" content=\"https:\/\/www.radiomanchester.com.br\/fm\/curso-de-informatica-basica-da-uab-anapolis-ja-formou-quase-100-alunos-neste-ano\/\" \/>\n<meta property=\"og:site_name\" content=\"Manchester FM 93,3\" \/>\n<meta property=\"article:published_time\" content=\"2025-11-12T10:00:00+00:00\" \/>\n<meta property=\"article:modified_time\" content=\"2025-11-11T23:38:11+00:00\" \/>\n<meta name=\"twitter:card\" content=\"summary_large_image\" \/>\n<meta name=\"twitter:label1\" content=\"Escrito por\" \/>\n\t<meta name=\"twitter:data1\" content=\"admin\" \/>\n\t<meta name=\"twitter:label2\" content=\"Est. tempo de leitura\" \/>\n\t<meta name=\"twitter:data2\" content=\"2 minutos\" \/>\n<script type=\"application\/ld+json\" class=\"yoast-schema-graph\">{\"@context\":\"https:\/\/schema.org\",\"@graph\":[{\"@type\":\"WebSite\",\"@id\":\"https:\/\/www.radiomanchester.com.br\/fm\/#website\",\"url\":\"https:\/\/www.radiomanchester.com.br\/fm\/\",\"name\":\"Manchester FM 93,3\",\"description\":\"Todo Mundo Ouve!\",\"potentialAction\":[{\"@type\":\"SearchAction\",\"target\":{\"@type\":\"EntryPoint\",\"urlTemplate\":\"https:\/\/www.radiomanchester.com.br\/fm\/?s={search_term_string}\"},\"query-input\":\"required name=search_term_string\"}],\"inLanguage\":\"pt-BR\"},{\"@type\":\"WebPage\",\"@id\":\"https:\/\/www.radiomanchester.com.br\/fm\/curso-de-informatica-basica-da-uab-anapolis-ja-formou-quase-100-alunos-neste-ano\/#webpage\",\"url\":\"https:\/\/www.radiomanchester.com.br\/fm\/curso-de-informatica-basica-da-uab-anapolis-ja-formou-quase-100-alunos-neste-ano\/\",\"name\":\"Curso de inform\u00e1tica b\u00e1sica da UAB An\u00e1polis j\u00e1 formou quase 100 alunos neste ano - Manchester FM 93,3\",\"isPartOf\":{\"@id\":\"https:\/\/www.radiomanchester.com.br\/fm\/#website\"},\"datePublished\":\"2025-11-12T10:00:00+00:00\",\"dateModified\":\"2025-11-11T23:38:11+00:00\",\"author\":{\"@id\":\"https:\/\/www.radiomanchester.com.br\/fm\/#\/schema\/person\/408a7b4d4e32cbebd90e2782852abca3\"},\"breadcrumb\":{\"@id\":\"https:\/\/www.radiomanchester.com.br\/fm\/curso-de-informatica-basica-da-uab-anapolis-ja-formou-quase-100-alunos-neste-ano\/#breadcrumb\"},\"inLanguage\":\"pt-BR\",\"potentialAction\":[{\"@type\":\"ReadAction\",\"target\":[\"https:\/\/www.radiomanchester.com.br\/fm\/curso-de-informatica-basica-da-uab-anapolis-ja-formou-quase-100-alunos-neste-ano\/\"]}]},{\"@type\":\"BreadcrumbList\",\"@id\":\"https:\/\/www.radiomanchester.com.br\/fm\/curso-de-informatica-basica-da-uab-anapolis-ja-formou-quase-100-alunos-neste-ano\/#breadcrumb\",\"itemListElement\":[{\"@type\":\"ListItem\",\"position\":1,\"name\":\"Home\",\"item\":\"https:\/\/www.radiomanchester.com.br\/fm\/\"},{\"@type\":\"ListItem\",\"position\":2,\"name\":\"Curso de inform\u00e1tica b\u00e1sica da UAB An\u00e1polis j\u00e1 formou quase 100 alunos neste ano\"}]},{\"@type\":\"Person\",\"@id\":\"https:\/\/www.radiomanchester.com.br\/fm\/#\/schema\/person\/408a7b4d4e32cbebd90e2782852abca3\",\"name\":\"admin\",\"image\":{\"@type\":\"ImageObject\",\"@id\":\"https:\/\/www.radiomanchester.com.br\/fm\/#personlogo\",\"inLanguage\":\"pt-BR\",\"url\":\"https:\/\/secure.gravatar.com\/avatar\/115a974dba3376872eb3addeb276301c?s=96&d=mm&r=g\",\"contentUrl\":\"https:\/\/secure.gravatar.com\/avatar\/115a974dba3376872eb3addeb276301c?s=96&d=mm&r=g\",\"caption\":\"admin\"},\"url\":\"https:\/\/www.radiomanchester.com.br\/fm\/author\/admin\/\"}]}<\/script>\n<!-- \/ Yoast SEO plugin. -->","yoast_head_json":{"title":"Curso de inform\u00e1tica b\u00e1sica da UAB An\u00e1polis j\u00e1 formou quase 100 alunos neste ano - Manchester FM 93,3","robots":{"index":"index","follow":"follow","max-snippet":"max-snippet:-1","max-image-preview":"max-image-preview:large","max-video-preview":"max-video-preview:-1"},"canonical":"https:\/\/www.radiomanchester.com.br\/fm\/curso-de-informatica-basica-da-uab-anapolis-ja-formou-quase-100-alunos-neste-ano\/","og_locale":"pt_BR","og_type":"article","og_title":"Curso de inform\u00e1tica b\u00e1sica da UAB An\u00e1polis j\u00e1 formou quase 100 alunos neste ano - Manchester FM 93,3","og_description":"O curso de inform\u00e1tica b\u00e1sica j\u00e1 formou quase 100 pessoas em 2025 e, na \u00faltima semana, deu in\u00edcio a uma nova turma com aulas gratuitas no polo da Universidade Aberta do Brasil (UAB), em An\u00e1polis. Os participantes, de diferentes bairros da cidade, mostram o impacto e o alcance do curso em An\u00e1polis. A capacita\u00e7\u00e3o \u00e9 [&hellip;]","og_url":"https:\/\/www.radiomanchester.com.br\/fm\/curso-de-informatica-basica-da-uab-anapolis-ja-formou-quase-100-alunos-neste-ano\/","og_site_name":"Manchester FM 93,3","article_published_time":"2025-11-12T10:00:00+00:00","article_modified_time":"2025-11-11T23:38:11+00:00","twitter_card":"summary_large_image","twitter_misc":{"Escrito por":"admin","Est. tempo de leitura":"2 minutos"},"schema":{"@context":"https:\/\/schema.org","@graph":[{"@type":"WebSite","@id":"https:\/\/www.radiomanchester.com.br\/fm\/#website","url":"https:\/\/www.radiomanchester.com.br\/fm\/","name":"Manchester FM 93,3","description":"Todo Mundo Ouve!","potentialAction":[{"@type":"SearchAction","target":{"@type":"EntryPoint","urlTemplate":"https:\/\/www.radiomanchester.com.br\/fm\/?s={search_term_string}"},"query-input":"required name=search_term_string"}],"inLanguage":"pt-BR"},{"@type":"WebPage","@id":"https:\/\/www.radiomanchester.com.br\/fm\/curso-de-informatica-basica-da-uab-anapolis-ja-formou-quase-100-alunos-neste-ano\/#webpage","url":"https:\/\/www.radiomanchester.com.br\/fm\/curso-de-informatica-basica-da-uab-anapolis-ja-formou-quase-100-alunos-neste-ano\/","name":"Curso de inform\u00e1tica b\u00e1sica da UAB An\u00e1polis j\u00e1 formou quase 100 alunos neste ano - Manchester FM 93,3","isPartOf":{"@id":"https:\/\/www.radiomanchester.com.br\/fm\/#website"},"datePublished":"2025-11-12T10:00:00+00:00","dateModified":"2025-11-11T23:38:11+00:00","author":{"@id":"https:\/\/www.radiomanchester.com.br\/fm\/#\/schema\/person\/408a7b4d4e32cbebd90e2782852abca3"},"breadcrumb":{"@id":"https:\/\/www.radiomanchester.com.br\/fm\/curso-de-informatica-basica-da-uab-anapolis-ja-formou-quase-100-alunos-neste-ano\/#breadcrumb"},"inLanguage":"pt-BR","potentialAction":[{"@type":"ReadAction","target":["https:\/\/www.radiomanchester.com.br\/fm\/curso-de-informatica-basica-da-uab-anapolis-ja-formou-quase-100-alunos-neste-ano\/"]}]},{"@type":"BreadcrumbList","@id":"https:\/\/www.radiomanchester.com.br\/fm\/curso-de-informatica-basica-da-uab-anapolis-ja-formou-quase-100-alunos-neste-ano\/#breadcrumb","itemListElement":[{"@type":"ListItem","position":1,"name":"Home","item":"https:\/\/www.radiomanchester.com.br\/fm\/"},{"@type":"ListItem","position":2,"name":"Curso de inform\u00e1tica b\u00e1sica da UAB An\u00e1polis j\u00e1 formou quase 100 alunos neste ano"}]},{"@type":"Person","@id":"https:\/\/www.radiomanchester.com.br\/fm\/#\/schema\/person\/408a7b4d4e32cbebd90e2782852abca3","name":"admin","image":{"@type":"ImageObject","@id":"https:\/\/www.radiomanchester.com.br\/fm\/#personlogo","inLanguage":"pt-BR","url":"https:\/\/secure.gravatar.com\/avatar\/115a974dba3376872eb3addeb276301c?s=96&d=mm&r=g","contentUrl":"https:\/\/secure.gravatar.com\/avatar\/115a974dba3376872eb3addeb276301c?s=96&d=mm&r=g","caption":"admin"},"url":"https:\/\/www.radiomanchester.com.br\/fm\/author\/admin\/"}]}},"_links":{"self":[{"href":"https:\/\/www.radiomanchester.com.br\/fm\/wp-json\/wp\/v2\/posts\/16852"}],"collection":[{"href":"https:\/\/www.radiomanchester.com.br\/fm\/wp-json\/wp\/v2\/posts"}],"about":[{"href":"https:\/\/www.radiomanchester.com.br\/fm\/wp-json\/wp\/v2\/types\/post"}],"author":[{"embeddable":true,"href":"https:\/\/www.radiomanchester.com.br\/fm\/wp-json\/wp\/v2\/users\/1"}],"replies":[{"embeddable":true,"href":"https:\/\/www.radiomanchester.com.br\/fm\/wp-json\/wp\/v2\/comments?post=16852"}],"version-history":[{"count":1,"href":"https:\/\/www.radiomanchester.com.br\/fm\/wp-json\/wp\/v2\/posts\/16852\/revisions"}],"predecessor-version":[{"id":16854,"href":"https:\/\/www.radiomanchester.com.br\/fm\/wp-json\/wp\/v2\/posts\/16852\/revisions\/16854"}],"wp:attachment":[{"href":"https:\/\/www.radiomanchester.com.br\/fm\/wp-json\/wp\/v2\/media?parent=16852"}],"wp:term":[{"taxonomy":"category","embeddable":true,"href":"https:\/\/www.radiomanchester.com.br\/fm\/wp-json\/wp\/v2\/categories?post=16852"},{"taxonomy":"post_tag","embeddable":true,"href":"https:\/\/www.radiomanchester.com.br\/fm\/wp-json\/wp\/v2\/tags?post=16852"}],"curies":[{"name":"wp","href":"https:\/\/api.w.org\/{rel}","templated":true}]}}