{"id":16855,"date":"2025-11-12T10:30:00","date_gmt":"2025-11-12T13:30:00","guid":{"rendered":"https:\/\/www.radiomanchester.com.br\/fm\/?p=16855"},"modified":"2025-11-11T20:46:50","modified_gmt":"2025-11-11T23:46:50","slug":"lula-assina-medida-que-altera-regras-para-vales-alimentacao-e-refeicao","status":"publish","type":"post","link":"https:\/\/www.radiomanchester.com.br\/fm\/lula-assina-medida-que-altera-regras-para-vales-alimentacao-e-refeicao\/","title":{"rendered":"Lula assina medida que altera regras para vales-alimenta\u00e7\u00e3o e refei\u00e7\u00e3o"},"content":{"rendered":"\n<p><strong><em>Mais de 22 milh\u00f5es de pessoas ser\u00e3o beneficiadas com limites em taxas<\/em><\/strong><\/p>\n\n\n\n<hr class=\"wp-block-separator\"\/>\n\n\n\n<p>O presidente Luiz In\u00e1cio Lula da Silva assinou nesta ter\u00e7a-feira (11\/11) o decreto que moderniza o Programa de Alimenta\u00e7\u00e3o do Trabalhador (PAT). A medida atualiza regras do sistema de vale-alimenta\u00e7\u00e3o e vale-refei\u00e7\u00e3o, com o objetivo de ampliar a transpar\u00eancia, a concorr\u00eancia e a integridade no setor.<\/p>\n\n\n\n<p>As mudan\u00e7as beneficiam mais de 22 milh\u00f5es de trabalhadores, que ter\u00e3o maior liberdade de escolha e melhor aceita\u00e7\u00e3o dos cart\u00f5es. O decreto tamb\u00e9m traz equil\u00edbrio para empresas e estabelecimentos, garantindo que os recursos sejam usados exclusivamente para alimenta\u00e7\u00e3o.<\/p>\n\n\n\n<p>Criado em 1976, o PAT \u00e9 a pol\u00edtica p\u00fablica mais antiga do Minist\u00e9rio do Trabalho e Emprego (MTE) e deve completar 50 anos em 2026. O programa conta com 327 mil empresas cadastradas e alcan\u00e7a 22,1 milh\u00f5es de trabalhadores em todo o pa\u00eds.<\/p>\n\n\n\n<p>Entre as novidades, o decreto estabelece limites para taxas cobradas pelas operadoras: a taxa m\u00e1xima dos estabelecimentos (MDR) ser\u00e1 de 3,6%, e a tarifa de interc\u00e2mbio ter\u00e1 teto de 2%. Tamb\u00e9m reduz o prazo de repasse dos valores aos estabelecimentos para at\u00e9 15 dias corridos, e determina que, em at\u00e9 360 dias, qualquer cart\u00e3o do programa funcione em qualquer maquininha de pagamento \u2014 medida que garante interoperabilidade entre bandeiras.<\/p>\n\n\n\n<p>Os sistemas de pagamento com mais de 500 mil trabalhadores dever\u00e3o ser abertos em at\u00e9 180 dias, o que amplia a concorr\u00eancia e reduz a concentra\u00e7\u00e3o de mercado. O decreto tamb\u00e9m pro\u00edbe pr\u00e1ticas abusivas, como descontos, benef\u00edcios indiretos e vantagens financeiras que n\u00e3o estejam relacionadas \u00e0 alimenta\u00e7\u00e3o.<\/p>\n\n\n\n<p>De acordo com o MTE, as mudan\u00e7as fortalecem a fiscaliza\u00e7\u00e3o e evitam distor\u00e7\u00f5es contratuais, promovendo um ambiente mais justo e previs\u00edvel. O Comit\u00ea Gestor Interministerial do PAT ser\u00e1 respons\u00e1vel por definir par\u00e2metros t\u00e9cnicos e disciplinar as regras do sistema.<\/p>\n\n\n\n<p>Para os trabalhadores, o novo decreto garante manuten\u00e7\u00e3o integral do benef\u00edcio e uso exclusivo para alimenta\u00e7\u00e3o. Para os estabelecimentos, amplia a rede de aceita\u00e7\u00e3o e melhora o fluxo de recebimentos. J\u00e1 as empresas benefici\u00e1rias ter\u00e3o mais seguran\u00e7a jur\u00eddica e previsibilidade de custos.<\/p>\n\n\n\n<p><strong>Principais mudan\u00e7as<\/strong><\/p>\n\n\n\n<ul><li>Limites m\u00e1ximos para as taxas cobradas pelas operadoras:<br>A taxa cobrada dos estabelecimentos (MDR) n\u00e3o poder\u00e1 ultrapassar 3,6%. A tarifa de interc\u00e2mbio ter\u00e1 teto de 2%, sendo vedada qualquer cobran\u00e7a adicional. As empresas ter\u00e3o 90 dias para se adequar a essas regras.<\/li><li>Interoperabilidade plena entre bandeiras:<br>Em at\u00e9 360 dias, qualquer cart\u00e3o do programa dever\u00e1 funcionar em qualquer maquininha de pagamento, com a implanta\u00e7\u00e3o da interoperabilidade plena entre bandeiras. Essa medida amplia a liberdade de escolha de empresas, trabalhadores e estabelecimentos.<\/li><\/ul>\n\n\n\n<p><strong>Redu\u00e7\u00e3o do prazo de repasse financeiro:<\/strong><\/p>\n\n\n\n<ul><li>O repasse aos estabelecimentos dever\u00e1 ocorrer em at\u00e9 15 dias corridos ap\u00f3s a transa\u00e7\u00e3o \u2014 norma que entra em vigor em at\u00e9 90 dias. Atualmente, restaurantes e similares recebem os valores 30 dias ap\u00f3s as transa\u00e7\u00f5es.<\/li><\/ul>\n\n\n\n<p><strong>Abertura dos arranjos de pagamento:<\/strong><\/p>\n\n\n\n<ul><li>Sistemas com mais de 500 mil trabalhadores dever\u00e3o ser abertos em at\u00e9 180 dias, de maneira que quaisquer facilitadoras que observarem as regras da bandeira poder\u00e3o participar do arranjo. Isso amplia a concorr\u00eancia e reduz a concentra\u00e7\u00e3o de mercado, uma vez que, no arranjo fechado, as fun\u00e7\u00f5es de instituidor, emissor e credenciador podem ser exercidas pela mesma empresa.<\/li><\/ul>\n\n\n\n<p><strong>Regras de prote\u00e7\u00e3o:<\/strong><\/p>\n\n\n\n<ul><li>Proibi\u00e7\u00e3o de pr\u00e1ticas comerciais abusivas, como des\u00e1gios, descontos, benef\u00edcios indiretos, prazos incompat\u00edveis com repasses pr\u00e9-pagos e vantagens financeiras n\u00e3o relacionadas \u00e0 alimenta\u00e7\u00e3o. Essas regras t\u00eam vig\u00eancia imediata, assim como a obriga\u00e7\u00e3o das empresas benefici\u00e1rias de orientar os trabalhadores e cumprir todas as normas do programa.<\/li><\/ul>\n\n\n\n<p>porAg\u00eancia Brasil<\/p>\n","protected":false},"excerpt":{"rendered":"<p class=\"excerpt\">Mais de 22 milh\u00f5es de pessoas ser\u00e3o beneficiadas com limites em taxas O presidente Luiz In\u00e1cio Lula da Silva assinou nesta ter\u00e7a-feira (11\/11) o decreto que moderniza o Programa de Alimenta\u00e7\u00e3o do Trabalhador (PAT). A medida atualiza regras do sistema de vale-alimenta\u00e7\u00e3o e vale-refei\u00e7\u00e3o, com o objetivo de ampliar a transpar\u00eancia, a concorr\u00eancia e a [&hellip;]<\/p>\n","protected":false},"author":1,"featured_media":0,"comment_status":"open","ping_status":"open","sticky":false,"template":"","format":"standard","meta":[],"categories":[8,17],"tags":[22,24,113,83,92],"yoast_head":"<!-- This site is optimized with the Yoast SEO plugin v18.3 - https:\/\/yoast.com\/wordpress\/plugins\/seo\/ -->\n<title>Lula assina medida que altera regras para vales-alimenta\u00e7\u00e3o e refei\u00e7\u00e3o - Manchester FM 93,3<\/title>\n<meta name=\"robots\" content=\"index, follow, max-snippet:-1, max-image-preview:large, max-video-preview:-1\" \/>\n<link rel=\"canonical\" href=\"https:\/\/www.radiomanchester.com.br\/fm\/lula-assina-medida-que-altera-regras-para-vales-alimentacao-e-refeicao\/\" \/>\n<meta property=\"og:locale\" content=\"pt_BR\" \/>\n<meta property=\"og:type\" content=\"article\" \/>\n<meta property=\"og:title\" content=\"Lula assina medida que altera regras para vales-alimenta\u00e7\u00e3o e refei\u00e7\u00e3o - Manchester FM 93,3\" \/>\n<meta property=\"og:description\" content=\"Mais de 22 milh\u00f5es de pessoas ser\u00e3o beneficiadas com limites em taxas O presidente Luiz In\u00e1cio Lula da Silva assinou nesta ter\u00e7a-feira (11\/11) o decreto que moderniza o Programa de Alimenta\u00e7\u00e3o do Trabalhador (PAT). A medida atualiza regras do sistema de vale-alimenta\u00e7\u00e3o e vale-refei\u00e7\u00e3o, com o objetivo de ampliar a transpar\u00eancia, a concorr\u00eancia e a [&hellip;]\" \/>\n<meta property=\"og:url\" content=\"https:\/\/www.radiomanchester.com.br\/fm\/lula-assina-medida-que-altera-regras-para-vales-alimentacao-e-refeicao\/\" \/>\n<meta property=\"og:site_name\" content=\"Manchester FM 93,3\" \/>\n<meta property=\"article:published_time\" content=\"2025-11-12T13:30:00+00:00\" \/>\n<meta property=\"article:modified_time\" content=\"2025-11-11T23:46:50+00:00\" \/>\n<meta name=\"twitter:card\" content=\"summary_large_image\" \/>\n<meta name=\"twitter:label1\" content=\"Escrito por\" \/>\n\t<meta name=\"twitter:data1\" content=\"admin\" \/>\n\t<meta name=\"twitter:label2\" content=\"Est. tempo de leitura\" \/>\n\t<meta name=\"twitter:data2\" content=\"4 minutos\" \/>\n<script type=\"application\/ld+json\" class=\"yoast-schema-graph\">{\"@context\":\"https:\/\/schema.org\",\"@graph\":[{\"@type\":\"WebSite\",\"@id\":\"https:\/\/www.radiomanchester.com.br\/fm\/#website\",\"url\":\"https:\/\/www.radiomanchester.com.br\/fm\/\",\"name\":\"Manchester FM 93,3\",\"description\":\"Todo Mundo Ouve!\",\"potentialAction\":[{\"@type\":\"SearchAction\",\"target\":{\"@type\":\"EntryPoint\",\"urlTemplate\":\"https:\/\/www.radiomanchester.com.br\/fm\/?s={search_term_string}\"},\"query-input\":\"required name=search_term_string\"}],\"inLanguage\":\"pt-BR\"},{\"@type\":\"WebPage\",\"@id\":\"https:\/\/www.radiomanchester.com.br\/fm\/lula-assina-medida-que-altera-regras-para-vales-alimentacao-e-refeicao\/#webpage\",\"url\":\"https:\/\/www.radiomanchester.com.br\/fm\/lula-assina-medida-que-altera-regras-para-vales-alimentacao-e-refeicao\/\",\"name\":\"Lula assina medida que altera regras para vales-alimenta\u00e7\u00e3o e refei\u00e7\u00e3o - Manchester FM 93,3\",\"isPartOf\":{\"@id\":\"https:\/\/www.radiomanchester.com.br\/fm\/#website\"},\"datePublished\":\"2025-11-12T13:30:00+00:00\",\"dateModified\":\"2025-11-11T23:46:50+00:00\",\"author\":{\"@id\":\"https:\/\/www.radiomanchester.com.br\/fm\/#\/schema\/person\/408a7b4d4e32cbebd90e2782852abca3\"},\"breadcrumb\":{\"@id\":\"https:\/\/www.radiomanchester.com.br\/fm\/lula-assina-medida-que-altera-regras-para-vales-alimentacao-e-refeicao\/#breadcrumb\"},\"inLanguage\":\"pt-BR\",\"potentialAction\":[{\"@type\":\"ReadAction\",\"target\":[\"https:\/\/www.radiomanchester.com.br\/fm\/lula-assina-medida-que-altera-regras-para-vales-alimentacao-e-refeicao\/\"]}]},{\"@type\":\"BreadcrumbList\",\"@id\":\"https:\/\/www.radiomanchester.com.br\/fm\/lula-assina-medida-que-altera-regras-para-vales-alimentacao-e-refeicao\/#breadcrumb\",\"itemListElement\":[{\"@type\":\"ListItem\",\"position\":1,\"name\":\"Home\",\"item\":\"https:\/\/www.radiomanchester.com.br\/fm\/\"},{\"@type\":\"ListItem\",\"position\":2,\"name\":\"Lula assina medida que altera regras para vales-alimenta\u00e7\u00e3o e refei\u00e7\u00e3o\"}]},{\"@type\":\"Person\",\"@id\":\"https:\/\/www.radiomanchester.com.br\/fm\/#\/schema\/person\/408a7b4d4e32cbebd90e2782852abca3\",\"name\":\"admin\",\"image\":{\"@type\":\"ImageObject\",\"@id\":\"https:\/\/www.radiomanchester.com.br\/fm\/#personlogo\",\"inLanguage\":\"pt-BR\",\"url\":\"https:\/\/secure.gravatar.com\/avatar\/115a974dba3376872eb3addeb276301c?s=96&d=mm&r=g\",\"contentUrl\":\"https:\/\/secure.gravatar.com\/avatar\/115a974dba3376872eb3addeb276301c?s=96&d=mm&r=g\",\"caption\":\"admin\"},\"url\":\"https:\/\/www.radiomanchester.com.br\/fm\/author\/admin\/\"}]}<\/script>\n<!-- \/ Yoast SEO plugin. -->","yoast_head_json":{"title":"Lula assina medida que altera regras para vales-alimenta\u00e7\u00e3o e refei\u00e7\u00e3o - Manchester FM 93,3","robots":{"index":"index","follow":"follow","max-snippet":"max-snippet:-1","max-image-preview":"max-image-preview:large","max-video-preview":"max-video-preview:-1"},"canonical":"https:\/\/www.radiomanchester.com.br\/fm\/lula-assina-medida-que-altera-regras-para-vales-alimentacao-e-refeicao\/","og_locale":"pt_BR","og_type":"article","og_title":"Lula assina medida que altera regras para vales-alimenta\u00e7\u00e3o e refei\u00e7\u00e3o - Manchester FM 93,3","og_description":"Mais de 22 milh\u00f5es de pessoas ser\u00e3o beneficiadas com limites em taxas O presidente Luiz In\u00e1cio Lula da Silva assinou nesta ter\u00e7a-feira (11\/11) o decreto que moderniza o Programa de Alimenta\u00e7\u00e3o do Trabalhador (PAT). A medida atualiza regras do sistema de vale-alimenta\u00e7\u00e3o e vale-refei\u00e7\u00e3o, com o objetivo de ampliar a transpar\u00eancia, a concorr\u00eancia e a [&hellip;]","og_url":"https:\/\/www.radiomanchester.com.br\/fm\/lula-assina-medida-que-altera-regras-para-vales-alimentacao-e-refeicao\/","og_site_name":"Manchester FM 93,3","article_published_time":"2025-11-12T13:30:00+00:00","article_modified_time":"2025-11-11T23:46:50+00:00","twitter_card":"summary_large_image","twitter_misc":{"Escrito por":"admin","Est. tempo de leitura":"4 minutos"},"schema":{"@context":"https:\/\/schema.org","@graph":[{"@type":"WebSite","@id":"https:\/\/www.radiomanchester.com.br\/fm\/#website","url":"https:\/\/www.radiomanchester.com.br\/fm\/","name":"Manchester FM 93,3","description":"Todo Mundo Ouve!","potentialAction":[{"@type":"SearchAction","target":{"@type":"EntryPoint","urlTemplate":"https:\/\/www.radiomanchester.com.br\/fm\/?s={search_term_string}"},"query-input":"required name=search_term_string"}],"inLanguage":"pt-BR"},{"@type":"WebPage","@id":"https:\/\/www.radiomanchester.com.br\/fm\/lula-assina-medida-que-altera-regras-para-vales-alimentacao-e-refeicao\/#webpage","url":"https:\/\/www.radiomanchester.com.br\/fm\/lula-assina-medida-que-altera-regras-para-vales-alimentacao-e-refeicao\/","name":"Lula assina medida que altera regras para vales-alimenta\u00e7\u00e3o e refei\u00e7\u00e3o - Manchester FM 93,3","isPartOf":{"@id":"https:\/\/www.radiomanchester.com.br\/fm\/#website"},"datePublished":"2025-11-12T13:30:00+00:00","dateModified":"2025-11-11T23:46:50+00:00","author":{"@id":"https:\/\/www.radiomanchester.com.br\/fm\/#\/schema\/person\/408a7b4d4e32cbebd90e2782852abca3"},"breadcrumb":{"@id":"https:\/\/www.radiomanchester.com.br\/fm\/lula-assina-medida-que-altera-regras-para-vales-alimentacao-e-refeicao\/#breadcrumb"},"inLanguage":"pt-BR","potentialAction":[{"@type":"ReadAction","target":["https:\/\/www.radiomanchester.com.br\/fm\/lula-assina-medida-que-altera-regras-para-vales-alimentacao-e-refeicao\/"]}]},{"@type":"BreadcrumbList","@id":"https:\/\/www.radiomanchester.com.br\/fm\/lula-assina-medida-que-altera-regras-para-vales-alimentacao-e-refeicao\/#breadcrumb","itemListElement":[{"@type":"ListItem","position":1,"name":"Home","item":"https:\/\/www.radiomanchester.com.br\/fm\/"},{"@type":"ListItem","position":2,"name":"Lula assina medida que altera regras para vales-alimenta\u00e7\u00e3o e refei\u00e7\u00e3o"}]},{"@type":"Person","@id":"https:\/\/www.radiomanchester.com.br\/fm\/#\/schema\/person\/408a7b4d4e32cbebd90e2782852abca3","name":"admin","image":{"@type":"ImageObject","@id":"https:\/\/www.radiomanchester.com.br\/fm\/#personlogo","inLanguage":"pt-BR","url":"https:\/\/secure.gravatar.com\/avatar\/115a974dba3376872eb3addeb276301c?s=96&d=mm&r=g","contentUrl":"https:\/\/secure.gravatar.com\/avatar\/115a974dba3376872eb3addeb276301c?s=96&d=mm&r=g","caption":"admin"},"url":"https:\/\/www.radiomanchester.com.br\/fm\/author\/admin\/"}]}},"_links":{"self":[{"href":"https:\/\/www.radiomanchester.com.br\/fm\/wp-json\/wp\/v2\/posts\/16855"}],"collection":[{"href":"https:\/\/www.radiomanchester.com.br\/fm\/wp-json\/wp\/v2\/posts"}],"about":[{"href":"https:\/\/www.radiomanchester.com.br\/fm\/wp-json\/wp\/v2\/types\/post"}],"author":[{"embeddable":true,"href":"https:\/\/www.radiomanchester.com.br\/fm\/wp-json\/wp\/v2\/users\/1"}],"replies":[{"embeddable":true,"href":"https:\/\/www.radiomanchester.com.br\/fm\/wp-json\/wp\/v2\/comments?post=16855"}],"version-history":[{"count":1,"href":"https:\/\/www.radiomanchester.com.br\/fm\/wp-json\/wp\/v2\/posts\/16855\/revisions"}],"predecessor-version":[{"id":16856,"href":"https:\/\/www.radiomanchester.com.br\/fm\/wp-json\/wp\/v2\/posts\/16855\/revisions\/16856"}],"wp:attachment":[{"href":"https:\/\/www.radiomanchester.com.br\/fm\/wp-json\/wp\/v2\/media?parent=16855"}],"wp:term":[{"taxonomy":"category","embeddable":true,"href":"https:\/\/www.radiomanchester.com.br\/fm\/wp-json\/wp\/v2\/categories?post=16855"},{"taxonomy":"post_tag","embeddable":true,"href":"https:\/\/www.radiomanchester.com.br\/fm\/wp-json\/wp\/v2\/tags?post=16855"}],"curies":[{"name":"wp","href":"https:\/\/api.w.org\/{rel}","templated":true}]}}