{"id":16864,"date":"2025-11-14T10:30:00","date_gmt":"2025-11-14T13:30:00","guid":{"rendered":"https:\/\/www.radiomanchester.com.br\/fm\/?p=16864"},"modified":"2025-11-13T21:14:04","modified_gmt":"2025-11-14T00:14:04","slug":"donald-trump-ordena-operacao-militar-dos-eua-na-america-latina","status":"publish","type":"post","link":"https:\/\/www.radiomanchester.com.br\/fm\/donald-trump-ordena-operacao-militar-dos-eua-na-america-latina\/","title":{"rendered":"Donald Trump ordena opera\u00e7\u00e3o militar dos EUA na Am\u00e9rica Latina"},"content":{"rendered":"\n<p>O governo dos Estados Unidos anunciou o lan\u00e7amento de uma opera\u00e7\u00e3o militar na Am\u00e9rica Latina, a mando do presidente Donald Trump, para combater \u201cnarcoterroristas\u201d. A informa\u00e7\u00e3o foi divulgada nesta quinta-feira (13\/11) pelo chefe do Pent\u00e1gono, Pete Hegseth.<\/p>\n\n\n\n<p>A opera\u00e7\u00e3o foi batizada de Lan\u00e7a do Sul, e ser\u00e1 liderada pelo Comando Sul dos EUA (SOUTHCOM), respons\u00e1vel por opera\u00e7\u00f5es na Am\u00e9rica Central, Am\u00e9rica do Sul e Caribe.<\/p>\n\n\n\n<p>Segundo Hegseth, a a\u00e7\u00e3o visa defender os EUA, assim como proteger o \u201chemisf\u00e9rio ocidental\u201d.<\/p>\n\n\n\n<p>\u201cO presidente Trump ordenou a a\u00e7\u00e3o, e o Departamento de Guerra est\u00e1 cumprindo a ordem. Hoje, estou anunciando a Opera\u00e7\u00e3o Lan\u00e7a do Sul\u201d, escreveu o chefe do Pent\u00e1gono em um comunicado divulgado no X. \u201cLiderada pela For\u00e7a-Tarefa Conjunta Southern Spear e a SOUTCHOM, esta miss\u00e3o defende nossa p\u00e1tria, remove narcoterroristas do nosso hemisf\u00e9rio e protege nossa p\u00e1tria das drogas que est\u00e3o matando nosso povo. O hemisf\u00e9rio ocidental \u00e9 a vizinhan\u00e7a da Am\u00e9rica \u2014 e n\u00f3s o protegeremos\u201d, informou Hegseth.<\/p>\n\n\n\n<p>At\u00e9 o momento, o Pent\u00e1gono n\u00e3o deu maiores detalhes sobre a opera\u00e7\u00e3o Lan\u00e7a do Sul. O aumento da ret\u00f3rica militar, por\u00e9m, coincide com movimentos norte-americanos no local. Nos \u00faltimos meses, uma frota de navios de guerra dos EUA, ca\u00e7as F-35 e at\u00e9 mesmo o maior porta-avi\u00f5es do mundo, o USS Gerald R. Ford, foram mobilizados para o Caribe.<\/p>\n\n\n\n<p>Desde ent\u00e3o, Washington anunciou 19 bombardeios contra barcos que navegavam na regi\u00e3o, supostamente ligados ao tr\u00e1fico de drogas, matando ao menos 80 pessoas. Contudo, provas concretas sobre a liga\u00e7\u00e3o das embarca\u00e7\u00f5es com o crime n\u00e3o foram divulgadas.<\/p>\n\n\n\n<p>J\u00e1 no fim de outubro, Trump sinalizou que as opera\u00e7\u00f5es no mar poderiam migrar para a terra, com ataques diretos a territ\u00f3rios de pa\u00edses da regi\u00e3o.<\/p>\n\n\n\n<p><strong>Maduro e Petro na mira<br><\/strong>A \u201cguerra\u201d dos EUA contra o tr\u00e1fico de drogas na Am\u00e9rica Latina tem como pano de fundo acusa\u00e7\u00f5es contra o presidente da Venezuela, Nicol\u00e1s Maduro.<\/p>\n\n\n\n<p>Em julho deste ano, Washington afirmou que o l\u00edder chavista \u00e9 o chefe do cartel venezuelano Los Soles \u2014 recentemente classificado como organiza\u00e7\u00e3o terrorista pelo governo norte-americano.<\/p>\n\n\n\n<p>A reclassifica\u00e7\u00e3o de cart\u00e9is de drogas abriu brechas para opera\u00e7\u00f5es militares dos EUA em outros pa\u00edses, sob a bandeira da guerra contra o terror.<\/p>\n\n\n\n<p>Al\u00e9m de Maduro, o presidente da Col\u00f4mbia, Gustavo Petro tamb\u00e9m entrou na mira da administra\u00e7\u00e3o Trump. Para o presidente dos EUA, o mandat\u00e1rio colombiano de \u201cl\u00edder do tr\u00e1fico\u201d. Declara\u00e7\u00e3o vista por Bogot\u00e1 como uma poss\u00edvel tentativa de golpe de Estado no pa\u00eds.<\/p>\n\n\n\n<p>porRepMetr0p0les parceiro Manchester<\/p>\n","protected":false},"excerpt":{"rendered":"<p class=\"excerpt\">O governo dos Estados Unidos anunciou o lan\u00e7amento de uma opera\u00e7\u00e3o militar na Am\u00e9rica Latina, a mando do presidente Donald Trump, para combater \u201cnarcoterroristas\u201d. A informa\u00e7\u00e3o foi divulgada nesta quinta-feira (13\/11) pelo chefe do Pent\u00e1gono, Pete Hegseth. A opera\u00e7\u00e3o foi batizada de Lan\u00e7a do Sul, e ser\u00e1 liderada pelo Comando Sul dos EUA (SOUTHCOM), respons\u00e1vel [&hellip;]<\/p>\n","protected":false},"author":1,"featured_media":0,"comment_status":"open","ping_status":"open","sticky":false,"template":"","format":"standard","meta":[],"categories":[8,17],"tags":[22,24,113,83,92],"yoast_head":"<!-- This site is optimized with the Yoast SEO plugin v18.3 - https:\/\/yoast.com\/wordpress\/plugins\/seo\/ -->\n<title>Donald Trump ordena opera\u00e7\u00e3o militar dos EUA na Am\u00e9rica Latina - Manchester FM 93,3<\/title>\n<meta name=\"robots\" content=\"index, follow, max-snippet:-1, max-image-preview:large, max-video-preview:-1\" \/>\n<link rel=\"canonical\" href=\"https:\/\/www.radiomanchester.com.br\/fm\/donald-trump-ordena-operacao-militar-dos-eua-na-america-latina\/\" \/>\n<meta property=\"og:locale\" content=\"pt_BR\" \/>\n<meta property=\"og:type\" content=\"article\" \/>\n<meta property=\"og:title\" content=\"Donald Trump ordena opera\u00e7\u00e3o militar dos EUA na Am\u00e9rica Latina - Manchester FM 93,3\" \/>\n<meta property=\"og:description\" content=\"O governo dos Estados Unidos anunciou o lan\u00e7amento de uma opera\u00e7\u00e3o militar na Am\u00e9rica Latina, a mando do presidente Donald Trump, para combater \u201cnarcoterroristas\u201d. A informa\u00e7\u00e3o foi divulgada nesta quinta-feira (13\/11) pelo chefe do Pent\u00e1gono, Pete Hegseth. A opera\u00e7\u00e3o foi batizada de Lan\u00e7a do Sul, e ser\u00e1 liderada pelo Comando Sul dos EUA (SOUTHCOM), respons\u00e1vel [&hellip;]\" \/>\n<meta property=\"og:url\" content=\"https:\/\/www.radiomanchester.com.br\/fm\/donald-trump-ordena-operacao-militar-dos-eua-na-america-latina\/\" \/>\n<meta property=\"og:site_name\" content=\"Manchester FM 93,3\" \/>\n<meta property=\"article:published_time\" content=\"2025-11-14T13:30:00+00:00\" \/>\n<meta property=\"article:modified_time\" content=\"2025-11-14T00:14:04+00:00\" \/>\n<meta name=\"twitter:card\" content=\"summary_large_image\" \/>\n<meta name=\"twitter:label1\" content=\"Escrito por\" \/>\n\t<meta name=\"twitter:data1\" content=\"admin\" \/>\n\t<meta name=\"twitter:label2\" content=\"Est. tempo de leitura\" \/>\n\t<meta name=\"twitter:data2\" content=\"3 minutos\" \/>\n<script type=\"application\/ld+json\" class=\"yoast-schema-graph\">{\"@context\":\"https:\/\/schema.org\",\"@graph\":[{\"@type\":\"WebSite\",\"@id\":\"https:\/\/www.radiomanchester.com.br\/fm\/#website\",\"url\":\"https:\/\/www.radiomanchester.com.br\/fm\/\",\"name\":\"Manchester FM 93,3\",\"description\":\"Todo Mundo Ouve!\",\"potentialAction\":[{\"@type\":\"SearchAction\",\"target\":{\"@type\":\"EntryPoint\",\"urlTemplate\":\"https:\/\/www.radiomanchester.com.br\/fm\/?s={search_term_string}\"},\"query-input\":\"required name=search_term_string\"}],\"inLanguage\":\"pt-BR\"},{\"@type\":\"WebPage\",\"@id\":\"https:\/\/www.radiomanchester.com.br\/fm\/donald-trump-ordena-operacao-militar-dos-eua-na-america-latina\/#webpage\",\"url\":\"https:\/\/www.radiomanchester.com.br\/fm\/donald-trump-ordena-operacao-militar-dos-eua-na-america-latina\/\",\"name\":\"Donald Trump ordena opera\u00e7\u00e3o militar dos EUA na Am\u00e9rica Latina - Manchester FM 93,3\",\"isPartOf\":{\"@id\":\"https:\/\/www.radiomanchester.com.br\/fm\/#website\"},\"datePublished\":\"2025-11-14T13:30:00+00:00\",\"dateModified\":\"2025-11-14T00:14:04+00:00\",\"author\":{\"@id\":\"https:\/\/www.radiomanchester.com.br\/fm\/#\/schema\/person\/408a7b4d4e32cbebd90e2782852abca3\"},\"breadcrumb\":{\"@id\":\"https:\/\/www.radiomanchester.com.br\/fm\/donald-trump-ordena-operacao-militar-dos-eua-na-america-latina\/#breadcrumb\"},\"inLanguage\":\"pt-BR\",\"potentialAction\":[{\"@type\":\"ReadAction\",\"target\":[\"https:\/\/www.radiomanchester.com.br\/fm\/donald-trump-ordena-operacao-militar-dos-eua-na-america-latina\/\"]}]},{\"@type\":\"BreadcrumbList\",\"@id\":\"https:\/\/www.radiomanchester.com.br\/fm\/donald-trump-ordena-operacao-militar-dos-eua-na-america-latina\/#breadcrumb\",\"itemListElement\":[{\"@type\":\"ListItem\",\"position\":1,\"name\":\"Home\",\"item\":\"https:\/\/www.radiomanchester.com.br\/fm\/\"},{\"@type\":\"ListItem\",\"position\":2,\"name\":\"Donald Trump ordena opera\u00e7\u00e3o militar dos EUA na Am\u00e9rica Latina\"}]},{\"@type\":\"Person\",\"@id\":\"https:\/\/www.radiomanchester.com.br\/fm\/#\/schema\/person\/408a7b4d4e32cbebd90e2782852abca3\",\"name\":\"admin\",\"image\":{\"@type\":\"ImageObject\",\"@id\":\"https:\/\/www.radiomanchester.com.br\/fm\/#personlogo\",\"inLanguage\":\"pt-BR\",\"url\":\"https:\/\/secure.gravatar.com\/avatar\/115a974dba3376872eb3addeb276301c?s=96&d=mm&r=g\",\"contentUrl\":\"https:\/\/secure.gravatar.com\/avatar\/115a974dba3376872eb3addeb276301c?s=96&d=mm&r=g\",\"caption\":\"admin\"},\"url\":\"https:\/\/www.radiomanchester.com.br\/fm\/author\/admin\/\"}]}<\/script>\n<!-- \/ Yoast SEO plugin. -->","yoast_head_json":{"title":"Donald Trump ordena opera\u00e7\u00e3o militar dos EUA na Am\u00e9rica Latina - Manchester FM 93,3","robots":{"index":"index","follow":"follow","max-snippet":"max-snippet:-1","max-image-preview":"max-image-preview:large","max-video-preview":"max-video-preview:-1"},"canonical":"https:\/\/www.radiomanchester.com.br\/fm\/donald-trump-ordena-operacao-militar-dos-eua-na-america-latina\/","og_locale":"pt_BR","og_type":"article","og_title":"Donald Trump ordena opera\u00e7\u00e3o militar dos EUA na Am\u00e9rica Latina - Manchester FM 93,3","og_description":"O governo dos Estados Unidos anunciou o lan\u00e7amento de uma opera\u00e7\u00e3o militar na Am\u00e9rica Latina, a mando do presidente Donald Trump, para combater \u201cnarcoterroristas\u201d. A informa\u00e7\u00e3o foi divulgada nesta quinta-feira (13\/11) pelo chefe do Pent\u00e1gono, Pete Hegseth. A opera\u00e7\u00e3o foi batizada de Lan\u00e7a do Sul, e ser\u00e1 liderada pelo Comando Sul dos EUA (SOUTHCOM), respons\u00e1vel [&hellip;]","og_url":"https:\/\/www.radiomanchester.com.br\/fm\/donald-trump-ordena-operacao-militar-dos-eua-na-america-latina\/","og_site_name":"Manchester FM 93,3","article_published_time":"2025-11-14T13:30:00+00:00","article_modified_time":"2025-11-14T00:14:04+00:00","twitter_card":"summary_large_image","twitter_misc":{"Escrito por":"admin","Est. tempo de leitura":"3 minutos"},"schema":{"@context":"https:\/\/schema.org","@graph":[{"@type":"WebSite","@id":"https:\/\/www.radiomanchester.com.br\/fm\/#website","url":"https:\/\/www.radiomanchester.com.br\/fm\/","name":"Manchester FM 93,3","description":"Todo Mundo Ouve!","potentialAction":[{"@type":"SearchAction","target":{"@type":"EntryPoint","urlTemplate":"https:\/\/www.radiomanchester.com.br\/fm\/?s={search_term_string}"},"query-input":"required name=search_term_string"}],"inLanguage":"pt-BR"},{"@type":"WebPage","@id":"https:\/\/www.radiomanchester.com.br\/fm\/donald-trump-ordena-operacao-militar-dos-eua-na-america-latina\/#webpage","url":"https:\/\/www.radiomanchester.com.br\/fm\/donald-trump-ordena-operacao-militar-dos-eua-na-america-latina\/","name":"Donald Trump ordena opera\u00e7\u00e3o militar dos EUA na Am\u00e9rica Latina - Manchester FM 93,3","isPartOf":{"@id":"https:\/\/www.radiomanchester.com.br\/fm\/#website"},"datePublished":"2025-11-14T13:30:00+00:00","dateModified":"2025-11-14T00:14:04+00:00","author":{"@id":"https:\/\/www.radiomanchester.com.br\/fm\/#\/schema\/person\/408a7b4d4e32cbebd90e2782852abca3"},"breadcrumb":{"@id":"https:\/\/www.radiomanchester.com.br\/fm\/donald-trump-ordena-operacao-militar-dos-eua-na-america-latina\/#breadcrumb"},"inLanguage":"pt-BR","potentialAction":[{"@type":"ReadAction","target":["https:\/\/www.radiomanchester.com.br\/fm\/donald-trump-ordena-operacao-militar-dos-eua-na-america-latina\/"]}]},{"@type":"BreadcrumbList","@id":"https:\/\/www.radiomanchester.com.br\/fm\/donald-trump-ordena-operacao-militar-dos-eua-na-america-latina\/#breadcrumb","itemListElement":[{"@type":"ListItem","position":1,"name":"Home","item":"https:\/\/www.radiomanchester.com.br\/fm\/"},{"@type":"ListItem","position":2,"name":"Donald Trump ordena opera\u00e7\u00e3o militar dos EUA na Am\u00e9rica Latina"}]},{"@type":"Person","@id":"https:\/\/www.radiomanchester.com.br\/fm\/#\/schema\/person\/408a7b4d4e32cbebd90e2782852abca3","name":"admin","image":{"@type":"ImageObject","@id":"https:\/\/www.radiomanchester.com.br\/fm\/#personlogo","inLanguage":"pt-BR","url":"https:\/\/secure.gravatar.com\/avatar\/115a974dba3376872eb3addeb276301c?s=96&d=mm&r=g","contentUrl":"https:\/\/secure.gravatar.com\/avatar\/115a974dba3376872eb3addeb276301c?s=96&d=mm&r=g","caption":"admin"},"url":"https:\/\/www.radiomanchester.com.br\/fm\/author\/admin\/"}]}},"_links":{"self":[{"href":"https:\/\/www.radiomanchester.com.br\/fm\/wp-json\/wp\/v2\/posts\/16864"}],"collection":[{"href":"https:\/\/www.radiomanchester.com.br\/fm\/wp-json\/wp\/v2\/posts"}],"about":[{"href":"https:\/\/www.radiomanchester.com.br\/fm\/wp-json\/wp\/v2\/types\/post"}],"author":[{"embeddable":true,"href":"https:\/\/www.radiomanchester.com.br\/fm\/wp-json\/wp\/v2\/users\/1"}],"replies":[{"embeddable":true,"href":"https:\/\/www.radiomanchester.com.br\/fm\/wp-json\/wp\/v2\/comments?post=16864"}],"version-history":[{"count":1,"href":"https:\/\/www.radiomanchester.com.br\/fm\/wp-json\/wp\/v2\/posts\/16864\/revisions"}],"predecessor-version":[{"id":16865,"href":"https:\/\/www.radiomanchester.com.br\/fm\/wp-json\/wp\/v2\/posts\/16864\/revisions\/16865"}],"wp:attachment":[{"href":"https:\/\/www.radiomanchester.com.br\/fm\/wp-json\/wp\/v2\/media?parent=16864"}],"wp:term":[{"taxonomy":"category","embeddable":true,"href":"https:\/\/www.radiomanchester.com.br\/fm\/wp-json\/wp\/v2\/categories?post=16864"},{"taxonomy":"post_tag","embeddable":true,"href":"https:\/\/www.radiomanchester.com.br\/fm\/wp-json\/wp\/v2\/tags?post=16864"}],"curies":[{"name":"wp","href":"https:\/\/api.w.org\/{rel}","templated":true}]}}