{"id":16906,"date":"2025-11-25T21:34:47","date_gmt":"2025-11-26T00:34:47","guid":{"rendered":"https:\/\/www.radiomanchester.com.br\/fm\/?p=16906"},"modified":"2025-11-25T21:34:49","modified_gmt":"2025-11-26T00:34:49","slug":"de-bolsonaro-a-general-heleno-quem-comecou-a-cumprir-pena-por-trama-golpista","status":"publish","type":"post","link":"https:\/\/www.radiomanchester.com.br\/fm\/de-bolsonaro-a-general-heleno-quem-comecou-a-cumprir-pena-por-trama-golpista\/","title":{"rendered":"De Bolsonaro a General Heleno: quem come\u00e7ou a cumprir pena por trama golpista"},"content":{"rendered":"\n<p>O ministro Alexandre de Moraes, do Supremo Tribunal Federal (STF), declarou, nesta ter\u00e7a-feira (25\/11), o tr\u00e2nsito em julgado (quando n\u00e3o h\u00e1 mais possibilidade de recurso) da a\u00e7\u00e3o penal 2668. Com isso, os r\u00e9us do chamado n\u00facleo crucial da trama golpista come\u00e7am, a partir de agora, a cumprir as respectivas penas.<\/p>\n\n\n\n<p>Preso preventivamente, desde o \u00faltimo s\u00e1bado (22\/11), o ex-presidente Jair Bolsonaro cumprir\u00e1 a pena em definitivo na Superintend\u00eancia Regional da Pol\u00edcia Federal (PF), no Distrito Federal, onde j\u00e1 se encontra. Bolsonaro foi condenado a 27 anos e 3 meses de pris\u00e3o pela Primeira Turma do STF por liderar organiza\u00e7\u00e3o criminosa para realizar um golpe de Estado, ap\u00f3s as elei\u00e7\u00f5es de 2022.<\/p>\n\n\n\n<p>Moraes declarou o tr\u00e2nsito em julgado tamb\u00e9m para os demais r\u00e9us. No entanto, o \u00fanico que ainda n\u00e3o foi localizado para o cumprimento da pena \u00e9 o deputado federal Alexandre Ramagem (PL-RJ). O parlamentar est\u00e1 nos Estados Unidos e \u00e9 considerado foragido da Justi\u00e7a.<\/p>\n\n\n\n<p>Moraes declarou o tr\u00e2nsito em julgado tamb\u00e9m para os demais r\u00e9us. No entanto, o \u00fanico que ainda n\u00e3o foi localizado para o cumprimento da pena \u00e9 o deputado federal Alexandre Ramagem (PL-RJ). O parlamentar est\u00e1 nos Estados Unidos e \u00e9 considerado foragido da Justi\u00e7a.<\/p>\n\n\n\n<p><strong>Onde cada r\u00e9u cumprir\u00e1 a pena<\/strong><\/p>\n\n\n\n<ul><li>Condenado a 24 de pris\u00e3o, o almirante Almir Garnier ficar\u00e1 na Esta\u00e7\u00e3o R\u00e1dio da Marinha, em Bras\u00edlia (DF).<\/li><li>Augusto Heleno cumprir\u00e1 pena no Comando Militar do Planalto. O general foi condenado a 21 anos.<\/li><li>O general Paulo S\u00e9rgio Nogueira tamb\u00e9m ficar\u00e1 no Comando Militar do Planalto, em Bras\u00edlia. Ele foi condenado a 19 anos.<\/li><li>Condenado a 26 anos de pris\u00e3o, o general Braga Netto seguir\u00e1 na Divis\u00e3o do Ex\u00e9rcito, na Vila Militar, no Rio de Janeiro.<\/li><li>O ex-ministro da Justi\u00e7a e ex-secret\u00e1rio de Seguran\u00e7a P\u00fablica do Distrito Federal, Anderson Torres, cumprir\u00e1 pena no 19\u00ba Batalh\u00e3o da Pol\u00edcia Militar do Distrito Federal, conhecido como Papudinha.<\/li><\/ul>\n\n\n\n<p>O \u00faltimo a ser preso, nesta ter\u00e7a, foi o ex-ministro da Justi\u00e7a, Anderson Torres. Primeiro, a PF tentou encontr\u00e1-lo em casa, no Jardim Bot\u00e2nico (DF), regi\u00e3o nobre de Bras\u00edlia, mas n\u00e3o o localizou. Em seguida, os agentes o encontraram e efetuaram a pris\u00e3o no escrit\u00f3rio do advogado Eumar Novacki, no Lago Sul.<\/p>\n\n\n\n<p>O general Braga Netto, que foi candidato a vice na chapa de Bolsonaro em 2022, j\u00e1 estava preso preventivamente desde dezembro do ano passado, na Divis\u00e3o do Ex\u00e9rcito, no Rio de Janeiro, e seguir\u00e1 no mesmo local. Ele foi condenado a 26 anos de pris\u00e3o.<\/p>\n\n\n\n<p><strong>Mauro Cid<br><\/strong>O \u00fanico integrante do chamado n\u00facleo crucial da trama golpista que n\u00e3o ser\u00e1 preso \u00e9 o ex-ajudante de ordens da Presid\u00eancia da Rep\u00fablica, tenente-coronel Mauro Cid. Em raz\u00e3o dos benef\u00edcios da dela\u00e7\u00e3o premiada, ele foi condenado a apenas dois anos de reclus\u00e3o em regime aberto.<\/p>\n\n\n\n<p>No dia 3 de novembro, o STF autorizou a retirada da tornozeleira eletr\u00f4nica do militar. Ele dever\u00e1, no entanto, cumprir as seguintes medidas cautelares: deve ficar em casa, podendo sair apenas com autoriza\u00e7\u00e3o, e est\u00e1 proibido de deixar o pa\u00eds.<\/p>\n\n\n\n<p>porR3pMetr0p0les parceiro Manchester<\/p>\n","protected":false},"excerpt":{"rendered":"<p class=\"excerpt\">O ministro Alexandre de Moraes, do Supremo Tribunal Federal (STF), declarou, nesta ter\u00e7a-feira (25\/11), o tr\u00e2nsito em julgado (quando n\u00e3o h\u00e1 mais possibilidade de recurso) da a\u00e7\u00e3o penal 2668. Com isso, os r\u00e9us do chamado n\u00facleo crucial da trama golpista come\u00e7am, a partir de agora, a cumprir as respectivas penas. Preso preventivamente, desde o \u00faltimo [&hellip;]<\/p>\n","protected":false},"author":1,"featured_media":0,"comment_status":"open","ping_status":"open","sticky":false,"template":"","format":"standard","meta":[],"categories":[8,17],"tags":[22,24,113,83,92],"yoast_head":"<!-- This site is optimized with the Yoast SEO plugin v18.3 - https:\/\/yoast.com\/wordpress\/plugins\/seo\/ -->\n<title>De Bolsonaro a General Heleno: quem come\u00e7ou a cumprir pena por trama golpista - Manchester FM 93,3<\/title>\n<meta name=\"robots\" content=\"index, follow, max-snippet:-1, max-image-preview:large, max-video-preview:-1\" \/>\n<link rel=\"canonical\" href=\"https:\/\/www.radiomanchester.com.br\/fm\/de-bolsonaro-a-general-heleno-quem-comecou-a-cumprir-pena-por-trama-golpista\/\" \/>\n<meta property=\"og:locale\" content=\"pt_BR\" \/>\n<meta property=\"og:type\" content=\"article\" \/>\n<meta property=\"og:title\" content=\"De Bolsonaro a General Heleno: quem come\u00e7ou a cumprir pena por trama golpista - Manchester FM 93,3\" \/>\n<meta property=\"og:description\" content=\"O ministro Alexandre de Moraes, do Supremo Tribunal Federal (STF), declarou, nesta ter\u00e7a-feira (25\/11), o tr\u00e2nsito em julgado (quando n\u00e3o h\u00e1 mais possibilidade de recurso) da a\u00e7\u00e3o penal 2668. Com isso, os r\u00e9us do chamado n\u00facleo crucial da trama golpista come\u00e7am, a partir de agora, a cumprir as respectivas penas. Preso preventivamente, desde o \u00faltimo [&hellip;]\" \/>\n<meta property=\"og:url\" content=\"https:\/\/www.radiomanchester.com.br\/fm\/de-bolsonaro-a-general-heleno-quem-comecou-a-cumprir-pena-por-trama-golpista\/\" \/>\n<meta property=\"og:site_name\" content=\"Manchester FM 93,3\" \/>\n<meta property=\"article:published_time\" content=\"2025-11-26T00:34:47+00:00\" \/>\n<meta property=\"article:modified_time\" content=\"2025-11-26T00:34:49+00:00\" \/>\n<meta name=\"twitter:card\" content=\"summary_large_image\" \/>\n<meta name=\"twitter:label1\" content=\"Escrito por\" \/>\n\t<meta name=\"twitter:data1\" content=\"admin\" \/>\n\t<meta name=\"twitter:label2\" content=\"Est. tempo de leitura\" \/>\n\t<meta name=\"twitter:data2\" content=\"3 minutos\" \/>\n<script type=\"application\/ld+json\" class=\"yoast-schema-graph\">{\"@context\":\"https:\/\/schema.org\",\"@graph\":[{\"@type\":\"WebSite\",\"@id\":\"https:\/\/www.radiomanchester.com.br\/fm\/#website\",\"url\":\"https:\/\/www.radiomanchester.com.br\/fm\/\",\"name\":\"Manchester FM 93,3\",\"description\":\"Todo Mundo Ouve!\",\"potentialAction\":[{\"@type\":\"SearchAction\",\"target\":{\"@type\":\"EntryPoint\",\"urlTemplate\":\"https:\/\/www.radiomanchester.com.br\/fm\/?s={search_term_string}\"},\"query-input\":\"required name=search_term_string\"}],\"inLanguage\":\"pt-BR\"},{\"@type\":\"WebPage\",\"@id\":\"https:\/\/www.radiomanchester.com.br\/fm\/de-bolsonaro-a-general-heleno-quem-comecou-a-cumprir-pena-por-trama-golpista\/#webpage\",\"url\":\"https:\/\/www.radiomanchester.com.br\/fm\/de-bolsonaro-a-general-heleno-quem-comecou-a-cumprir-pena-por-trama-golpista\/\",\"name\":\"De Bolsonaro a General Heleno: quem come\u00e7ou a cumprir pena por trama golpista - Manchester FM 93,3\",\"isPartOf\":{\"@id\":\"https:\/\/www.radiomanchester.com.br\/fm\/#website\"},\"datePublished\":\"2025-11-26T00:34:47+00:00\",\"dateModified\":\"2025-11-26T00:34:49+00:00\",\"author\":{\"@id\":\"https:\/\/www.radiomanchester.com.br\/fm\/#\/schema\/person\/408a7b4d4e32cbebd90e2782852abca3\"},\"breadcrumb\":{\"@id\":\"https:\/\/www.radiomanchester.com.br\/fm\/de-bolsonaro-a-general-heleno-quem-comecou-a-cumprir-pena-por-trama-golpista\/#breadcrumb\"},\"inLanguage\":\"pt-BR\",\"potentialAction\":[{\"@type\":\"ReadAction\",\"target\":[\"https:\/\/www.radiomanchester.com.br\/fm\/de-bolsonaro-a-general-heleno-quem-comecou-a-cumprir-pena-por-trama-golpista\/\"]}]},{\"@type\":\"BreadcrumbList\",\"@id\":\"https:\/\/www.radiomanchester.com.br\/fm\/de-bolsonaro-a-general-heleno-quem-comecou-a-cumprir-pena-por-trama-golpista\/#breadcrumb\",\"itemListElement\":[{\"@type\":\"ListItem\",\"position\":1,\"name\":\"Home\",\"item\":\"https:\/\/www.radiomanchester.com.br\/fm\/\"},{\"@type\":\"ListItem\",\"position\":2,\"name\":\"De Bolsonaro a General Heleno: quem come\u00e7ou a cumprir pena por trama golpista\"}]},{\"@type\":\"Person\",\"@id\":\"https:\/\/www.radiomanchester.com.br\/fm\/#\/schema\/person\/408a7b4d4e32cbebd90e2782852abca3\",\"name\":\"admin\",\"image\":{\"@type\":\"ImageObject\",\"@id\":\"https:\/\/www.radiomanchester.com.br\/fm\/#personlogo\",\"inLanguage\":\"pt-BR\",\"url\":\"https:\/\/secure.gravatar.com\/avatar\/115a974dba3376872eb3addeb276301c?s=96&d=mm&r=g\",\"contentUrl\":\"https:\/\/secure.gravatar.com\/avatar\/115a974dba3376872eb3addeb276301c?s=96&d=mm&r=g\",\"caption\":\"admin\"},\"url\":\"https:\/\/www.radiomanchester.com.br\/fm\/author\/admin\/\"}]}<\/script>\n<!-- \/ Yoast SEO plugin. -->","yoast_head_json":{"title":"De Bolsonaro a General Heleno: quem come\u00e7ou a cumprir pena por trama golpista - Manchester FM 93,3","robots":{"index":"index","follow":"follow","max-snippet":"max-snippet:-1","max-image-preview":"max-image-preview:large","max-video-preview":"max-video-preview:-1"},"canonical":"https:\/\/www.radiomanchester.com.br\/fm\/de-bolsonaro-a-general-heleno-quem-comecou-a-cumprir-pena-por-trama-golpista\/","og_locale":"pt_BR","og_type":"article","og_title":"De Bolsonaro a General Heleno: quem come\u00e7ou a cumprir pena por trama golpista - Manchester FM 93,3","og_description":"O ministro Alexandre de Moraes, do Supremo Tribunal Federal (STF), declarou, nesta ter\u00e7a-feira (25\/11), o tr\u00e2nsito em julgado (quando n\u00e3o h\u00e1 mais possibilidade de recurso) da a\u00e7\u00e3o penal 2668. Com isso, os r\u00e9us do chamado n\u00facleo crucial da trama golpista come\u00e7am, a partir de agora, a cumprir as respectivas penas. Preso preventivamente, desde o \u00faltimo [&hellip;]","og_url":"https:\/\/www.radiomanchester.com.br\/fm\/de-bolsonaro-a-general-heleno-quem-comecou-a-cumprir-pena-por-trama-golpista\/","og_site_name":"Manchester FM 93,3","article_published_time":"2025-11-26T00:34:47+00:00","article_modified_time":"2025-11-26T00:34:49+00:00","twitter_card":"summary_large_image","twitter_misc":{"Escrito por":"admin","Est. tempo de leitura":"3 minutos"},"schema":{"@context":"https:\/\/schema.org","@graph":[{"@type":"WebSite","@id":"https:\/\/www.radiomanchester.com.br\/fm\/#website","url":"https:\/\/www.radiomanchester.com.br\/fm\/","name":"Manchester FM 93,3","description":"Todo Mundo Ouve!","potentialAction":[{"@type":"SearchAction","target":{"@type":"EntryPoint","urlTemplate":"https:\/\/www.radiomanchester.com.br\/fm\/?s={search_term_string}"},"query-input":"required name=search_term_string"}],"inLanguage":"pt-BR"},{"@type":"WebPage","@id":"https:\/\/www.radiomanchester.com.br\/fm\/de-bolsonaro-a-general-heleno-quem-comecou-a-cumprir-pena-por-trama-golpista\/#webpage","url":"https:\/\/www.radiomanchester.com.br\/fm\/de-bolsonaro-a-general-heleno-quem-comecou-a-cumprir-pena-por-trama-golpista\/","name":"De Bolsonaro a General Heleno: quem come\u00e7ou a cumprir pena por trama golpista - Manchester FM 93,3","isPartOf":{"@id":"https:\/\/www.radiomanchester.com.br\/fm\/#website"},"datePublished":"2025-11-26T00:34:47+00:00","dateModified":"2025-11-26T00:34:49+00:00","author":{"@id":"https:\/\/www.radiomanchester.com.br\/fm\/#\/schema\/person\/408a7b4d4e32cbebd90e2782852abca3"},"breadcrumb":{"@id":"https:\/\/www.radiomanchester.com.br\/fm\/de-bolsonaro-a-general-heleno-quem-comecou-a-cumprir-pena-por-trama-golpista\/#breadcrumb"},"inLanguage":"pt-BR","potentialAction":[{"@type":"ReadAction","target":["https:\/\/www.radiomanchester.com.br\/fm\/de-bolsonaro-a-general-heleno-quem-comecou-a-cumprir-pena-por-trama-golpista\/"]}]},{"@type":"BreadcrumbList","@id":"https:\/\/www.radiomanchester.com.br\/fm\/de-bolsonaro-a-general-heleno-quem-comecou-a-cumprir-pena-por-trama-golpista\/#breadcrumb","itemListElement":[{"@type":"ListItem","position":1,"name":"Home","item":"https:\/\/www.radiomanchester.com.br\/fm\/"},{"@type":"ListItem","position":2,"name":"De Bolsonaro a General Heleno: quem come\u00e7ou a cumprir pena por trama golpista"}]},{"@type":"Person","@id":"https:\/\/www.radiomanchester.com.br\/fm\/#\/schema\/person\/408a7b4d4e32cbebd90e2782852abca3","name":"admin","image":{"@type":"ImageObject","@id":"https:\/\/www.radiomanchester.com.br\/fm\/#personlogo","inLanguage":"pt-BR","url":"https:\/\/secure.gravatar.com\/avatar\/115a974dba3376872eb3addeb276301c?s=96&d=mm&r=g","contentUrl":"https:\/\/secure.gravatar.com\/avatar\/115a974dba3376872eb3addeb276301c?s=96&d=mm&r=g","caption":"admin"},"url":"https:\/\/www.radiomanchester.com.br\/fm\/author\/admin\/"}]}},"_links":{"self":[{"href":"https:\/\/www.radiomanchester.com.br\/fm\/wp-json\/wp\/v2\/posts\/16906"}],"collection":[{"href":"https:\/\/www.radiomanchester.com.br\/fm\/wp-json\/wp\/v2\/posts"}],"about":[{"href":"https:\/\/www.radiomanchester.com.br\/fm\/wp-json\/wp\/v2\/types\/post"}],"author":[{"embeddable":true,"href":"https:\/\/www.radiomanchester.com.br\/fm\/wp-json\/wp\/v2\/users\/1"}],"replies":[{"embeddable":true,"href":"https:\/\/www.radiomanchester.com.br\/fm\/wp-json\/wp\/v2\/comments?post=16906"}],"version-history":[{"count":1,"href":"https:\/\/www.radiomanchester.com.br\/fm\/wp-json\/wp\/v2\/posts\/16906\/revisions"}],"predecessor-version":[{"id":16907,"href":"https:\/\/www.radiomanchester.com.br\/fm\/wp-json\/wp\/v2\/posts\/16906\/revisions\/16907"}],"wp:attachment":[{"href":"https:\/\/www.radiomanchester.com.br\/fm\/wp-json\/wp\/v2\/media?parent=16906"}],"wp:term":[{"taxonomy":"category","embeddable":true,"href":"https:\/\/www.radiomanchester.com.br\/fm\/wp-json\/wp\/v2\/categories?post=16906"},{"taxonomy":"post_tag","embeddable":true,"href":"https:\/\/www.radiomanchester.com.br\/fm\/wp-json\/wp\/v2\/tags?post=16906"}],"curies":[{"name":"wp","href":"https:\/\/api.w.org\/{rel}","templated":true}]}}