{"id":16908,"date":"2025-11-26T21:17:14","date_gmt":"2025-11-27T00:17:14","guid":{"rendered":"https:\/\/www.radiomanchester.com.br\/fm\/?p=16908"},"modified":"2025-11-26T21:17:17","modified_gmt":"2025-11-27T00:17:17","slug":"pelo-menos-36-pessoas-morreram-durante-incendio-em-hong-kong","status":"publish","type":"post","link":"https:\/\/www.radiomanchester.com.br\/fm\/pelo-menos-36-pessoas-morreram-durante-incendio-em-hong-kong\/","title":{"rendered":"Pelo menos 36 pessoas morreram durante inc\u00eandio em Hong Kong"},"content":{"rendered":"\n<p><em><strong>Centenas de pessoas est\u00e3o desaparecidas<\/strong><\/em><\/p>\n\n\n\n<hr class=\"wp-block-separator\"\/>\n\n\n\n<p>Pelo menos 36 pessoas morreram e 279 estavam desaparecidas nesta quarta-feira (26\/11) depois que o inc\u00eandio mais mortal em tr\u00eas d\u00e9cadas em Hong Kong devastou torres residenciais revestidas com andaimes de bambu inflam\u00e1veis, segundo autoridades.<\/p>\n\n\n\n<p>Mais de 10 horas ap\u00f3s o in\u00edcio do inc\u00eandio no distrito de Tai Po, ao norte da cidade, chamas e fuma\u00e7a densa ainda consumiam as torres de 32 andares, enquanto equipes de resgate trabalhavam no local e moradores em estado de choque observavam das proximidades.<\/p>\n\n\n\n<p>A causa do inc\u00eandio ainda n\u00e3o foi determinada, mas acredita-se que tenha sido alimentado por telas de prote\u00e7\u00e3o verdes e andaimes de bambu, cuja utiliza\u00e7\u00e3o o governo come\u00e7ou a eliminar gradualmente em mar\u00e7o por motivos de seguran\u00e7a.<\/p>\n\n\n\n<p>Foi o pior inc\u00eandio em Hong Kong desde que 41 pessoas morreram em um pr\u00e9dio comercial no cora\u00e7\u00e3o de Kowloon, em novembro de 1996.<\/p>\n\n\n\n<p>Hong Kong \u00e9 um dos \u00faltimos lugares do mundo onde o bambu ainda \u00e9 amplamente utilizado para andaimes na constru\u00e7\u00e3o.<\/p>\n\n\n\n<p>porAg\u00eancia Brasil com ag\u00eancia<\/p>\n","protected":false},"excerpt":{"rendered":"<p class=\"excerpt\">Centenas de pessoas est\u00e3o desaparecidas Pelo menos 36 pessoas morreram e 279 estavam desaparecidas nesta quarta-feira (26\/11) depois que o inc\u00eandio mais mortal em tr\u00eas d\u00e9cadas em Hong Kong devastou torres residenciais revestidas com andaimes de bambu inflam\u00e1veis, segundo autoridades. Mais de 10 horas ap\u00f3s o in\u00edcio do inc\u00eandio no distrito de Tai Po, ao [&hellip;]<\/p>\n","protected":false},"author":1,"featured_media":0,"comment_status":"open","ping_status":"open","sticky":false,"template":"","format":"standard","meta":[],"categories":[8,17],"tags":[22,24,113,83,92],"yoast_head":"<!-- This site is optimized with the Yoast SEO plugin v18.3 - https:\/\/yoast.com\/wordpress\/plugins\/seo\/ -->\n<title>Pelo menos 36 pessoas morreram durante inc\u00eandio em Hong Kong - Manchester FM 93,3<\/title>\n<meta name=\"robots\" content=\"index, follow, max-snippet:-1, max-image-preview:large, max-video-preview:-1\" \/>\n<link rel=\"canonical\" href=\"https:\/\/www.radiomanchester.com.br\/fm\/pelo-menos-36-pessoas-morreram-durante-incendio-em-hong-kong\/\" \/>\n<meta property=\"og:locale\" content=\"pt_BR\" \/>\n<meta property=\"og:type\" content=\"article\" \/>\n<meta property=\"og:title\" content=\"Pelo menos 36 pessoas morreram durante inc\u00eandio em Hong Kong - Manchester FM 93,3\" \/>\n<meta property=\"og:description\" content=\"Centenas de pessoas est\u00e3o desaparecidas Pelo menos 36 pessoas morreram e 279 estavam desaparecidas nesta quarta-feira (26\/11) depois que o inc\u00eandio mais mortal em tr\u00eas d\u00e9cadas em Hong Kong devastou torres residenciais revestidas com andaimes de bambu inflam\u00e1veis, segundo autoridades. Mais de 10 horas ap\u00f3s o in\u00edcio do inc\u00eandio no distrito de Tai Po, ao [&hellip;]\" \/>\n<meta property=\"og:url\" content=\"https:\/\/www.radiomanchester.com.br\/fm\/pelo-menos-36-pessoas-morreram-durante-incendio-em-hong-kong\/\" \/>\n<meta property=\"og:site_name\" content=\"Manchester FM 93,3\" \/>\n<meta property=\"article:published_time\" content=\"2025-11-27T00:17:14+00:00\" \/>\n<meta property=\"article:modified_time\" content=\"2025-11-27T00:17:17+00:00\" \/>\n<meta name=\"twitter:card\" content=\"summary_large_image\" \/>\n<meta name=\"twitter:label1\" content=\"Escrito por\" \/>\n\t<meta name=\"twitter:data1\" content=\"admin\" \/>\n\t<meta name=\"twitter:label2\" content=\"Est. tempo de leitura\" \/>\n\t<meta name=\"twitter:data2\" content=\"1 minuto\" \/>\n<script type=\"application\/ld+json\" class=\"yoast-schema-graph\">{\"@context\":\"https:\/\/schema.org\",\"@graph\":[{\"@type\":\"WebSite\",\"@id\":\"https:\/\/www.radiomanchester.com.br\/fm\/#website\",\"url\":\"https:\/\/www.radiomanchester.com.br\/fm\/\",\"name\":\"Manchester FM 93,3\",\"description\":\"Todo Mundo Ouve!\",\"potentialAction\":[{\"@type\":\"SearchAction\",\"target\":{\"@type\":\"EntryPoint\",\"urlTemplate\":\"https:\/\/www.radiomanchester.com.br\/fm\/?s={search_term_string}\"},\"query-input\":\"required name=search_term_string\"}],\"inLanguage\":\"pt-BR\"},{\"@type\":\"WebPage\",\"@id\":\"https:\/\/www.radiomanchester.com.br\/fm\/pelo-menos-36-pessoas-morreram-durante-incendio-em-hong-kong\/#webpage\",\"url\":\"https:\/\/www.radiomanchester.com.br\/fm\/pelo-menos-36-pessoas-morreram-durante-incendio-em-hong-kong\/\",\"name\":\"Pelo menos 36 pessoas morreram durante inc\u00eandio em Hong Kong - Manchester FM 93,3\",\"isPartOf\":{\"@id\":\"https:\/\/www.radiomanchester.com.br\/fm\/#website\"},\"datePublished\":\"2025-11-27T00:17:14+00:00\",\"dateModified\":\"2025-11-27T00:17:17+00:00\",\"author\":{\"@id\":\"https:\/\/www.radiomanchester.com.br\/fm\/#\/schema\/person\/408a7b4d4e32cbebd90e2782852abca3\"},\"breadcrumb\":{\"@id\":\"https:\/\/www.radiomanchester.com.br\/fm\/pelo-menos-36-pessoas-morreram-durante-incendio-em-hong-kong\/#breadcrumb\"},\"inLanguage\":\"pt-BR\",\"potentialAction\":[{\"@type\":\"ReadAction\",\"target\":[\"https:\/\/www.radiomanchester.com.br\/fm\/pelo-menos-36-pessoas-morreram-durante-incendio-em-hong-kong\/\"]}]},{\"@type\":\"BreadcrumbList\",\"@id\":\"https:\/\/www.radiomanchester.com.br\/fm\/pelo-menos-36-pessoas-morreram-durante-incendio-em-hong-kong\/#breadcrumb\",\"itemListElement\":[{\"@type\":\"ListItem\",\"position\":1,\"name\":\"Home\",\"item\":\"https:\/\/www.radiomanchester.com.br\/fm\/\"},{\"@type\":\"ListItem\",\"position\":2,\"name\":\"Pelo menos 36 pessoas morreram durante inc\u00eandio em Hong Kong\"}]},{\"@type\":\"Person\",\"@id\":\"https:\/\/www.radiomanchester.com.br\/fm\/#\/schema\/person\/408a7b4d4e32cbebd90e2782852abca3\",\"name\":\"admin\",\"image\":{\"@type\":\"ImageObject\",\"@id\":\"https:\/\/www.radiomanchester.com.br\/fm\/#personlogo\",\"inLanguage\":\"pt-BR\",\"url\":\"https:\/\/secure.gravatar.com\/avatar\/115a974dba3376872eb3addeb276301c?s=96&d=mm&r=g\",\"contentUrl\":\"https:\/\/secure.gravatar.com\/avatar\/115a974dba3376872eb3addeb276301c?s=96&d=mm&r=g\",\"caption\":\"admin\"},\"url\":\"https:\/\/www.radiomanchester.com.br\/fm\/author\/admin\/\"}]}<\/script>\n<!-- \/ Yoast SEO plugin. -->","yoast_head_json":{"title":"Pelo menos 36 pessoas morreram durante inc\u00eandio em Hong Kong - Manchester FM 93,3","robots":{"index":"index","follow":"follow","max-snippet":"max-snippet:-1","max-image-preview":"max-image-preview:large","max-video-preview":"max-video-preview:-1"},"canonical":"https:\/\/www.radiomanchester.com.br\/fm\/pelo-menos-36-pessoas-morreram-durante-incendio-em-hong-kong\/","og_locale":"pt_BR","og_type":"article","og_title":"Pelo menos 36 pessoas morreram durante inc\u00eandio em Hong Kong - Manchester FM 93,3","og_description":"Centenas de pessoas est\u00e3o desaparecidas Pelo menos 36 pessoas morreram e 279 estavam desaparecidas nesta quarta-feira (26\/11) depois que o inc\u00eandio mais mortal em tr\u00eas d\u00e9cadas em Hong Kong devastou torres residenciais revestidas com andaimes de bambu inflam\u00e1veis, segundo autoridades. Mais de 10 horas ap\u00f3s o in\u00edcio do inc\u00eandio no distrito de Tai Po, ao [&hellip;]","og_url":"https:\/\/www.radiomanchester.com.br\/fm\/pelo-menos-36-pessoas-morreram-durante-incendio-em-hong-kong\/","og_site_name":"Manchester FM 93,3","article_published_time":"2025-11-27T00:17:14+00:00","article_modified_time":"2025-11-27T00:17:17+00:00","twitter_card":"summary_large_image","twitter_misc":{"Escrito por":"admin","Est. tempo de leitura":"1 minuto"},"schema":{"@context":"https:\/\/schema.org","@graph":[{"@type":"WebSite","@id":"https:\/\/www.radiomanchester.com.br\/fm\/#website","url":"https:\/\/www.radiomanchester.com.br\/fm\/","name":"Manchester FM 93,3","description":"Todo Mundo Ouve!","potentialAction":[{"@type":"SearchAction","target":{"@type":"EntryPoint","urlTemplate":"https:\/\/www.radiomanchester.com.br\/fm\/?s={search_term_string}"},"query-input":"required name=search_term_string"}],"inLanguage":"pt-BR"},{"@type":"WebPage","@id":"https:\/\/www.radiomanchester.com.br\/fm\/pelo-menos-36-pessoas-morreram-durante-incendio-em-hong-kong\/#webpage","url":"https:\/\/www.radiomanchester.com.br\/fm\/pelo-menos-36-pessoas-morreram-durante-incendio-em-hong-kong\/","name":"Pelo menos 36 pessoas morreram durante inc\u00eandio em Hong Kong - Manchester FM 93,3","isPartOf":{"@id":"https:\/\/www.radiomanchester.com.br\/fm\/#website"},"datePublished":"2025-11-27T00:17:14+00:00","dateModified":"2025-11-27T00:17:17+00:00","author":{"@id":"https:\/\/www.radiomanchester.com.br\/fm\/#\/schema\/person\/408a7b4d4e32cbebd90e2782852abca3"},"breadcrumb":{"@id":"https:\/\/www.radiomanchester.com.br\/fm\/pelo-menos-36-pessoas-morreram-durante-incendio-em-hong-kong\/#breadcrumb"},"inLanguage":"pt-BR","potentialAction":[{"@type":"ReadAction","target":["https:\/\/www.radiomanchester.com.br\/fm\/pelo-menos-36-pessoas-morreram-durante-incendio-em-hong-kong\/"]}]},{"@type":"BreadcrumbList","@id":"https:\/\/www.radiomanchester.com.br\/fm\/pelo-menos-36-pessoas-morreram-durante-incendio-em-hong-kong\/#breadcrumb","itemListElement":[{"@type":"ListItem","position":1,"name":"Home","item":"https:\/\/www.radiomanchester.com.br\/fm\/"},{"@type":"ListItem","position":2,"name":"Pelo menos 36 pessoas morreram durante inc\u00eandio em Hong Kong"}]},{"@type":"Person","@id":"https:\/\/www.radiomanchester.com.br\/fm\/#\/schema\/person\/408a7b4d4e32cbebd90e2782852abca3","name":"admin","image":{"@type":"ImageObject","@id":"https:\/\/www.radiomanchester.com.br\/fm\/#personlogo","inLanguage":"pt-BR","url":"https:\/\/secure.gravatar.com\/avatar\/115a974dba3376872eb3addeb276301c?s=96&d=mm&r=g","contentUrl":"https:\/\/secure.gravatar.com\/avatar\/115a974dba3376872eb3addeb276301c?s=96&d=mm&r=g","caption":"admin"},"url":"https:\/\/www.radiomanchester.com.br\/fm\/author\/admin\/"}]}},"_links":{"self":[{"href":"https:\/\/www.radiomanchester.com.br\/fm\/wp-json\/wp\/v2\/posts\/16908"}],"collection":[{"href":"https:\/\/www.radiomanchester.com.br\/fm\/wp-json\/wp\/v2\/posts"}],"about":[{"href":"https:\/\/www.radiomanchester.com.br\/fm\/wp-json\/wp\/v2\/types\/post"}],"author":[{"embeddable":true,"href":"https:\/\/www.radiomanchester.com.br\/fm\/wp-json\/wp\/v2\/users\/1"}],"replies":[{"embeddable":true,"href":"https:\/\/www.radiomanchester.com.br\/fm\/wp-json\/wp\/v2\/comments?post=16908"}],"version-history":[{"count":1,"href":"https:\/\/www.radiomanchester.com.br\/fm\/wp-json\/wp\/v2\/posts\/16908\/revisions"}],"predecessor-version":[{"id":16909,"href":"https:\/\/www.radiomanchester.com.br\/fm\/wp-json\/wp\/v2\/posts\/16908\/revisions\/16909"}],"wp:attachment":[{"href":"https:\/\/www.radiomanchester.com.br\/fm\/wp-json\/wp\/v2\/media?parent=16908"}],"wp:term":[{"taxonomy":"category","embeddable":true,"href":"https:\/\/www.radiomanchester.com.br\/fm\/wp-json\/wp\/v2\/categories?post=16908"},{"taxonomy":"post_tag","embeddable":true,"href":"https:\/\/www.radiomanchester.com.br\/fm\/wp-json\/wp\/v2\/tags?post=16908"}],"curies":[{"name":"wp","href":"https:\/\/api.w.org\/{rel}","templated":true}]}}