{"id":16914,"date":"2025-11-27T21:00:26","date_gmt":"2025-11-28T00:00:26","guid":{"rendered":"https:\/\/www.radiomanchester.com.br\/fm\/?p=16914"},"modified":"2025-11-27T21:00:28","modified_gmt":"2025-11-28T00:00:28","slug":"anapolis-recebe-mutirao-mais-justica-neste-sabado-29-com-servicos-gratuitos-para-a-populacao","status":"publish","type":"post","link":"https:\/\/www.radiomanchester.com.br\/fm\/anapolis-recebe-mutirao-mais-justica-neste-sabado-29-com-servicos-gratuitos-para-a-populacao\/","title":{"rendered":"An\u00e1polis recebe mutir\u00e3o \u201cMais Justi\u00e7a\u201d neste s\u00e1bado (29) com servi\u00e7os gratuitos para a popula\u00e7\u00e3o"},"content":{"rendered":"\n<p>A cidade de An\u00e1polis recebe neste s\u00e1bado (29\/11) o projeto Mais Justi\u00e7a, que levar\u00e1 \u00e0 popula\u00e7\u00e3o uma ampla estrutura de atendimentos gratuitos nas \u00e1reas jur\u00eddica, social, de sa\u00fade e cidadania. A a\u00e7\u00e3o ocorre das 8h \u00e0s 16h, na sede da Prefeitura, na Rua Capit\u00e3o Silv\u00e9rio, n\u00ba 1, reunindo diversos \u00f3rg\u00e3os p\u00fablicos para facilitar o acesso a servi\u00e7os essenciais.<\/p>\n\n\n\n<p>O evento \u00e9 promovido pelo Tribunal de Justi\u00e7a do Estado de Goi\u00e1s e coordenado pela 4\u00aa CEJUSC Regional da Comarca de An\u00e1polis, em parceria com a Prefeitura, o mutir\u00e3o busca aproximar o Judici\u00e1rio dos cidad\u00e3os. A iniciativa contar\u00e1 com apoio de secretarias municipais e institui\u00e7\u00f5es como Minist\u00e9rio P\u00fablico, Defensoria P\u00fablica, OAB An\u00e1polis, TRE-GO e INSS.<\/p>\n\n\n\n<p>Para participar, \u00e9 necess\u00e1rio levar documentos pessoais, como RG, CPF, certid\u00f5es, comprovante de endere\u00e7o e cart\u00e3o do SUS, que auxiliem no atendimento desejado.<\/p>\n\n\n\n<p><strong>Atendimentos jur\u00eddicos<br><\/strong>O p\u00fablico ter\u00e1 acesso a atendimentos de concilia\u00e7\u00e3o e media\u00e7\u00e3o, consultoria jur\u00eddica, regulariza\u00e7\u00e3o eleitoral, emiss\u00e3o de documentos e acordos extrajudiciais de d\u00e9bitos fiscais.<\/p>\n\n\n\n<p><strong>Sa\u00fade e assist\u00eancia<br><\/strong>Na \u00e1rea da sa\u00fade e assist\u00eancia social, ser\u00e3o oferecidos vacina\u00e7\u00e3o, testagem de ISTs, consultas, atendimentos odontol\u00f3gicos, aferi\u00e7\u00e3o de press\u00e3o e glicemia, al\u00e9m de a\u00e7\u00f5es do CRAS, CREAS e atualiza\u00e7\u00f5es do Cad\u00danico.<\/p>\n\n\n\n<p><strong>Outros atendimentos<br><\/strong>O evento tamb\u00e9m reunir\u00e1 servi\u00e7os do Vapt Vupt, como emiss\u00e3o de segunda via de boletos, passe livre para idosos e pessoas com defici\u00eancia, recadastramento de aposentados e pensionistas e agendamentos. Outras a\u00e7\u00f5es incluem orienta\u00e7\u00f5es da Coordenadoria da Mulher do TJGO e atendimentos do Programa Entrega Legal, da Coordenadoria da Inf\u00e2ncia\u00a0e\u00a0Juventude.<\/p>\n","protected":false},"excerpt":{"rendered":"<p class=\"excerpt\">A cidade de An\u00e1polis recebe neste s\u00e1bado (29\/11) o projeto Mais Justi\u00e7a, que levar\u00e1 \u00e0 popula\u00e7\u00e3o uma ampla estrutura de atendimentos gratuitos nas \u00e1reas jur\u00eddica, social, de sa\u00fade e cidadania. A a\u00e7\u00e3o ocorre das 8h \u00e0s 16h, na sede da Prefeitura, na Rua Capit\u00e3o Silv\u00e9rio, n\u00ba 1, reunindo diversos \u00f3rg\u00e3os p\u00fablicos para facilitar o acesso [&hellip;]<\/p>\n","protected":false},"author":1,"featured_media":0,"comment_status":"open","ping_status":"open","sticky":false,"template":"","format":"standard","meta":[],"categories":[8,17],"tags":[22,24,113,83,129,92],"yoast_head":"<!-- This site is optimized with the Yoast SEO plugin v18.3 - https:\/\/yoast.com\/wordpress\/plugins\/seo\/ -->\n<title>An\u00e1polis recebe mutir\u00e3o \u201cMais Justi\u00e7a\u201d neste s\u00e1bado (29) com servi\u00e7os gratuitos para a popula\u00e7\u00e3o - Manchester FM 93,3<\/title>\n<meta name=\"robots\" content=\"index, follow, max-snippet:-1, max-image-preview:large, max-video-preview:-1\" \/>\n<link rel=\"canonical\" href=\"https:\/\/www.radiomanchester.com.br\/fm\/anapolis-recebe-mutirao-mais-justica-neste-sabado-29-com-servicos-gratuitos-para-a-populacao\/\" \/>\n<meta property=\"og:locale\" content=\"pt_BR\" \/>\n<meta property=\"og:type\" content=\"article\" \/>\n<meta property=\"og:title\" content=\"An\u00e1polis recebe mutir\u00e3o \u201cMais Justi\u00e7a\u201d neste s\u00e1bado (29) com servi\u00e7os gratuitos para a popula\u00e7\u00e3o - Manchester FM 93,3\" \/>\n<meta property=\"og:description\" content=\"A cidade de An\u00e1polis recebe neste s\u00e1bado (29\/11) o projeto Mais Justi\u00e7a, que levar\u00e1 \u00e0 popula\u00e7\u00e3o uma ampla estrutura de atendimentos gratuitos nas \u00e1reas jur\u00eddica, social, de sa\u00fade e cidadania. A a\u00e7\u00e3o ocorre das 8h \u00e0s 16h, na sede da Prefeitura, na Rua Capit\u00e3o Silv\u00e9rio, n\u00ba 1, reunindo diversos \u00f3rg\u00e3os p\u00fablicos para facilitar o acesso [&hellip;]\" \/>\n<meta property=\"og:url\" content=\"https:\/\/www.radiomanchester.com.br\/fm\/anapolis-recebe-mutirao-mais-justica-neste-sabado-29-com-servicos-gratuitos-para-a-populacao\/\" \/>\n<meta property=\"og:site_name\" content=\"Manchester FM 93,3\" \/>\n<meta property=\"article:published_time\" content=\"2025-11-28T00:00:26+00:00\" \/>\n<meta property=\"article:modified_time\" content=\"2025-11-28T00:00:28+00:00\" \/>\n<meta name=\"twitter:card\" content=\"summary_large_image\" \/>\n<meta name=\"twitter:label1\" content=\"Escrito por\" \/>\n\t<meta name=\"twitter:data1\" content=\"admin\" \/>\n\t<meta name=\"twitter:label2\" content=\"Est. tempo de leitura\" \/>\n\t<meta name=\"twitter:data2\" content=\"2 minutos\" \/>\n<script type=\"application\/ld+json\" class=\"yoast-schema-graph\">{\"@context\":\"https:\/\/schema.org\",\"@graph\":[{\"@type\":\"WebSite\",\"@id\":\"https:\/\/www.radiomanchester.com.br\/fm\/#website\",\"url\":\"https:\/\/www.radiomanchester.com.br\/fm\/\",\"name\":\"Manchester FM 93,3\",\"description\":\"Todo Mundo Ouve!\",\"potentialAction\":[{\"@type\":\"SearchAction\",\"target\":{\"@type\":\"EntryPoint\",\"urlTemplate\":\"https:\/\/www.radiomanchester.com.br\/fm\/?s={search_term_string}\"},\"query-input\":\"required name=search_term_string\"}],\"inLanguage\":\"pt-BR\"},{\"@type\":\"WebPage\",\"@id\":\"https:\/\/www.radiomanchester.com.br\/fm\/anapolis-recebe-mutirao-mais-justica-neste-sabado-29-com-servicos-gratuitos-para-a-populacao\/#webpage\",\"url\":\"https:\/\/www.radiomanchester.com.br\/fm\/anapolis-recebe-mutirao-mais-justica-neste-sabado-29-com-servicos-gratuitos-para-a-populacao\/\",\"name\":\"An\u00e1polis recebe mutir\u00e3o \u201cMais Justi\u00e7a\u201d neste s\u00e1bado (29) com servi\u00e7os gratuitos para a popula\u00e7\u00e3o - Manchester FM 93,3\",\"isPartOf\":{\"@id\":\"https:\/\/www.radiomanchester.com.br\/fm\/#website\"},\"datePublished\":\"2025-11-28T00:00:26+00:00\",\"dateModified\":\"2025-11-28T00:00:28+00:00\",\"author\":{\"@id\":\"https:\/\/www.radiomanchester.com.br\/fm\/#\/schema\/person\/408a7b4d4e32cbebd90e2782852abca3\"},\"breadcrumb\":{\"@id\":\"https:\/\/www.radiomanchester.com.br\/fm\/anapolis-recebe-mutirao-mais-justica-neste-sabado-29-com-servicos-gratuitos-para-a-populacao\/#breadcrumb\"},\"inLanguage\":\"pt-BR\",\"potentialAction\":[{\"@type\":\"ReadAction\",\"target\":[\"https:\/\/www.radiomanchester.com.br\/fm\/anapolis-recebe-mutirao-mais-justica-neste-sabado-29-com-servicos-gratuitos-para-a-populacao\/\"]}]},{\"@type\":\"BreadcrumbList\",\"@id\":\"https:\/\/www.radiomanchester.com.br\/fm\/anapolis-recebe-mutirao-mais-justica-neste-sabado-29-com-servicos-gratuitos-para-a-populacao\/#breadcrumb\",\"itemListElement\":[{\"@type\":\"ListItem\",\"position\":1,\"name\":\"Home\",\"item\":\"https:\/\/www.radiomanchester.com.br\/fm\/\"},{\"@type\":\"ListItem\",\"position\":2,\"name\":\"An\u00e1polis recebe mutir\u00e3o \u201cMais Justi\u00e7a\u201d neste s\u00e1bado (29) com servi\u00e7os gratuitos para a popula\u00e7\u00e3o\"}]},{\"@type\":\"Person\",\"@id\":\"https:\/\/www.radiomanchester.com.br\/fm\/#\/schema\/person\/408a7b4d4e32cbebd90e2782852abca3\",\"name\":\"admin\",\"image\":{\"@type\":\"ImageObject\",\"@id\":\"https:\/\/www.radiomanchester.com.br\/fm\/#personlogo\",\"inLanguage\":\"pt-BR\",\"url\":\"https:\/\/secure.gravatar.com\/avatar\/115a974dba3376872eb3addeb276301c?s=96&d=mm&r=g\",\"contentUrl\":\"https:\/\/secure.gravatar.com\/avatar\/115a974dba3376872eb3addeb276301c?s=96&d=mm&r=g\",\"caption\":\"admin\"},\"url\":\"https:\/\/www.radiomanchester.com.br\/fm\/author\/admin\/\"}]}<\/script>\n<!-- \/ Yoast SEO plugin. -->","yoast_head_json":{"title":"An\u00e1polis recebe mutir\u00e3o \u201cMais Justi\u00e7a\u201d neste s\u00e1bado (29) com servi\u00e7os gratuitos para a popula\u00e7\u00e3o - Manchester FM 93,3","robots":{"index":"index","follow":"follow","max-snippet":"max-snippet:-1","max-image-preview":"max-image-preview:large","max-video-preview":"max-video-preview:-1"},"canonical":"https:\/\/www.radiomanchester.com.br\/fm\/anapolis-recebe-mutirao-mais-justica-neste-sabado-29-com-servicos-gratuitos-para-a-populacao\/","og_locale":"pt_BR","og_type":"article","og_title":"An\u00e1polis recebe mutir\u00e3o \u201cMais Justi\u00e7a\u201d neste s\u00e1bado (29) com servi\u00e7os gratuitos para a popula\u00e7\u00e3o - Manchester FM 93,3","og_description":"A cidade de An\u00e1polis recebe neste s\u00e1bado (29\/11) o projeto Mais Justi\u00e7a, que levar\u00e1 \u00e0 popula\u00e7\u00e3o uma ampla estrutura de atendimentos gratuitos nas \u00e1reas jur\u00eddica, social, de sa\u00fade e cidadania. A a\u00e7\u00e3o ocorre das 8h \u00e0s 16h, na sede da Prefeitura, na Rua Capit\u00e3o Silv\u00e9rio, n\u00ba 1, reunindo diversos \u00f3rg\u00e3os p\u00fablicos para facilitar o acesso [&hellip;]","og_url":"https:\/\/www.radiomanchester.com.br\/fm\/anapolis-recebe-mutirao-mais-justica-neste-sabado-29-com-servicos-gratuitos-para-a-populacao\/","og_site_name":"Manchester FM 93,3","article_published_time":"2025-11-28T00:00:26+00:00","article_modified_time":"2025-11-28T00:00:28+00:00","twitter_card":"summary_large_image","twitter_misc":{"Escrito por":"admin","Est. tempo de leitura":"2 minutos"},"schema":{"@context":"https:\/\/schema.org","@graph":[{"@type":"WebSite","@id":"https:\/\/www.radiomanchester.com.br\/fm\/#website","url":"https:\/\/www.radiomanchester.com.br\/fm\/","name":"Manchester FM 93,3","description":"Todo Mundo Ouve!","potentialAction":[{"@type":"SearchAction","target":{"@type":"EntryPoint","urlTemplate":"https:\/\/www.radiomanchester.com.br\/fm\/?s={search_term_string}"},"query-input":"required name=search_term_string"}],"inLanguage":"pt-BR"},{"@type":"WebPage","@id":"https:\/\/www.radiomanchester.com.br\/fm\/anapolis-recebe-mutirao-mais-justica-neste-sabado-29-com-servicos-gratuitos-para-a-populacao\/#webpage","url":"https:\/\/www.radiomanchester.com.br\/fm\/anapolis-recebe-mutirao-mais-justica-neste-sabado-29-com-servicos-gratuitos-para-a-populacao\/","name":"An\u00e1polis recebe mutir\u00e3o \u201cMais Justi\u00e7a\u201d neste s\u00e1bado (29) com servi\u00e7os gratuitos para a popula\u00e7\u00e3o - Manchester FM 93,3","isPartOf":{"@id":"https:\/\/www.radiomanchester.com.br\/fm\/#website"},"datePublished":"2025-11-28T00:00:26+00:00","dateModified":"2025-11-28T00:00:28+00:00","author":{"@id":"https:\/\/www.radiomanchester.com.br\/fm\/#\/schema\/person\/408a7b4d4e32cbebd90e2782852abca3"},"breadcrumb":{"@id":"https:\/\/www.radiomanchester.com.br\/fm\/anapolis-recebe-mutirao-mais-justica-neste-sabado-29-com-servicos-gratuitos-para-a-populacao\/#breadcrumb"},"inLanguage":"pt-BR","potentialAction":[{"@type":"ReadAction","target":["https:\/\/www.radiomanchester.com.br\/fm\/anapolis-recebe-mutirao-mais-justica-neste-sabado-29-com-servicos-gratuitos-para-a-populacao\/"]}]},{"@type":"BreadcrumbList","@id":"https:\/\/www.radiomanchester.com.br\/fm\/anapolis-recebe-mutirao-mais-justica-neste-sabado-29-com-servicos-gratuitos-para-a-populacao\/#breadcrumb","itemListElement":[{"@type":"ListItem","position":1,"name":"Home","item":"https:\/\/www.radiomanchester.com.br\/fm\/"},{"@type":"ListItem","position":2,"name":"An\u00e1polis recebe mutir\u00e3o \u201cMais Justi\u00e7a\u201d neste s\u00e1bado (29) com servi\u00e7os gratuitos para a popula\u00e7\u00e3o"}]},{"@type":"Person","@id":"https:\/\/www.radiomanchester.com.br\/fm\/#\/schema\/person\/408a7b4d4e32cbebd90e2782852abca3","name":"admin","image":{"@type":"ImageObject","@id":"https:\/\/www.radiomanchester.com.br\/fm\/#personlogo","inLanguage":"pt-BR","url":"https:\/\/secure.gravatar.com\/avatar\/115a974dba3376872eb3addeb276301c?s=96&d=mm&r=g","contentUrl":"https:\/\/secure.gravatar.com\/avatar\/115a974dba3376872eb3addeb276301c?s=96&d=mm&r=g","caption":"admin"},"url":"https:\/\/www.radiomanchester.com.br\/fm\/author\/admin\/"}]}},"_links":{"self":[{"href":"https:\/\/www.radiomanchester.com.br\/fm\/wp-json\/wp\/v2\/posts\/16914"}],"collection":[{"href":"https:\/\/www.radiomanchester.com.br\/fm\/wp-json\/wp\/v2\/posts"}],"about":[{"href":"https:\/\/www.radiomanchester.com.br\/fm\/wp-json\/wp\/v2\/types\/post"}],"author":[{"embeddable":true,"href":"https:\/\/www.radiomanchester.com.br\/fm\/wp-json\/wp\/v2\/users\/1"}],"replies":[{"embeddable":true,"href":"https:\/\/www.radiomanchester.com.br\/fm\/wp-json\/wp\/v2\/comments?post=16914"}],"version-history":[{"count":1,"href":"https:\/\/www.radiomanchester.com.br\/fm\/wp-json\/wp\/v2\/posts\/16914\/revisions"}],"predecessor-version":[{"id":16915,"href":"https:\/\/www.radiomanchester.com.br\/fm\/wp-json\/wp\/v2\/posts\/16914\/revisions\/16915"}],"wp:attachment":[{"href":"https:\/\/www.radiomanchester.com.br\/fm\/wp-json\/wp\/v2\/media?parent=16914"}],"wp:term":[{"taxonomy":"category","embeddable":true,"href":"https:\/\/www.radiomanchester.com.br\/fm\/wp-json\/wp\/v2\/categories?post=16914"},{"taxonomy":"post_tag","embeddable":true,"href":"https:\/\/www.radiomanchester.com.br\/fm\/wp-json\/wp\/v2\/tags?post=16914"}],"curies":[{"name":"wp","href":"https:\/\/api.w.org\/{rel}","templated":true}]}}