{"id":16916,"date":"2025-11-28T07:00:00","date_gmt":"2025-11-28T10:00:00","guid":{"rendered":"https:\/\/www.radiomanchester.com.br\/fm\/?p=16916"},"modified":"2025-11-27T21:15:16","modified_gmt":"2025-11-28T00:15:16","slug":"fiscalizacao-diaria-da-cmtt-no-trevo-do-recanto-do-sol-melhora-fluxo-e-reforca-seguranca-dos-motoristas","status":"publish","type":"post","link":"https:\/\/www.radiomanchester.com.br\/fm\/fiscalizacao-diaria-da-cmtt-no-trevo-do-recanto-do-sol-melhora-fluxo-e-reforca-seguranca-dos-motoristas\/","title":{"rendered":"Fiscaliza\u00e7\u00e3o di\u00e1ria da CMTT no trevo do Recanto do Sol melhora fluxo e refor\u00e7a seguran\u00e7a dos motoristas"},"content":{"rendered":"\n<p>A mobilidade no trevo do Recanto do Sol, historicamente marcado por congestionamentos e conflitos de tr\u00e1fego, tem passado por mudan\u00e7as significativas desde o in\u00edcio da atual gest\u00e3o. Sob determina\u00e7\u00e3o do prefeito Marcio Corr\u00eaa, a Companhia Municipal de Tr\u00e2nsito e Transportes (CMTT) realiza diariamente, nas primeiras horas da manh\u00e3, uma fiscaliza\u00e7\u00e3o intensa no local, medida que reduziu de forma expressiva os transtornos enfrentados pelos motoristas que utilizam a via no hor\u00e1rio de pico.<\/p>\n\n\n\n<p>A presen\u00e7a constante dos agentes garante organiza\u00e7\u00e3o no fluxo, orienta\u00e7\u00e3o aos condutores e interven\u00e7\u00e3o imediata em situa\u00e7\u00f5es que poderiam gerar reten\u00e7\u00f5es ou riscos de acidente. A a\u00e7\u00e3o di\u00e1ria tamb\u00e9m tem refor\u00e7ado a necessidade de que todos sigam as sinaliza\u00e7\u00f5es tempor\u00e1rias e definitivas, fundamentais para manter a seguran\u00e7a de quem circula pelo trecho.<\/p>\n\n\n\n<p>Al\u00e9m da fiscaliza\u00e7\u00e3o, a CMTT vem atuando ao longo do dia em conjunto com a Secretaria Municipal de Obras, que realiza uma importante interven\u00e7\u00e3o estruturante no trevo. As melhorias em execu\u00e7\u00e3o t\u00eam como objetivo ampliar a capacidade de circula\u00e7\u00e3o e eliminar gargalos que, por anos, causaram lentid\u00e3o e transtornos na regi\u00e3o. Enquanto as obras avan\u00e7am, o apoio da equipe de tr\u00e2nsito tem sido essencial para garantir que o tr\u00e1fego flua de maneira mais segura e organizada.<\/p>\n\n\n\n<p>\u201cH\u00e1 locais da cidade que deixaram de funcionar do jeito correto por muito tempo. Quando isso afeta a rotina das pessoas, a Prefeitura precisa agir. E a nossa determina\u00e7\u00e3o e prioridade \u00e9 enfrentar esses pontos e reorganizar o tr\u00e2nsito onde houver necessidade\u201d, explicou o prefeito M\u00e1rcio Corr\u00eaa.<\/p>\n\n\n\n<p>De acordo com a CMTT, o trabalho integrado entre fiscaliza\u00e7\u00e3o e obras tem permitido resultados r\u00e1pidos e percept\u00edveis para a popula\u00e7\u00e3o. Essa \u00e9 uma das medidas que fazem parte do compromisso assumido pelo prefeito Marcio Corr\u00eaa de solucionar pontos cr\u00edticos do tr\u00e2nsito da cidade, melhorando a fluidez e priorizando a seguran\u00e7a vi\u00e1ria.<\/p>\n\n\n\n<p>A Prefeitura refor\u00e7a ainda que a colabora\u00e7\u00e3o dos motoristas \u00e9 indispens\u00e1vel. Respeitar a sinaliza\u00e7\u00e3o, reduzir a velocidade e seguir as orienta\u00e7\u00f5es dos agentes s\u00e3o atitudes que evitam acidentes e contribuem para que o tr\u00e2nsito funcione da melhor forma poss\u00edvel enquanto as interven\u00e7\u00f5es&nbsp;continuam.<\/p>\n","protected":false},"excerpt":{"rendered":"<p class=\"excerpt\">A mobilidade no trevo do Recanto do Sol, historicamente marcado por congestionamentos e conflitos de tr\u00e1fego, tem passado por mudan\u00e7as significativas desde o in\u00edcio da atual gest\u00e3o. Sob determina\u00e7\u00e3o do prefeito Marcio Corr\u00eaa, a Companhia Municipal de Tr\u00e2nsito e Transportes (CMTT) realiza diariamente, nas primeiras horas da manh\u00e3, uma fiscaliza\u00e7\u00e3o intensa no local, medida que [&hellip;]<\/p>\n","protected":false},"author":1,"featured_media":0,"comment_status":"open","ping_status":"open","sticky":false,"template":"","format":"standard","meta":[],"categories":[8,17],"tags":[22,24,113,83,129,92],"yoast_head":"<!-- This site is optimized with the Yoast SEO plugin v18.3 - https:\/\/yoast.com\/wordpress\/plugins\/seo\/ -->\n<title>Fiscaliza\u00e7\u00e3o di\u00e1ria da CMTT no trevo do Recanto do Sol melhora fluxo e refor\u00e7a seguran\u00e7a dos motoristas - Manchester FM 93,3<\/title>\n<meta name=\"robots\" content=\"index, follow, max-snippet:-1, max-image-preview:large, max-video-preview:-1\" \/>\n<link rel=\"canonical\" href=\"https:\/\/www.radiomanchester.com.br\/fm\/fiscalizacao-diaria-da-cmtt-no-trevo-do-recanto-do-sol-melhora-fluxo-e-reforca-seguranca-dos-motoristas\/\" \/>\n<meta property=\"og:locale\" content=\"pt_BR\" \/>\n<meta property=\"og:type\" content=\"article\" \/>\n<meta property=\"og:title\" content=\"Fiscaliza\u00e7\u00e3o di\u00e1ria da CMTT no trevo do Recanto do Sol melhora fluxo e refor\u00e7a seguran\u00e7a dos motoristas - Manchester FM 93,3\" \/>\n<meta property=\"og:description\" content=\"A mobilidade no trevo do Recanto do Sol, historicamente marcado por congestionamentos e conflitos de tr\u00e1fego, tem passado por mudan\u00e7as significativas desde o in\u00edcio da atual gest\u00e3o. Sob determina\u00e7\u00e3o do prefeito Marcio Corr\u00eaa, a Companhia Municipal de Tr\u00e2nsito e Transportes (CMTT) realiza diariamente, nas primeiras horas da manh\u00e3, uma fiscaliza\u00e7\u00e3o intensa no local, medida que [&hellip;]\" \/>\n<meta property=\"og:url\" content=\"https:\/\/www.radiomanchester.com.br\/fm\/fiscalizacao-diaria-da-cmtt-no-trevo-do-recanto-do-sol-melhora-fluxo-e-reforca-seguranca-dos-motoristas\/\" \/>\n<meta property=\"og:site_name\" content=\"Manchester FM 93,3\" \/>\n<meta property=\"article:published_time\" content=\"2025-11-28T10:00:00+00:00\" \/>\n<meta property=\"article:modified_time\" content=\"2025-11-28T00:15:16+00:00\" \/>\n<meta name=\"twitter:card\" content=\"summary_large_image\" \/>\n<meta name=\"twitter:label1\" content=\"Escrito por\" \/>\n\t<meta name=\"twitter:data1\" content=\"admin\" \/>\n\t<meta name=\"twitter:label2\" content=\"Est. tempo de leitura\" \/>\n\t<meta name=\"twitter:data2\" content=\"2 minutos\" \/>\n<script type=\"application\/ld+json\" class=\"yoast-schema-graph\">{\"@context\":\"https:\/\/schema.org\",\"@graph\":[{\"@type\":\"WebSite\",\"@id\":\"https:\/\/www.radiomanchester.com.br\/fm\/#website\",\"url\":\"https:\/\/www.radiomanchester.com.br\/fm\/\",\"name\":\"Manchester FM 93,3\",\"description\":\"Todo Mundo Ouve!\",\"potentialAction\":[{\"@type\":\"SearchAction\",\"target\":{\"@type\":\"EntryPoint\",\"urlTemplate\":\"https:\/\/www.radiomanchester.com.br\/fm\/?s={search_term_string}\"},\"query-input\":\"required name=search_term_string\"}],\"inLanguage\":\"pt-BR\"},{\"@type\":\"WebPage\",\"@id\":\"https:\/\/www.radiomanchester.com.br\/fm\/fiscalizacao-diaria-da-cmtt-no-trevo-do-recanto-do-sol-melhora-fluxo-e-reforca-seguranca-dos-motoristas\/#webpage\",\"url\":\"https:\/\/www.radiomanchester.com.br\/fm\/fiscalizacao-diaria-da-cmtt-no-trevo-do-recanto-do-sol-melhora-fluxo-e-reforca-seguranca-dos-motoristas\/\",\"name\":\"Fiscaliza\u00e7\u00e3o di\u00e1ria da CMTT no trevo do Recanto do Sol melhora fluxo e refor\u00e7a seguran\u00e7a dos motoristas - Manchester FM 93,3\",\"isPartOf\":{\"@id\":\"https:\/\/www.radiomanchester.com.br\/fm\/#website\"},\"datePublished\":\"2025-11-28T10:00:00+00:00\",\"dateModified\":\"2025-11-28T00:15:16+00:00\",\"author\":{\"@id\":\"https:\/\/www.radiomanchester.com.br\/fm\/#\/schema\/person\/408a7b4d4e32cbebd90e2782852abca3\"},\"breadcrumb\":{\"@id\":\"https:\/\/www.radiomanchester.com.br\/fm\/fiscalizacao-diaria-da-cmtt-no-trevo-do-recanto-do-sol-melhora-fluxo-e-reforca-seguranca-dos-motoristas\/#breadcrumb\"},\"inLanguage\":\"pt-BR\",\"potentialAction\":[{\"@type\":\"ReadAction\",\"target\":[\"https:\/\/www.radiomanchester.com.br\/fm\/fiscalizacao-diaria-da-cmtt-no-trevo-do-recanto-do-sol-melhora-fluxo-e-reforca-seguranca-dos-motoristas\/\"]}]},{\"@type\":\"BreadcrumbList\",\"@id\":\"https:\/\/www.radiomanchester.com.br\/fm\/fiscalizacao-diaria-da-cmtt-no-trevo-do-recanto-do-sol-melhora-fluxo-e-reforca-seguranca-dos-motoristas\/#breadcrumb\",\"itemListElement\":[{\"@type\":\"ListItem\",\"position\":1,\"name\":\"Home\",\"item\":\"https:\/\/www.radiomanchester.com.br\/fm\/\"},{\"@type\":\"ListItem\",\"position\":2,\"name\":\"Fiscaliza\u00e7\u00e3o di\u00e1ria da CMTT no trevo do Recanto do Sol melhora fluxo e refor\u00e7a seguran\u00e7a dos motoristas\"}]},{\"@type\":\"Person\",\"@id\":\"https:\/\/www.radiomanchester.com.br\/fm\/#\/schema\/person\/408a7b4d4e32cbebd90e2782852abca3\",\"name\":\"admin\",\"image\":{\"@type\":\"ImageObject\",\"@id\":\"https:\/\/www.radiomanchester.com.br\/fm\/#personlogo\",\"inLanguage\":\"pt-BR\",\"url\":\"https:\/\/secure.gravatar.com\/avatar\/115a974dba3376872eb3addeb276301c?s=96&d=mm&r=g\",\"contentUrl\":\"https:\/\/secure.gravatar.com\/avatar\/115a974dba3376872eb3addeb276301c?s=96&d=mm&r=g\",\"caption\":\"admin\"},\"url\":\"https:\/\/www.radiomanchester.com.br\/fm\/author\/admin\/\"}]}<\/script>\n<!-- \/ Yoast SEO plugin. -->","yoast_head_json":{"title":"Fiscaliza\u00e7\u00e3o di\u00e1ria da CMTT no trevo do Recanto do Sol melhora fluxo e refor\u00e7a seguran\u00e7a dos motoristas - Manchester FM 93,3","robots":{"index":"index","follow":"follow","max-snippet":"max-snippet:-1","max-image-preview":"max-image-preview:large","max-video-preview":"max-video-preview:-1"},"canonical":"https:\/\/www.radiomanchester.com.br\/fm\/fiscalizacao-diaria-da-cmtt-no-trevo-do-recanto-do-sol-melhora-fluxo-e-reforca-seguranca-dos-motoristas\/","og_locale":"pt_BR","og_type":"article","og_title":"Fiscaliza\u00e7\u00e3o di\u00e1ria da CMTT no trevo do Recanto do Sol melhora fluxo e refor\u00e7a seguran\u00e7a dos motoristas - Manchester FM 93,3","og_description":"A mobilidade no trevo do Recanto do Sol, historicamente marcado por congestionamentos e conflitos de tr\u00e1fego, tem passado por mudan\u00e7as significativas desde o in\u00edcio da atual gest\u00e3o. Sob determina\u00e7\u00e3o do prefeito Marcio Corr\u00eaa, a Companhia Municipal de Tr\u00e2nsito e Transportes (CMTT) realiza diariamente, nas primeiras horas da manh\u00e3, uma fiscaliza\u00e7\u00e3o intensa no local, medida que [&hellip;]","og_url":"https:\/\/www.radiomanchester.com.br\/fm\/fiscalizacao-diaria-da-cmtt-no-trevo-do-recanto-do-sol-melhora-fluxo-e-reforca-seguranca-dos-motoristas\/","og_site_name":"Manchester FM 93,3","article_published_time":"2025-11-28T10:00:00+00:00","article_modified_time":"2025-11-28T00:15:16+00:00","twitter_card":"summary_large_image","twitter_misc":{"Escrito por":"admin","Est. tempo de leitura":"2 minutos"},"schema":{"@context":"https:\/\/schema.org","@graph":[{"@type":"WebSite","@id":"https:\/\/www.radiomanchester.com.br\/fm\/#website","url":"https:\/\/www.radiomanchester.com.br\/fm\/","name":"Manchester FM 93,3","description":"Todo Mundo Ouve!","potentialAction":[{"@type":"SearchAction","target":{"@type":"EntryPoint","urlTemplate":"https:\/\/www.radiomanchester.com.br\/fm\/?s={search_term_string}"},"query-input":"required name=search_term_string"}],"inLanguage":"pt-BR"},{"@type":"WebPage","@id":"https:\/\/www.radiomanchester.com.br\/fm\/fiscalizacao-diaria-da-cmtt-no-trevo-do-recanto-do-sol-melhora-fluxo-e-reforca-seguranca-dos-motoristas\/#webpage","url":"https:\/\/www.radiomanchester.com.br\/fm\/fiscalizacao-diaria-da-cmtt-no-trevo-do-recanto-do-sol-melhora-fluxo-e-reforca-seguranca-dos-motoristas\/","name":"Fiscaliza\u00e7\u00e3o di\u00e1ria da CMTT no trevo do Recanto do Sol melhora fluxo e refor\u00e7a seguran\u00e7a dos motoristas - Manchester FM 93,3","isPartOf":{"@id":"https:\/\/www.radiomanchester.com.br\/fm\/#website"},"datePublished":"2025-11-28T10:00:00+00:00","dateModified":"2025-11-28T00:15:16+00:00","author":{"@id":"https:\/\/www.radiomanchester.com.br\/fm\/#\/schema\/person\/408a7b4d4e32cbebd90e2782852abca3"},"breadcrumb":{"@id":"https:\/\/www.radiomanchester.com.br\/fm\/fiscalizacao-diaria-da-cmtt-no-trevo-do-recanto-do-sol-melhora-fluxo-e-reforca-seguranca-dos-motoristas\/#breadcrumb"},"inLanguage":"pt-BR","potentialAction":[{"@type":"ReadAction","target":["https:\/\/www.radiomanchester.com.br\/fm\/fiscalizacao-diaria-da-cmtt-no-trevo-do-recanto-do-sol-melhora-fluxo-e-reforca-seguranca-dos-motoristas\/"]}]},{"@type":"BreadcrumbList","@id":"https:\/\/www.radiomanchester.com.br\/fm\/fiscalizacao-diaria-da-cmtt-no-trevo-do-recanto-do-sol-melhora-fluxo-e-reforca-seguranca-dos-motoristas\/#breadcrumb","itemListElement":[{"@type":"ListItem","position":1,"name":"Home","item":"https:\/\/www.radiomanchester.com.br\/fm\/"},{"@type":"ListItem","position":2,"name":"Fiscaliza\u00e7\u00e3o di\u00e1ria da CMTT no trevo do Recanto do Sol melhora fluxo e refor\u00e7a seguran\u00e7a dos motoristas"}]},{"@type":"Person","@id":"https:\/\/www.radiomanchester.com.br\/fm\/#\/schema\/person\/408a7b4d4e32cbebd90e2782852abca3","name":"admin","image":{"@type":"ImageObject","@id":"https:\/\/www.radiomanchester.com.br\/fm\/#personlogo","inLanguage":"pt-BR","url":"https:\/\/secure.gravatar.com\/avatar\/115a974dba3376872eb3addeb276301c?s=96&d=mm&r=g","contentUrl":"https:\/\/secure.gravatar.com\/avatar\/115a974dba3376872eb3addeb276301c?s=96&d=mm&r=g","caption":"admin"},"url":"https:\/\/www.radiomanchester.com.br\/fm\/author\/admin\/"}]}},"_links":{"self":[{"href":"https:\/\/www.radiomanchester.com.br\/fm\/wp-json\/wp\/v2\/posts\/16916"}],"collection":[{"href":"https:\/\/www.radiomanchester.com.br\/fm\/wp-json\/wp\/v2\/posts"}],"about":[{"href":"https:\/\/www.radiomanchester.com.br\/fm\/wp-json\/wp\/v2\/types\/post"}],"author":[{"embeddable":true,"href":"https:\/\/www.radiomanchester.com.br\/fm\/wp-json\/wp\/v2\/users\/1"}],"replies":[{"embeddable":true,"href":"https:\/\/www.radiomanchester.com.br\/fm\/wp-json\/wp\/v2\/comments?post=16916"}],"version-history":[{"count":1,"href":"https:\/\/www.radiomanchester.com.br\/fm\/wp-json\/wp\/v2\/posts\/16916\/revisions"}],"predecessor-version":[{"id":16917,"href":"https:\/\/www.radiomanchester.com.br\/fm\/wp-json\/wp\/v2\/posts\/16916\/revisions\/16917"}],"wp:attachment":[{"href":"https:\/\/www.radiomanchester.com.br\/fm\/wp-json\/wp\/v2\/media?parent=16916"}],"wp:term":[{"taxonomy":"category","embeddable":true,"href":"https:\/\/www.radiomanchester.com.br\/fm\/wp-json\/wp\/v2\/categories?post=16916"},{"taxonomy":"post_tag","embeddable":true,"href":"https:\/\/www.radiomanchester.com.br\/fm\/wp-json\/wp\/v2\/tags?post=16916"}],"curies":[{"name":"wp","href":"https:\/\/api.w.org\/{rel}","templated":true}]}}