{"id":16918,"date":"2025-11-29T08:30:00","date_gmt":"2025-11-29T11:30:00","guid":{"rendered":"https:\/\/www.radiomanchester.com.br\/fm\/?p=16918"},"modified":"2025-11-28T21:47:34","modified_gmt":"2025-11-29T00:47:34","slug":"idosos-de-anapolis-inauguram-exposicao-fotografica-assim-vejo-a-vida-na-camara-municipal","status":"publish","type":"post","link":"https:\/\/www.radiomanchester.com.br\/fm\/idosos-de-anapolis-inauguram-exposicao-fotografica-assim-vejo-a-vida-na-camara-municipal\/","title":{"rendered":"Idosos de An\u00e1polis inauguram exposi\u00e7\u00e3o fotogr\u00e1fica \u201cAssim vejo a vida\u201d na C\u00e2mara Municipal"},"content":{"rendered":"\n<p><\/p>\n\n\n\n<p>A C\u00e2mara Municipal de An\u00e1polis recebe, entre os dias 1\u00ba e 3 de dezembro, a exposi\u00e7\u00e3o fotogr\u00e1fica \u201cAssim vejo a vida\u201d, produzida pelos alunos do curso \u201cPrimeiro Foco \u2013 Um Olhar da Pessoa Idosa\u201d, idealizado e ministrado pela jornalista Ina\u00ea Ribeiro. A abertura oficial acontece no dia 1\u00ba de dezembro, \u00e0s 14h, com entrada gratuita e apoio do gabinete do vereador Professor Marcos Carvalho (PT).<\/p>\n\n\n\n<p>A mostra apresenta o resultado do trabalho realizado ao longo do curso, que reuniu idosos da cidade em uma jornada de descoberta, sensibilidade e reconex\u00e3o com suas pr\u00f3prias hist\u00f3rias. A fotografia foi utilizada como ferramenta de express\u00e3o pessoal, mem\u00f3ria e autonomia, estimulando os participantes a observarem o cotidiano com mais aten\u00e7\u00e3o e poesia.<\/p>\n\n\n\n<p>\u201cCada participante encontrou na c\u00e2mera uma forma de contar sua pr\u00f3pria narrativa. A exposi\u00e7\u00e3o \u00e9 sobre isso: devolver ao idoso o protagonismo do seu olhar, mostrando que nunca \u00e9 tarde para aprender, sentir e se reinventar. E estamos muito felizes com esse apoio do vereador Marcos, que sempre incentiva a\u00e7\u00f5es da cultura e comunidade\u201d, destaca Ina\u00ea Ribeiro, idealizadora do projeto.<\/p>\n\n\n\n<p>Entre os alunos, hist\u00f3rias emocionantes ajudam a traduzir o impacto da iniciativa. A artes\u00e3 Joana conta que, antes do curso, n\u00e3o sabia usar os recursos da c\u00e2mera e hoje j\u00e1 fotografa e divulga suas pe\u00e7as no Instagram com seguran\u00e7a. \u201cIsso transformou a forma como mostro meu trabalho. Descobri um novo mundo\u201d, relata.<\/p>\n\n\n\n<p>Al\u00e9m das produ\u00e7\u00f5es fotogr\u00e1ficas, a abertura contar\u00e1 com coquetel e homenagens. O projeto foi contemplado pelo Fundo Municipal de Cultura de An\u00e1polis \u2013 Edi\u00e7\u00e3o 2023\/2024 e tem o apoio da Secretaria Municipal de Cultura, do Centro de Conviv\u00eancia do Idoso (CCI), da Funda\u00e7\u00e3o Frei Jo\u00e3o Batista Vogel e do Gabinete do vereador Professor Marcos Carvalho<\/p>\n\n\n\n<p><strong>Servi\u00e7o \u2013 Exposi\u00e7\u00e3o \u201cAssim vejo a vida\u201d<br><\/strong>? 01 a 03 de dezembro<br>? 8h \u00e0s 18h<br>? C\u00e2mara Municipal de An\u00e1polis \u2013 Av. Jamel Cec\u00edlio, R. L 14, Qd. 50, Jundia\u00ed<br>? Entrada\u00a0gratuita<\/p>\n","protected":false},"excerpt":{"rendered":"<p class=\"excerpt\">A C\u00e2mara Municipal de An\u00e1polis recebe, entre os dias 1\u00ba e 3 de dezembro, a exposi\u00e7\u00e3o fotogr\u00e1fica \u201cAssim vejo a vida\u201d, produzida pelos alunos do curso \u201cPrimeiro Foco \u2013 Um Olhar da Pessoa Idosa\u201d, idealizado e ministrado pela jornalista Ina\u00ea Ribeiro. A abertura oficial acontece no dia 1\u00ba de dezembro, \u00e0s 14h, com entrada gratuita [&hellip;]<\/p>\n","protected":false},"author":1,"featured_media":0,"comment_status":"open","ping_status":"open","sticky":false,"template":"","format":"standard","meta":[],"categories":[8,17],"tags":[22,24,113,83,92],"yoast_head":"<!-- This site is optimized with the Yoast SEO plugin v18.3 - https:\/\/yoast.com\/wordpress\/plugins\/seo\/ -->\n<title>Idosos de An\u00e1polis inauguram exposi\u00e7\u00e3o fotogr\u00e1fica \u201cAssim vejo a vida\u201d na C\u00e2mara Municipal - Manchester FM 93,3<\/title>\n<meta name=\"robots\" content=\"index, follow, max-snippet:-1, max-image-preview:large, max-video-preview:-1\" \/>\n<link rel=\"canonical\" href=\"https:\/\/www.radiomanchester.com.br\/fm\/idosos-de-anapolis-inauguram-exposicao-fotografica-assim-vejo-a-vida-na-camara-municipal\/\" \/>\n<meta property=\"og:locale\" content=\"pt_BR\" \/>\n<meta property=\"og:type\" content=\"article\" \/>\n<meta property=\"og:title\" content=\"Idosos de An\u00e1polis inauguram exposi\u00e7\u00e3o fotogr\u00e1fica \u201cAssim vejo a vida\u201d na C\u00e2mara Municipal - Manchester FM 93,3\" \/>\n<meta property=\"og:description\" content=\"A C\u00e2mara Municipal de An\u00e1polis recebe, entre os dias 1\u00ba e 3 de dezembro, a exposi\u00e7\u00e3o fotogr\u00e1fica \u201cAssim vejo a vida\u201d, produzida pelos alunos do curso \u201cPrimeiro Foco \u2013 Um Olhar da Pessoa Idosa\u201d, idealizado e ministrado pela jornalista Ina\u00ea Ribeiro. A abertura oficial acontece no dia 1\u00ba de dezembro, \u00e0s 14h, com entrada gratuita [&hellip;]\" \/>\n<meta property=\"og:url\" content=\"https:\/\/www.radiomanchester.com.br\/fm\/idosos-de-anapolis-inauguram-exposicao-fotografica-assim-vejo-a-vida-na-camara-municipal\/\" \/>\n<meta property=\"og:site_name\" content=\"Manchester FM 93,3\" \/>\n<meta property=\"article:published_time\" content=\"2025-11-29T11:30:00+00:00\" \/>\n<meta property=\"article:modified_time\" content=\"2025-11-29T00:47:34+00:00\" \/>\n<meta name=\"twitter:card\" content=\"summary_large_image\" \/>\n<meta name=\"twitter:label1\" content=\"Escrito por\" \/>\n\t<meta name=\"twitter:data1\" content=\"admin\" \/>\n\t<meta name=\"twitter:label2\" content=\"Est. tempo de leitura\" \/>\n\t<meta name=\"twitter:data2\" content=\"2 minutos\" \/>\n<script type=\"application\/ld+json\" class=\"yoast-schema-graph\">{\"@context\":\"https:\/\/schema.org\",\"@graph\":[{\"@type\":\"WebSite\",\"@id\":\"https:\/\/www.radiomanchester.com.br\/fm\/#website\",\"url\":\"https:\/\/www.radiomanchester.com.br\/fm\/\",\"name\":\"Manchester FM 93,3\",\"description\":\"Todo Mundo Ouve!\",\"potentialAction\":[{\"@type\":\"SearchAction\",\"target\":{\"@type\":\"EntryPoint\",\"urlTemplate\":\"https:\/\/www.radiomanchester.com.br\/fm\/?s={search_term_string}\"},\"query-input\":\"required name=search_term_string\"}],\"inLanguage\":\"pt-BR\"},{\"@type\":\"WebPage\",\"@id\":\"https:\/\/www.radiomanchester.com.br\/fm\/idosos-de-anapolis-inauguram-exposicao-fotografica-assim-vejo-a-vida-na-camara-municipal\/#webpage\",\"url\":\"https:\/\/www.radiomanchester.com.br\/fm\/idosos-de-anapolis-inauguram-exposicao-fotografica-assim-vejo-a-vida-na-camara-municipal\/\",\"name\":\"Idosos de An\u00e1polis inauguram exposi\u00e7\u00e3o fotogr\u00e1fica \u201cAssim vejo a vida\u201d na C\u00e2mara Municipal - Manchester FM 93,3\",\"isPartOf\":{\"@id\":\"https:\/\/www.radiomanchester.com.br\/fm\/#website\"},\"datePublished\":\"2025-11-29T11:30:00+00:00\",\"dateModified\":\"2025-11-29T00:47:34+00:00\",\"author\":{\"@id\":\"https:\/\/www.radiomanchester.com.br\/fm\/#\/schema\/person\/408a7b4d4e32cbebd90e2782852abca3\"},\"breadcrumb\":{\"@id\":\"https:\/\/www.radiomanchester.com.br\/fm\/idosos-de-anapolis-inauguram-exposicao-fotografica-assim-vejo-a-vida-na-camara-municipal\/#breadcrumb\"},\"inLanguage\":\"pt-BR\",\"potentialAction\":[{\"@type\":\"ReadAction\",\"target\":[\"https:\/\/www.radiomanchester.com.br\/fm\/idosos-de-anapolis-inauguram-exposicao-fotografica-assim-vejo-a-vida-na-camara-municipal\/\"]}]},{\"@type\":\"BreadcrumbList\",\"@id\":\"https:\/\/www.radiomanchester.com.br\/fm\/idosos-de-anapolis-inauguram-exposicao-fotografica-assim-vejo-a-vida-na-camara-municipal\/#breadcrumb\",\"itemListElement\":[{\"@type\":\"ListItem\",\"position\":1,\"name\":\"Home\",\"item\":\"https:\/\/www.radiomanchester.com.br\/fm\/\"},{\"@type\":\"ListItem\",\"position\":2,\"name\":\"Idosos de An\u00e1polis inauguram exposi\u00e7\u00e3o fotogr\u00e1fica \u201cAssim vejo a vida\u201d na C\u00e2mara Municipal\"}]},{\"@type\":\"Person\",\"@id\":\"https:\/\/www.radiomanchester.com.br\/fm\/#\/schema\/person\/408a7b4d4e32cbebd90e2782852abca3\",\"name\":\"admin\",\"image\":{\"@type\":\"ImageObject\",\"@id\":\"https:\/\/www.radiomanchester.com.br\/fm\/#personlogo\",\"inLanguage\":\"pt-BR\",\"url\":\"https:\/\/secure.gravatar.com\/avatar\/115a974dba3376872eb3addeb276301c?s=96&d=mm&r=g\",\"contentUrl\":\"https:\/\/secure.gravatar.com\/avatar\/115a974dba3376872eb3addeb276301c?s=96&d=mm&r=g\",\"caption\":\"admin\"},\"url\":\"https:\/\/www.radiomanchester.com.br\/fm\/author\/admin\/\"}]}<\/script>\n<!-- \/ Yoast SEO plugin. -->","yoast_head_json":{"title":"Idosos de An\u00e1polis inauguram exposi\u00e7\u00e3o fotogr\u00e1fica \u201cAssim vejo a vida\u201d na C\u00e2mara Municipal - Manchester FM 93,3","robots":{"index":"index","follow":"follow","max-snippet":"max-snippet:-1","max-image-preview":"max-image-preview:large","max-video-preview":"max-video-preview:-1"},"canonical":"https:\/\/www.radiomanchester.com.br\/fm\/idosos-de-anapolis-inauguram-exposicao-fotografica-assim-vejo-a-vida-na-camara-municipal\/","og_locale":"pt_BR","og_type":"article","og_title":"Idosos de An\u00e1polis inauguram exposi\u00e7\u00e3o fotogr\u00e1fica \u201cAssim vejo a vida\u201d na C\u00e2mara Municipal - Manchester FM 93,3","og_description":"A C\u00e2mara Municipal de An\u00e1polis recebe, entre os dias 1\u00ba e 3 de dezembro, a exposi\u00e7\u00e3o fotogr\u00e1fica \u201cAssim vejo a vida\u201d, produzida pelos alunos do curso \u201cPrimeiro Foco \u2013 Um Olhar da Pessoa Idosa\u201d, idealizado e ministrado pela jornalista Ina\u00ea Ribeiro. A abertura oficial acontece no dia 1\u00ba de dezembro, \u00e0s 14h, com entrada gratuita [&hellip;]","og_url":"https:\/\/www.radiomanchester.com.br\/fm\/idosos-de-anapolis-inauguram-exposicao-fotografica-assim-vejo-a-vida-na-camara-municipal\/","og_site_name":"Manchester FM 93,3","article_published_time":"2025-11-29T11:30:00+00:00","article_modified_time":"2025-11-29T00:47:34+00:00","twitter_card":"summary_large_image","twitter_misc":{"Escrito por":"admin","Est. tempo de leitura":"2 minutos"},"schema":{"@context":"https:\/\/schema.org","@graph":[{"@type":"WebSite","@id":"https:\/\/www.radiomanchester.com.br\/fm\/#website","url":"https:\/\/www.radiomanchester.com.br\/fm\/","name":"Manchester FM 93,3","description":"Todo Mundo Ouve!","potentialAction":[{"@type":"SearchAction","target":{"@type":"EntryPoint","urlTemplate":"https:\/\/www.radiomanchester.com.br\/fm\/?s={search_term_string}"},"query-input":"required name=search_term_string"}],"inLanguage":"pt-BR"},{"@type":"WebPage","@id":"https:\/\/www.radiomanchester.com.br\/fm\/idosos-de-anapolis-inauguram-exposicao-fotografica-assim-vejo-a-vida-na-camara-municipal\/#webpage","url":"https:\/\/www.radiomanchester.com.br\/fm\/idosos-de-anapolis-inauguram-exposicao-fotografica-assim-vejo-a-vida-na-camara-municipal\/","name":"Idosos de An\u00e1polis inauguram exposi\u00e7\u00e3o fotogr\u00e1fica \u201cAssim vejo a vida\u201d na C\u00e2mara Municipal - Manchester FM 93,3","isPartOf":{"@id":"https:\/\/www.radiomanchester.com.br\/fm\/#website"},"datePublished":"2025-11-29T11:30:00+00:00","dateModified":"2025-11-29T00:47:34+00:00","author":{"@id":"https:\/\/www.radiomanchester.com.br\/fm\/#\/schema\/person\/408a7b4d4e32cbebd90e2782852abca3"},"breadcrumb":{"@id":"https:\/\/www.radiomanchester.com.br\/fm\/idosos-de-anapolis-inauguram-exposicao-fotografica-assim-vejo-a-vida-na-camara-municipal\/#breadcrumb"},"inLanguage":"pt-BR","potentialAction":[{"@type":"ReadAction","target":["https:\/\/www.radiomanchester.com.br\/fm\/idosos-de-anapolis-inauguram-exposicao-fotografica-assim-vejo-a-vida-na-camara-municipal\/"]}]},{"@type":"BreadcrumbList","@id":"https:\/\/www.radiomanchester.com.br\/fm\/idosos-de-anapolis-inauguram-exposicao-fotografica-assim-vejo-a-vida-na-camara-municipal\/#breadcrumb","itemListElement":[{"@type":"ListItem","position":1,"name":"Home","item":"https:\/\/www.radiomanchester.com.br\/fm\/"},{"@type":"ListItem","position":2,"name":"Idosos de An\u00e1polis inauguram exposi\u00e7\u00e3o fotogr\u00e1fica \u201cAssim vejo a vida\u201d na C\u00e2mara Municipal"}]},{"@type":"Person","@id":"https:\/\/www.radiomanchester.com.br\/fm\/#\/schema\/person\/408a7b4d4e32cbebd90e2782852abca3","name":"admin","image":{"@type":"ImageObject","@id":"https:\/\/www.radiomanchester.com.br\/fm\/#personlogo","inLanguage":"pt-BR","url":"https:\/\/secure.gravatar.com\/avatar\/115a974dba3376872eb3addeb276301c?s=96&d=mm&r=g","contentUrl":"https:\/\/secure.gravatar.com\/avatar\/115a974dba3376872eb3addeb276301c?s=96&d=mm&r=g","caption":"admin"},"url":"https:\/\/www.radiomanchester.com.br\/fm\/author\/admin\/"}]}},"_links":{"self":[{"href":"https:\/\/www.radiomanchester.com.br\/fm\/wp-json\/wp\/v2\/posts\/16918"}],"collection":[{"href":"https:\/\/www.radiomanchester.com.br\/fm\/wp-json\/wp\/v2\/posts"}],"about":[{"href":"https:\/\/www.radiomanchester.com.br\/fm\/wp-json\/wp\/v2\/types\/post"}],"author":[{"embeddable":true,"href":"https:\/\/www.radiomanchester.com.br\/fm\/wp-json\/wp\/v2\/users\/1"}],"replies":[{"embeddable":true,"href":"https:\/\/www.radiomanchester.com.br\/fm\/wp-json\/wp\/v2\/comments?post=16918"}],"version-history":[{"count":1,"href":"https:\/\/www.radiomanchester.com.br\/fm\/wp-json\/wp\/v2\/posts\/16918\/revisions"}],"predecessor-version":[{"id":16919,"href":"https:\/\/www.radiomanchester.com.br\/fm\/wp-json\/wp\/v2\/posts\/16918\/revisions\/16919"}],"wp:attachment":[{"href":"https:\/\/www.radiomanchester.com.br\/fm\/wp-json\/wp\/v2\/media?parent=16918"}],"wp:term":[{"taxonomy":"category","embeddable":true,"href":"https:\/\/www.radiomanchester.com.br\/fm\/wp-json\/wp\/v2\/categories?post=16918"},{"taxonomy":"post_tag","embeddable":true,"href":"https:\/\/www.radiomanchester.com.br\/fm\/wp-json\/wp\/v2\/tags?post=16918"}],"curies":[{"name":"wp","href":"https:\/\/api.w.org\/{rel}","templated":true}]}}