{"id":16922,"date":"2025-11-30T07:00:00","date_gmt":"2025-11-30T10:00:00","guid":{"rendered":"https:\/\/www.radiomanchester.com.br\/fm\/?p=16922"},"modified":"2025-11-29T22:08:20","modified_gmt":"2025-11-30T01:08:20","slug":"pesquisa-do-procon-aponta-diferencas-de-ate-65-nos-precos-de-carnes","status":"publish","type":"post","link":"https:\/\/www.radiomanchester.com.br\/fm\/pesquisa-do-procon-aponta-diferencas-de-ate-65-nos-precos-de-carnes\/","title":{"rendered":"Pesquisa do Procon aponta diferen\u00e7as de at\u00e9 65% nos pre\u00e7os de carnes"},"content":{"rendered":"\n<p>O Procon An\u00e1polis realizou, entre os dias 25 e 28 de novembro de 2025, uma pesquisa comparativa de pre\u00e7os de carnes bovinas, su\u00ednas e de aves em supermercados da cidade. A pesquisa, voltada para os produtos comumente usados pelos consumidores neste per\u00edodo do ano, teve como objetivo garantir transpar\u00eancia nas compras.<\/p>\n\n\n\n<p>A a\u00e7\u00e3o percorreu seis estabelecimentos da cidade, sendo eles: Atende Mais, Bom Pre\u00e7o, Floresta, Super Vi, Ponto Frios e Silva Supermercado, e analisou 16 itens, incluindo costela, ac\u00e9m, pernil, lingui\u00e7a e frango.<\/p>\n\n\n\n<p><strong>Varia\u00e7\u00e3o de pre\u00e7o<br><\/strong>O Procon An\u00e1polis alerta que, ao comprar esses itens, o consumidor deve estar atento \u00e0 cor, ao brilho e \u00e0 textura da carne. Produtos frescos devem apresentar colora\u00e7\u00e3o vermelha, gordura clara e firmeza ao toque, evitando op\u00e7\u00f5es com pontos escurecidos ou excesso de l\u00edquido.<\/p>\n\n\n\n<p>O \u00f3rg\u00e3o orienta que, caso o consumidor identifique irregularidades, pode registrar den\u00fancia pelo WhatsApp da Prefeitura, no n\u00famero (62) 9 8551-6888, ou pelo canal de atendimento do Procon, no n\u00famero (62)\u00a09\u00a08551-8185.<\/p>\n\n\n\n<div class=\"wp-block-file\"><object class=\"wp-block-file__embed\" data=\"https:\/\/www.radiomanchester.com.br\/fm\/wp-content\/uploads\/2025\/11\/REL-PLAN-CARNES.pdf\" type=\"application\/pdf\" style=\"width:100%;height:600px\" aria-label=\"Incorporado de REL-PLAN-CARNES.\"><\/object><a id=\"wp-block-file--media-33268e47-3c4b-4e4e-bc83-551460310995\" href=\"https:\/\/www.radiomanchester.com.br\/fm\/wp-content\/uploads\/2025\/11\/REL-PLAN-CARNES.pdf\">REL-PLAN-CARNES<\/a><a href=\"https:\/\/www.radiomanchester.com.br\/fm\/wp-content\/uploads\/2025\/11\/REL-PLAN-CARNES.pdf\" class=\"wp-block-file__button\" download aria-describedby=\"wp-block-file--media-33268e47-3c4b-4e4e-bc83-551460310995\">Baixar<\/a><\/div>\n","protected":false},"excerpt":{"rendered":"<p class=\"excerpt\">O Procon An\u00e1polis realizou, entre os dias 25 e 28 de novembro de 2025, uma pesquisa comparativa de pre\u00e7os de carnes bovinas, su\u00ednas e de aves em supermercados da cidade. A pesquisa, voltada para os produtos comumente usados pelos consumidores neste per\u00edodo do ano, teve como objetivo garantir transpar\u00eancia nas compras. A a\u00e7\u00e3o percorreu seis [&hellip;]<\/p>\n","protected":false},"author":1,"featured_media":0,"comment_status":"open","ping_status":"open","sticky":false,"template":"","format":"standard","meta":[],"categories":[8,17],"tags":[22,24,113,83,129,92],"yoast_head":"<!-- This site is optimized with the Yoast SEO plugin v18.3 - https:\/\/yoast.com\/wordpress\/plugins\/seo\/ -->\n<title>Pesquisa do Procon aponta diferen\u00e7as de at\u00e9 65% nos pre\u00e7os de carnes - Manchester FM 93,3<\/title>\n<meta name=\"robots\" content=\"index, follow, max-snippet:-1, max-image-preview:large, max-video-preview:-1\" \/>\n<link rel=\"canonical\" href=\"https:\/\/www.radiomanchester.com.br\/fm\/pesquisa-do-procon-aponta-diferencas-de-ate-65-nos-precos-de-carnes\/\" \/>\n<meta property=\"og:locale\" content=\"pt_BR\" \/>\n<meta property=\"og:type\" content=\"article\" \/>\n<meta property=\"og:title\" content=\"Pesquisa do Procon aponta diferen\u00e7as de at\u00e9 65% nos pre\u00e7os de carnes - Manchester FM 93,3\" \/>\n<meta property=\"og:description\" content=\"O Procon An\u00e1polis realizou, entre os dias 25 e 28 de novembro de 2025, uma pesquisa comparativa de pre\u00e7os de carnes bovinas, su\u00ednas e de aves em supermercados da cidade. A pesquisa, voltada para os produtos comumente usados pelos consumidores neste per\u00edodo do ano, teve como objetivo garantir transpar\u00eancia nas compras. A a\u00e7\u00e3o percorreu seis [&hellip;]\" \/>\n<meta property=\"og:url\" content=\"https:\/\/www.radiomanchester.com.br\/fm\/pesquisa-do-procon-aponta-diferencas-de-ate-65-nos-precos-de-carnes\/\" \/>\n<meta property=\"og:site_name\" content=\"Manchester FM 93,3\" \/>\n<meta property=\"article:published_time\" content=\"2025-11-30T10:00:00+00:00\" \/>\n<meta property=\"article:modified_time\" content=\"2025-11-30T01:08:20+00:00\" \/>\n<meta name=\"twitter:card\" content=\"summary_large_image\" \/>\n<meta name=\"twitter:label1\" content=\"Escrito por\" \/>\n\t<meta name=\"twitter:data1\" content=\"admin\" \/>\n\t<meta name=\"twitter:label2\" content=\"Est. tempo de leitura\" \/>\n\t<meta name=\"twitter:data2\" content=\"1 minuto\" \/>\n<script type=\"application\/ld+json\" class=\"yoast-schema-graph\">{\"@context\":\"https:\/\/schema.org\",\"@graph\":[{\"@type\":\"WebSite\",\"@id\":\"https:\/\/www.radiomanchester.com.br\/fm\/#website\",\"url\":\"https:\/\/www.radiomanchester.com.br\/fm\/\",\"name\":\"Manchester FM 93,3\",\"description\":\"Todo Mundo Ouve!\",\"potentialAction\":[{\"@type\":\"SearchAction\",\"target\":{\"@type\":\"EntryPoint\",\"urlTemplate\":\"https:\/\/www.radiomanchester.com.br\/fm\/?s={search_term_string}\"},\"query-input\":\"required name=search_term_string\"}],\"inLanguage\":\"pt-BR\"},{\"@type\":\"WebPage\",\"@id\":\"https:\/\/www.radiomanchester.com.br\/fm\/pesquisa-do-procon-aponta-diferencas-de-ate-65-nos-precos-de-carnes\/#webpage\",\"url\":\"https:\/\/www.radiomanchester.com.br\/fm\/pesquisa-do-procon-aponta-diferencas-de-ate-65-nos-precos-de-carnes\/\",\"name\":\"Pesquisa do Procon aponta diferen\u00e7as de at\u00e9 65% nos pre\u00e7os de carnes - Manchester FM 93,3\",\"isPartOf\":{\"@id\":\"https:\/\/www.radiomanchester.com.br\/fm\/#website\"},\"datePublished\":\"2025-11-30T10:00:00+00:00\",\"dateModified\":\"2025-11-30T01:08:20+00:00\",\"author\":{\"@id\":\"https:\/\/www.radiomanchester.com.br\/fm\/#\/schema\/person\/408a7b4d4e32cbebd90e2782852abca3\"},\"breadcrumb\":{\"@id\":\"https:\/\/www.radiomanchester.com.br\/fm\/pesquisa-do-procon-aponta-diferencas-de-ate-65-nos-precos-de-carnes\/#breadcrumb\"},\"inLanguage\":\"pt-BR\",\"potentialAction\":[{\"@type\":\"ReadAction\",\"target\":[\"https:\/\/www.radiomanchester.com.br\/fm\/pesquisa-do-procon-aponta-diferencas-de-ate-65-nos-precos-de-carnes\/\"]}]},{\"@type\":\"BreadcrumbList\",\"@id\":\"https:\/\/www.radiomanchester.com.br\/fm\/pesquisa-do-procon-aponta-diferencas-de-ate-65-nos-precos-de-carnes\/#breadcrumb\",\"itemListElement\":[{\"@type\":\"ListItem\",\"position\":1,\"name\":\"Home\",\"item\":\"https:\/\/www.radiomanchester.com.br\/fm\/\"},{\"@type\":\"ListItem\",\"position\":2,\"name\":\"Pesquisa do Procon aponta diferen\u00e7as de at\u00e9 65% nos pre\u00e7os de carnes\"}]},{\"@type\":\"Person\",\"@id\":\"https:\/\/www.radiomanchester.com.br\/fm\/#\/schema\/person\/408a7b4d4e32cbebd90e2782852abca3\",\"name\":\"admin\",\"image\":{\"@type\":\"ImageObject\",\"@id\":\"https:\/\/www.radiomanchester.com.br\/fm\/#personlogo\",\"inLanguage\":\"pt-BR\",\"url\":\"https:\/\/secure.gravatar.com\/avatar\/115a974dba3376872eb3addeb276301c?s=96&d=mm&r=g\",\"contentUrl\":\"https:\/\/secure.gravatar.com\/avatar\/115a974dba3376872eb3addeb276301c?s=96&d=mm&r=g\",\"caption\":\"admin\"},\"url\":\"https:\/\/www.radiomanchester.com.br\/fm\/author\/admin\/\"}]}<\/script>\n<!-- \/ Yoast SEO plugin. -->","yoast_head_json":{"title":"Pesquisa do Procon aponta diferen\u00e7as de at\u00e9 65% nos pre\u00e7os de carnes - Manchester FM 93,3","robots":{"index":"index","follow":"follow","max-snippet":"max-snippet:-1","max-image-preview":"max-image-preview:large","max-video-preview":"max-video-preview:-1"},"canonical":"https:\/\/www.radiomanchester.com.br\/fm\/pesquisa-do-procon-aponta-diferencas-de-ate-65-nos-precos-de-carnes\/","og_locale":"pt_BR","og_type":"article","og_title":"Pesquisa do Procon aponta diferen\u00e7as de at\u00e9 65% nos pre\u00e7os de carnes - Manchester FM 93,3","og_description":"O Procon An\u00e1polis realizou, entre os dias 25 e 28 de novembro de 2025, uma pesquisa comparativa de pre\u00e7os de carnes bovinas, su\u00ednas e de aves em supermercados da cidade. A pesquisa, voltada para os produtos comumente usados pelos consumidores neste per\u00edodo do ano, teve como objetivo garantir transpar\u00eancia nas compras. A a\u00e7\u00e3o percorreu seis [&hellip;]","og_url":"https:\/\/www.radiomanchester.com.br\/fm\/pesquisa-do-procon-aponta-diferencas-de-ate-65-nos-precos-de-carnes\/","og_site_name":"Manchester FM 93,3","article_published_time":"2025-11-30T10:00:00+00:00","article_modified_time":"2025-11-30T01:08:20+00:00","twitter_card":"summary_large_image","twitter_misc":{"Escrito por":"admin","Est. tempo de leitura":"1 minuto"},"schema":{"@context":"https:\/\/schema.org","@graph":[{"@type":"WebSite","@id":"https:\/\/www.radiomanchester.com.br\/fm\/#website","url":"https:\/\/www.radiomanchester.com.br\/fm\/","name":"Manchester FM 93,3","description":"Todo Mundo Ouve!","potentialAction":[{"@type":"SearchAction","target":{"@type":"EntryPoint","urlTemplate":"https:\/\/www.radiomanchester.com.br\/fm\/?s={search_term_string}"},"query-input":"required name=search_term_string"}],"inLanguage":"pt-BR"},{"@type":"WebPage","@id":"https:\/\/www.radiomanchester.com.br\/fm\/pesquisa-do-procon-aponta-diferencas-de-ate-65-nos-precos-de-carnes\/#webpage","url":"https:\/\/www.radiomanchester.com.br\/fm\/pesquisa-do-procon-aponta-diferencas-de-ate-65-nos-precos-de-carnes\/","name":"Pesquisa do Procon aponta diferen\u00e7as de at\u00e9 65% nos pre\u00e7os de carnes - Manchester FM 93,3","isPartOf":{"@id":"https:\/\/www.radiomanchester.com.br\/fm\/#website"},"datePublished":"2025-11-30T10:00:00+00:00","dateModified":"2025-11-30T01:08:20+00:00","author":{"@id":"https:\/\/www.radiomanchester.com.br\/fm\/#\/schema\/person\/408a7b4d4e32cbebd90e2782852abca3"},"breadcrumb":{"@id":"https:\/\/www.radiomanchester.com.br\/fm\/pesquisa-do-procon-aponta-diferencas-de-ate-65-nos-precos-de-carnes\/#breadcrumb"},"inLanguage":"pt-BR","potentialAction":[{"@type":"ReadAction","target":["https:\/\/www.radiomanchester.com.br\/fm\/pesquisa-do-procon-aponta-diferencas-de-ate-65-nos-precos-de-carnes\/"]}]},{"@type":"BreadcrumbList","@id":"https:\/\/www.radiomanchester.com.br\/fm\/pesquisa-do-procon-aponta-diferencas-de-ate-65-nos-precos-de-carnes\/#breadcrumb","itemListElement":[{"@type":"ListItem","position":1,"name":"Home","item":"https:\/\/www.radiomanchester.com.br\/fm\/"},{"@type":"ListItem","position":2,"name":"Pesquisa do Procon aponta diferen\u00e7as de at\u00e9 65% nos pre\u00e7os de carnes"}]},{"@type":"Person","@id":"https:\/\/www.radiomanchester.com.br\/fm\/#\/schema\/person\/408a7b4d4e32cbebd90e2782852abca3","name":"admin","image":{"@type":"ImageObject","@id":"https:\/\/www.radiomanchester.com.br\/fm\/#personlogo","inLanguage":"pt-BR","url":"https:\/\/secure.gravatar.com\/avatar\/115a974dba3376872eb3addeb276301c?s=96&d=mm&r=g","contentUrl":"https:\/\/secure.gravatar.com\/avatar\/115a974dba3376872eb3addeb276301c?s=96&d=mm&r=g","caption":"admin"},"url":"https:\/\/www.radiomanchester.com.br\/fm\/author\/admin\/"}]}},"_links":{"self":[{"href":"https:\/\/www.radiomanchester.com.br\/fm\/wp-json\/wp\/v2\/posts\/16922"}],"collection":[{"href":"https:\/\/www.radiomanchester.com.br\/fm\/wp-json\/wp\/v2\/posts"}],"about":[{"href":"https:\/\/www.radiomanchester.com.br\/fm\/wp-json\/wp\/v2\/types\/post"}],"author":[{"embeddable":true,"href":"https:\/\/www.radiomanchester.com.br\/fm\/wp-json\/wp\/v2\/users\/1"}],"replies":[{"embeddable":true,"href":"https:\/\/www.radiomanchester.com.br\/fm\/wp-json\/wp\/v2\/comments?post=16922"}],"version-history":[{"count":1,"href":"https:\/\/www.radiomanchester.com.br\/fm\/wp-json\/wp\/v2\/posts\/16922\/revisions"}],"predecessor-version":[{"id":16924,"href":"https:\/\/www.radiomanchester.com.br\/fm\/wp-json\/wp\/v2\/posts\/16922\/revisions\/16924"}],"wp:attachment":[{"href":"https:\/\/www.radiomanchester.com.br\/fm\/wp-json\/wp\/v2\/media?parent=16922"}],"wp:term":[{"taxonomy":"category","embeddable":true,"href":"https:\/\/www.radiomanchester.com.br\/fm\/wp-json\/wp\/v2\/categories?post=16922"},{"taxonomy":"post_tag","embeddable":true,"href":"https:\/\/www.radiomanchester.com.br\/fm\/wp-json\/wp\/v2\/tags?post=16922"}],"curies":[{"name":"wp","href":"https:\/\/api.w.org\/{rel}","templated":true}]}}