{"id":16925,"date":"2025-11-30T17:05:37","date_gmt":"2025-11-30T20:05:37","guid":{"rendered":"https:\/\/www.radiomanchester.com.br\/fm\/?p=16925"},"modified":"2025-11-30T17:05:39","modified_gmt":"2025-11-30T20:05:39","slug":"jovem-invade-jaula-e-e-morto-por-leoa-no-zoologico-de-joao-pessoa","status":"publish","type":"post","link":"https:\/\/www.radiomanchester.com.br\/fm\/jovem-invade-jaula-e-e-morto-por-leoa-no-zoologico-de-joao-pessoa\/","title":{"rendered":"Jovem invade jaula e \u00e9 morto por leoa no Zool\u00f3gico de Jo\u00e3o Pessoa"},"content":{"rendered":"\n<p><\/p>\n\n\n\n<p>O jovem conhecido como \u201cVaqueirinho\u201d, de 19 anos , foi morto neste domingo (30\/11) ap\u00f3s invadir jaula e ser atacado por uma leoa em zool\u00f3gico de Jo\u00e3o Pessoa. Ele \u00e9 conhecido pela pol\u00edcia e foi preso por mais de 10 vezes, segundo o portal ClickPB.<\/p>\n\n\n\n<p>Na \u00faltima semana \u201cVaqueirinho\u201d foi preso pela Pol\u00edcia Militar por tentar danificar dois caixas eletr\u00f4nicos no bairro Mangabeira. Ele foi levado para a Central de Pol\u00edcia, no Geisel, e logo depois solto ap\u00f3s assinar um Termo Circunstanciado de Ocorr\u00eancia (TCO).<\/p>\n\n\n\n<p>Pouco tempo depois ele foi preso novamente ao apedrejar uma viatura viatura da PM pr\u00f3xima \u00e0 Central de Flagrantes, que, inclusive, quebrou parte do vidro anterior do carro. Ele foi solto na \u00faltima sexta-feira (28), dois antes da morte.<\/p>\n\n\n\n<p><strong>Invas\u00e3o em jaula<br><\/strong>Imagens feitas por visitantes no Parque Zoobot\u00e2nico Arruda C\u00e2mara, conhecido como Bica, mostram o momento que \u201cVaqueirinho\u201d entra na jaula pela estrutura lateral e, ap\u00f3s se mover um pouco, desce em uma \u00e1rvore. Nesse momento, ele \u00e9 atacado pelo animal.<\/p>\n\n\n\n<p>A Prefeitura de Jo\u00e3o Pessoa informou que \u201cde maneira r\u00e1pida e surpreendente, ele escalou uma parede de mais de 6 metros, as grades de seguran\u00e7a, acessou uma das \u00e1rvores e invadiu o recinto\u201d. Segundo a per\u00edcia da Pol\u00edcia Civil, o homem agiu em poss\u00edvel ato de suic\u00eddio.<\/p>\n\n\n\n<p>Nas imagens que circulam nas redes sociais tamb\u00e9m \u00e9 poss\u00edvel ver o corpo do homem ensaguentado e a leoa com marcas de sangue. O Bica foi interditado por tempo indeterminado para o andamento das investiga\u00e7\u00f5es sobre o caso.<\/p>\n\n\n\n<p><strong>Veja a nota da prefeitura:<br><\/strong>\u201cA Prefeitura de Jo\u00e3o Pessoa, por meio da Secretaria de Meio Ambiente (Semam), informa que, na manh\u00e3 deste domingo (30), um homem ainda n\u00e3o identificado invadiu deliberadamente o recinto da leoa no Parque Zoobot\u00e2nico Arruda C\u00e2mara (Bica). De maneira r\u00e1pida e surpreendente, ele escalou uma parede de mais de 6 metros, as grades de seguran\u00e7a, acessou uma das \u00e1rvores e invadiu o recinto.<\/p>\n\n\n\n<p>Segundo a per\u00edcia da Pol\u00edcia Civil, o homem agiu em poss\u00edvel ato de suic\u00eddio. Embora as equipes de seguran\u00e7a tenham tentado impedir a a\u00e7\u00e3o, o homem agiu de forma r\u00e1pida no acesso ao recinto e veio a \u00f3bito em decorr\u00eancia dos ferimentos provocados pelo animal.<\/p>\n\n\n\n<p>Assim que a ocorr\u00eancia foi constatada, o parque foi imediatamente fechado para os procedimentos de seguran\u00e7a e remo\u00e7\u00e3o do corpo. A Semam j\u00e1 iniciou a apura\u00e7\u00e3o das circunst\u00e2ncias do fato e est\u00e1 colaborando com as autoridades competentes.<\/p>\n\n\n\n<p>A Prefeitura se solidariza com a fam\u00edlia da v\u00edtima e esclarece que, apesar de toda seguran\u00e7a existente, que atende \u00e0s normas t\u00e9cnicas, o homem insistiu na invas\u00e3o, culminando nesse epis\u00f3dio lament\u00e1vel\u201d.<\/p>\n\n\n\n<p><strong>Veja a nota completa do Bica:<br><\/strong>\u201cO Parque Zoobot\u00e2nico Arruda C\u00e2mara (Bica) lamenta profundamente o ocorrido na manh\u00e3 deste domingo (30), quando um homem invadiu deliberadamente o recinto da leoa, vindo a \u00f3bito. Trata-se de um epis\u00f3dio extremamente triste para todos, e manifestamos nossa solidariedade e sentimentos \u00e0 fam\u00edlia e aos amigos do homem, ainda n\u00e3o identificado.<\/p>\n\n\n\n<p>Assim que a ocorr\u00eancia foi constatada, o parque foi imediatamente fechado, seguindo todos os protocolos de seguran\u00e7a. As equipes acionaram as autoridades competentes e prestaram o suporte necess\u00e1rio para o atendimento e o trabalho da per\u00edcia.<\/p>\n\n\n\n<p>Informamos que a Bica permanecer\u00e1 fechada para visita\u00e7\u00e3o at\u00e9 a conclus\u00e3o das investiga\u00e7\u00f5es e dos procedimentos oficiais, prezando pela transpar\u00eancia e pelo compromisso com a seguran\u00e7a de nossos visitantes, colaboradores e animais.<\/p>\n\n\n\n<p>Refor\u00e7amos que o parque segue normas t\u00e9cnicas e padr\u00f5es de seguran\u00e7a rigorosos, e estamos colaborando integralmente com todos os \u00f3rg\u00e3os respons\u00e1veis para o esclarecimento dos fatos\u201d.<\/p>\n\n\n\n<p>porRepItaNewws<\/p>\n","protected":false},"excerpt":{"rendered":"<p class=\"excerpt\">O jovem conhecido como \u201cVaqueirinho\u201d, de 19 anos , foi morto neste domingo (30\/11) ap\u00f3s invadir jaula e ser atacado por uma leoa em zool\u00f3gico de Jo\u00e3o Pessoa. Ele \u00e9 conhecido pela pol\u00edcia e foi preso por mais de 10 vezes, segundo o portal ClickPB. Na \u00faltima semana \u201cVaqueirinho\u201d foi preso pela Pol\u00edcia Militar por [&hellip;]<\/p>\n","protected":false},"author":1,"featured_media":0,"comment_status":"open","ping_status":"open","sticky":false,"template":"","format":"standard","meta":[],"categories":[8,17],"tags":[22,24,113,83,92],"yoast_head":"<!-- This site is optimized with the Yoast SEO plugin v18.3 - https:\/\/yoast.com\/wordpress\/plugins\/seo\/ -->\n<title>Jovem invade jaula e \u00e9 morto por leoa no Zool\u00f3gico de Jo\u00e3o Pessoa - Manchester FM 93,3<\/title>\n<meta name=\"robots\" content=\"index, follow, max-snippet:-1, max-image-preview:large, max-video-preview:-1\" \/>\n<link rel=\"canonical\" href=\"https:\/\/www.radiomanchester.com.br\/fm\/jovem-invade-jaula-e-e-morto-por-leoa-no-zoologico-de-joao-pessoa\/\" \/>\n<meta property=\"og:locale\" content=\"pt_BR\" \/>\n<meta property=\"og:type\" content=\"article\" \/>\n<meta property=\"og:title\" content=\"Jovem invade jaula e \u00e9 morto por leoa no Zool\u00f3gico de Jo\u00e3o Pessoa - Manchester FM 93,3\" \/>\n<meta property=\"og:description\" content=\"O jovem conhecido como \u201cVaqueirinho\u201d, de 19 anos , foi morto neste domingo (30\/11) ap\u00f3s invadir jaula e ser atacado por uma leoa em zool\u00f3gico de Jo\u00e3o Pessoa. Ele \u00e9 conhecido pela pol\u00edcia e foi preso por mais de 10 vezes, segundo o portal ClickPB. Na \u00faltima semana \u201cVaqueirinho\u201d foi preso pela Pol\u00edcia Militar por [&hellip;]\" \/>\n<meta property=\"og:url\" content=\"https:\/\/www.radiomanchester.com.br\/fm\/jovem-invade-jaula-e-e-morto-por-leoa-no-zoologico-de-joao-pessoa\/\" \/>\n<meta property=\"og:site_name\" content=\"Manchester FM 93,3\" \/>\n<meta property=\"article:published_time\" content=\"2025-11-30T20:05:37+00:00\" \/>\n<meta property=\"article:modified_time\" content=\"2025-11-30T20:05:39+00:00\" \/>\n<meta name=\"twitter:card\" content=\"summary_large_image\" \/>\n<meta name=\"twitter:label1\" content=\"Escrito por\" \/>\n\t<meta name=\"twitter:data1\" content=\"admin\" \/>\n\t<meta name=\"twitter:label2\" content=\"Est. tempo de leitura\" \/>\n\t<meta name=\"twitter:data2\" content=\"4 minutos\" \/>\n<script type=\"application\/ld+json\" class=\"yoast-schema-graph\">{\"@context\":\"https:\/\/schema.org\",\"@graph\":[{\"@type\":\"WebSite\",\"@id\":\"https:\/\/www.radiomanchester.com.br\/fm\/#website\",\"url\":\"https:\/\/www.radiomanchester.com.br\/fm\/\",\"name\":\"Manchester FM 93,3\",\"description\":\"Todo Mundo Ouve!\",\"potentialAction\":[{\"@type\":\"SearchAction\",\"target\":{\"@type\":\"EntryPoint\",\"urlTemplate\":\"https:\/\/www.radiomanchester.com.br\/fm\/?s={search_term_string}\"},\"query-input\":\"required name=search_term_string\"}],\"inLanguage\":\"pt-BR\"},{\"@type\":\"WebPage\",\"@id\":\"https:\/\/www.radiomanchester.com.br\/fm\/jovem-invade-jaula-e-e-morto-por-leoa-no-zoologico-de-joao-pessoa\/#webpage\",\"url\":\"https:\/\/www.radiomanchester.com.br\/fm\/jovem-invade-jaula-e-e-morto-por-leoa-no-zoologico-de-joao-pessoa\/\",\"name\":\"Jovem invade jaula e \u00e9 morto por leoa no Zool\u00f3gico de Jo\u00e3o Pessoa - Manchester FM 93,3\",\"isPartOf\":{\"@id\":\"https:\/\/www.radiomanchester.com.br\/fm\/#website\"},\"datePublished\":\"2025-11-30T20:05:37+00:00\",\"dateModified\":\"2025-11-30T20:05:39+00:00\",\"author\":{\"@id\":\"https:\/\/www.radiomanchester.com.br\/fm\/#\/schema\/person\/408a7b4d4e32cbebd90e2782852abca3\"},\"breadcrumb\":{\"@id\":\"https:\/\/www.radiomanchester.com.br\/fm\/jovem-invade-jaula-e-e-morto-por-leoa-no-zoologico-de-joao-pessoa\/#breadcrumb\"},\"inLanguage\":\"pt-BR\",\"potentialAction\":[{\"@type\":\"ReadAction\",\"target\":[\"https:\/\/www.radiomanchester.com.br\/fm\/jovem-invade-jaula-e-e-morto-por-leoa-no-zoologico-de-joao-pessoa\/\"]}]},{\"@type\":\"BreadcrumbList\",\"@id\":\"https:\/\/www.radiomanchester.com.br\/fm\/jovem-invade-jaula-e-e-morto-por-leoa-no-zoologico-de-joao-pessoa\/#breadcrumb\",\"itemListElement\":[{\"@type\":\"ListItem\",\"position\":1,\"name\":\"Home\",\"item\":\"https:\/\/www.radiomanchester.com.br\/fm\/\"},{\"@type\":\"ListItem\",\"position\":2,\"name\":\"Jovem invade jaula e \u00e9 morto por leoa no Zool\u00f3gico de Jo\u00e3o Pessoa\"}]},{\"@type\":\"Person\",\"@id\":\"https:\/\/www.radiomanchester.com.br\/fm\/#\/schema\/person\/408a7b4d4e32cbebd90e2782852abca3\",\"name\":\"admin\",\"image\":{\"@type\":\"ImageObject\",\"@id\":\"https:\/\/www.radiomanchester.com.br\/fm\/#personlogo\",\"inLanguage\":\"pt-BR\",\"url\":\"https:\/\/secure.gravatar.com\/avatar\/115a974dba3376872eb3addeb276301c?s=96&d=mm&r=g\",\"contentUrl\":\"https:\/\/secure.gravatar.com\/avatar\/115a974dba3376872eb3addeb276301c?s=96&d=mm&r=g\",\"caption\":\"admin\"},\"url\":\"https:\/\/www.radiomanchester.com.br\/fm\/author\/admin\/\"}]}<\/script>\n<!-- \/ Yoast SEO plugin. -->","yoast_head_json":{"title":"Jovem invade jaula e \u00e9 morto por leoa no Zool\u00f3gico de Jo\u00e3o Pessoa - Manchester FM 93,3","robots":{"index":"index","follow":"follow","max-snippet":"max-snippet:-1","max-image-preview":"max-image-preview:large","max-video-preview":"max-video-preview:-1"},"canonical":"https:\/\/www.radiomanchester.com.br\/fm\/jovem-invade-jaula-e-e-morto-por-leoa-no-zoologico-de-joao-pessoa\/","og_locale":"pt_BR","og_type":"article","og_title":"Jovem invade jaula e \u00e9 morto por leoa no Zool\u00f3gico de Jo\u00e3o Pessoa - Manchester FM 93,3","og_description":"O jovem conhecido como \u201cVaqueirinho\u201d, de 19 anos , foi morto neste domingo (30\/11) ap\u00f3s invadir jaula e ser atacado por uma leoa em zool\u00f3gico de Jo\u00e3o Pessoa. Ele \u00e9 conhecido pela pol\u00edcia e foi preso por mais de 10 vezes, segundo o portal ClickPB. Na \u00faltima semana \u201cVaqueirinho\u201d foi preso pela Pol\u00edcia Militar por [&hellip;]","og_url":"https:\/\/www.radiomanchester.com.br\/fm\/jovem-invade-jaula-e-e-morto-por-leoa-no-zoologico-de-joao-pessoa\/","og_site_name":"Manchester FM 93,3","article_published_time":"2025-11-30T20:05:37+00:00","article_modified_time":"2025-11-30T20:05:39+00:00","twitter_card":"summary_large_image","twitter_misc":{"Escrito por":"admin","Est. tempo de leitura":"4 minutos"},"schema":{"@context":"https:\/\/schema.org","@graph":[{"@type":"WebSite","@id":"https:\/\/www.radiomanchester.com.br\/fm\/#website","url":"https:\/\/www.radiomanchester.com.br\/fm\/","name":"Manchester FM 93,3","description":"Todo Mundo Ouve!","potentialAction":[{"@type":"SearchAction","target":{"@type":"EntryPoint","urlTemplate":"https:\/\/www.radiomanchester.com.br\/fm\/?s={search_term_string}"},"query-input":"required name=search_term_string"}],"inLanguage":"pt-BR"},{"@type":"WebPage","@id":"https:\/\/www.radiomanchester.com.br\/fm\/jovem-invade-jaula-e-e-morto-por-leoa-no-zoologico-de-joao-pessoa\/#webpage","url":"https:\/\/www.radiomanchester.com.br\/fm\/jovem-invade-jaula-e-e-morto-por-leoa-no-zoologico-de-joao-pessoa\/","name":"Jovem invade jaula e \u00e9 morto por leoa no Zool\u00f3gico de Jo\u00e3o Pessoa - Manchester FM 93,3","isPartOf":{"@id":"https:\/\/www.radiomanchester.com.br\/fm\/#website"},"datePublished":"2025-11-30T20:05:37+00:00","dateModified":"2025-11-30T20:05:39+00:00","author":{"@id":"https:\/\/www.radiomanchester.com.br\/fm\/#\/schema\/person\/408a7b4d4e32cbebd90e2782852abca3"},"breadcrumb":{"@id":"https:\/\/www.radiomanchester.com.br\/fm\/jovem-invade-jaula-e-e-morto-por-leoa-no-zoologico-de-joao-pessoa\/#breadcrumb"},"inLanguage":"pt-BR","potentialAction":[{"@type":"ReadAction","target":["https:\/\/www.radiomanchester.com.br\/fm\/jovem-invade-jaula-e-e-morto-por-leoa-no-zoologico-de-joao-pessoa\/"]}]},{"@type":"BreadcrumbList","@id":"https:\/\/www.radiomanchester.com.br\/fm\/jovem-invade-jaula-e-e-morto-por-leoa-no-zoologico-de-joao-pessoa\/#breadcrumb","itemListElement":[{"@type":"ListItem","position":1,"name":"Home","item":"https:\/\/www.radiomanchester.com.br\/fm\/"},{"@type":"ListItem","position":2,"name":"Jovem invade jaula e \u00e9 morto por leoa no Zool\u00f3gico de Jo\u00e3o Pessoa"}]},{"@type":"Person","@id":"https:\/\/www.radiomanchester.com.br\/fm\/#\/schema\/person\/408a7b4d4e32cbebd90e2782852abca3","name":"admin","image":{"@type":"ImageObject","@id":"https:\/\/www.radiomanchester.com.br\/fm\/#personlogo","inLanguage":"pt-BR","url":"https:\/\/secure.gravatar.com\/avatar\/115a974dba3376872eb3addeb276301c?s=96&d=mm&r=g","contentUrl":"https:\/\/secure.gravatar.com\/avatar\/115a974dba3376872eb3addeb276301c?s=96&d=mm&r=g","caption":"admin"},"url":"https:\/\/www.radiomanchester.com.br\/fm\/author\/admin\/"}]}},"_links":{"self":[{"href":"https:\/\/www.radiomanchester.com.br\/fm\/wp-json\/wp\/v2\/posts\/16925"}],"collection":[{"href":"https:\/\/www.radiomanchester.com.br\/fm\/wp-json\/wp\/v2\/posts"}],"about":[{"href":"https:\/\/www.radiomanchester.com.br\/fm\/wp-json\/wp\/v2\/types\/post"}],"author":[{"embeddable":true,"href":"https:\/\/www.radiomanchester.com.br\/fm\/wp-json\/wp\/v2\/users\/1"}],"replies":[{"embeddable":true,"href":"https:\/\/www.radiomanchester.com.br\/fm\/wp-json\/wp\/v2\/comments?post=16925"}],"version-history":[{"count":1,"href":"https:\/\/www.radiomanchester.com.br\/fm\/wp-json\/wp\/v2\/posts\/16925\/revisions"}],"predecessor-version":[{"id":16926,"href":"https:\/\/www.radiomanchester.com.br\/fm\/wp-json\/wp\/v2\/posts\/16925\/revisions\/16926"}],"wp:attachment":[{"href":"https:\/\/www.radiomanchester.com.br\/fm\/wp-json\/wp\/v2\/media?parent=16925"}],"wp:term":[{"taxonomy":"category","embeddable":true,"href":"https:\/\/www.radiomanchester.com.br\/fm\/wp-json\/wp\/v2\/categories?post=16925"},{"taxonomy":"post_tag","embeddable":true,"href":"https:\/\/www.radiomanchester.com.br\/fm\/wp-json\/wp\/v2\/tags?post=16925"}],"curies":[{"name":"wp","href":"https:\/\/api.w.org\/{rel}","templated":true}]}}