{"id":16927,"date":"2025-12-01T17:26:00","date_gmt":"2025-12-01T20:26:00","guid":{"rendered":"https:\/\/www.radiomanchester.com.br\/fm\/?p=16927"},"modified":"2025-11-30T20:15:22","modified_gmt":"2025-11-30T23:15:22","slug":"familias-se-juntam-a-multidao-para-festejar-titulo-do-flamengo-no-rj","status":"publish","type":"post","link":"https:\/\/www.radiomanchester.com.br\/fm\/familias-se-juntam-a-multidao-para-festejar-titulo-do-flamengo-no-rj\/","title":{"rendered":"Fam\u00edlias se juntam \u00e0 multid\u00e3o para festejar t\u00edtulo do Flamengo no RJ"},"content":{"rendered":"\n<p><em><strong>Centro do Rio para e refor\u00e7a futebol como mobilizador das massas<\/strong><\/em><\/p>\n\n\n\n<hr class=\"wp-block-separator\"\/>\n\n\n\n<p>Em 1983, o baiano Moraes Moreira j\u00e1 cantava: \u201cagora como \u00e9 que eu me vingo de toda derrota da vida, se a cada gol do Flamengo eu me sentia um vencedor\u201d. Na ocasi\u00e3o, ele lamentava a ida de Zico, o maior \u00eddolo do clube, para a Europa.<\/p>\n\n\n\n<p>Hoje, 42 anos depois, milh\u00f5es de pessoas esqueceram as m\u00e1goas e frustra\u00e7\u00f5es do dia a dia quando o zagueiro Danilo acertou uma cabe\u00e7ada e marcou o gol do quarto t\u00edtulo da Libertadores do Flamengo.<\/p>\n\n\n\n<p>Neste domingo (30\/11), centenas de milhares desses vencedores retratados por Moraes Moreira se reuniram no Centro do Rio de Janeiro para, juntos, mostrar ao time o tamanho da import\u00e2ncia dessa vit\u00f3ria para eles.<\/p>\n\n\n\n<p>Do alto de um caminh\u00e3o aberto do Corpo de Bombeiros, os jogadores comemoraram com parte da \u201cNa\u00e7\u00e3o\u201d, como a torcida do Flamengo se autointitula, a vit\u00f3ria do s\u00e1bado (29) no Est\u00e1dio Monumental de Lima, no Peru.<\/p>\n\n\n\n<p>A multid\u00e3o que enfrentou horas de espera sob o sol e lotou a Rua Primeiro de Mar\u00e7o e a Avenida Presidente Ant\u00f4nio Carlos, duas das principais vias do centro da cidade, \u00e9 uma express\u00e3o do poder de mobiliza\u00e7\u00e3o pelo futebol.<\/p>\n\n\n\n<p>A Ag\u00eancia Brasil conversou com torcedores sobre a motiva\u00e7\u00e3o e coes\u00e3o forjadas pelo esporte, que fizeram pessoas acordarem cedo e se deslocarem de longe para acompanhar a celebra\u00e7\u00e3o no Centro do Rio, a 5,1 mil quil\u00f4metros do local da partida.<\/p>\n\n\n\n<p><strong>Vit\u00f3ria dupla<br><\/strong>O casal Eduardo Ferreira Henrique e Val\u00e9ria Nunes Domingos contou que a celebra\u00e7\u00e3o de um t\u00edtulo dentro de campo \u00e9 tamb\u00e9m uma forma de motiva\u00e7\u00e3o para enfrentar as dores do cotidiano.<\/p>\n\n\n\n<p>No caso deles, que moram no Cosme Velho, bairro da zona sul carioca, o fim de semana \u00e9 de comemora\u00e7\u00e3o dupla. No dia do jogo, veio uma \u00f3tima not\u00edcia.<\/p>\n\n\n\n<p>\u201cOntem, a gente teve duas vit\u00f3rias. Minha esposa estava com suspeita de c\u00e2ncer, deu resultado negativo; e a vit\u00f3ria do Meng\u00e3o. Foi um dia maravilhoso, sensacional! Comemora\u00e7\u00e3o dupla\u201d, vibrou Eduardo.<\/p>\n\n\n\n<p>Para Val\u00e9ria, vit\u00f3rias como a do Flamengo s\u00e3o motiva\u00e7\u00e3o para manter um sorriso constante na vida. O casal tamb\u00e9m exalta a uni\u00e3o que o futebol proporciona.<\/p>\n\n\n\n<p>\u201cNa hora da euforia, todo mundo se abra\u00e7a, todo mundo demonstra felicidade. Esse neg\u00f3cio de viol\u00eancia j\u00e1 foi do passado, agora a galera toda se une, todo mundo junto\u201d, acredita Eduardo.<\/p>\n\n\n\n<p><strong>Fam\u00edlia<\/strong><br>Se Eduardo e Val\u00e9ria sa\u00edram de um bairro das redondezas, teve gente que saiu de bem mais longe. Foi o caso de Andressa Vit\u00f3ria, que mora em S\u00e3o Gon\u00e7alo, munic\u00edpio na regi\u00e3o metropolitana do Rio, a cerca de 30 quil\u00f4metros de dist\u00e2ncia, quase duas horas de deslocamento.<\/p>\n\n\n\n<p>Andressa foi acompanhada da fam\u00edlia e chegou por volta das 9h, mais de tr\u00eas horas antes de os atletas passarem pelo local. Ao lado da sogra, Rosane Rodrigues, ela disse \u00e0 reportagem que a emo\u00e7\u00e3o com a vit\u00f3ria da v\u00e9spera \u00e9 um al\u00edvio para a vida pessoal.<\/p>\n\n\n\n<p>\u201cAinda mais para quem tem uma crise de ansiedade\u201d, revela.<\/p>\n\n\n\n<p>Ela tamb\u00e9m enxerga no futebol uma forma de unir as pessoas ao ponto de, para ela, formarem uma fam\u00edlia.<\/p>\n\n\n\n<p>\u201cSe voc\u00ea estiver vendo um jogo no bar, parece que todo mundo se conhece, come\u00e7a a trocar assunto sobre isso. Voc\u00ea acaba fazendo uma amizade porque sempre v\u00ea um jogo naquele lugar, acaba se tornando uma fam\u00edlia\u201d, conta.<\/p>\n\n\n\n<p><strong>Vida mais leve<br><\/strong>O torcedor Euse?bio Carlos Andre? mora em Resende, cidade no sul do estado a 170 quil\u00f4metros do Rio. Otimista, ele tinha se programado para estar na capital fluminense neste fim de semana e participar de uma ent\u00e3o eventual comemora\u00e7\u00e3o.<\/p>\n\n\n\n<p>Para ele, as alegrias no futebol ajudam a deixar a vida mais leve. \u201cO Flamengo ganhando deixa o pai de fam\u00edlia feliz, todo mundo feliz. O cara feliz no trabalho, feliz no amor, feliz com o filho\u201d, diz.<\/p>\n\n\n\n<p>Ele ressalta tamb\u00e9m o que considera ser o lado democr\u00e1tico do futebol, em todas as torcidas, independentemente de clube.<\/p>\n\n\n\n<p>\u201cTodas as torcidas conseguem reunir o pobre com o rico, o cara que ganha R$ 50 mil junto com o que ganha R$ 80 por dia. O futebol une tudo, todas as ra\u00e7as e etnias\u201d, declara.<\/p>\n\n\n\n<p><strong>Fen\u00f4meno de massa<br><\/strong>As paix\u00f5es e a coes\u00e3o social causadas pelo futebol j\u00e1 foram tema de in\u00fameros estudos acad\u00eamicos. Um deles \u00e9 o do professor aposentado Mauricio Murad, da Universidade do Estado do Rio de Janeiro (Uerj).<\/p>\n\n\n\n<p>No artigo Futebol no Brasil: reflex\u00f5es sociol\u00f3gicas, o tamb\u00e9m doutor em sociologia do esporte pela Universidade do Porto, de Portugal, afirma que o futebol \u00e9 um dos maiores eventos da cultura da massa no Brasil.<\/p>\n\n\n\n<p>\u201cMobiliza paix\u00f5es coletivas, expressa os fundamentos antropol\u00f3gicos de nossa forma\u00e7\u00e3o e representa o nosso sistema simb\u00f3lico, como poucos acontecimentos da estrutura social\u201d, escreve.<\/p>\n\n\n\n<p>Murad considera que \u201ca materialidade maior do futebol, n\u00e3o se restringe ao esporte profissional\u201d. Para ele, o valor simb\u00f3lico do futebol transborda para toda a vida social.<\/p>\n\n\n\n<p>\u201cO futebol \u00e9 o mais significativo fen\u00f4meno da cultura das multid\u00f5es no Brasil, estimulando cora\u00e7\u00f5es e mentes, em regi\u00f5es diversas, em classes sociais distintas, em diferentes faixas et\u00e1rias, n\u00edveis de escolaridade e rela\u00e7\u00f5es de g\u00eanero\u201d.<\/p>\n\n\n\n<p>O professor ressalta que esse efeito supera at\u00e9 o carnaval, por se espalhar por todo o pa\u00eds e se manifestar o ano interior. \u201cCostuma se dizer que o reinado do Rei Momo dura quatro dias e que o reinado do Rei Pel\u00e9 dura o ano todo\u201d.<\/p>\n\n\n\n<p><strong>Paix\u00e3o como heran\u00e7a<br><\/strong>O casal Maur\u00edcio Braz e Fl\u00e1via Torres saiu de Mag\u00e9, munic\u00edpio da regi\u00e3o metropolitana, para acompanhar a comemora\u00e7\u00e3o. Eles levaram para festa um dos rubro-negros mais novos por l\u00e1: Jo\u00e3o Vicente, de apenas 9 meses.<\/p>\n\n\n\n<p>Com o beb\u00ea do colo, o pai explicou com orgulho como a tradi\u00e7\u00e3o de torcer para o clube passa de gera\u00e7\u00e3o em gera\u00e7\u00e3o. \u201c\u00c9 algo que passa de pai para filho. Igual aqui, essa camisa eu guardo desde novembro de 1995\u201d, diz ele enquanto aponta para a blusa vermelha e preta no corpo do beb\u00ea flamenguista.<\/p>\n\n\n\n<p>\u201cEstou passando para ele aqui hoje com o tetra da Libertadores\u201d, completa.<\/p>\n\n\n\n<p>A gera\u00e7\u00e3o pode at\u00e9 passar de fam\u00edlia em fam\u00edlia, mas para H\u00e9lio Marcos Ferreira Chaves, a festa deste domingo foi um pouco mais desacompanhada do que as de 2019 e 2022, quando o Flamengo tamb\u00e9m foi campe\u00e3o.<\/p>\n\n\n\n<p>\u201cEm 2019 e em 2022, eu estava com os meus filhos. Agora estou sem eles\u201d, brinca, ao justificar que um deles estava trabalhando e n\u00e3o p\u00f4de comparecer.<\/p>\n\n\n\n<p>\u201cMas quarta-feira ele estar\u00e1 comigo\u201d, prometeu para quarta-feira (3), quando o time enfrenta o Cear\u00e1 pelo Campeonato Brasileiro. O jogo pode dar ao clube mais um t\u00edtulo de campe\u00e3o.<\/p>\n\n\n\n<p>O c\u00e9lebre sambista Jo\u00e3o Nogueira j\u00e1 dizia: \u201cquando o Mengo perde eu n\u00e3o quero almo\u00e7ar, eu n\u00e3o quero jantar\u201d. Mas neste fim de semana, a Na\u00e7\u00e3o almo\u00e7ou, jantou e dormiu feliz.<\/p>\n\n\n\n<p>PorAg\u00eancia Brasil<\/p>\n","protected":false},"excerpt":{"rendered":"<p class=\"excerpt\">Centro do Rio para e refor\u00e7a futebol como mobilizador das massas Em 1983, o baiano Moraes Moreira j\u00e1 cantava: \u201cagora como \u00e9 que eu me vingo de toda derrota da vida, se a cada gol do Flamengo eu me sentia um vencedor\u201d. Na ocasi\u00e3o, ele lamentava a ida de Zico, o maior \u00eddolo do clube, [&hellip;]<\/p>\n","protected":false},"author":1,"featured_media":0,"comment_status":"open","ping_status":"open","sticky":false,"template":"","format":"standard","meta":[],"categories":[8,17],"tags":[22,24,113,83,92],"yoast_head":"<!-- This site is optimized with the Yoast SEO plugin v18.3 - https:\/\/yoast.com\/wordpress\/plugins\/seo\/ -->\n<title>Fam\u00edlias se juntam \u00e0 multid\u00e3o para festejar t\u00edtulo do Flamengo no RJ - Manchester FM 93,3<\/title>\n<meta name=\"robots\" content=\"index, follow, max-snippet:-1, max-image-preview:large, max-video-preview:-1\" \/>\n<link rel=\"canonical\" href=\"https:\/\/www.radiomanchester.com.br\/fm\/familias-se-juntam-a-multidao-para-festejar-titulo-do-flamengo-no-rj\/\" \/>\n<meta property=\"og:locale\" content=\"pt_BR\" \/>\n<meta property=\"og:type\" content=\"article\" \/>\n<meta property=\"og:title\" content=\"Fam\u00edlias se juntam \u00e0 multid\u00e3o para festejar t\u00edtulo do Flamengo no RJ - Manchester FM 93,3\" \/>\n<meta property=\"og:description\" content=\"Centro do Rio para e refor\u00e7a futebol como mobilizador das massas Em 1983, o baiano Moraes Moreira j\u00e1 cantava: \u201cagora como \u00e9 que eu me vingo de toda derrota da vida, se a cada gol do Flamengo eu me sentia um vencedor\u201d. Na ocasi\u00e3o, ele lamentava a ida de Zico, o maior \u00eddolo do clube, [&hellip;]\" \/>\n<meta property=\"og:url\" content=\"https:\/\/www.radiomanchester.com.br\/fm\/familias-se-juntam-a-multidao-para-festejar-titulo-do-flamengo-no-rj\/\" \/>\n<meta property=\"og:site_name\" content=\"Manchester FM 93,3\" \/>\n<meta property=\"article:published_time\" content=\"2025-12-01T20:26:00+00:00\" \/>\n<meta property=\"article:modified_time\" content=\"2025-11-30T23:15:22+00:00\" \/>\n<meta name=\"twitter:card\" content=\"summary_large_image\" \/>\n<meta name=\"twitter:label1\" content=\"Escrito por\" \/>\n\t<meta name=\"twitter:data1\" content=\"admin\" \/>\n\t<meta name=\"twitter:label2\" content=\"Est. tempo de leitura\" \/>\n\t<meta name=\"twitter:data2\" content=\"7 minutos\" \/>\n<script type=\"application\/ld+json\" class=\"yoast-schema-graph\">{\"@context\":\"https:\/\/schema.org\",\"@graph\":[{\"@type\":\"WebSite\",\"@id\":\"https:\/\/www.radiomanchester.com.br\/fm\/#website\",\"url\":\"https:\/\/www.radiomanchester.com.br\/fm\/\",\"name\":\"Manchester FM 93,3\",\"description\":\"Todo Mundo Ouve!\",\"potentialAction\":[{\"@type\":\"SearchAction\",\"target\":{\"@type\":\"EntryPoint\",\"urlTemplate\":\"https:\/\/www.radiomanchester.com.br\/fm\/?s={search_term_string}\"},\"query-input\":\"required name=search_term_string\"}],\"inLanguage\":\"pt-BR\"},{\"@type\":\"WebPage\",\"@id\":\"https:\/\/www.radiomanchester.com.br\/fm\/familias-se-juntam-a-multidao-para-festejar-titulo-do-flamengo-no-rj\/#webpage\",\"url\":\"https:\/\/www.radiomanchester.com.br\/fm\/familias-se-juntam-a-multidao-para-festejar-titulo-do-flamengo-no-rj\/\",\"name\":\"Fam\u00edlias se juntam \u00e0 multid\u00e3o para festejar t\u00edtulo do Flamengo no RJ - Manchester FM 93,3\",\"isPartOf\":{\"@id\":\"https:\/\/www.radiomanchester.com.br\/fm\/#website\"},\"datePublished\":\"2025-12-01T20:26:00+00:00\",\"dateModified\":\"2025-11-30T23:15:22+00:00\",\"author\":{\"@id\":\"https:\/\/www.radiomanchester.com.br\/fm\/#\/schema\/person\/408a7b4d4e32cbebd90e2782852abca3\"},\"breadcrumb\":{\"@id\":\"https:\/\/www.radiomanchester.com.br\/fm\/familias-se-juntam-a-multidao-para-festejar-titulo-do-flamengo-no-rj\/#breadcrumb\"},\"inLanguage\":\"pt-BR\",\"potentialAction\":[{\"@type\":\"ReadAction\",\"target\":[\"https:\/\/www.radiomanchester.com.br\/fm\/familias-se-juntam-a-multidao-para-festejar-titulo-do-flamengo-no-rj\/\"]}]},{\"@type\":\"BreadcrumbList\",\"@id\":\"https:\/\/www.radiomanchester.com.br\/fm\/familias-se-juntam-a-multidao-para-festejar-titulo-do-flamengo-no-rj\/#breadcrumb\",\"itemListElement\":[{\"@type\":\"ListItem\",\"position\":1,\"name\":\"Home\",\"item\":\"https:\/\/www.radiomanchester.com.br\/fm\/\"},{\"@type\":\"ListItem\",\"position\":2,\"name\":\"Fam\u00edlias se juntam \u00e0 multid\u00e3o para festejar t\u00edtulo do Flamengo no RJ\"}]},{\"@type\":\"Person\",\"@id\":\"https:\/\/www.radiomanchester.com.br\/fm\/#\/schema\/person\/408a7b4d4e32cbebd90e2782852abca3\",\"name\":\"admin\",\"image\":{\"@type\":\"ImageObject\",\"@id\":\"https:\/\/www.radiomanchester.com.br\/fm\/#personlogo\",\"inLanguage\":\"pt-BR\",\"url\":\"https:\/\/secure.gravatar.com\/avatar\/115a974dba3376872eb3addeb276301c?s=96&d=mm&r=g\",\"contentUrl\":\"https:\/\/secure.gravatar.com\/avatar\/115a974dba3376872eb3addeb276301c?s=96&d=mm&r=g\",\"caption\":\"admin\"},\"url\":\"https:\/\/www.radiomanchester.com.br\/fm\/author\/admin\/\"}]}<\/script>\n<!-- \/ Yoast SEO plugin. -->","yoast_head_json":{"title":"Fam\u00edlias se juntam \u00e0 multid\u00e3o para festejar t\u00edtulo do Flamengo no RJ - Manchester FM 93,3","robots":{"index":"index","follow":"follow","max-snippet":"max-snippet:-1","max-image-preview":"max-image-preview:large","max-video-preview":"max-video-preview:-1"},"canonical":"https:\/\/www.radiomanchester.com.br\/fm\/familias-se-juntam-a-multidao-para-festejar-titulo-do-flamengo-no-rj\/","og_locale":"pt_BR","og_type":"article","og_title":"Fam\u00edlias se juntam \u00e0 multid\u00e3o para festejar t\u00edtulo do Flamengo no RJ - Manchester FM 93,3","og_description":"Centro do Rio para e refor\u00e7a futebol como mobilizador das massas Em 1983, o baiano Moraes Moreira j\u00e1 cantava: \u201cagora como \u00e9 que eu me vingo de toda derrota da vida, se a cada gol do Flamengo eu me sentia um vencedor\u201d. Na ocasi\u00e3o, ele lamentava a ida de Zico, o maior \u00eddolo do clube, [&hellip;]","og_url":"https:\/\/www.radiomanchester.com.br\/fm\/familias-se-juntam-a-multidao-para-festejar-titulo-do-flamengo-no-rj\/","og_site_name":"Manchester FM 93,3","article_published_time":"2025-12-01T20:26:00+00:00","article_modified_time":"2025-11-30T23:15:22+00:00","twitter_card":"summary_large_image","twitter_misc":{"Escrito por":"admin","Est. tempo de leitura":"7 minutos"},"schema":{"@context":"https:\/\/schema.org","@graph":[{"@type":"WebSite","@id":"https:\/\/www.radiomanchester.com.br\/fm\/#website","url":"https:\/\/www.radiomanchester.com.br\/fm\/","name":"Manchester FM 93,3","description":"Todo Mundo Ouve!","potentialAction":[{"@type":"SearchAction","target":{"@type":"EntryPoint","urlTemplate":"https:\/\/www.radiomanchester.com.br\/fm\/?s={search_term_string}"},"query-input":"required name=search_term_string"}],"inLanguage":"pt-BR"},{"@type":"WebPage","@id":"https:\/\/www.radiomanchester.com.br\/fm\/familias-se-juntam-a-multidao-para-festejar-titulo-do-flamengo-no-rj\/#webpage","url":"https:\/\/www.radiomanchester.com.br\/fm\/familias-se-juntam-a-multidao-para-festejar-titulo-do-flamengo-no-rj\/","name":"Fam\u00edlias se juntam \u00e0 multid\u00e3o para festejar t\u00edtulo do Flamengo no RJ - Manchester FM 93,3","isPartOf":{"@id":"https:\/\/www.radiomanchester.com.br\/fm\/#website"},"datePublished":"2025-12-01T20:26:00+00:00","dateModified":"2025-11-30T23:15:22+00:00","author":{"@id":"https:\/\/www.radiomanchester.com.br\/fm\/#\/schema\/person\/408a7b4d4e32cbebd90e2782852abca3"},"breadcrumb":{"@id":"https:\/\/www.radiomanchester.com.br\/fm\/familias-se-juntam-a-multidao-para-festejar-titulo-do-flamengo-no-rj\/#breadcrumb"},"inLanguage":"pt-BR","potentialAction":[{"@type":"ReadAction","target":["https:\/\/www.radiomanchester.com.br\/fm\/familias-se-juntam-a-multidao-para-festejar-titulo-do-flamengo-no-rj\/"]}]},{"@type":"BreadcrumbList","@id":"https:\/\/www.radiomanchester.com.br\/fm\/familias-se-juntam-a-multidao-para-festejar-titulo-do-flamengo-no-rj\/#breadcrumb","itemListElement":[{"@type":"ListItem","position":1,"name":"Home","item":"https:\/\/www.radiomanchester.com.br\/fm\/"},{"@type":"ListItem","position":2,"name":"Fam\u00edlias se juntam \u00e0 multid\u00e3o para festejar t\u00edtulo do Flamengo no RJ"}]},{"@type":"Person","@id":"https:\/\/www.radiomanchester.com.br\/fm\/#\/schema\/person\/408a7b4d4e32cbebd90e2782852abca3","name":"admin","image":{"@type":"ImageObject","@id":"https:\/\/www.radiomanchester.com.br\/fm\/#personlogo","inLanguage":"pt-BR","url":"https:\/\/secure.gravatar.com\/avatar\/115a974dba3376872eb3addeb276301c?s=96&d=mm&r=g","contentUrl":"https:\/\/secure.gravatar.com\/avatar\/115a974dba3376872eb3addeb276301c?s=96&d=mm&r=g","caption":"admin"},"url":"https:\/\/www.radiomanchester.com.br\/fm\/author\/admin\/"}]}},"_links":{"self":[{"href":"https:\/\/www.radiomanchester.com.br\/fm\/wp-json\/wp\/v2\/posts\/16927"}],"collection":[{"href":"https:\/\/www.radiomanchester.com.br\/fm\/wp-json\/wp\/v2\/posts"}],"about":[{"href":"https:\/\/www.radiomanchester.com.br\/fm\/wp-json\/wp\/v2\/types\/post"}],"author":[{"embeddable":true,"href":"https:\/\/www.radiomanchester.com.br\/fm\/wp-json\/wp\/v2\/users\/1"}],"replies":[{"embeddable":true,"href":"https:\/\/www.radiomanchester.com.br\/fm\/wp-json\/wp\/v2\/comments?post=16927"}],"version-history":[{"count":1,"href":"https:\/\/www.radiomanchester.com.br\/fm\/wp-json\/wp\/v2\/posts\/16927\/revisions"}],"predecessor-version":[{"id":16928,"href":"https:\/\/www.radiomanchester.com.br\/fm\/wp-json\/wp\/v2\/posts\/16927\/revisions\/16928"}],"wp:attachment":[{"href":"https:\/\/www.radiomanchester.com.br\/fm\/wp-json\/wp\/v2\/media?parent=16927"}],"wp:term":[{"taxonomy":"category","embeddable":true,"href":"https:\/\/www.radiomanchester.com.br\/fm\/wp-json\/wp\/v2\/categories?post=16927"},{"taxonomy":"post_tag","embeddable":true,"href":"https:\/\/www.radiomanchester.com.br\/fm\/wp-json\/wp\/v2\/tags?post=16927"}],"curies":[{"name":"wp","href":"https:\/\/api.w.org\/{rel}","templated":true}]}}