{"id":16929,"date":"2025-12-01T18:34:37","date_gmt":"2025-12-01T21:34:37","guid":{"rendered":"https:\/\/www.radiomanchester.com.br\/fm\/?p=16929"},"modified":"2025-12-01T18:34:39","modified_gmt":"2025-12-01T21:34:39","slug":"planetario-digital-de-anapolis-tera-cantata-de-natal-com-alunos-da-escola-de-musica","status":"publish","type":"post","link":"https:\/\/www.radiomanchester.com.br\/fm\/planetario-digital-de-anapolis-tera-cantata-de-natal-com-alunos-da-escola-de-musica\/","title":{"rendered":"Planet\u00e1rio Digital de An\u00e1polis ter\u00e1 cantata de Natal com alunos da Escola de M\u00fasica"},"content":{"rendered":"\n<p><\/p>\n\n\n\n<p>Os interessados em ci\u00eancia e cultura poder\u00e3o aproveitar gratuitamente, nesta quarta-feira (3), a partir das 19h, uma Sess\u00e3o Especial de Natal no Planet\u00e1rio Digital de An\u00e1polis.<\/p>\n\n\n\n<p>A programa\u00e7\u00e3o ser\u00e1 voltada para toda a fam\u00edlia e contar\u00e1 com a apresenta\u00e7\u00e3o do coro infantil da Escola de M\u00fasica de An\u00e1polis.<\/p>\n\n\n\n<p>O momento promete encantar o p\u00fablico com uma Cantata de Natal, m\u00fasica e cultura, destacando o talento dos alunos que se apresentar\u00e3o. No local, o p\u00fablico tamb\u00e9m poder\u00e1 visitar a exposi\u00e7\u00e3o permanente de pain\u00e9is sobre astronomia e astron\u00e1utica.<\/p>\n\n\n\n<p>A a\u00e7\u00e3o ser\u00e1 promovida pela Secretaria Municipal de Educa\u00e7\u00e3o, por meio da Diretoria de Inclus\u00e3o e da equipe do Planet\u00e1rio, em parceria com a Secretaria Municipal de Cultura e Turismo, por meio da Escola de M\u00fasica de An\u00e1polis.<\/p>\n\n\n\n<p>De acordo com a equipe do Planet\u00e1rio, o objetivo \u00e9 celebrar o esp\u00edrito natalino junto \u00e0 comunidade, unindo ci\u00eancia e cultura, al\u00e9m de valorizar o talento das crian\u00e7as e incentivar o trabalho&nbsp;em&nbsp;equipe.<\/p>\n","protected":false},"excerpt":{"rendered":"<p class=\"excerpt\">Os interessados em ci\u00eancia e cultura poder\u00e3o aproveitar gratuitamente, nesta quarta-feira (3), a partir das 19h, uma Sess\u00e3o Especial de Natal no Planet\u00e1rio Digital de An\u00e1polis. A programa\u00e7\u00e3o ser\u00e1 voltada para toda a fam\u00edlia e contar\u00e1 com a apresenta\u00e7\u00e3o do coro infantil da Escola de M\u00fasica de An\u00e1polis. O momento promete encantar o p\u00fablico com [&hellip;]<\/p>\n","protected":false},"author":1,"featured_media":0,"comment_status":"open","ping_status":"open","sticky":false,"template":"","format":"standard","meta":[],"categories":[8,17],"tags":[22,24,113,83,129,92],"yoast_head":"<!-- This site is optimized with the Yoast SEO plugin v18.3 - https:\/\/yoast.com\/wordpress\/plugins\/seo\/ -->\n<title>Planet\u00e1rio Digital de An\u00e1polis ter\u00e1 cantata de Natal com alunos da Escola de M\u00fasica - Manchester FM 93,3<\/title>\n<meta name=\"robots\" content=\"index, follow, max-snippet:-1, max-image-preview:large, max-video-preview:-1\" \/>\n<link rel=\"canonical\" href=\"https:\/\/www.radiomanchester.com.br\/fm\/planetario-digital-de-anapolis-tera-cantata-de-natal-com-alunos-da-escola-de-musica\/\" \/>\n<meta property=\"og:locale\" content=\"pt_BR\" \/>\n<meta property=\"og:type\" content=\"article\" \/>\n<meta property=\"og:title\" content=\"Planet\u00e1rio Digital de An\u00e1polis ter\u00e1 cantata de Natal com alunos da Escola de M\u00fasica - Manchester FM 93,3\" \/>\n<meta property=\"og:description\" content=\"Os interessados em ci\u00eancia e cultura poder\u00e3o aproveitar gratuitamente, nesta quarta-feira (3), a partir das 19h, uma Sess\u00e3o Especial de Natal no Planet\u00e1rio Digital de An\u00e1polis. A programa\u00e7\u00e3o ser\u00e1 voltada para toda a fam\u00edlia e contar\u00e1 com a apresenta\u00e7\u00e3o do coro infantil da Escola de M\u00fasica de An\u00e1polis. O momento promete encantar o p\u00fablico com [&hellip;]\" \/>\n<meta property=\"og:url\" content=\"https:\/\/www.radiomanchester.com.br\/fm\/planetario-digital-de-anapolis-tera-cantata-de-natal-com-alunos-da-escola-de-musica\/\" \/>\n<meta property=\"og:site_name\" content=\"Manchester FM 93,3\" \/>\n<meta property=\"article:published_time\" content=\"2025-12-01T21:34:37+00:00\" \/>\n<meta property=\"article:modified_time\" content=\"2025-12-01T21:34:39+00:00\" \/>\n<meta name=\"twitter:card\" content=\"summary_large_image\" \/>\n<meta name=\"twitter:label1\" content=\"Escrito por\" \/>\n\t<meta name=\"twitter:data1\" content=\"admin\" \/>\n\t<meta name=\"twitter:label2\" content=\"Est. tempo de leitura\" \/>\n\t<meta name=\"twitter:data2\" content=\"1 minuto\" \/>\n<script type=\"application\/ld+json\" class=\"yoast-schema-graph\">{\"@context\":\"https:\/\/schema.org\",\"@graph\":[{\"@type\":\"WebSite\",\"@id\":\"https:\/\/www.radiomanchester.com.br\/fm\/#website\",\"url\":\"https:\/\/www.radiomanchester.com.br\/fm\/\",\"name\":\"Manchester FM 93,3\",\"description\":\"Todo Mundo Ouve!\",\"potentialAction\":[{\"@type\":\"SearchAction\",\"target\":{\"@type\":\"EntryPoint\",\"urlTemplate\":\"https:\/\/www.radiomanchester.com.br\/fm\/?s={search_term_string}\"},\"query-input\":\"required name=search_term_string\"}],\"inLanguage\":\"pt-BR\"},{\"@type\":\"WebPage\",\"@id\":\"https:\/\/www.radiomanchester.com.br\/fm\/planetario-digital-de-anapolis-tera-cantata-de-natal-com-alunos-da-escola-de-musica\/#webpage\",\"url\":\"https:\/\/www.radiomanchester.com.br\/fm\/planetario-digital-de-anapolis-tera-cantata-de-natal-com-alunos-da-escola-de-musica\/\",\"name\":\"Planet\u00e1rio Digital de An\u00e1polis ter\u00e1 cantata de Natal com alunos da Escola de M\u00fasica - Manchester FM 93,3\",\"isPartOf\":{\"@id\":\"https:\/\/www.radiomanchester.com.br\/fm\/#website\"},\"datePublished\":\"2025-12-01T21:34:37+00:00\",\"dateModified\":\"2025-12-01T21:34:39+00:00\",\"author\":{\"@id\":\"https:\/\/www.radiomanchester.com.br\/fm\/#\/schema\/person\/408a7b4d4e32cbebd90e2782852abca3\"},\"breadcrumb\":{\"@id\":\"https:\/\/www.radiomanchester.com.br\/fm\/planetario-digital-de-anapolis-tera-cantata-de-natal-com-alunos-da-escola-de-musica\/#breadcrumb\"},\"inLanguage\":\"pt-BR\",\"potentialAction\":[{\"@type\":\"ReadAction\",\"target\":[\"https:\/\/www.radiomanchester.com.br\/fm\/planetario-digital-de-anapolis-tera-cantata-de-natal-com-alunos-da-escola-de-musica\/\"]}]},{\"@type\":\"BreadcrumbList\",\"@id\":\"https:\/\/www.radiomanchester.com.br\/fm\/planetario-digital-de-anapolis-tera-cantata-de-natal-com-alunos-da-escola-de-musica\/#breadcrumb\",\"itemListElement\":[{\"@type\":\"ListItem\",\"position\":1,\"name\":\"Home\",\"item\":\"https:\/\/www.radiomanchester.com.br\/fm\/\"},{\"@type\":\"ListItem\",\"position\":2,\"name\":\"Planet\u00e1rio Digital de An\u00e1polis ter\u00e1 cantata de Natal com alunos da Escola de M\u00fasica\"}]},{\"@type\":\"Person\",\"@id\":\"https:\/\/www.radiomanchester.com.br\/fm\/#\/schema\/person\/408a7b4d4e32cbebd90e2782852abca3\",\"name\":\"admin\",\"image\":{\"@type\":\"ImageObject\",\"@id\":\"https:\/\/www.radiomanchester.com.br\/fm\/#personlogo\",\"inLanguage\":\"pt-BR\",\"url\":\"https:\/\/secure.gravatar.com\/avatar\/115a974dba3376872eb3addeb276301c?s=96&d=mm&r=g\",\"contentUrl\":\"https:\/\/secure.gravatar.com\/avatar\/115a974dba3376872eb3addeb276301c?s=96&d=mm&r=g\",\"caption\":\"admin\"},\"url\":\"https:\/\/www.radiomanchester.com.br\/fm\/author\/admin\/\"}]}<\/script>\n<!-- \/ Yoast SEO plugin. -->","yoast_head_json":{"title":"Planet\u00e1rio Digital de An\u00e1polis ter\u00e1 cantata de Natal com alunos da Escola de M\u00fasica - Manchester FM 93,3","robots":{"index":"index","follow":"follow","max-snippet":"max-snippet:-1","max-image-preview":"max-image-preview:large","max-video-preview":"max-video-preview:-1"},"canonical":"https:\/\/www.radiomanchester.com.br\/fm\/planetario-digital-de-anapolis-tera-cantata-de-natal-com-alunos-da-escola-de-musica\/","og_locale":"pt_BR","og_type":"article","og_title":"Planet\u00e1rio Digital de An\u00e1polis ter\u00e1 cantata de Natal com alunos da Escola de M\u00fasica - Manchester FM 93,3","og_description":"Os interessados em ci\u00eancia e cultura poder\u00e3o aproveitar gratuitamente, nesta quarta-feira (3), a partir das 19h, uma Sess\u00e3o Especial de Natal no Planet\u00e1rio Digital de An\u00e1polis. A programa\u00e7\u00e3o ser\u00e1 voltada para toda a fam\u00edlia e contar\u00e1 com a apresenta\u00e7\u00e3o do coro infantil da Escola de M\u00fasica de An\u00e1polis. O momento promete encantar o p\u00fablico com [&hellip;]","og_url":"https:\/\/www.radiomanchester.com.br\/fm\/planetario-digital-de-anapolis-tera-cantata-de-natal-com-alunos-da-escola-de-musica\/","og_site_name":"Manchester FM 93,3","article_published_time":"2025-12-01T21:34:37+00:00","article_modified_time":"2025-12-01T21:34:39+00:00","twitter_card":"summary_large_image","twitter_misc":{"Escrito por":"admin","Est. tempo de leitura":"1 minuto"},"schema":{"@context":"https:\/\/schema.org","@graph":[{"@type":"WebSite","@id":"https:\/\/www.radiomanchester.com.br\/fm\/#website","url":"https:\/\/www.radiomanchester.com.br\/fm\/","name":"Manchester FM 93,3","description":"Todo Mundo Ouve!","potentialAction":[{"@type":"SearchAction","target":{"@type":"EntryPoint","urlTemplate":"https:\/\/www.radiomanchester.com.br\/fm\/?s={search_term_string}"},"query-input":"required name=search_term_string"}],"inLanguage":"pt-BR"},{"@type":"WebPage","@id":"https:\/\/www.radiomanchester.com.br\/fm\/planetario-digital-de-anapolis-tera-cantata-de-natal-com-alunos-da-escola-de-musica\/#webpage","url":"https:\/\/www.radiomanchester.com.br\/fm\/planetario-digital-de-anapolis-tera-cantata-de-natal-com-alunos-da-escola-de-musica\/","name":"Planet\u00e1rio Digital de An\u00e1polis ter\u00e1 cantata de Natal com alunos da Escola de M\u00fasica - Manchester FM 93,3","isPartOf":{"@id":"https:\/\/www.radiomanchester.com.br\/fm\/#website"},"datePublished":"2025-12-01T21:34:37+00:00","dateModified":"2025-12-01T21:34:39+00:00","author":{"@id":"https:\/\/www.radiomanchester.com.br\/fm\/#\/schema\/person\/408a7b4d4e32cbebd90e2782852abca3"},"breadcrumb":{"@id":"https:\/\/www.radiomanchester.com.br\/fm\/planetario-digital-de-anapolis-tera-cantata-de-natal-com-alunos-da-escola-de-musica\/#breadcrumb"},"inLanguage":"pt-BR","potentialAction":[{"@type":"ReadAction","target":["https:\/\/www.radiomanchester.com.br\/fm\/planetario-digital-de-anapolis-tera-cantata-de-natal-com-alunos-da-escola-de-musica\/"]}]},{"@type":"BreadcrumbList","@id":"https:\/\/www.radiomanchester.com.br\/fm\/planetario-digital-de-anapolis-tera-cantata-de-natal-com-alunos-da-escola-de-musica\/#breadcrumb","itemListElement":[{"@type":"ListItem","position":1,"name":"Home","item":"https:\/\/www.radiomanchester.com.br\/fm\/"},{"@type":"ListItem","position":2,"name":"Planet\u00e1rio Digital de An\u00e1polis ter\u00e1 cantata de Natal com alunos da Escola de M\u00fasica"}]},{"@type":"Person","@id":"https:\/\/www.radiomanchester.com.br\/fm\/#\/schema\/person\/408a7b4d4e32cbebd90e2782852abca3","name":"admin","image":{"@type":"ImageObject","@id":"https:\/\/www.radiomanchester.com.br\/fm\/#personlogo","inLanguage":"pt-BR","url":"https:\/\/secure.gravatar.com\/avatar\/115a974dba3376872eb3addeb276301c?s=96&d=mm&r=g","contentUrl":"https:\/\/secure.gravatar.com\/avatar\/115a974dba3376872eb3addeb276301c?s=96&d=mm&r=g","caption":"admin"},"url":"https:\/\/www.radiomanchester.com.br\/fm\/author\/admin\/"}]}},"_links":{"self":[{"href":"https:\/\/www.radiomanchester.com.br\/fm\/wp-json\/wp\/v2\/posts\/16929"}],"collection":[{"href":"https:\/\/www.radiomanchester.com.br\/fm\/wp-json\/wp\/v2\/posts"}],"about":[{"href":"https:\/\/www.radiomanchester.com.br\/fm\/wp-json\/wp\/v2\/types\/post"}],"author":[{"embeddable":true,"href":"https:\/\/www.radiomanchester.com.br\/fm\/wp-json\/wp\/v2\/users\/1"}],"replies":[{"embeddable":true,"href":"https:\/\/www.radiomanchester.com.br\/fm\/wp-json\/wp\/v2\/comments?post=16929"}],"version-history":[{"count":1,"href":"https:\/\/www.radiomanchester.com.br\/fm\/wp-json\/wp\/v2\/posts\/16929\/revisions"}],"predecessor-version":[{"id":16930,"href":"https:\/\/www.radiomanchester.com.br\/fm\/wp-json\/wp\/v2\/posts\/16929\/revisions\/16930"}],"wp:attachment":[{"href":"https:\/\/www.radiomanchester.com.br\/fm\/wp-json\/wp\/v2\/media?parent=16929"}],"wp:term":[{"taxonomy":"category","embeddable":true,"href":"https:\/\/www.radiomanchester.com.br\/fm\/wp-json\/wp\/v2\/categories?post=16929"},{"taxonomy":"post_tag","embeddable":true,"href":"https:\/\/www.radiomanchester.com.br\/fm\/wp-json\/wp\/v2\/tags?post=16929"}],"curies":[{"name":"wp","href":"https:\/\/api.w.org\/{rel}","templated":true}]}}