{"id":16931,"date":"2025-12-02T07:00:00","date_gmt":"2025-12-02T10:00:00","guid":{"rendered":"https:\/\/www.radiomanchester.com.br\/fm\/?p=16931"},"modified":"2025-12-01T21:38:08","modified_gmt":"2025-12-02T00:38:08","slug":"saiba-o-que-muda-para-tirar-a-cnh-com-as-novas-regras-do-contran","status":"publish","type":"post","link":"https:\/\/www.radiomanchester.com.br\/fm\/saiba-o-que-muda-para-tirar-a-cnh-com-as-novas-regras-do-contran\/","title":{"rendered":"Saiba o que muda para tirar a CNH com as novas regras do Contran"},"content":{"rendered":"\n<p><em><strong>Medida retira a obrigatoriedade de passar por uma autoescola<\/strong><\/em><\/p>\n\n\n\n<hr class=\"wp-block-separator\"\/>\n\n\n\n<p>O Conselho Nacional de Tr\u00e2nsito (Contran) aprovou nesta segunda-feira (1\u00ba\/12) a resolu\u00e7\u00e3o que simplifica o processo de obten\u00e7\u00e3o da Carteira Nacional de Habilita\u00e7\u00e3o (CNH). A medida retira a obrigatoriedade de passar por uma autoescola antes de fazer as provas de dire\u00e7\u00e3o<\/p>\n\n\n\n<p>Segundo o Minist\u00e9rio dos Transportes, as medidas podem reduzir em at\u00e9 80% o custo total da CNH. As novas regras passam a valer a partir da publica\u00e7\u00e3o da resolu\u00e7\u00e3o no Di\u00e1rio Oficial da Uni\u00e3o.<\/p>\n\n\n\n<p><strong>Veja as principais mudan\u00e7as:<\/strong><\/p>\n\n\n\n<p><strong>Abertura do processo<br><\/strong>Poder\u00e1 ser feita pelo site do Minist\u00e9rio dos Transportes ou pelo aplicativo da Carteira Digital de Tr\u00e2nsito (CDT).<\/p>\n\n\n\n<p><strong>Aulas te\u00f3ricas<br><\/strong>O Minist\u00e9rio dos Transportes ir\u00e1 disponibilizar todo o conte\u00fado te\u00f3rico online, gratuitamente.<br>Quem preferir poder\u00e1 estudar presencialmente em autoescolas ou institui\u00e7\u00f5es credenciadas.<\/p>\n\n\n\n<p><strong>Aulas pr\u00e1ticas<br><\/strong>A exig\u00eancia de aulas pr\u00e1ticas passar\u00e1 das atuais 20 horas-aula para 2 horas.<br>O candidato poder\u00e1 escolher entre: autoescolas tradicionais, instrutores aut\u00f4nomos credenciados pelos Detrans ou prepara\u00e7\u00f5es personalizadas.<br>Ser\u00e1 permitido uso de carro pr\u00f3prio para as aulas pr\u00e1ticas<\/p>\n\n\n\n<p><strong>Provas<\/strong><br>Mesmo sem a obrigatoriedade das aulas, o condutor ainda \u00e9 obrigado a fazer as provas te\u00f3rica e pr\u00e1tica para obter a CNH.<br>Outras etapas obrigat\u00f3rias como coleta biom\u00e9trica e exame m\u00e9dico devem ser feitas presencialmente no Detran.<\/p>\n\n\n\n<p><strong>Instrutores<br><\/strong>Os instrutores aut\u00f4nomos ser\u00e3o autorizados e fiscalizados pelos \u00f3rg\u00e3os estaduais, com crit\u00e9rios padronizados nacionalmente.<br>A identifica\u00e7\u00e3o e o controle ser\u00e3o integrados \u00e0 Carteira Digital de Tr\u00e2nsito.<\/p>\n\n\n\n<p>porAg\u00eancia Brasil<\/p>\n","protected":false},"excerpt":{"rendered":"<p class=\"excerpt\">Medida retira a obrigatoriedade de passar por uma autoescola O Conselho Nacional de Tr\u00e2nsito (Contran) aprovou nesta segunda-feira (1\u00ba\/12) a resolu\u00e7\u00e3o que simplifica o processo de obten\u00e7\u00e3o da Carteira Nacional de Habilita\u00e7\u00e3o (CNH). A medida retira a obrigatoriedade de passar por uma autoescola antes de fazer as provas de dire\u00e7\u00e3o Segundo o Minist\u00e9rio dos Transportes, [&hellip;]<\/p>\n","protected":false},"author":1,"featured_media":0,"comment_status":"open","ping_status":"open","sticky":false,"template":"","format":"standard","meta":[],"categories":[8,17],"tags":[22,24,113,83,92],"yoast_head":"<!-- This site is optimized with the Yoast SEO plugin v18.3 - https:\/\/yoast.com\/wordpress\/plugins\/seo\/ -->\n<title>Saiba o que muda para tirar a CNH com as novas regras do Contran - Manchester FM 93,3<\/title>\n<meta name=\"robots\" content=\"index, follow, max-snippet:-1, max-image-preview:large, max-video-preview:-1\" \/>\n<link rel=\"canonical\" href=\"https:\/\/www.radiomanchester.com.br\/fm\/saiba-o-que-muda-para-tirar-a-cnh-com-as-novas-regras-do-contran\/\" \/>\n<meta property=\"og:locale\" content=\"pt_BR\" \/>\n<meta property=\"og:type\" content=\"article\" \/>\n<meta property=\"og:title\" content=\"Saiba o que muda para tirar a CNH com as novas regras do Contran - Manchester FM 93,3\" \/>\n<meta property=\"og:description\" content=\"Medida retira a obrigatoriedade de passar por uma autoescola O Conselho Nacional de Tr\u00e2nsito (Contran) aprovou nesta segunda-feira (1\u00ba\/12) a resolu\u00e7\u00e3o que simplifica o processo de obten\u00e7\u00e3o da Carteira Nacional de Habilita\u00e7\u00e3o (CNH). A medida retira a obrigatoriedade de passar por uma autoescola antes de fazer as provas de dire\u00e7\u00e3o Segundo o Minist\u00e9rio dos Transportes, [&hellip;]\" \/>\n<meta property=\"og:url\" content=\"https:\/\/www.radiomanchester.com.br\/fm\/saiba-o-que-muda-para-tirar-a-cnh-com-as-novas-regras-do-contran\/\" \/>\n<meta property=\"og:site_name\" content=\"Manchester FM 93,3\" \/>\n<meta property=\"article:published_time\" content=\"2025-12-02T10:00:00+00:00\" \/>\n<meta property=\"article:modified_time\" content=\"2025-12-02T00:38:08+00:00\" \/>\n<meta name=\"twitter:card\" content=\"summary_large_image\" \/>\n<meta name=\"twitter:label1\" content=\"Escrito por\" \/>\n\t<meta name=\"twitter:data1\" content=\"admin\" \/>\n\t<meta name=\"twitter:label2\" content=\"Est. tempo de leitura\" \/>\n\t<meta name=\"twitter:data2\" content=\"2 minutos\" \/>\n<script type=\"application\/ld+json\" class=\"yoast-schema-graph\">{\"@context\":\"https:\/\/schema.org\",\"@graph\":[{\"@type\":\"WebSite\",\"@id\":\"https:\/\/www.radiomanchester.com.br\/fm\/#website\",\"url\":\"https:\/\/www.radiomanchester.com.br\/fm\/\",\"name\":\"Manchester FM 93,3\",\"description\":\"Todo Mundo Ouve!\",\"potentialAction\":[{\"@type\":\"SearchAction\",\"target\":{\"@type\":\"EntryPoint\",\"urlTemplate\":\"https:\/\/www.radiomanchester.com.br\/fm\/?s={search_term_string}\"},\"query-input\":\"required name=search_term_string\"}],\"inLanguage\":\"pt-BR\"},{\"@type\":\"WebPage\",\"@id\":\"https:\/\/www.radiomanchester.com.br\/fm\/saiba-o-que-muda-para-tirar-a-cnh-com-as-novas-regras-do-contran\/#webpage\",\"url\":\"https:\/\/www.radiomanchester.com.br\/fm\/saiba-o-que-muda-para-tirar-a-cnh-com-as-novas-regras-do-contran\/\",\"name\":\"Saiba o que muda para tirar a CNH com as novas regras do Contran - Manchester FM 93,3\",\"isPartOf\":{\"@id\":\"https:\/\/www.radiomanchester.com.br\/fm\/#website\"},\"datePublished\":\"2025-12-02T10:00:00+00:00\",\"dateModified\":\"2025-12-02T00:38:08+00:00\",\"author\":{\"@id\":\"https:\/\/www.radiomanchester.com.br\/fm\/#\/schema\/person\/408a7b4d4e32cbebd90e2782852abca3\"},\"breadcrumb\":{\"@id\":\"https:\/\/www.radiomanchester.com.br\/fm\/saiba-o-que-muda-para-tirar-a-cnh-com-as-novas-regras-do-contran\/#breadcrumb\"},\"inLanguage\":\"pt-BR\",\"potentialAction\":[{\"@type\":\"ReadAction\",\"target\":[\"https:\/\/www.radiomanchester.com.br\/fm\/saiba-o-que-muda-para-tirar-a-cnh-com-as-novas-regras-do-contran\/\"]}]},{\"@type\":\"BreadcrumbList\",\"@id\":\"https:\/\/www.radiomanchester.com.br\/fm\/saiba-o-que-muda-para-tirar-a-cnh-com-as-novas-regras-do-contran\/#breadcrumb\",\"itemListElement\":[{\"@type\":\"ListItem\",\"position\":1,\"name\":\"Home\",\"item\":\"https:\/\/www.radiomanchester.com.br\/fm\/\"},{\"@type\":\"ListItem\",\"position\":2,\"name\":\"Saiba o que muda para tirar a CNH com as novas regras do Contran\"}]},{\"@type\":\"Person\",\"@id\":\"https:\/\/www.radiomanchester.com.br\/fm\/#\/schema\/person\/408a7b4d4e32cbebd90e2782852abca3\",\"name\":\"admin\",\"image\":{\"@type\":\"ImageObject\",\"@id\":\"https:\/\/www.radiomanchester.com.br\/fm\/#personlogo\",\"inLanguage\":\"pt-BR\",\"url\":\"https:\/\/secure.gravatar.com\/avatar\/115a974dba3376872eb3addeb276301c?s=96&d=mm&r=g\",\"contentUrl\":\"https:\/\/secure.gravatar.com\/avatar\/115a974dba3376872eb3addeb276301c?s=96&d=mm&r=g\",\"caption\":\"admin\"},\"url\":\"https:\/\/www.radiomanchester.com.br\/fm\/author\/admin\/\"}]}<\/script>\n<!-- \/ Yoast SEO plugin. -->","yoast_head_json":{"title":"Saiba o que muda para tirar a CNH com as novas regras do Contran - Manchester FM 93,3","robots":{"index":"index","follow":"follow","max-snippet":"max-snippet:-1","max-image-preview":"max-image-preview:large","max-video-preview":"max-video-preview:-1"},"canonical":"https:\/\/www.radiomanchester.com.br\/fm\/saiba-o-que-muda-para-tirar-a-cnh-com-as-novas-regras-do-contran\/","og_locale":"pt_BR","og_type":"article","og_title":"Saiba o que muda para tirar a CNH com as novas regras do Contran - Manchester FM 93,3","og_description":"Medida retira a obrigatoriedade de passar por uma autoescola O Conselho Nacional de Tr\u00e2nsito (Contran) aprovou nesta segunda-feira (1\u00ba\/12) a resolu\u00e7\u00e3o que simplifica o processo de obten\u00e7\u00e3o da Carteira Nacional de Habilita\u00e7\u00e3o (CNH). A medida retira a obrigatoriedade de passar por uma autoescola antes de fazer as provas de dire\u00e7\u00e3o Segundo o Minist\u00e9rio dos Transportes, [&hellip;]","og_url":"https:\/\/www.radiomanchester.com.br\/fm\/saiba-o-que-muda-para-tirar-a-cnh-com-as-novas-regras-do-contran\/","og_site_name":"Manchester FM 93,3","article_published_time":"2025-12-02T10:00:00+00:00","article_modified_time":"2025-12-02T00:38:08+00:00","twitter_card":"summary_large_image","twitter_misc":{"Escrito por":"admin","Est. tempo de leitura":"2 minutos"},"schema":{"@context":"https:\/\/schema.org","@graph":[{"@type":"WebSite","@id":"https:\/\/www.radiomanchester.com.br\/fm\/#website","url":"https:\/\/www.radiomanchester.com.br\/fm\/","name":"Manchester FM 93,3","description":"Todo Mundo Ouve!","potentialAction":[{"@type":"SearchAction","target":{"@type":"EntryPoint","urlTemplate":"https:\/\/www.radiomanchester.com.br\/fm\/?s={search_term_string}"},"query-input":"required name=search_term_string"}],"inLanguage":"pt-BR"},{"@type":"WebPage","@id":"https:\/\/www.radiomanchester.com.br\/fm\/saiba-o-que-muda-para-tirar-a-cnh-com-as-novas-regras-do-contran\/#webpage","url":"https:\/\/www.radiomanchester.com.br\/fm\/saiba-o-que-muda-para-tirar-a-cnh-com-as-novas-regras-do-contran\/","name":"Saiba o que muda para tirar a CNH com as novas regras do Contran - Manchester FM 93,3","isPartOf":{"@id":"https:\/\/www.radiomanchester.com.br\/fm\/#website"},"datePublished":"2025-12-02T10:00:00+00:00","dateModified":"2025-12-02T00:38:08+00:00","author":{"@id":"https:\/\/www.radiomanchester.com.br\/fm\/#\/schema\/person\/408a7b4d4e32cbebd90e2782852abca3"},"breadcrumb":{"@id":"https:\/\/www.radiomanchester.com.br\/fm\/saiba-o-que-muda-para-tirar-a-cnh-com-as-novas-regras-do-contran\/#breadcrumb"},"inLanguage":"pt-BR","potentialAction":[{"@type":"ReadAction","target":["https:\/\/www.radiomanchester.com.br\/fm\/saiba-o-que-muda-para-tirar-a-cnh-com-as-novas-regras-do-contran\/"]}]},{"@type":"BreadcrumbList","@id":"https:\/\/www.radiomanchester.com.br\/fm\/saiba-o-que-muda-para-tirar-a-cnh-com-as-novas-regras-do-contran\/#breadcrumb","itemListElement":[{"@type":"ListItem","position":1,"name":"Home","item":"https:\/\/www.radiomanchester.com.br\/fm\/"},{"@type":"ListItem","position":2,"name":"Saiba o que muda para tirar a CNH com as novas regras do Contran"}]},{"@type":"Person","@id":"https:\/\/www.radiomanchester.com.br\/fm\/#\/schema\/person\/408a7b4d4e32cbebd90e2782852abca3","name":"admin","image":{"@type":"ImageObject","@id":"https:\/\/www.radiomanchester.com.br\/fm\/#personlogo","inLanguage":"pt-BR","url":"https:\/\/secure.gravatar.com\/avatar\/115a974dba3376872eb3addeb276301c?s=96&d=mm&r=g","contentUrl":"https:\/\/secure.gravatar.com\/avatar\/115a974dba3376872eb3addeb276301c?s=96&d=mm&r=g","caption":"admin"},"url":"https:\/\/www.radiomanchester.com.br\/fm\/author\/admin\/"}]}},"_links":{"self":[{"href":"https:\/\/www.radiomanchester.com.br\/fm\/wp-json\/wp\/v2\/posts\/16931"}],"collection":[{"href":"https:\/\/www.radiomanchester.com.br\/fm\/wp-json\/wp\/v2\/posts"}],"about":[{"href":"https:\/\/www.radiomanchester.com.br\/fm\/wp-json\/wp\/v2\/types\/post"}],"author":[{"embeddable":true,"href":"https:\/\/www.radiomanchester.com.br\/fm\/wp-json\/wp\/v2\/users\/1"}],"replies":[{"embeddable":true,"href":"https:\/\/www.radiomanchester.com.br\/fm\/wp-json\/wp\/v2\/comments?post=16931"}],"version-history":[{"count":1,"href":"https:\/\/www.radiomanchester.com.br\/fm\/wp-json\/wp\/v2\/posts\/16931\/revisions"}],"predecessor-version":[{"id":16932,"href":"https:\/\/www.radiomanchester.com.br\/fm\/wp-json\/wp\/v2\/posts\/16931\/revisions\/16932"}],"wp:attachment":[{"href":"https:\/\/www.radiomanchester.com.br\/fm\/wp-json\/wp\/v2\/media?parent=16931"}],"wp:term":[{"taxonomy":"category","embeddable":true,"href":"https:\/\/www.radiomanchester.com.br\/fm\/wp-json\/wp\/v2\/categories?post=16931"},{"taxonomy":"post_tag","embeddable":true,"href":"https:\/\/www.radiomanchester.com.br\/fm\/wp-json\/wp\/v2\/tags?post=16931"}],"curies":[{"name":"wp","href":"https:\/\/api.w.org\/{rel}","templated":true}]}}