{"id":16950,"date":"2025-12-06T08:30:00","date_gmt":"2025-12-06T11:30:00","guid":{"rendered":"https:\/\/www.radiomanchester.com.br\/fm\/?p=16950"},"modified":"2025-12-05T20:13:46","modified_gmt":"2025-12-05T23:13:46","slug":"procon-anapolis-leva-atendimento-movel-ao-bairro-paraiso-na-proxima-semana","status":"publish","type":"post","link":"https:\/\/www.radiomanchester.com.br\/fm\/procon-anapolis-leva-atendimento-movel-ao-bairro-paraiso-na-proxima-semana\/","title":{"rendered":"Procon An\u00e1polis leva atendimento m\u00f3vel ao bairro Para\u00edso na pr\u00f3xima semana"},"content":{"rendered":"\n<p>Os moradores do bairro Para\u00edso e regi\u00e3o contar\u00e1, entre os dias 8 e 12 de dezembro, com atendimento direto do Procon An\u00e1polis. O atendimento ser\u00e1 realizado na Unidade de Sa\u00fade da Fam\u00edlia (USF) Dr. Elon Gon\u00e7alves, localizada na Pra\u00e7a Sebasti\u00e3o Silva, n\u00ba 12, no bairro Para\u00edso. O servi\u00e7o estar\u00e1 dispon\u00edvel das 9h \u00e0s 16h30 durante toda a semana.<\/p>\n\n\n\n<p>A a\u00e7\u00e3o tem como objetivo garantir suporte presencial para moradores que necessitam de esclarecimentos ou abertura de demandas relacionadas ao consumo.<\/p>\n\n\n\n<p>Entre os servi\u00e7os oferecidos est\u00e3o a abertura de reclama\u00e7\u00f5es, orienta\u00e7\u00f5es sobre direitos do consumidor e apoio na an\u00e1lise de contratos, cobran\u00e7as indevidas e registros de negativa\u00e7\u00e3o, al\u00e9m de realizar encaminhamentos para \u00f3rg\u00e3os parceiros, quando necess\u00e1rio.<\/p>\n\n\n\n<p>De acordo com a Diretoria Municipal de Defesa do Consumidor, a a\u00e7\u00e3o tem como objetivo oferecer servi\u00e7os gratuitos, facilitando o acesso da popula\u00e7\u00e3o \u00e0s a\u00e7\u00f5es de prote\u00e7\u00e3o e orienta\u00e7\u00e3o ao consumidor.<\/p>\n\n\n\n<p>Para receber o atendimento \u00e9 necess\u00e1rio que os consumidores levem documentos pessoais, comprovantes de resid\u00eancia e todos os registros relacionados ao problema, como prints, contratos, notas fiscais e comprovantes de pagamento, para agilizar o atendimento. O \u00f3rg\u00e3o refor\u00e7a que buscar orienta\u00e7\u00e3o pode evitar preju\u00edzos e garantir que os direitos do consumidor sejam&nbsp;preservados.<\/p>\n","protected":false},"excerpt":{"rendered":"<p class=\"excerpt\">Os moradores do bairro Para\u00edso e regi\u00e3o contar\u00e1, entre os dias 8 e 12 de dezembro, com atendimento direto do Procon An\u00e1polis. O atendimento ser\u00e1 realizado na Unidade de Sa\u00fade da Fam\u00edlia (USF) Dr. Elon Gon\u00e7alves, localizada na Pra\u00e7a Sebasti\u00e3o Silva, n\u00ba 12, no bairro Para\u00edso. O servi\u00e7o estar\u00e1 dispon\u00edvel das 9h \u00e0s 16h30 durante [&hellip;]<\/p>\n","protected":false},"author":1,"featured_media":0,"comment_status":"open","ping_status":"open","sticky":false,"template":"","format":"standard","meta":[],"categories":[8,17],"tags":[22,24,113,129,92],"yoast_head":"<!-- This site is optimized with the Yoast SEO plugin v18.3 - https:\/\/yoast.com\/wordpress\/plugins\/seo\/ -->\n<title>Procon An\u00e1polis leva atendimento m\u00f3vel ao bairro Para\u00edso na pr\u00f3xima semana - Manchester FM 93,3<\/title>\n<meta name=\"robots\" content=\"index, follow, max-snippet:-1, max-image-preview:large, max-video-preview:-1\" \/>\n<link rel=\"canonical\" href=\"https:\/\/www.radiomanchester.com.br\/fm\/procon-anapolis-leva-atendimento-movel-ao-bairro-paraiso-na-proxima-semana\/\" \/>\n<meta property=\"og:locale\" content=\"pt_BR\" \/>\n<meta property=\"og:type\" content=\"article\" \/>\n<meta property=\"og:title\" content=\"Procon An\u00e1polis leva atendimento m\u00f3vel ao bairro Para\u00edso na pr\u00f3xima semana - Manchester FM 93,3\" \/>\n<meta property=\"og:description\" content=\"Os moradores do bairro Para\u00edso e regi\u00e3o contar\u00e1, entre os dias 8 e 12 de dezembro, com atendimento direto do Procon An\u00e1polis. O atendimento ser\u00e1 realizado na Unidade de Sa\u00fade da Fam\u00edlia (USF) Dr. Elon Gon\u00e7alves, localizada na Pra\u00e7a Sebasti\u00e3o Silva, n\u00ba 12, no bairro Para\u00edso. O servi\u00e7o estar\u00e1 dispon\u00edvel das 9h \u00e0s 16h30 durante [&hellip;]\" \/>\n<meta property=\"og:url\" content=\"https:\/\/www.radiomanchester.com.br\/fm\/procon-anapolis-leva-atendimento-movel-ao-bairro-paraiso-na-proxima-semana\/\" \/>\n<meta property=\"og:site_name\" content=\"Manchester FM 93,3\" \/>\n<meta property=\"article:published_time\" content=\"2025-12-06T11:30:00+00:00\" \/>\n<meta property=\"article:modified_time\" content=\"2025-12-05T23:13:46+00:00\" \/>\n<meta name=\"twitter:card\" content=\"summary_large_image\" \/>\n<meta name=\"twitter:label1\" content=\"Escrito por\" \/>\n\t<meta name=\"twitter:data1\" content=\"admin\" \/>\n\t<meta name=\"twitter:label2\" content=\"Est. tempo de leitura\" \/>\n\t<meta name=\"twitter:data2\" content=\"2 minutos\" \/>\n<script type=\"application\/ld+json\" class=\"yoast-schema-graph\">{\"@context\":\"https:\/\/schema.org\",\"@graph\":[{\"@type\":\"WebSite\",\"@id\":\"https:\/\/www.radiomanchester.com.br\/fm\/#website\",\"url\":\"https:\/\/www.radiomanchester.com.br\/fm\/\",\"name\":\"Manchester FM 93,3\",\"description\":\"Todo Mundo Ouve!\",\"potentialAction\":[{\"@type\":\"SearchAction\",\"target\":{\"@type\":\"EntryPoint\",\"urlTemplate\":\"https:\/\/www.radiomanchester.com.br\/fm\/?s={search_term_string}\"},\"query-input\":\"required name=search_term_string\"}],\"inLanguage\":\"pt-BR\"},{\"@type\":\"WebPage\",\"@id\":\"https:\/\/www.radiomanchester.com.br\/fm\/procon-anapolis-leva-atendimento-movel-ao-bairro-paraiso-na-proxima-semana\/#webpage\",\"url\":\"https:\/\/www.radiomanchester.com.br\/fm\/procon-anapolis-leva-atendimento-movel-ao-bairro-paraiso-na-proxima-semana\/\",\"name\":\"Procon An\u00e1polis leva atendimento m\u00f3vel ao bairro Para\u00edso na pr\u00f3xima semana - Manchester FM 93,3\",\"isPartOf\":{\"@id\":\"https:\/\/www.radiomanchester.com.br\/fm\/#website\"},\"datePublished\":\"2025-12-06T11:30:00+00:00\",\"dateModified\":\"2025-12-05T23:13:46+00:00\",\"author\":{\"@id\":\"https:\/\/www.radiomanchester.com.br\/fm\/#\/schema\/person\/408a7b4d4e32cbebd90e2782852abca3\"},\"breadcrumb\":{\"@id\":\"https:\/\/www.radiomanchester.com.br\/fm\/procon-anapolis-leva-atendimento-movel-ao-bairro-paraiso-na-proxima-semana\/#breadcrumb\"},\"inLanguage\":\"pt-BR\",\"potentialAction\":[{\"@type\":\"ReadAction\",\"target\":[\"https:\/\/www.radiomanchester.com.br\/fm\/procon-anapolis-leva-atendimento-movel-ao-bairro-paraiso-na-proxima-semana\/\"]}]},{\"@type\":\"BreadcrumbList\",\"@id\":\"https:\/\/www.radiomanchester.com.br\/fm\/procon-anapolis-leva-atendimento-movel-ao-bairro-paraiso-na-proxima-semana\/#breadcrumb\",\"itemListElement\":[{\"@type\":\"ListItem\",\"position\":1,\"name\":\"Home\",\"item\":\"https:\/\/www.radiomanchester.com.br\/fm\/\"},{\"@type\":\"ListItem\",\"position\":2,\"name\":\"Procon An\u00e1polis leva atendimento m\u00f3vel ao bairro Para\u00edso na pr\u00f3xima semana\"}]},{\"@type\":\"Person\",\"@id\":\"https:\/\/www.radiomanchester.com.br\/fm\/#\/schema\/person\/408a7b4d4e32cbebd90e2782852abca3\",\"name\":\"admin\",\"image\":{\"@type\":\"ImageObject\",\"@id\":\"https:\/\/www.radiomanchester.com.br\/fm\/#personlogo\",\"inLanguage\":\"pt-BR\",\"url\":\"https:\/\/secure.gravatar.com\/avatar\/115a974dba3376872eb3addeb276301c?s=96&d=mm&r=g\",\"contentUrl\":\"https:\/\/secure.gravatar.com\/avatar\/115a974dba3376872eb3addeb276301c?s=96&d=mm&r=g\",\"caption\":\"admin\"},\"url\":\"https:\/\/www.radiomanchester.com.br\/fm\/author\/admin\/\"}]}<\/script>\n<!-- \/ Yoast SEO plugin. -->","yoast_head_json":{"title":"Procon An\u00e1polis leva atendimento m\u00f3vel ao bairro Para\u00edso na pr\u00f3xima semana - Manchester FM 93,3","robots":{"index":"index","follow":"follow","max-snippet":"max-snippet:-1","max-image-preview":"max-image-preview:large","max-video-preview":"max-video-preview:-1"},"canonical":"https:\/\/www.radiomanchester.com.br\/fm\/procon-anapolis-leva-atendimento-movel-ao-bairro-paraiso-na-proxima-semana\/","og_locale":"pt_BR","og_type":"article","og_title":"Procon An\u00e1polis leva atendimento m\u00f3vel ao bairro Para\u00edso na pr\u00f3xima semana - Manchester FM 93,3","og_description":"Os moradores do bairro Para\u00edso e regi\u00e3o contar\u00e1, entre os dias 8 e 12 de dezembro, com atendimento direto do Procon An\u00e1polis. O atendimento ser\u00e1 realizado na Unidade de Sa\u00fade da Fam\u00edlia (USF) Dr. Elon Gon\u00e7alves, localizada na Pra\u00e7a Sebasti\u00e3o Silva, n\u00ba 12, no bairro Para\u00edso. O servi\u00e7o estar\u00e1 dispon\u00edvel das 9h \u00e0s 16h30 durante [&hellip;]","og_url":"https:\/\/www.radiomanchester.com.br\/fm\/procon-anapolis-leva-atendimento-movel-ao-bairro-paraiso-na-proxima-semana\/","og_site_name":"Manchester FM 93,3","article_published_time":"2025-12-06T11:30:00+00:00","article_modified_time":"2025-12-05T23:13:46+00:00","twitter_card":"summary_large_image","twitter_misc":{"Escrito por":"admin","Est. tempo de leitura":"2 minutos"},"schema":{"@context":"https:\/\/schema.org","@graph":[{"@type":"WebSite","@id":"https:\/\/www.radiomanchester.com.br\/fm\/#website","url":"https:\/\/www.radiomanchester.com.br\/fm\/","name":"Manchester FM 93,3","description":"Todo Mundo Ouve!","potentialAction":[{"@type":"SearchAction","target":{"@type":"EntryPoint","urlTemplate":"https:\/\/www.radiomanchester.com.br\/fm\/?s={search_term_string}"},"query-input":"required name=search_term_string"}],"inLanguage":"pt-BR"},{"@type":"WebPage","@id":"https:\/\/www.radiomanchester.com.br\/fm\/procon-anapolis-leva-atendimento-movel-ao-bairro-paraiso-na-proxima-semana\/#webpage","url":"https:\/\/www.radiomanchester.com.br\/fm\/procon-anapolis-leva-atendimento-movel-ao-bairro-paraiso-na-proxima-semana\/","name":"Procon An\u00e1polis leva atendimento m\u00f3vel ao bairro Para\u00edso na pr\u00f3xima semana - Manchester FM 93,3","isPartOf":{"@id":"https:\/\/www.radiomanchester.com.br\/fm\/#website"},"datePublished":"2025-12-06T11:30:00+00:00","dateModified":"2025-12-05T23:13:46+00:00","author":{"@id":"https:\/\/www.radiomanchester.com.br\/fm\/#\/schema\/person\/408a7b4d4e32cbebd90e2782852abca3"},"breadcrumb":{"@id":"https:\/\/www.radiomanchester.com.br\/fm\/procon-anapolis-leva-atendimento-movel-ao-bairro-paraiso-na-proxima-semana\/#breadcrumb"},"inLanguage":"pt-BR","potentialAction":[{"@type":"ReadAction","target":["https:\/\/www.radiomanchester.com.br\/fm\/procon-anapolis-leva-atendimento-movel-ao-bairro-paraiso-na-proxima-semana\/"]}]},{"@type":"BreadcrumbList","@id":"https:\/\/www.radiomanchester.com.br\/fm\/procon-anapolis-leva-atendimento-movel-ao-bairro-paraiso-na-proxima-semana\/#breadcrumb","itemListElement":[{"@type":"ListItem","position":1,"name":"Home","item":"https:\/\/www.radiomanchester.com.br\/fm\/"},{"@type":"ListItem","position":2,"name":"Procon An\u00e1polis leva atendimento m\u00f3vel ao bairro Para\u00edso na pr\u00f3xima semana"}]},{"@type":"Person","@id":"https:\/\/www.radiomanchester.com.br\/fm\/#\/schema\/person\/408a7b4d4e32cbebd90e2782852abca3","name":"admin","image":{"@type":"ImageObject","@id":"https:\/\/www.radiomanchester.com.br\/fm\/#personlogo","inLanguage":"pt-BR","url":"https:\/\/secure.gravatar.com\/avatar\/115a974dba3376872eb3addeb276301c?s=96&d=mm&r=g","contentUrl":"https:\/\/secure.gravatar.com\/avatar\/115a974dba3376872eb3addeb276301c?s=96&d=mm&r=g","caption":"admin"},"url":"https:\/\/www.radiomanchester.com.br\/fm\/author\/admin\/"}]}},"_links":{"self":[{"href":"https:\/\/www.radiomanchester.com.br\/fm\/wp-json\/wp\/v2\/posts\/16950"}],"collection":[{"href":"https:\/\/www.radiomanchester.com.br\/fm\/wp-json\/wp\/v2\/posts"}],"about":[{"href":"https:\/\/www.radiomanchester.com.br\/fm\/wp-json\/wp\/v2\/types\/post"}],"author":[{"embeddable":true,"href":"https:\/\/www.radiomanchester.com.br\/fm\/wp-json\/wp\/v2\/users\/1"}],"replies":[{"embeddable":true,"href":"https:\/\/www.radiomanchester.com.br\/fm\/wp-json\/wp\/v2\/comments?post=16950"}],"version-history":[{"count":1,"href":"https:\/\/www.radiomanchester.com.br\/fm\/wp-json\/wp\/v2\/posts\/16950\/revisions"}],"predecessor-version":[{"id":16951,"href":"https:\/\/www.radiomanchester.com.br\/fm\/wp-json\/wp\/v2\/posts\/16950\/revisions\/16951"}],"wp:attachment":[{"href":"https:\/\/www.radiomanchester.com.br\/fm\/wp-json\/wp\/v2\/media?parent=16950"}],"wp:term":[{"taxonomy":"category","embeddable":true,"href":"https:\/\/www.radiomanchester.com.br\/fm\/wp-json\/wp\/v2\/categories?post=16950"},{"taxonomy":"post_tag","embeddable":true,"href":"https:\/\/www.radiomanchester.com.br\/fm\/wp-json\/wp\/v2\/tags?post=16950"}],"curies":[{"name":"wp","href":"https:\/\/api.w.org\/{rel}","templated":true}]}}