{"id":16952,"date":"2025-12-06T21:31:21","date_gmt":"2025-12-07T00:31:21","guid":{"rendered":"https:\/\/www.radiomanchester.com.br\/fm\/?p=16952"},"modified":"2025-12-06T21:31:23","modified_gmt":"2025-12-07T00:31:23","slug":"tempestade-na-tarde-deste-sabado-em-goiania-deixou-ruas-e-avenidas-alagadas","status":"publish","type":"post","link":"https:\/\/www.radiomanchester.com.br\/fm\/tempestade-na-tarde-deste-sabado-em-goiania-deixou-ruas-e-avenidas-alagadas\/","title":{"rendered":"Tempestade na tarde deste s\u00e1bado em Goi\u00e2nia deixou ruas e avenidas alagadas"},"content":{"rendered":"\n<p><\/p>\n\n\n\n<p>Uma forte chuva foi registrada na tarde deste s\u00e1bado (6\/12) em Goi\u00e2nia. V\u00e1rios pontos da cidade ficaram alagados, como a Rua 87 no Setor Sul, que tem ocorr\u00eancias de enchentes durante fortes chuvas na capital. O C\u00f3rrego Botafogo transbordou e causou interdi\u00e7\u00e3o da marginal. Um carro foi submerso e o motorista precisou ser resgatado pelos bombeiros. A Avenida 85 ficou submersa em alguns pontos. As enchentes podem trazer riscos aos moradores. Acidentes e lixo pelas ruas s\u00e3o fatos registrados ap\u00f3s a tempestade da tarde deste s\u00e1bado na capital.<\/p>\n\n\n\n<p>A \u00e1gua tamb\u00e9m invadiu partes do Hospital de Urg\u00eancias de Goi\u00e1s (Hugo), corredores e \u00e1reas de circula\u00e7\u00e3o da unidade hospitalar foram tomados pela \u00e1gua da chuva.<\/p>\n\n\n\n<p>De acordo com a Prefeitura de Goi\u00e2nia, equipes da Comurg est\u00e3o trabalhando para liberar as vias interditadas e remover o lixo deixado pela enxurrada. A nota diz ainda que as equipes seguem em alerta e que ir\u00e3o trabalhar a noite toda at\u00e9 que a cidade volte a normalidade.<\/p>\n","protected":false},"excerpt":{"rendered":"<p class=\"excerpt\">Uma forte chuva foi registrada na tarde deste s\u00e1bado (6\/12) em Goi\u00e2nia. V\u00e1rios pontos da cidade ficaram alagados, como a Rua 87 no Setor Sul, que tem ocorr\u00eancias de enchentes durante fortes chuvas na capital. O C\u00f3rrego Botafogo transbordou e causou interdi\u00e7\u00e3o da marginal. Um carro foi submerso e o motorista precisou ser resgatado pelos [&hellip;]<\/p>\n","protected":false},"author":1,"featured_media":0,"comment_status":"open","ping_status":"open","sticky":false,"template":"","format":"standard","meta":[],"categories":[8,17],"tags":[22,24,113,83,92],"yoast_head":"<!-- This site is optimized with the Yoast SEO plugin v18.3 - https:\/\/yoast.com\/wordpress\/plugins\/seo\/ -->\n<title>Tempestade na tarde deste s\u00e1bado em Goi\u00e2nia deixou ruas e avenidas alagadas - Manchester FM 93,3<\/title>\n<meta name=\"robots\" content=\"index, follow, max-snippet:-1, max-image-preview:large, max-video-preview:-1\" \/>\n<link rel=\"canonical\" href=\"https:\/\/www.radiomanchester.com.br\/fm\/tempestade-na-tarde-deste-sabado-em-goiania-deixou-ruas-e-avenidas-alagadas\/\" \/>\n<meta property=\"og:locale\" content=\"pt_BR\" \/>\n<meta property=\"og:type\" content=\"article\" \/>\n<meta property=\"og:title\" content=\"Tempestade na tarde deste s\u00e1bado em Goi\u00e2nia deixou ruas e avenidas alagadas - Manchester FM 93,3\" \/>\n<meta property=\"og:description\" content=\"Uma forte chuva foi registrada na tarde deste s\u00e1bado (6\/12) em Goi\u00e2nia. V\u00e1rios pontos da cidade ficaram alagados, como a Rua 87 no Setor Sul, que tem ocorr\u00eancias de enchentes durante fortes chuvas na capital. O C\u00f3rrego Botafogo transbordou e causou interdi\u00e7\u00e3o da marginal. Um carro foi submerso e o motorista precisou ser resgatado pelos [&hellip;]\" \/>\n<meta property=\"og:url\" content=\"https:\/\/www.radiomanchester.com.br\/fm\/tempestade-na-tarde-deste-sabado-em-goiania-deixou-ruas-e-avenidas-alagadas\/\" \/>\n<meta property=\"og:site_name\" content=\"Manchester FM 93,3\" \/>\n<meta property=\"article:published_time\" content=\"2025-12-07T00:31:21+00:00\" \/>\n<meta property=\"article:modified_time\" content=\"2025-12-07T00:31:23+00:00\" \/>\n<meta name=\"twitter:card\" content=\"summary_large_image\" \/>\n<meta name=\"twitter:label1\" content=\"Escrito por\" \/>\n\t<meta name=\"twitter:data1\" content=\"admin\" \/>\n\t<meta name=\"twitter:label2\" content=\"Est. tempo de leitura\" \/>\n\t<meta name=\"twitter:data2\" content=\"1 minuto\" \/>\n<script type=\"application\/ld+json\" class=\"yoast-schema-graph\">{\"@context\":\"https:\/\/schema.org\",\"@graph\":[{\"@type\":\"WebSite\",\"@id\":\"https:\/\/www.radiomanchester.com.br\/fm\/#website\",\"url\":\"https:\/\/www.radiomanchester.com.br\/fm\/\",\"name\":\"Manchester FM 93,3\",\"description\":\"Todo Mundo Ouve!\",\"potentialAction\":[{\"@type\":\"SearchAction\",\"target\":{\"@type\":\"EntryPoint\",\"urlTemplate\":\"https:\/\/www.radiomanchester.com.br\/fm\/?s={search_term_string}\"},\"query-input\":\"required name=search_term_string\"}],\"inLanguage\":\"pt-BR\"},{\"@type\":\"WebPage\",\"@id\":\"https:\/\/www.radiomanchester.com.br\/fm\/tempestade-na-tarde-deste-sabado-em-goiania-deixou-ruas-e-avenidas-alagadas\/#webpage\",\"url\":\"https:\/\/www.radiomanchester.com.br\/fm\/tempestade-na-tarde-deste-sabado-em-goiania-deixou-ruas-e-avenidas-alagadas\/\",\"name\":\"Tempestade na tarde deste s\u00e1bado em Goi\u00e2nia deixou ruas e avenidas alagadas - Manchester FM 93,3\",\"isPartOf\":{\"@id\":\"https:\/\/www.radiomanchester.com.br\/fm\/#website\"},\"datePublished\":\"2025-12-07T00:31:21+00:00\",\"dateModified\":\"2025-12-07T00:31:23+00:00\",\"author\":{\"@id\":\"https:\/\/www.radiomanchester.com.br\/fm\/#\/schema\/person\/408a7b4d4e32cbebd90e2782852abca3\"},\"breadcrumb\":{\"@id\":\"https:\/\/www.radiomanchester.com.br\/fm\/tempestade-na-tarde-deste-sabado-em-goiania-deixou-ruas-e-avenidas-alagadas\/#breadcrumb\"},\"inLanguage\":\"pt-BR\",\"potentialAction\":[{\"@type\":\"ReadAction\",\"target\":[\"https:\/\/www.radiomanchester.com.br\/fm\/tempestade-na-tarde-deste-sabado-em-goiania-deixou-ruas-e-avenidas-alagadas\/\"]}]},{\"@type\":\"BreadcrumbList\",\"@id\":\"https:\/\/www.radiomanchester.com.br\/fm\/tempestade-na-tarde-deste-sabado-em-goiania-deixou-ruas-e-avenidas-alagadas\/#breadcrumb\",\"itemListElement\":[{\"@type\":\"ListItem\",\"position\":1,\"name\":\"Home\",\"item\":\"https:\/\/www.radiomanchester.com.br\/fm\/\"},{\"@type\":\"ListItem\",\"position\":2,\"name\":\"Tempestade na tarde deste s\u00e1bado em Goi\u00e2nia deixou ruas e avenidas alagadas\"}]},{\"@type\":\"Person\",\"@id\":\"https:\/\/www.radiomanchester.com.br\/fm\/#\/schema\/person\/408a7b4d4e32cbebd90e2782852abca3\",\"name\":\"admin\",\"image\":{\"@type\":\"ImageObject\",\"@id\":\"https:\/\/www.radiomanchester.com.br\/fm\/#personlogo\",\"inLanguage\":\"pt-BR\",\"url\":\"https:\/\/secure.gravatar.com\/avatar\/115a974dba3376872eb3addeb276301c?s=96&d=mm&r=g\",\"contentUrl\":\"https:\/\/secure.gravatar.com\/avatar\/115a974dba3376872eb3addeb276301c?s=96&d=mm&r=g\",\"caption\":\"admin\"},\"url\":\"https:\/\/www.radiomanchester.com.br\/fm\/author\/admin\/\"}]}<\/script>\n<!-- \/ Yoast SEO plugin. -->","yoast_head_json":{"title":"Tempestade na tarde deste s\u00e1bado em Goi\u00e2nia deixou ruas e avenidas alagadas - Manchester FM 93,3","robots":{"index":"index","follow":"follow","max-snippet":"max-snippet:-1","max-image-preview":"max-image-preview:large","max-video-preview":"max-video-preview:-1"},"canonical":"https:\/\/www.radiomanchester.com.br\/fm\/tempestade-na-tarde-deste-sabado-em-goiania-deixou-ruas-e-avenidas-alagadas\/","og_locale":"pt_BR","og_type":"article","og_title":"Tempestade na tarde deste s\u00e1bado em Goi\u00e2nia deixou ruas e avenidas alagadas - Manchester FM 93,3","og_description":"Uma forte chuva foi registrada na tarde deste s\u00e1bado (6\/12) em Goi\u00e2nia. V\u00e1rios pontos da cidade ficaram alagados, como a Rua 87 no Setor Sul, que tem ocorr\u00eancias de enchentes durante fortes chuvas na capital. O C\u00f3rrego Botafogo transbordou e causou interdi\u00e7\u00e3o da marginal. Um carro foi submerso e o motorista precisou ser resgatado pelos [&hellip;]","og_url":"https:\/\/www.radiomanchester.com.br\/fm\/tempestade-na-tarde-deste-sabado-em-goiania-deixou-ruas-e-avenidas-alagadas\/","og_site_name":"Manchester FM 93,3","article_published_time":"2025-12-07T00:31:21+00:00","article_modified_time":"2025-12-07T00:31:23+00:00","twitter_card":"summary_large_image","twitter_misc":{"Escrito por":"admin","Est. tempo de leitura":"1 minuto"},"schema":{"@context":"https:\/\/schema.org","@graph":[{"@type":"WebSite","@id":"https:\/\/www.radiomanchester.com.br\/fm\/#website","url":"https:\/\/www.radiomanchester.com.br\/fm\/","name":"Manchester FM 93,3","description":"Todo Mundo Ouve!","potentialAction":[{"@type":"SearchAction","target":{"@type":"EntryPoint","urlTemplate":"https:\/\/www.radiomanchester.com.br\/fm\/?s={search_term_string}"},"query-input":"required name=search_term_string"}],"inLanguage":"pt-BR"},{"@type":"WebPage","@id":"https:\/\/www.radiomanchester.com.br\/fm\/tempestade-na-tarde-deste-sabado-em-goiania-deixou-ruas-e-avenidas-alagadas\/#webpage","url":"https:\/\/www.radiomanchester.com.br\/fm\/tempestade-na-tarde-deste-sabado-em-goiania-deixou-ruas-e-avenidas-alagadas\/","name":"Tempestade na tarde deste s\u00e1bado em Goi\u00e2nia deixou ruas e avenidas alagadas - Manchester FM 93,3","isPartOf":{"@id":"https:\/\/www.radiomanchester.com.br\/fm\/#website"},"datePublished":"2025-12-07T00:31:21+00:00","dateModified":"2025-12-07T00:31:23+00:00","author":{"@id":"https:\/\/www.radiomanchester.com.br\/fm\/#\/schema\/person\/408a7b4d4e32cbebd90e2782852abca3"},"breadcrumb":{"@id":"https:\/\/www.radiomanchester.com.br\/fm\/tempestade-na-tarde-deste-sabado-em-goiania-deixou-ruas-e-avenidas-alagadas\/#breadcrumb"},"inLanguage":"pt-BR","potentialAction":[{"@type":"ReadAction","target":["https:\/\/www.radiomanchester.com.br\/fm\/tempestade-na-tarde-deste-sabado-em-goiania-deixou-ruas-e-avenidas-alagadas\/"]}]},{"@type":"BreadcrumbList","@id":"https:\/\/www.radiomanchester.com.br\/fm\/tempestade-na-tarde-deste-sabado-em-goiania-deixou-ruas-e-avenidas-alagadas\/#breadcrumb","itemListElement":[{"@type":"ListItem","position":1,"name":"Home","item":"https:\/\/www.radiomanchester.com.br\/fm\/"},{"@type":"ListItem","position":2,"name":"Tempestade na tarde deste s\u00e1bado em Goi\u00e2nia deixou ruas e avenidas alagadas"}]},{"@type":"Person","@id":"https:\/\/www.radiomanchester.com.br\/fm\/#\/schema\/person\/408a7b4d4e32cbebd90e2782852abca3","name":"admin","image":{"@type":"ImageObject","@id":"https:\/\/www.radiomanchester.com.br\/fm\/#personlogo","inLanguage":"pt-BR","url":"https:\/\/secure.gravatar.com\/avatar\/115a974dba3376872eb3addeb276301c?s=96&d=mm&r=g","contentUrl":"https:\/\/secure.gravatar.com\/avatar\/115a974dba3376872eb3addeb276301c?s=96&d=mm&r=g","caption":"admin"},"url":"https:\/\/www.radiomanchester.com.br\/fm\/author\/admin\/"}]}},"_links":{"self":[{"href":"https:\/\/www.radiomanchester.com.br\/fm\/wp-json\/wp\/v2\/posts\/16952"}],"collection":[{"href":"https:\/\/www.radiomanchester.com.br\/fm\/wp-json\/wp\/v2\/posts"}],"about":[{"href":"https:\/\/www.radiomanchester.com.br\/fm\/wp-json\/wp\/v2\/types\/post"}],"author":[{"embeddable":true,"href":"https:\/\/www.radiomanchester.com.br\/fm\/wp-json\/wp\/v2\/users\/1"}],"replies":[{"embeddable":true,"href":"https:\/\/www.radiomanchester.com.br\/fm\/wp-json\/wp\/v2\/comments?post=16952"}],"version-history":[{"count":1,"href":"https:\/\/www.radiomanchester.com.br\/fm\/wp-json\/wp\/v2\/posts\/16952\/revisions"}],"predecessor-version":[{"id":16953,"href":"https:\/\/www.radiomanchester.com.br\/fm\/wp-json\/wp\/v2\/posts\/16952\/revisions\/16953"}],"wp:attachment":[{"href":"https:\/\/www.radiomanchester.com.br\/fm\/wp-json\/wp\/v2\/media?parent=16952"}],"wp:term":[{"taxonomy":"category","embeddable":true,"href":"https:\/\/www.radiomanchester.com.br\/fm\/wp-json\/wp\/v2\/categories?post=16952"},{"taxonomy":"post_tag","embeddable":true,"href":"https:\/\/www.radiomanchester.com.br\/fm\/wp-json\/wp\/v2\/tags?post=16952"}],"curies":[{"name":"wp","href":"https:\/\/api.w.org\/{rel}","templated":true}]}}