{"id":16963,"date":"2025-12-09T19:13:15","date_gmt":"2025-12-09T22:13:15","guid":{"rendered":"https:\/\/www.radiomanchester.com.br\/fm\/?p=16963"},"modified":"2025-12-09T19:13:19","modified_gmt":"2025-12-09T22:13:19","slug":"quarta-cultural-apresenta-edicao-especial-dedicada-ao-hip-hop","status":"publish","type":"post","link":"https:\/\/www.radiomanchester.com.br\/fm\/quarta-cultural-apresenta-edicao-especial-dedicada-ao-hip-hop\/","title":{"rendered":"Quarta Cultural apresenta edi\u00e7\u00e3o especial dedicada ao Hip Hop"},"content":{"rendered":"\n<p><\/p>\n\n\n\n<p>A Prefeitura de An\u00e1polis, por meio da Secretaria Municipal de Cultura e Turismo, realiza nesta quarta-feira (10), a partir das 19h, mais uma edi\u00e7\u00e3o da Quarta Cultural, desta vez dedicada \u00e0 celebra\u00e7\u00e3o da arte urbana e das express\u00f5es que comp\u00f5em o movimento Hip Hop. A programa\u00e7\u00e3o ser\u00e1 conduzida pela Casa Hip Hop An\u00e1polis, que leva ao palco batalhas de rimas, dan\u00e7as urbanas, breaking e apresenta\u00e7\u00f5es de grupos convidados, como Capoeira Luanda, Sambadeiras do Cerrado e Ponto de Cultura On\u00e3 L\u2019Ay\u00f3.<\/p>\n\n\n\n<p>Reconhecida como a primeira Casa Hip Hop do Estado de Goi\u00e1s, a institui\u00e7\u00e3o se consolidou como refer\u00eancia na forma\u00e7\u00e3o art\u00edstica e no fortalecimento da cultura urbana no munic\u00edpio, atendendo crian\u00e7as, jovens e adultos em atividades que estimulam criatividade, disciplina e pertencimento.<\/p>\n\n\n\n<p>Al\u00e9m das apresenta\u00e7\u00f5es, o evento contar\u00e1 com Feira Cultural e pra\u00e7a gastron\u00f4mica na \u00e1rea externa, reunindo arte, artesanato e culin\u00e1ria local. Interessados em participar como expositores podem entrar em contato pelo WhatsApp (62) 99358-2323.<\/p>\n\n\n\n<p>Al\u00e9m da programa\u00e7\u00e3o, a Secretaria tamb\u00e9m destaca que a Casa Hip Hop An\u00e1polis abrir\u00e1, entre 8 e 30 de dezembro de 2025, as inscri\u00e7\u00f5es para oficinas e treinos avan\u00e7ados nas \u00e1reas de capoeira, breaking, dan\u00e7as urbanas, graffiti, DJ e batalhas de rimas, como parte das a\u00e7\u00f5es de forma\u00e7\u00e3o e fomento art\u00edstico mantidas pela\u00a0institui\u00e7\u00e3o.<\/p>\n\n\n\n<p>por Prefeitura de An\u00e1polis<\/p>\n","protected":false},"excerpt":{"rendered":"<p class=\"excerpt\">A Prefeitura de An\u00e1polis, por meio da Secretaria Municipal de Cultura e Turismo, realiza nesta quarta-feira (10), a partir das 19h, mais uma edi\u00e7\u00e3o da Quarta Cultural, desta vez dedicada \u00e0 celebra\u00e7\u00e3o da arte urbana e das express\u00f5es que comp\u00f5em o movimento Hip Hop. A programa\u00e7\u00e3o ser\u00e1 conduzida pela Casa Hip Hop An\u00e1polis, que leva [&hellip;]<\/p>\n","protected":false},"author":1,"featured_media":0,"comment_status":"open","ping_status":"open","sticky":false,"template":"","format":"standard","meta":[],"categories":[8,17],"tags":[22,24,113,83,92],"yoast_head":"<!-- This site is optimized with the Yoast SEO plugin v18.3 - https:\/\/yoast.com\/wordpress\/plugins\/seo\/ -->\n<title>Quarta Cultural apresenta edi\u00e7\u00e3o especial dedicada ao Hip Hop - Manchester FM 93,3<\/title>\n<meta name=\"robots\" content=\"index, follow, max-snippet:-1, max-image-preview:large, max-video-preview:-1\" \/>\n<link rel=\"canonical\" href=\"https:\/\/www.radiomanchester.com.br\/fm\/quarta-cultural-apresenta-edicao-especial-dedicada-ao-hip-hop\/\" \/>\n<meta property=\"og:locale\" content=\"pt_BR\" \/>\n<meta property=\"og:type\" content=\"article\" \/>\n<meta property=\"og:title\" content=\"Quarta Cultural apresenta edi\u00e7\u00e3o especial dedicada ao Hip Hop - Manchester FM 93,3\" \/>\n<meta property=\"og:description\" content=\"A Prefeitura de An\u00e1polis, por meio da Secretaria Municipal de Cultura e Turismo, realiza nesta quarta-feira (10), a partir das 19h, mais uma edi\u00e7\u00e3o da Quarta Cultural, desta vez dedicada \u00e0 celebra\u00e7\u00e3o da arte urbana e das express\u00f5es que comp\u00f5em o movimento Hip Hop. A programa\u00e7\u00e3o ser\u00e1 conduzida pela Casa Hip Hop An\u00e1polis, que leva [&hellip;]\" \/>\n<meta property=\"og:url\" content=\"https:\/\/www.radiomanchester.com.br\/fm\/quarta-cultural-apresenta-edicao-especial-dedicada-ao-hip-hop\/\" \/>\n<meta property=\"og:site_name\" content=\"Manchester FM 93,3\" \/>\n<meta property=\"article:published_time\" content=\"2025-12-09T22:13:15+00:00\" \/>\n<meta property=\"article:modified_time\" content=\"2025-12-09T22:13:19+00:00\" \/>\n<meta name=\"twitter:card\" content=\"summary_large_image\" \/>\n<meta name=\"twitter:label1\" content=\"Escrito por\" \/>\n\t<meta name=\"twitter:data1\" content=\"admin\" \/>\n\t<meta name=\"twitter:label2\" content=\"Est. tempo de leitura\" \/>\n\t<meta name=\"twitter:data2\" content=\"2 minutos\" \/>\n<script type=\"application\/ld+json\" class=\"yoast-schema-graph\">{\"@context\":\"https:\/\/schema.org\",\"@graph\":[{\"@type\":\"WebSite\",\"@id\":\"https:\/\/www.radiomanchester.com.br\/fm\/#website\",\"url\":\"https:\/\/www.radiomanchester.com.br\/fm\/\",\"name\":\"Manchester FM 93,3\",\"description\":\"Todo Mundo Ouve!\",\"potentialAction\":[{\"@type\":\"SearchAction\",\"target\":{\"@type\":\"EntryPoint\",\"urlTemplate\":\"https:\/\/www.radiomanchester.com.br\/fm\/?s={search_term_string}\"},\"query-input\":\"required name=search_term_string\"}],\"inLanguage\":\"pt-BR\"},{\"@type\":\"WebPage\",\"@id\":\"https:\/\/www.radiomanchester.com.br\/fm\/quarta-cultural-apresenta-edicao-especial-dedicada-ao-hip-hop\/#webpage\",\"url\":\"https:\/\/www.radiomanchester.com.br\/fm\/quarta-cultural-apresenta-edicao-especial-dedicada-ao-hip-hop\/\",\"name\":\"Quarta Cultural apresenta edi\u00e7\u00e3o especial dedicada ao Hip Hop - Manchester FM 93,3\",\"isPartOf\":{\"@id\":\"https:\/\/www.radiomanchester.com.br\/fm\/#website\"},\"datePublished\":\"2025-12-09T22:13:15+00:00\",\"dateModified\":\"2025-12-09T22:13:19+00:00\",\"author\":{\"@id\":\"https:\/\/www.radiomanchester.com.br\/fm\/#\/schema\/person\/408a7b4d4e32cbebd90e2782852abca3\"},\"breadcrumb\":{\"@id\":\"https:\/\/www.radiomanchester.com.br\/fm\/quarta-cultural-apresenta-edicao-especial-dedicada-ao-hip-hop\/#breadcrumb\"},\"inLanguage\":\"pt-BR\",\"potentialAction\":[{\"@type\":\"ReadAction\",\"target\":[\"https:\/\/www.radiomanchester.com.br\/fm\/quarta-cultural-apresenta-edicao-especial-dedicada-ao-hip-hop\/\"]}]},{\"@type\":\"BreadcrumbList\",\"@id\":\"https:\/\/www.radiomanchester.com.br\/fm\/quarta-cultural-apresenta-edicao-especial-dedicada-ao-hip-hop\/#breadcrumb\",\"itemListElement\":[{\"@type\":\"ListItem\",\"position\":1,\"name\":\"Home\",\"item\":\"https:\/\/www.radiomanchester.com.br\/fm\/\"},{\"@type\":\"ListItem\",\"position\":2,\"name\":\"Quarta Cultural apresenta edi\u00e7\u00e3o especial dedicada ao Hip Hop\"}]},{\"@type\":\"Person\",\"@id\":\"https:\/\/www.radiomanchester.com.br\/fm\/#\/schema\/person\/408a7b4d4e32cbebd90e2782852abca3\",\"name\":\"admin\",\"image\":{\"@type\":\"ImageObject\",\"@id\":\"https:\/\/www.radiomanchester.com.br\/fm\/#personlogo\",\"inLanguage\":\"pt-BR\",\"url\":\"https:\/\/secure.gravatar.com\/avatar\/115a974dba3376872eb3addeb276301c?s=96&d=mm&r=g\",\"contentUrl\":\"https:\/\/secure.gravatar.com\/avatar\/115a974dba3376872eb3addeb276301c?s=96&d=mm&r=g\",\"caption\":\"admin\"},\"url\":\"https:\/\/www.radiomanchester.com.br\/fm\/author\/admin\/\"}]}<\/script>\n<!-- \/ Yoast SEO plugin. -->","yoast_head_json":{"title":"Quarta Cultural apresenta edi\u00e7\u00e3o especial dedicada ao Hip Hop - Manchester FM 93,3","robots":{"index":"index","follow":"follow","max-snippet":"max-snippet:-1","max-image-preview":"max-image-preview:large","max-video-preview":"max-video-preview:-1"},"canonical":"https:\/\/www.radiomanchester.com.br\/fm\/quarta-cultural-apresenta-edicao-especial-dedicada-ao-hip-hop\/","og_locale":"pt_BR","og_type":"article","og_title":"Quarta Cultural apresenta edi\u00e7\u00e3o especial dedicada ao Hip Hop - Manchester FM 93,3","og_description":"A Prefeitura de An\u00e1polis, por meio da Secretaria Municipal de Cultura e Turismo, realiza nesta quarta-feira (10), a partir das 19h, mais uma edi\u00e7\u00e3o da Quarta Cultural, desta vez dedicada \u00e0 celebra\u00e7\u00e3o da arte urbana e das express\u00f5es que comp\u00f5em o movimento Hip Hop. A programa\u00e7\u00e3o ser\u00e1 conduzida pela Casa Hip Hop An\u00e1polis, que leva [&hellip;]","og_url":"https:\/\/www.radiomanchester.com.br\/fm\/quarta-cultural-apresenta-edicao-especial-dedicada-ao-hip-hop\/","og_site_name":"Manchester FM 93,3","article_published_time":"2025-12-09T22:13:15+00:00","article_modified_time":"2025-12-09T22:13:19+00:00","twitter_card":"summary_large_image","twitter_misc":{"Escrito por":"admin","Est. tempo de leitura":"2 minutos"},"schema":{"@context":"https:\/\/schema.org","@graph":[{"@type":"WebSite","@id":"https:\/\/www.radiomanchester.com.br\/fm\/#website","url":"https:\/\/www.radiomanchester.com.br\/fm\/","name":"Manchester FM 93,3","description":"Todo Mundo Ouve!","potentialAction":[{"@type":"SearchAction","target":{"@type":"EntryPoint","urlTemplate":"https:\/\/www.radiomanchester.com.br\/fm\/?s={search_term_string}"},"query-input":"required name=search_term_string"}],"inLanguage":"pt-BR"},{"@type":"WebPage","@id":"https:\/\/www.radiomanchester.com.br\/fm\/quarta-cultural-apresenta-edicao-especial-dedicada-ao-hip-hop\/#webpage","url":"https:\/\/www.radiomanchester.com.br\/fm\/quarta-cultural-apresenta-edicao-especial-dedicada-ao-hip-hop\/","name":"Quarta Cultural apresenta edi\u00e7\u00e3o especial dedicada ao Hip Hop - Manchester FM 93,3","isPartOf":{"@id":"https:\/\/www.radiomanchester.com.br\/fm\/#website"},"datePublished":"2025-12-09T22:13:15+00:00","dateModified":"2025-12-09T22:13:19+00:00","author":{"@id":"https:\/\/www.radiomanchester.com.br\/fm\/#\/schema\/person\/408a7b4d4e32cbebd90e2782852abca3"},"breadcrumb":{"@id":"https:\/\/www.radiomanchester.com.br\/fm\/quarta-cultural-apresenta-edicao-especial-dedicada-ao-hip-hop\/#breadcrumb"},"inLanguage":"pt-BR","potentialAction":[{"@type":"ReadAction","target":["https:\/\/www.radiomanchester.com.br\/fm\/quarta-cultural-apresenta-edicao-especial-dedicada-ao-hip-hop\/"]}]},{"@type":"BreadcrumbList","@id":"https:\/\/www.radiomanchester.com.br\/fm\/quarta-cultural-apresenta-edicao-especial-dedicada-ao-hip-hop\/#breadcrumb","itemListElement":[{"@type":"ListItem","position":1,"name":"Home","item":"https:\/\/www.radiomanchester.com.br\/fm\/"},{"@type":"ListItem","position":2,"name":"Quarta Cultural apresenta edi\u00e7\u00e3o especial dedicada ao Hip Hop"}]},{"@type":"Person","@id":"https:\/\/www.radiomanchester.com.br\/fm\/#\/schema\/person\/408a7b4d4e32cbebd90e2782852abca3","name":"admin","image":{"@type":"ImageObject","@id":"https:\/\/www.radiomanchester.com.br\/fm\/#personlogo","inLanguage":"pt-BR","url":"https:\/\/secure.gravatar.com\/avatar\/115a974dba3376872eb3addeb276301c?s=96&d=mm&r=g","contentUrl":"https:\/\/secure.gravatar.com\/avatar\/115a974dba3376872eb3addeb276301c?s=96&d=mm&r=g","caption":"admin"},"url":"https:\/\/www.radiomanchester.com.br\/fm\/author\/admin\/"}]}},"_links":{"self":[{"href":"https:\/\/www.radiomanchester.com.br\/fm\/wp-json\/wp\/v2\/posts\/16963"}],"collection":[{"href":"https:\/\/www.radiomanchester.com.br\/fm\/wp-json\/wp\/v2\/posts"}],"about":[{"href":"https:\/\/www.radiomanchester.com.br\/fm\/wp-json\/wp\/v2\/types\/post"}],"author":[{"embeddable":true,"href":"https:\/\/www.radiomanchester.com.br\/fm\/wp-json\/wp\/v2\/users\/1"}],"replies":[{"embeddable":true,"href":"https:\/\/www.radiomanchester.com.br\/fm\/wp-json\/wp\/v2\/comments?post=16963"}],"version-history":[{"count":1,"href":"https:\/\/www.radiomanchester.com.br\/fm\/wp-json\/wp\/v2\/posts\/16963\/revisions"}],"predecessor-version":[{"id":16964,"href":"https:\/\/www.radiomanchester.com.br\/fm\/wp-json\/wp\/v2\/posts\/16963\/revisions\/16964"}],"wp:attachment":[{"href":"https:\/\/www.radiomanchester.com.br\/fm\/wp-json\/wp\/v2\/media?parent=16963"}],"wp:term":[{"taxonomy":"category","embeddable":true,"href":"https:\/\/www.radiomanchester.com.br\/fm\/wp-json\/wp\/v2\/categories?post=16963"},{"taxonomy":"post_tag","embeddable":true,"href":"https:\/\/www.radiomanchester.com.br\/fm\/wp-json\/wp\/v2\/tags?post=16963"}],"curies":[{"name":"wp","href":"https:\/\/api.w.org\/{rel}","templated":true}]}}