{"id":17031,"date":"2025-12-17T19:17:58","date_gmt":"2025-12-17T22:17:58","guid":{"rendered":"https:\/\/www.radiomanchester.com.br\/fm\/?p=17031"},"modified":"2025-12-17T19:18:00","modified_gmt":"2025-12-17T22:18:00","slug":"refis-2025-abre-ultimo-prazo-especial-de-negociacao-para-contribuintes-anapolinos","status":"publish","type":"post","link":"https:\/\/www.radiomanchester.com.br\/fm\/refis-2025-abre-ultimo-prazo-especial-de-negociacao-para-contribuintes-anapolinos\/","title":{"rendered":"Refis 2025 abre \u00faltimo prazo especial de negocia\u00e7\u00e3o para contribuintes anapolinos"},"content":{"rendered":"\n<p><\/p>\n\n\n\n<p>Os contribuintes anapolinos t\u00eam um novo prazo para regularizar d\u00edvidas municipais. O Programa Fique em Dia (Refis 2025) contar\u00e1 com uma \u00faltima a\u00e7\u00e3o especial que amplia as possibilidades de negocia\u00e7\u00e3o em 2025. O novo per\u00edodo tem in\u00edcio nesta quinta-feira (18\/12) e segue nos dias 19 e 22 de dezembro.<\/p>\n\n\n\n<p>O programa beneficia pessoas f\u00edsicas, microempreendedores individuais (MEIs) e empresas, oferecendo descontos de at\u00e9 100% em juros e multas, al\u00e9m de parcelamentos em at\u00e9 60 vezes.<\/p>\n\n\n\n<p>Para participar do Refis 2025, os contribuintes podem procurar atendimento presencial no R\u00e1pido do Anashopping, de segunda a sexta-feira, em hor\u00e1rio comercial. O atendimento virtual \u00e9 realizado pelo aplicativo Conecta An\u00e1polis ou pelo Zap da Prefeitura no n\u00famero (62) 98551-6888, de segunda a sexta, das 8h \u00e0s 18h.<\/p>\n\n\n\n<p>A a\u00e7\u00e3o tem como objetivo possibilitar que os contribuintes regularizem suas d\u00edvidas neste per\u00edodo do ano, com condi\u00e7\u00f5es especiais de pagamento, contribuindo para a recupera\u00e7\u00e3o financeira dos cidad\u00e3os e o fortalecimento da arrecada\u00e7\u00e3o municipal.<\/p>\n","protected":false},"excerpt":{"rendered":"<p class=\"excerpt\">Os contribuintes anapolinos t\u00eam um novo prazo para regularizar d\u00edvidas municipais. O Programa Fique em Dia (Refis 2025) contar\u00e1 com uma \u00faltima a\u00e7\u00e3o especial que amplia as possibilidades de negocia\u00e7\u00e3o em 2025. O novo per\u00edodo tem in\u00edcio nesta quinta-feira (18\/12) e segue nos dias 19 e 22 de dezembro. O programa beneficia pessoas f\u00edsicas, microempreendedores [&hellip;]<\/p>\n","protected":false},"author":1,"featured_media":0,"comment_status":"open","ping_status":"open","sticky":false,"template":"","format":"standard","meta":[],"categories":[8,17],"tags":[22,24,113,83,129,92],"yoast_head":"<!-- This site is optimized with the Yoast SEO plugin v18.3 - https:\/\/yoast.com\/wordpress\/plugins\/seo\/ -->\n<title>Refis 2025 abre \u00faltimo prazo especial de negocia\u00e7\u00e3o para contribuintes anapolinos - Manchester FM 93,3<\/title>\n<meta name=\"robots\" content=\"index, follow, max-snippet:-1, max-image-preview:large, max-video-preview:-1\" \/>\n<link rel=\"canonical\" href=\"https:\/\/www.radiomanchester.com.br\/fm\/refis-2025-abre-ultimo-prazo-especial-de-negociacao-para-contribuintes-anapolinos\/\" \/>\n<meta property=\"og:locale\" content=\"pt_BR\" \/>\n<meta property=\"og:type\" content=\"article\" \/>\n<meta property=\"og:title\" content=\"Refis 2025 abre \u00faltimo prazo especial de negocia\u00e7\u00e3o para contribuintes anapolinos - Manchester FM 93,3\" \/>\n<meta property=\"og:description\" content=\"Os contribuintes anapolinos t\u00eam um novo prazo para regularizar d\u00edvidas municipais. O Programa Fique em Dia (Refis 2025) contar\u00e1 com uma \u00faltima a\u00e7\u00e3o especial que amplia as possibilidades de negocia\u00e7\u00e3o em 2025. O novo per\u00edodo tem in\u00edcio nesta quinta-feira (18\/12) e segue nos dias 19 e 22 de dezembro. O programa beneficia pessoas f\u00edsicas, microempreendedores [&hellip;]\" \/>\n<meta property=\"og:url\" content=\"https:\/\/www.radiomanchester.com.br\/fm\/refis-2025-abre-ultimo-prazo-especial-de-negociacao-para-contribuintes-anapolinos\/\" \/>\n<meta property=\"og:site_name\" content=\"Manchester FM 93,3\" \/>\n<meta property=\"article:published_time\" content=\"2025-12-17T22:17:58+00:00\" \/>\n<meta property=\"article:modified_time\" content=\"2025-12-17T22:18:00+00:00\" \/>\n<meta name=\"twitter:card\" content=\"summary_large_image\" \/>\n<meta name=\"twitter:label1\" content=\"Escrito por\" \/>\n\t<meta name=\"twitter:data1\" content=\"admin\" \/>\n\t<meta name=\"twitter:label2\" content=\"Est. tempo de leitura\" \/>\n\t<meta name=\"twitter:data2\" content=\"1 minuto\" \/>\n<script type=\"application\/ld+json\" class=\"yoast-schema-graph\">{\"@context\":\"https:\/\/schema.org\",\"@graph\":[{\"@type\":\"WebSite\",\"@id\":\"https:\/\/www.radiomanchester.com.br\/fm\/#website\",\"url\":\"https:\/\/www.radiomanchester.com.br\/fm\/\",\"name\":\"Manchester FM 93,3\",\"description\":\"Todo Mundo Ouve!\",\"potentialAction\":[{\"@type\":\"SearchAction\",\"target\":{\"@type\":\"EntryPoint\",\"urlTemplate\":\"https:\/\/www.radiomanchester.com.br\/fm\/?s={search_term_string}\"},\"query-input\":\"required name=search_term_string\"}],\"inLanguage\":\"pt-BR\"},{\"@type\":\"WebPage\",\"@id\":\"https:\/\/www.radiomanchester.com.br\/fm\/refis-2025-abre-ultimo-prazo-especial-de-negociacao-para-contribuintes-anapolinos\/#webpage\",\"url\":\"https:\/\/www.radiomanchester.com.br\/fm\/refis-2025-abre-ultimo-prazo-especial-de-negociacao-para-contribuintes-anapolinos\/\",\"name\":\"Refis 2025 abre \u00faltimo prazo especial de negocia\u00e7\u00e3o para contribuintes anapolinos - Manchester FM 93,3\",\"isPartOf\":{\"@id\":\"https:\/\/www.radiomanchester.com.br\/fm\/#website\"},\"datePublished\":\"2025-12-17T22:17:58+00:00\",\"dateModified\":\"2025-12-17T22:18:00+00:00\",\"author\":{\"@id\":\"https:\/\/www.radiomanchester.com.br\/fm\/#\/schema\/person\/408a7b4d4e32cbebd90e2782852abca3\"},\"breadcrumb\":{\"@id\":\"https:\/\/www.radiomanchester.com.br\/fm\/refis-2025-abre-ultimo-prazo-especial-de-negociacao-para-contribuintes-anapolinos\/#breadcrumb\"},\"inLanguage\":\"pt-BR\",\"potentialAction\":[{\"@type\":\"ReadAction\",\"target\":[\"https:\/\/www.radiomanchester.com.br\/fm\/refis-2025-abre-ultimo-prazo-especial-de-negociacao-para-contribuintes-anapolinos\/\"]}]},{\"@type\":\"BreadcrumbList\",\"@id\":\"https:\/\/www.radiomanchester.com.br\/fm\/refis-2025-abre-ultimo-prazo-especial-de-negociacao-para-contribuintes-anapolinos\/#breadcrumb\",\"itemListElement\":[{\"@type\":\"ListItem\",\"position\":1,\"name\":\"Home\",\"item\":\"https:\/\/www.radiomanchester.com.br\/fm\/\"},{\"@type\":\"ListItem\",\"position\":2,\"name\":\"Refis 2025 abre \u00faltimo prazo especial de negocia\u00e7\u00e3o para contribuintes anapolinos\"}]},{\"@type\":\"Person\",\"@id\":\"https:\/\/www.radiomanchester.com.br\/fm\/#\/schema\/person\/408a7b4d4e32cbebd90e2782852abca3\",\"name\":\"admin\",\"image\":{\"@type\":\"ImageObject\",\"@id\":\"https:\/\/www.radiomanchester.com.br\/fm\/#personlogo\",\"inLanguage\":\"pt-BR\",\"url\":\"https:\/\/secure.gravatar.com\/avatar\/115a974dba3376872eb3addeb276301c?s=96&d=mm&r=g\",\"contentUrl\":\"https:\/\/secure.gravatar.com\/avatar\/115a974dba3376872eb3addeb276301c?s=96&d=mm&r=g\",\"caption\":\"admin\"},\"url\":\"https:\/\/www.radiomanchester.com.br\/fm\/author\/admin\/\"}]}<\/script>\n<!-- \/ Yoast SEO plugin. -->","yoast_head_json":{"title":"Refis 2025 abre \u00faltimo prazo especial de negocia\u00e7\u00e3o para contribuintes anapolinos - Manchester FM 93,3","robots":{"index":"index","follow":"follow","max-snippet":"max-snippet:-1","max-image-preview":"max-image-preview:large","max-video-preview":"max-video-preview:-1"},"canonical":"https:\/\/www.radiomanchester.com.br\/fm\/refis-2025-abre-ultimo-prazo-especial-de-negociacao-para-contribuintes-anapolinos\/","og_locale":"pt_BR","og_type":"article","og_title":"Refis 2025 abre \u00faltimo prazo especial de negocia\u00e7\u00e3o para contribuintes anapolinos - Manchester FM 93,3","og_description":"Os contribuintes anapolinos t\u00eam um novo prazo para regularizar d\u00edvidas municipais. O Programa Fique em Dia (Refis 2025) contar\u00e1 com uma \u00faltima a\u00e7\u00e3o especial que amplia as possibilidades de negocia\u00e7\u00e3o em 2025. O novo per\u00edodo tem in\u00edcio nesta quinta-feira (18\/12) e segue nos dias 19 e 22 de dezembro. O programa beneficia pessoas f\u00edsicas, microempreendedores [&hellip;]","og_url":"https:\/\/www.radiomanchester.com.br\/fm\/refis-2025-abre-ultimo-prazo-especial-de-negociacao-para-contribuintes-anapolinos\/","og_site_name":"Manchester FM 93,3","article_published_time":"2025-12-17T22:17:58+00:00","article_modified_time":"2025-12-17T22:18:00+00:00","twitter_card":"summary_large_image","twitter_misc":{"Escrito por":"admin","Est. tempo de leitura":"1 minuto"},"schema":{"@context":"https:\/\/schema.org","@graph":[{"@type":"WebSite","@id":"https:\/\/www.radiomanchester.com.br\/fm\/#website","url":"https:\/\/www.radiomanchester.com.br\/fm\/","name":"Manchester FM 93,3","description":"Todo Mundo Ouve!","potentialAction":[{"@type":"SearchAction","target":{"@type":"EntryPoint","urlTemplate":"https:\/\/www.radiomanchester.com.br\/fm\/?s={search_term_string}"},"query-input":"required name=search_term_string"}],"inLanguage":"pt-BR"},{"@type":"WebPage","@id":"https:\/\/www.radiomanchester.com.br\/fm\/refis-2025-abre-ultimo-prazo-especial-de-negociacao-para-contribuintes-anapolinos\/#webpage","url":"https:\/\/www.radiomanchester.com.br\/fm\/refis-2025-abre-ultimo-prazo-especial-de-negociacao-para-contribuintes-anapolinos\/","name":"Refis 2025 abre \u00faltimo prazo especial de negocia\u00e7\u00e3o para contribuintes anapolinos - Manchester FM 93,3","isPartOf":{"@id":"https:\/\/www.radiomanchester.com.br\/fm\/#website"},"datePublished":"2025-12-17T22:17:58+00:00","dateModified":"2025-12-17T22:18:00+00:00","author":{"@id":"https:\/\/www.radiomanchester.com.br\/fm\/#\/schema\/person\/408a7b4d4e32cbebd90e2782852abca3"},"breadcrumb":{"@id":"https:\/\/www.radiomanchester.com.br\/fm\/refis-2025-abre-ultimo-prazo-especial-de-negociacao-para-contribuintes-anapolinos\/#breadcrumb"},"inLanguage":"pt-BR","potentialAction":[{"@type":"ReadAction","target":["https:\/\/www.radiomanchester.com.br\/fm\/refis-2025-abre-ultimo-prazo-especial-de-negociacao-para-contribuintes-anapolinos\/"]}]},{"@type":"BreadcrumbList","@id":"https:\/\/www.radiomanchester.com.br\/fm\/refis-2025-abre-ultimo-prazo-especial-de-negociacao-para-contribuintes-anapolinos\/#breadcrumb","itemListElement":[{"@type":"ListItem","position":1,"name":"Home","item":"https:\/\/www.radiomanchester.com.br\/fm\/"},{"@type":"ListItem","position":2,"name":"Refis 2025 abre \u00faltimo prazo especial de negocia\u00e7\u00e3o para contribuintes anapolinos"}]},{"@type":"Person","@id":"https:\/\/www.radiomanchester.com.br\/fm\/#\/schema\/person\/408a7b4d4e32cbebd90e2782852abca3","name":"admin","image":{"@type":"ImageObject","@id":"https:\/\/www.radiomanchester.com.br\/fm\/#personlogo","inLanguage":"pt-BR","url":"https:\/\/secure.gravatar.com\/avatar\/115a974dba3376872eb3addeb276301c?s=96&d=mm&r=g","contentUrl":"https:\/\/secure.gravatar.com\/avatar\/115a974dba3376872eb3addeb276301c?s=96&d=mm&r=g","caption":"admin"},"url":"https:\/\/www.radiomanchester.com.br\/fm\/author\/admin\/"}]}},"_links":{"self":[{"href":"https:\/\/www.radiomanchester.com.br\/fm\/wp-json\/wp\/v2\/posts\/17031"}],"collection":[{"href":"https:\/\/www.radiomanchester.com.br\/fm\/wp-json\/wp\/v2\/posts"}],"about":[{"href":"https:\/\/www.radiomanchester.com.br\/fm\/wp-json\/wp\/v2\/types\/post"}],"author":[{"embeddable":true,"href":"https:\/\/www.radiomanchester.com.br\/fm\/wp-json\/wp\/v2\/users\/1"}],"replies":[{"embeddable":true,"href":"https:\/\/www.radiomanchester.com.br\/fm\/wp-json\/wp\/v2\/comments?post=17031"}],"version-history":[{"count":1,"href":"https:\/\/www.radiomanchester.com.br\/fm\/wp-json\/wp\/v2\/posts\/17031\/revisions"}],"predecessor-version":[{"id":17032,"href":"https:\/\/www.radiomanchester.com.br\/fm\/wp-json\/wp\/v2\/posts\/17031\/revisions\/17032"}],"wp:attachment":[{"href":"https:\/\/www.radiomanchester.com.br\/fm\/wp-json\/wp\/v2\/media?parent=17031"}],"wp:term":[{"taxonomy":"category","embeddable":true,"href":"https:\/\/www.radiomanchester.com.br\/fm\/wp-json\/wp\/v2\/categories?post=17031"},{"taxonomy":"post_tag","embeddable":true,"href":"https:\/\/www.radiomanchester.com.br\/fm\/wp-json\/wp\/v2\/tags?post=17031"}],"curies":[{"name":"wp","href":"https:\/\/api.w.org\/{rel}","templated":true}]}}