{"id":17038,"date":"2025-12-20T16:57:42","date_gmt":"2025-12-20T19:57:42","guid":{"rendered":"https:\/\/www.radiomanchester.com.br\/fm\/?p=17038"},"modified":"2025-12-20T16:57:45","modified_gmt":"2025-12-20T19:57:45","slug":"anapolis-inaugura-primeira-arvore-de-natal-de-croche-no-parque-ipiranga","status":"publish","type":"post","link":"https:\/\/www.radiomanchester.com.br\/fm\/anapolis-inaugura-primeira-arvore-de-natal-de-croche-no-parque-ipiranga\/","title":{"rendered":"An\u00e1polis inaugura primeira \u00e1rvore de Natal de croch\u00ea no Parque Ipiranga"},"content":{"rendered":"\n<p><\/p>\n\n\n\n<p>An\u00e1polis inaugurou a primeira \u00e1rvore de Natal de croch\u00ea do munic\u00edpio, instalada no Parque Ipiranga. A cerim\u00f4nia de entrega foi marcada pelo clima natalino e reuniu participantes do projeto e representantes do poder p\u00fablico. A \u00e1rvore ficar\u00e1 dispon\u00edvel para visita\u00e7\u00e3o at\u00e9 o dia 10 de janeiro.<\/p>\n\n\n\n<p>A pe\u00e7a foi confeccionada com cerca de mil quadrados de croch\u00ea, produzidos ao longo do m\u00eas de dezembro por integrantes do grupo Quadradinhos de Amor. O trabalho coletivo resultou em uma decora\u00e7\u00e3o in\u00e9dita, que alia criatividade, arte manual e valoriza\u00e7\u00e3o cultural.<\/p>\n\n\n\n<p>A iniciativa foi realizada por meio de uma parceria entre a Prefeitura de An\u00e1polis, por meio da Diretoria de Turismo, e o grupo Quadradinhos de Amor. O projeto tamb\u00e9m contou com uma semana de oficinas, nas quais os participantes aprenderam desde as t\u00e9cnicas iniciais do croch\u00ea at\u00e9 a confec\u00e7\u00e3o das pe\u00e7as.<\/p>\n\n\n\n<p>De acordo com a Diretoria de Turismo, a pr\u00e1tica do croch\u00ea incentiva atividades manuais, possui car\u00e1ter terap\u00eautico e pode estimular o surgimento de novos empreendedores. A \u00e1rvore foi instalada em um ponto estrat\u00e9gico da cidade, com o objetivo de valorizar o espa\u00e7o como atrativo tur\u00edstico durante o per\u00edodo natalino.<\/p>\n","protected":false},"excerpt":{"rendered":"<p class=\"excerpt\">An\u00e1polis inaugurou a primeira \u00e1rvore de Natal de croch\u00ea do munic\u00edpio, instalada no Parque Ipiranga. A cerim\u00f4nia de entrega foi marcada pelo clima natalino e reuniu participantes do projeto e representantes do poder p\u00fablico. A \u00e1rvore ficar\u00e1 dispon\u00edvel para visita\u00e7\u00e3o at\u00e9 o dia 10 de janeiro. A pe\u00e7a foi confeccionada com cerca de mil quadrados [&hellip;]<\/p>\n","protected":false},"author":1,"featured_media":0,"comment_status":"open","ping_status":"open","sticky":false,"template":"","format":"standard","meta":[],"categories":[8,17],"tags":[22,24,113,129,92],"yoast_head":"<!-- This site is optimized with the Yoast SEO plugin v18.3 - https:\/\/yoast.com\/wordpress\/plugins\/seo\/ -->\n<title>An\u00e1polis inaugura primeira \u00e1rvore de Natal de croch\u00ea no Parque Ipiranga - Manchester FM 93,3<\/title>\n<meta name=\"robots\" content=\"index, follow, max-snippet:-1, max-image-preview:large, max-video-preview:-1\" \/>\n<link rel=\"canonical\" href=\"https:\/\/www.radiomanchester.com.br\/fm\/anapolis-inaugura-primeira-arvore-de-natal-de-croche-no-parque-ipiranga\/\" \/>\n<meta property=\"og:locale\" content=\"pt_BR\" \/>\n<meta property=\"og:type\" content=\"article\" \/>\n<meta property=\"og:title\" content=\"An\u00e1polis inaugura primeira \u00e1rvore de Natal de croch\u00ea no Parque Ipiranga - Manchester FM 93,3\" \/>\n<meta property=\"og:description\" content=\"An\u00e1polis inaugurou a primeira \u00e1rvore de Natal de croch\u00ea do munic\u00edpio, instalada no Parque Ipiranga. A cerim\u00f4nia de entrega foi marcada pelo clima natalino e reuniu participantes do projeto e representantes do poder p\u00fablico. A \u00e1rvore ficar\u00e1 dispon\u00edvel para visita\u00e7\u00e3o at\u00e9 o dia 10 de janeiro. A pe\u00e7a foi confeccionada com cerca de mil quadrados [&hellip;]\" \/>\n<meta property=\"og:url\" content=\"https:\/\/www.radiomanchester.com.br\/fm\/anapolis-inaugura-primeira-arvore-de-natal-de-croche-no-parque-ipiranga\/\" \/>\n<meta property=\"og:site_name\" content=\"Manchester FM 93,3\" \/>\n<meta property=\"article:published_time\" content=\"2025-12-20T19:57:42+00:00\" \/>\n<meta property=\"article:modified_time\" content=\"2025-12-20T19:57:45+00:00\" \/>\n<meta name=\"twitter:card\" content=\"summary_large_image\" \/>\n<meta name=\"twitter:label1\" content=\"Escrito por\" \/>\n\t<meta name=\"twitter:data1\" content=\"admin\" \/>\n\t<meta name=\"twitter:label2\" content=\"Est. tempo de leitura\" \/>\n\t<meta name=\"twitter:data2\" content=\"2 minutos\" \/>\n<script type=\"application\/ld+json\" class=\"yoast-schema-graph\">{\"@context\":\"https:\/\/schema.org\",\"@graph\":[{\"@type\":\"WebSite\",\"@id\":\"https:\/\/www.radiomanchester.com.br\/fm\/#website\",\"url\":\"https:\/\/www.radiomanchester.com.br\/fm\/\",\"name\":\"Manchester FM 93,3\",\"description\":\"Todo Mundo Ouve!\",\"potentialAction\":[{\"@type\":\"SearchAction\",\"target\":{\"@type\":\"EntryPoint\",\"urlTemplate\":\"https:\/\/www.radiomanchester.com.br\/fm\/?s={search_term_string}\"},\"query-input\":\"required name=search_term_string\"}],\"inLanguage\":\"pt-BR\"},{\"@type\":\"WebPage\",\"@id\":\"https:\/\/www.radiomanchester.com.br\/fm\/anapolis-inaugura-primeira-arvore-de-natal-de-croche-no-parque-ipiranga\/#webpage\",\"url\":\"https:\/\/www.radiomanchester.com.br\/fm\/anapolis-inaugura-primeira-arvore-de-natal-de-croche-no-parque-ipiranga\/\",\"name\":\"An\u00e1polis inaugura primeira \u00e1rvore de Natal de croch\u00ea no Parque Ipiranga - Manchester FM 93,3\",\"isPartOf\":{\"@id\":\"https:\/\/www.radiomanchester.com.br\/fm\/#website\"},\"datePublished\":\"2025-12-20T19:57:42+00:00\",\"dateModified\":\"2025-12-20T19:57:45+00:00\",\"author\":{\"@id\":\"https:\/\/www.radiomanchester.com.br\/fm\/#\/schema\/person\/408a7b4d4e32cbebd90e2782852abca3\"},\"breadcrumb\":{\"@id\":\"https:\/\/www.radiomanchester.com.br\/fm\/anapolis-inaugura-primeira-arvore-de-natal-de-croche-no-parque-ipiranga\/#breadcrumb\"},\"inLanguage\":\"pt-BR\",\"potentialAction\":[{\"@type\":\"ReadAction\",\"target\":[\"https:\/\/www.radiomanchester.com.br\/fm\/anapolis-inaugura-primeira-arvore-de-natal-de-croche-no-parque-ipiranga\/\"]}]},{\"@type\":\"BreadcrumbList\",\"@id\":\"https:\/\/www.radiomanchester.com.br\/fm\/anapolis-inaugura-primeira-arvore-de-natal-de-croche-no-parque-ipiranga\/#breadcrumb\",\"itemListElement\":[{\"@type\":\"ListItem\",\"position\":1,\"name\":\"Home\",\"item\":\"https:\/\/www.radiomanchester.com.br\/fm\/\"},{\"@type\":\"ListItem\",\"position\":2,\"name\":\"An\u00e1polis inaugura primeira \u00e1rvore de Natal de croch\u00ea no Parque Ipiranga\"}]},{\"@type\":\"Person\",\"@id\":\"https:\/\/www.radiomanchester.com.br\/fm\/#\/schema\/person\/408a7b4d4e32cbebd90e2782852abca3\",\"name\":\"admin\",\"image\":{\"@type\":\"ImageObject\",\"@id\":\"https:\/\/www.radiomanchester.com.br\/fm\/#personlogo\",\"inLanguage\":\"pt-BR\",\"url\":\"https:\/\/secure.gravatar.com\/avatar\/115a974dba3376872eb3addeb276301c?s=96&d=mm&r=g\",\"contentUrl\":\"https:\/\/secure.gravatar.com\/avatar\/115a974dba3376872eb3addeb276301c?s=96&d=mm&r=g\",\"caption\":\"admin\"},\"url\":\"https:\/\/www.radiomanchester.com.br\/fm\/author\/admin\/\"}]}<\/script>\n<!-- \/ Yoast SEO plugin. -->","yoast_head_json":{"title":"An\u00e1polis inaugura primeira \u00e1rvore de Natal de croch\u00ea no Parque Ipiranga - Manchester FM 93,3","robots":{"index":"index","follow":"follow","max-snippet":"max-snippet:-1","max-image-preview":"max-image-preview:large","max-video-preview":"max-video-preview:-1"},"canonical":"https:\/\/www.radiomanchester.com.br\/fm\/anapolis-inaugura-primeira-arvore-de-natal-de-croche-no-parque-ipiranga\/","og_locale":"pt_BR","og_type":"article","og_title":"An\u00e1polis inaugura primeira \u00e1rvore de Natal de croch\u00ea no Parque Ipiranga - Manchester FM 93,3","og_description":"An\u00e1polis inaugurou a primeira \u00e1rvore de Natal de croch\u00ea do munic\u00edpio, instalada no Parque Ipiranga. A cerim\u00f4nia de entrega foi marcada pelo clima natalino e reuniu participantes do projeto e representantes do poder p\u00fablico. A \u00e1rvore ficar\u00e1 dispon\u00edvel para visita\u00e7\u00e3o at\u00e9 o dia 10 de janeiro. A pe\u00e7a foi confeccionada com cerca de mil quadrados [&hellip;]","og_url":"https:\/\/www.radiomanchester.com.br\/fm\/anapolis-inaugura-primeira-arvore-de-natal-de-croche-no-parque-ipiranga\/","og_site_name":"Manchester FM 93,3","article_published_time":"2025-12-20T19:57:42+00:00","article_modified_time":"2025-12-20T19:57:45+00:00","twitter_card":"summary_large_image","twitter_misc":{"Escrito por":"admin","Est. tempo de leitura":"2 minutos"},"schema":{"@context":"https:\/\/schema.org","@graph":[{"@type":"WebSite","@id":"https:\/\/www.radiomanchester.com.br\/fm\/#website","url":"https:\/\/www.radiomanchester.com.br\/fm\/","name":"Manchester FM 93,3","description":"Todo Mundo Ouve!","potentialAction":[{"@type":"SearchAction","target":{"@type":"EntryPoint","urlTemplate":"https:\/\/www.radiomanchester.com.br\/fm\/?s={search_term_string}"},"query-input":"required name=search_term_string"}],"inLanguage":"pt-BR"},{"@type":"WebPage","@id":"https:\/\/www.radiomanchester.com.br\/fm\/anapolis-inaugura-primeira-arvore-de-natal-de-croche-no-parque-ipiranga\/#webpage","url":"https:\/\/www.radiomanchester.com.br\/fm\/anapolis-inaugura-primeira-arvore-de-natal-de-croche-no-parque-ipiranga\/","name":"An\u00e1polis inaugura primeira \u00e1rvore de Natal de croch\u00ea no Parque Ipiranga - Manchester FM 93,3","isPartOf":{"@id":"https:\/\/www.radiomanchester.com.br\/fm\/#website"},"datePublished":"2025-12-20T19:57:42+00:00","dateModified":"2025-12-20T19:57:45+00:00","author":{"@id":"https:\/\/www.radiomanchester.com.br\/fm\/#\/schema\/person\/408a7b4d4e32cbebd90e2782852abca3"},"breadcrumb":{"@id":"https:\/\/www.radiomanchester.com.br\/fm\/anapolis-inaugura-primeira-arvore-de-natal-de-croche-no-parque-ipiranga\/#breadcrumb"},"inLanguage":"pt-BR","potentialAction":[{"@type":"ReadAction","target":["https:\/\/www.radiomanchester.com.br\/fm\/anapolis-inaugura-primeira-arvore-de-natal-de-croche-no-parque-ipiranga\/"]}]},{"@type":"BreadcrumbList","@id":"https:\/\/www.radiomanchester.com.br\/fm\/anapolis-inaugura-primeira-arvore-de-natal-de-croche-no-parque-ipiranga\/#breadcrumb","itemListElement":[{"@type":"ListItem","position":1,"name":"Home","item":"https:\/\/www.radiomanchester.com.br\/fm\/"},{"@type":"ListItem","position":2,"name":"An\u00e1polis inaugura primeira \u00e1rvore de Natal de croch\u00ea no Parque Ipiranga"}]},{"@type":"Person","@id":"https:\/\/www.radiomanchester.com.br\/fm\/#\/schema\/person\/408a7b4d4e32cbebd90e2782852abca3","name":"admin","image":{"@type":"ImageObject","@id":"https:\/\/www.radiomanchester.com.br\/fm\/#personlogo","inLanguage":"pt-BR","url":"https:\/\/secure.gravatar.com\/avatar\/115a974dba3376872eb3addeb276301c?s=96&d=mm&r=g","contentUrl":"https:\/\/secure.gravatar.com\/avatar\/115a974dba3376872eb3addeb276301c?s=96&d=mm&r=g","caption":"admin"},"url":"https:\/\/www.radiomanchester.com.br\/fm\/author\/admin\/"}]}},"_links":{"self":[{"href":"https:\/\/www.radiomanchester.com.br\/fm\/wp-json\/wp\/v2\/posts\/17038"}],"collection":[{"href":"https:\/\/www.radiomanchester.com.br\/fm\/wp-json\/wp\/v2\/posts"}],"about":[{"href":"https:\/\/www.radiomanchester.com.br\/fm\/wp-json\/wp\/v2\/types\/post"}],"author":[{"embeddable":true,"href":"https:\/\/www.radiomanchester.com.br\/fm\/wp-json\/wp\/v2\/users\/1"}],"replies":[{"embeddable":true,"href":"https:\/\/www.radiomanchester.com.br\/fm\/wp-json\/wp\/v2\/comments?post=17038"}],"version-history":[{"count":1,"href":"https:\/\/www.radiomanchester.com.br\/fm\/wp-json\/wp\/v2\/posts\/17038\/revisions"}],"predecessor-version":[{"id":17039,"href":"https:\/\/www.radiomanchester.com.br\/fm\/wp-json\/wp\/v2\/posts\/17038\/revisions\/17039"}],"wp:attachment":[{"href":"https:\/\/www.radiomanchester.com.br\/fm\/wp-json\/wp\/v2\/media?parent=17038"}],"wp:term":[{"taxonomy":"category","embeddable":true,"href":"https:\/\/www.radiomanchester.com.br\/fm\/wp-json\/wp\/v2\/categories?post=17038"},{"taxonomy":"post_tag","embeddable":true,"href":"https:\/\/www.radiomanchester.com.br\/fm\/wp-json\/wp\/v2\/tags?post=17038"}],"curies":[{"name":"wp","href":"https:\/\/api.w.org\/{rel}","templated":true}]}}