{"id":17040,"date":"2025-12-21T09:00:00","date_gmt":"2025-12-21T12:00:00","guid":{"rendered":"https:\/\/www.radiomanchester.com.br\/fm\/?p=17040"},"modified":"2025-12-20T18:11:07","modified_gmt":"2025-12-20T21:11:07","slug":"serra-dourada-sera-modernizado-com-investimento-de-r-300-milhoes","status":"publish","type":"post","link":"https:\/\/www.radiomanchester.com.br\/fm\/serra-dourada-sera-modernizado-com-investimento-de-r-300-milhoes\/","title":{"rendered":"Serra Dourada ser\u00e1 modernizado com investimento de R$ 300 milh\u00f5es"},"content":{"rendered":"\n<p><em><strong>Com a reforma, projeta-se a realiza\u00e7\u00e3o de mais de 150 eventos por ano em Goi\u00e2nia, com p\u00fablico estimado em 3 milh\u00f5es de visitantes anuais<\/strong><\/em><\/p>\n\n\n\n<hr class=\"wp-block-separator\"\/>\n\n\n\n<p>O Governo de Goi\u00e1s anunciou o projeto de requalifica\u00e7\u00e3o e moderniza\u00e7\u00e3o do Complexo Serra Dourada, um dos espa\u00e7os mais emblem\u00e1ticos do estado.<\/p>\n\n\n\n<p>A iniciativa prev\u00ea investimento privado superior a R$ 300 milh\u00f5es e ser\u00e1 executada pelo Grupo Construcap, respons\u00e1vel pela gest\u00e3o do complexo pelos pr\u00f3ximos 35 anos. As obras t\u00eam previs\u00e3o de in\u00edcio em maio de 2026.<\/p>\n\n\n\n<p>O projeto transforma o Serra Dourada em um polo de uso di\u00e1rio, integrando esporte, cultura, lazer e turismo. A proposta amplia a utiliza\u00e7\u00e3o do espa\u00e7o ao longo de todo o ano, com estrutura preparada para receber jogos, shows, eventos culturais, atividades esportivas e a\u00e7\u00f5es de conviv\u00eancia urbana.<\/p>\n\n\n\n<p>Todo o Complexo Serra Dourada \u2014 que inclui o Est\u00e1dio Serra Dourada, o Gin\u00e1sio Goi\u00e2nia Arena e o Parque da Crian\u00e7a \u2014 permanece como bem p\u00fablico do Estado de Goi\u00e1s, com administra\u00e7\u00e3o privada. O modelo garante investimentos cont\u00ednuos, sem utiliza\u00e7\u00e3o de recursos p\u00fablicos, assegurando efici\u00eancia na gest\u00e3o e manuten\u00e7\u00e3o do patrim\u00f4nio.<\/p>\n\n\n\n<p><strong>Requalifica\u00e7\u00e3o impactar\u00e1 a economia goiana<br><\/strong>Durante o per\u00edodo de obras, at\u00e9 2028, est\u00e1 prevista a cria\u00e7\u00e3o de 2,5 mil empregos diretos e indiretos. Ap\u00f3s a conclus\u00e3o da reforma, o complexo deve gerar cerca de 3 mil postos de trabalho permanentes. A expectativa \u00e9 de uma movimenta\u00e7\u00e3o anual de aproximadamente R$ 1 bilh\u00e3o na economia estadual a partir de 2030.<\/p>\n\n\n\n<p>Com a moderniza\u00e7\u00e3o, projeta-se a realiza\u00e7\u00e3o de mais de 150 eventos por ano, com p\u00fablico estimado em 3 milh\u00f5es de visitantes anuais, consolidando o espa\u00e7o como refer\u00eancia para grandes eventos esportivos, culturais e de entretenimento no Centro-Norte do pa\u00eds.<\/p>\n\n\n\n<p>O Est\u00e1dio Serra Dourada ser\u00e1 revitalizado, com preserva\u00e7\u00e3o da arquitetura original e ado\u00e7\u00e3o de solu\u00e7\u00f5es modernas.<\/p>\n\n\n\n<p>O projeto prev\u00ea o rebaixamento do gramado, cria\u00e7\u00e3o de novos camarotes, incluindo espa\u00e7os no n\u00edvel do campo, su\u00edtes climatizadas e lounges intermedi\u00e1rios. A \u00e1rea de alimenta\u00e7\u00e3o ser\u00e1 reformulada, com novos bares e restaurantes. Tamb\u00e9m est\u00e3o previstas melhorias operacionais, como amplia\u00e7\u00e3o do t\u00fanel de acesso ao campo para carretas, substitui\u00e7\u00e3o das cabines de r\u00e1dio, implanta\u00e7\u00e3o de tecnologias de reconhecimento facial e readequa\u00e7\u00e3o da capacidade para 44 mil pessoas em jogos e at\u00e9 60 mil em shows.<\/p>\n\n\n\n<p>O Gin\u00e1sio Goi\u00e2nia Arena receber\u00e1 fachada em LED, reestrutura\u00e7\u00e3o ac\u00fastica, novos camarotes e estrutura adequada para grandes espet\u00e1culos.<\/p>\n\n\n\n<p>A \u00e1rea externa do complexo ser\u00e1 transformada em um parque urbano poliesportivo, aberto ao p\u00fablico, com ciclovia, pista de corrida, quadras poliesportivas e um parque linear.<\/p>\n\n\n\n<p>O projeto inclui ainda o plantio de cerca de 800 \u00e1rvores nativas do cerrado e a implanta\u00e7\u00e3o de infraestrutura tecnol\u00f3gica moderna, com fibra \u00f3ptica, cobertura 5G e centro de controle operacional.<\/p>\n\n\n\n<p>A requalifica\u00e7\u00e3o ser\u00e1 executada em etapas planejadas para garantir a continuidade das atividades. Mesmo com o per\u00edodo estimado de 24 meses de obras no Est\u00e1dio Serra Dourada, a agenda de eventos seguir\u00e1 ativa, com uso das \u00e1reas de estacionamento e do gin\u00e1sio, que passar\u00e3o por interven\u00e7\u00f5es mais r\u00e1pidas, sem longas interrup\u00e7\u00f5es.<\/p>\n\n\n\n<p>por Gov de Goi\u00e1s<\/p>\n","protected":false},"excerpt":{"rendered":"<p class=\"excerpt\">Com a reforma, projeta-se a realiza\u00e7\u00e3o de mais de 150 eventos por ano em Goi\u00e2nia, com p\u00fablico estimado em 3 milh\u00f5es de visitantes anuais O Governo de Goi\u00e1s anunciou o projeto de requalifica\u00e7\u00e3o e moderniza\u00e7\u00e3o do Complexo Serra Dourada, um dos espa\u00e7os mais emblem\u00e1ticos do estado. A iniciativa prev\u00ea investimento privado superior a R$ 300 [&hellip;]<\/p>\n","protected":false},"author":1,"featured_media":0,"comment_status":"open","ping_status":"open","sticky":false,"template":"","format":"standard","meta":[],"categories":[8,17],"tags":[22,24,172,113,83,92],"yoast_head":"<!-- This site is optimized with the Yoast SEO plugin v18.3 - https:\/\/yoast.com\/wordpress\/plugins\/seo\/ -->\n<title>Serra Dourada ser\u00e1 modernizado com investimento de R$ 300 milh\u00f5es - Manchester FM 93,3<\/title>\n<meta name=\"robots\" content=\"index, follow, max-snippet:-1, max-image-preview:large, max-video-preview:-1\" \/>\n<link rel=\"canonical\" href=\"https:\/\/www.radiomanchester.com.br\/fm\/serra-dourada-sera-modernizado-com-investimento-de-r-300-milhoes\/\" \/>\n<meta property=\"og:locale\" content=\"pt_BR\" \/>\n<meta property=\"og:type\" content=\"article\" \/>\n<meta property=\"og:title\" content=\"Serra Dourada ser\u00e1 modernizado com investimento de R$ 300 milh\u00f5es - Manchester FM 93,3\" \/>\n<meta property=\"og:description\" content=\"Com a reforma, projeta-se a realiza\u00e7\u00e3o de mais de 150 eventos por ano em Goi\u00e2nia, com p\u00fablico estimado em 3 milh\u00f5es de visitantes anuais O Governo de Goi\u00e1s anunciou o projeto de requalifica\u00e7\u00e3o e moderniza\u00e7\u00e3o do Complexo Serra Dourada, um dos espa\u00e7os mais emblem\u00e1ticos do estado. A iniciativa prev\u00ea investimento privado superior a R$ 300 [&hellip;]\" \/>\n<meta property=\"og:url\" content=\"https:\/\/www.radiomanchester.com.br\/fm\/serra-dourada-sera-modernizado-com-investimento-de-r-300-milhoes\/\" \/>\n<meta property=\"og:site_name\" content=\"Manchester FM 93,3\" \/>\n<meta property=\"article:published_time\" content=\"2025-12-21T12:00:00+00:00\" \/>\n<meta property=\"article:modified_time\" content=\"2025-12-20T21:11:07+00:00\" \/>\n<meta name=\"twitter:card\" content=\"summary_large_image\" \/>\n<meta name=\"twitter:label1\" content=\"Escrito por\" \/>\n\t<meta name=\"twitter:data1\" content=\"admin\" \/>\n\t<meta name=\"twitter:label2\" content=\"Est. tempo de leitura\" \/>\n\t<meta name=\"twitter:data2\" content=\"3 minutos\" \/>\n<script type=\"application\/ld+json\" class=\"yoast-schema-graph\">{\"@context\":\"https:\/\/schema.org\",\"@graph\":[{\"@type\":\"WebSite\",\"@id\":\"https:\/\/www.radiomanchester.com.br\/fm\/#website\",\"url\":\"https:\/\/www.radiomanchester.com.br\/fm\/\",\"name\":\"Manchester FM 93,3\",\"description\":\"Todo Mundo Ouve!\",\"potentialAction\":[{\"@type\":\"SearchAction\",\"target\":{\"@type\":\"EntryPoint\",\"urlTemplate\":\"https:\/\/www.radiomanchester.com.br\/fm\/?s={search_term_string}\"},\"query-input\":\"required name=search_term_string\"}],\"inLanguage\":\"pt-BR\"},{\"@type\":\"WebPage\",\"@id\":\"https:\/\/www.radiomanchester.com.br\/fm\/serra-dourada-sera-modernizado-com-investimento-de-r-300-milhoes\/#webpage\",\"url\":\"https:\/\/www.radiomanchester.com.br\/fm\/serra-dourada-sera-modernizado-com-investimento-de-r-300-milhoes\/\",\"name\":\"Serra Dourada ser\u00e1 modernizado com investimento de R$ 300 milh\u00f5es - Manchester FM 93,3\",\"isPartOf\":{\"@id\":\"https:\/\/www.radiomanchester.com.br\/fm\/#website\"},\"datePublished\":\"2025-12-21T12:00:00+00:00\",\"dateModified\":\"2025-12-20T21:11:07+00:00\",\"author\":{\"@id\":\"https:\/\/www.radiomanchester.com.br\/fm\/#\/schema\/person\/408a7b4d4e32cbebd90e2782852abca3\"},\"breadcrumb\":{\"@id\":\"https:\/\/www.radiomanchester.com.br\/fm\/serra-dourada-sera-modernizado-com-investimento-de-r-300-milhoes\/#breadcrumb\"},\"inLanguage\":\"pt-BR\",\"potentialAction\":[{\"@type\":\"ReadAction\",\"target\":[\"https:\/\/www.radiomanchester.com.br\/fm\/serra-dourada-sera-modernizado-com-investimento-de-r-300-milhoes\/\"]}]},{\"@type\":\"BreadcrumbList\",\"@id\":\"https:\/\/www.radiomanchester.com.br\/fm\/serra-dourada-sera-modernizado-com-investimento-de-r-300-milhoes\/#breadcrumb\",\"itemListElement\":[{\"@type\":\"ListItem\",\"position\":1,\"name\":\"Home\",\"item\":\"https:\/\/www.radiomanchester.com.br\/fm\/\"},{\"@type\":\"ListItem\",\"position\":2,\"name\":\"Serra Dourada ser\u00e1 modernizado com investimento de R$ 300 milh\u00f5es\"}]},{\"@type\":\"Person\",\"@id\":\"https:\/\/www.radiomanchester.com.br\/fm\/#\/schema\/person\/408a7b4d4e32cbebd90e2782852abca3\",\"name\":\"admin\",\"image\":{\"@type\":\"ImageObject\",\"@id\":\"https:\/\/www.radiomanchester.com.br\/fm\/#personlogo\",\"inLanguage\":\"pt-BR\",\"url\":\"https:\/\/secure.gravatar.com\/avatar\/115a974dba3376872eb3addeb276301c?s=96&d=mm&r=g\",\"contentUrl\":\"https:\/\/secure.gravatar.com\/avatar\/115a974dba3376872eb3addeb276301c?s=96&d=mm&r=g\",\"caption\":\"admin\"},\"url\":\"https:\/\/www.radiomanchester.com.br\/fm\/author\/admin\/\"}]}<\/script>\n<!-- \/ Yoast SEO plugin. -->","yoast_head_json":{"title":"Serra Dourada ser\u00e1 modernizado com investimento de R$ 300 milh\u00f5es - Manchester FM 93,3","robots":{"index":"index","follow":"follow","max-snippet":"max-snippet:-1","max-image-preview":"max-image-preview:large","max-video-preview":"max-video-preview:-1"},"canonical":"https:\/\/www.radiomanchester.com.br\/fm\/serra-dourada-sera-modernizado-com-investimento-de-r-300-milhoes\/","og_locale":"pt_BR","og_type":"article","og_title":"Serra Dourada ser\u00e1 modernizado com investimento de R$ 300 milh\u00f5es - Manchester FM 93,3","og_description":"Com a reforma, projeta-se a realiza\u00e7\u00e3o de mais de 150 eventos por ano em Goi\u00e2nia, com p\u00fablico estimado em 3 milh\u00f5es de visitantes anuais O Governo de Goi\u00e1s anunciou o projeto de requalifica\u00e7\u00e3o e moderniza\u00e7\u00e3o do Complexo Serra Dourada, um dos espa\u00e7os mais emblem\u00e1ticos do estado. A iniciativa prev\u00ea investimento privado superior a R$ 300 [&hellip;]","og_url":"https:\/\/www.radiomanchester.com.br\/fm\/serra-dourada-sera-modernizado-com-investimento-de-r-300-milhoes\/","og_site_name":"Manchester FM 93,3","article_published_time":"2025-12-21T12:00:00+00:00","article_modified_time":"2025-12-20T21:11:07+00:00","twitter_card":"summary_large_image","twitter_misc":{"Escrito por":"admin","Est. tempo de leitura":"3 minutos"},"schema":{"@context":"https:\/\/schema.org","@graph":[{"@type":"WebSite","@id":"https:\/\/www.radiomanchester.com.br\/fm\/#website","url":"https:\/\/www.radiomanchester.com.br\/fm\/","name":"Manchester FM 93,3","description":"Todo Mundo Ouve!","potentialAction":[{"@type":"SearchAction","target":{"@type":"EntryPoint","urlTemplate":"https:\/\/www.radiomanchester.com.br\/fm\/?s={search_term_string}"},"query-input":"required name=search_term_string"}],"inLanguage":"pt-BR"},{"@type":"WebPage","@id":"https:\/\/www.radiomanchester.com.br\/fm\/serra-dourada-sera-modernizado-com-investimento-de-r-300-milhoes\/#webpage","url":"https:\/\/www.radiomanchester.com.br\/fm\/serra-dourada-sera-modernizado-com-investimento-de-r-300-milhoes\/","name":"Serra Dourada ser\u00e1 modernizado com investimento de R$ 300 milh\u00f5es - Manchester FM 93,3","isPartOf":{"@id":"https:\/\/www.radiomanchester.com.br\/fm\/#website"},"datePublished":"2025-12-21T12:00:00+00:00","dateModified":"2025-12-20T21:11:07+00:00","author":{"@id":"https:\/\/www.radiomanchester.com.br\/fm\/#\/schema\/person\/408a7b4d4e32cbebd90e2782852abca3"},"breadcrumb":{"@id":"https:\/\/www.radiomanchester.com.br\/fm\/serra-dourada-sera-modernizado-com-investimento-de-r-300-milhoes\/#breadcrumb"},"inLanguage":"pt-BR","potentialAction":[{"@type":"ReadAction","target":["https:\/\/www.radiomanchester.com.br\/fm\/serra-dourada-sera-modernizado-com-investimento-de-r-300-milhoes\/"]}]},{"@type":"BreadcrumbList","@id":"https:\/\/www.radiomanchester.com.br\/fm\/serra-dourada-sera-modernizado-com-investimento-de-r-300-milhoes\/#breadcrumb","itemListElement":[{"@type":"ListItem","position":1,"name":"Home","item":"https:\/\/www.radiomanchester.com.br\/fm\/"},{"@type":"ListItem","position":2,"name":"Serra Dourada ser\u00e1 modernizado com investimento de R$ 300 milh\u00f5es"}]},{"@type":"Person","@id":"https:\/\/www.radiomanchester.com.br\/fm\/#\/schema\/person\/408a7b4d4e32cbebd90e2782852abca3","name":"admin","image":{"@type":"ImageObject","@id":"https:\/\/www.radiomanchester.com.br\/fm\/#personlogo","inLanguage":"pt-BR","url":"https:\/\/secure.gravatar.com\/avatar\/115a974dba3376872eb3addeb276301c?s=96&d=mm&r=g","contentUrl":"https:\/\/secure.gravatar.com\/avatar\/115a974dba3376872eb3addeb276301c?s=96&d=mm&r=g","caption":"admin"},"url":"https:\/\/www.radiomanchester.com.br\/fm\/author\/admin\/"}]}},"_links":{"self":[{"href":"https:\/\/www.radiomanchester.com.br\/fm\/wp-json\/wp\/v2\/posts\/17040"}],"collection":[{"href":"https:\/\/www.radiomanchester.com.br\/fm\/wp-json\/wp\/v2\/posts"}],"about":[{"href":"https:\/\/www.radiomanchester.com.br\/fm\/wp-json\/wp\/v2\/types\/post"}],"author":[{"embeddable":true,"href":"https:\/\/www.radiomanchester.com.br\/fm\/wp-json\/wp\/v2\/users\/1"}],"replies":[{"embeddable":true,"href":"https:\/\/www.radiomanchester.com.br\/fm\/wp-json\/wp\/v2\/comments?post=17040"}],"version-history":[{"count":1,"href":"https:\/\/www.radiomanchester.com.br\/fm\/wp-json\/wp\/v2\/posts\/17040\/revisions"}],"predecessor-version":[{"id":17041,"href":"https:\/\/www.radiomanchester.com.br\/fm\/wp-json\/wp\/v2\/posts\/17040\/revisions\/17041"}],"wp:attachment":[{"href":"https:\/\/www.radiomanchester.com.br\/fm\/wp-json\/wp\/v2\/media?parent=17040"}],"wp:term":[{"taxonomy":"category","embeddable":true,"href":"https:\/\/www.radiomanchester.com.br\/fm\/wp-json\/wp\/v2\/categories?post=17040"},{"taxonomy":"post_tag","embeddable":true,"href":"https:\/\/www.radiomanchester.com.br\/fm\/wp-json\/wp\/v2\/tags?post=17040"}],"curies":[{"name":"wp","href":"https:\/\/api.w.org\/{rel}","templated":true}]}}