{"id":17049,"date":"2025-12-23T07:00:00","date_gmt":"2025-12-23T10:00:00","guid":{"rendered":"https:\/\/www.radiomanchester.com.br\/fm\/?p=17049"},"modified":"2025-12-22T20:33:42","modified_gmt":"2025-12-22T23:33:42","slug":"ponte-entre-tocantins-e-maranhao-que-desabou-ha-um-ano-e-reinaugurada","status":"publish","type":"post","link":"https:\/\/www.radiomanchester.com.br\/fm\/ponte-entre-tocantins-e-maranhao-que-desabou-ha-um-ano-e-reinaugurada\/","title":{"rendered":"Ponte entre Tocantins e Maranh\u00e3o que desabou h\u00e1 um ano \u00e9 reinaugurada"},"content":{"rendered":"\n<p><strong><em>Governo federal investiu cerca de R$ 172 milh\u00f5es na obra<\/em><\/strong><\/p>\n\n\n\n<hr class=\"wp-block-separator\"\/>\n\n\n\n<p>A nova ponte Juscelino Kubitschek de Oliveira, que liga os munic\u00edpios de Aguiarn\u00f3polis, no Tocantins, e Estreito, no Maranh\u00e3o, foi inaugurada nesta segunda-feira (22\/12), com a libera\u00e7\u00e3o do tr\u00e2nsito pouco depois das 12h30. A inaugura\u00e7\u00e3o da estrutura ocorre um ano ap\u00f3s a trag\u00e9dia do desabamento, que deixou 18 v\u00edtimas, com 14 mortos, uma pessoa ferida e tr\u00eas ainda desaparecidas.<\/p>\n\n\n\n<p>A cerim\u00f4nia de inaugura\u00e7\u00e3o contou com a presen\u00e7a do ministro dos Transportes, Renan Filho, e dos governadores do Maranh\u00e3o, Carlos Brand\u00e3o, e do Tocantins, Wanderlei Barbosa.<\/p>\n\n\n\n<p>A nova ponte tem 630 metros de extens\u00e3o, 19 metros de largura e um v\u00e3o livre de 154 metros. S\u00e3o duas faixas de rolamento de 3,6 metros cada, dois acostamentos com tr\u00eas metros cada, barreiras de prote\u00e7\u00e3o, al\u00e9m de passagem para pedestres.<\/p>\n\n\n\n<p>Para a constru\u00e7\u00e3o, o governo federal investiu cerca de R$ 172 milh\u00f5es.<\/p>\n\n\n\n<p><strong>Testes<br><\/strong>No \u00faltimo fim de semana foram realizadas cerca de 20 horas de testes estruturais para garantir a seguran\u00e7a do tr\u00e1fego. Foram utilizados oito caminh\u00f5es do tipo betoneira carregados, pesando em m\u00e9dia 30 toneladas cada.<\/p>\n\n\n\n<p>Os ve\u00edculos passaram pela ponte em sequ\u00eancia com velocidades diferentes. Sensores foram utilizados para medir a trepida\u00e7\u00e3o e a resposta da estrutura.<\/p>\n\n\n\n<p><strong>Colapso<br><\/strong>Constru\u00edda na d\u00e9cada de 1960, a antiga ponte chegou a passar por reparos em 2021, mas continuava apresentando problemas, at\u00e9 colapsar em dezembro do ano passado. No desabamento, ca\u00edram no Rio Tocantins tr\u00eas motos, um carro, duas caminhonetes e quatro caminh\u00f5es, sendo que dois deles carregavam 76 toneladas de \u00e1cido sulf\u00farico e 22 mil litros de defensivos agr\u00edcolas.<\/p>\n\n\n\n<p>O Departamento Nacional de Infraestrutura de Transportes (Dnit) abriu uma sindic\u00e2ncia para apurar as causas e responsabilidades pelo desabamento, mas a investiga\u00e7\u00e3o ainda n\u00e3o foi conclu\u00edda.<\/p>\n\n\n\n<p>A pol\u00edcia Federal tamb\u00e9m investiga o caso. Um laudo apresentado em julho passado aponta, entre outras causas para o colapso, a sobrecarga da ponte, a deforma\u00e7\u00e3o do concreto, perda da capacidade de resist\u00eancia e ac\u00famulo de ve\u00edculos sobre o local, al\u00e9m de manuten\u00e7\u00e3o e reformas mal executadas.<\/p>\n\n\n\n<p>O documento destaca que foi decis\u00e3o do Dnit manter \u201cum tr\u00e1fego superior ao projetado para a ponte, ao longo das \u00faltimas d\u00e9cadas de sua exist\u00eancia\u201d. O inqu\u00e9rito segue em andamento.<\/p>\n\n\n\n<p>Em nota, o DNIT informou que colabora ativamente com todos os \u00f3rg\u00e3os investigativos que est\u00e3o atuando na ocorr\u00eancia e que foi aberta na Corregedoria uma Investiga\u00e7\u00e3o Preliminar Sum\u00e1ria para apurar as causas do colapso da ponte JK, que ir\u00e3o determinar os preju\u00edzos decorrentes e quantifica\u00e7\u00e3o de danos.<\/p>\n\n\n\n<p>O Departamento destacou ainda que contratou o Instituto de Pesquisas Tecnol\u00f3gicas do Estado de S\u00e3o Paulo para produzir um relat\u00f3rio externo que apontar\u00e1 \u00e0s causas do colapso da ponte.<\/p>\n\n\n\n<p>porAg\u00eancia Brasil<\/p>\n","protected":false},"excerpt":{"rendered":"<p class=\"excerpt\">Governo federal investiu cerca de R$ 172 milh\u00f5es na obra A nova ponte Juscelino Kubitschek de Oliveira, que liga os munic\u00edpios de Aguiarn\u00f3polis, no Tocantins, e Estreito, no Maranh\u00e3o, foi inaugurada nesta segunda-feira (22\/12), com a libera\u00e7\u00e3o do tr\u00e2nsito pouco depois das 12h30. A inaugura\u00e7\u00e3o da estrutura ocorre um ano ap\u00f3s a trag\u00e9dia do desabamento, [&hellip;]<\/p>\n","protected":false},"author":1,"featured_media":0,"comment_status":"open","ping_status":"open","sticky":false,"template":"","format":"standard","meta":[],"categories":[8,17],"tags":[22,24,113,83,92],"yoast_head":"<!-- This site is optimized with the Yoast SEO plugin v18.3 - https:\/\/yoast.com\/wordpress\/plugins\/seo\/ -->\n<title>Ponte entre Tocantins e Maranh\u00e3o que desabou h\u00e1 um ano \u00e9 reinaugurada - Manchester FM 93,3<\/title>\n<meta name=\"robots\" content=\"index, follow, max-snippet:-1, max-image-preview:large, max-video-preview:-1\" \/>\n<link rel=\"canonical\" href=\"https:\/\/www.radiomanchester.com.br\/fm\/ponte-entre-tocantins-e-maranhao-que-desabou-ha-um-ano-e-reinaugurada\/\" \/>\n<meta property=\"og:locale\" content=\"pt_BR\" \/>\n<meta property=\"og:type\" content=\"article\" \/>\n<meta property=\"og:title\" content=\"Ponte entre Tocantins e Maranh\u00e3o que desabou h\u00e1 um ano \u00e9 reinaugurada - Manchester FM 93,3\" \/>\n<meta property=\"og:description\" content=\"Governo federal investiu cerca de R$ 172 milh\u00f5es na obra A nova ponte Juscelino Kubitschek de Oliveira, que liga os munic\u00edpios de Aguiarn\u00f3polis, no Tocantins, e Estreito, no Maranh\u00e3o, foi inaugurada nesta segunda-feira (22\/12), com a libera\u00e7\u00e3o do tr\u00e2nsito pouco depois das 12h30. A inaugura\u00e7\u00e3o da estrutura ocorre um ano ap\u00f3s a trag\u00e9dia do desabamento, [&hellip;]\" \/>\n<meta property=\"og:url\" content=\"https:\/\/www.radiomanchester.com.br\/fm\/ponte-entre-tocantins-e-maranhao-que-desabou-ha-um-ano-e-reinaugurada\/\" \/>\n<meta property=\"og:site_name\" content=\"Manchester FM 93,3\" \/>\n<meta property=\"article:published_time\" content=\"2025-12-23T10:00:00+00:00\" \/>\n<meta property=\"article:modified_time\" content=\"2025-12-22T23:33:42+00:00\" \/>\n<meta name=\"twitter:card\" content=\"summary_large_image\" \/>\n<meta name=\"twitter:label1\" content=\"Escrito por\" \/>\n\t<meta name=\"twitter:data1\" content=\"admin\" \/>\n\t<meta name=\"twitter:label2\" content=\"Est. tempo de leitura\" \/>\n\t<meta name=\"twitter:data2\" content=\"3 minutos\" \/>\n<script type=\"application\/ld+json\" class=\"yoast-schema-graph\">{\"@context\":\"https:\/\/schema.org\",\"@graph\":[{\"@type\":\"WebSite\",\"@id\":\"https:\/\/www.radiomanchester.com.br\/fm\/#website\",\"url\":\"https:\/\/www.radiomanchester.com.br\/fm\/\",\"name\":\"Manchester FM 93,3\",\"description\":\"Todo Mundo Ouve!\",\"potentialAction\":[{\"@type\":\"SearchAction\",\"target\":{\"@type\":\"EntryPoint\",\"urlTemplate\":\"https:\/\/www.radiomanchester.com.br\/fm\/?s={search_term_string}\"},\"query-input\":\"required name=search_term_string\"}],\"inLanguage\":\"pt-BR\"},{\"@type\":\"WebPage\",\"@id\":\"https:\/\/www.radiomanchester.com.br\/fm\/ponte-entre-tocantins-e-maranhao-que-desabou-ha-um-ano-e-reinaugurada\/#webpage\",\"url\":\"https:\/\/www.radiomanchester.com.br\/fm\/ponte-entre-tocantins-e-maranhao-que-desabou-ha-um-ano-e-reinaugurada\/\",\"name\":\"Ponte entre Tocantins e Maranh\u00e3o que desabou h\u00e1 um ano \u00e9 reinaugurada - Manchester FM 93,3\",\"isPartOf\":{\"@id\":\"https:\/\/www.radiomanchester.com.br\/fm\/#website\"},\"datePublished\":\"2025-12-23T10:00:00+00:00\",\"dateModified\":\"2025-12-22T23:33:42+00:00\",\"author\":{\"@id\":\"https:\/\/www.radiomanchester.com.br\/fm\/#\/schema\/person\/408a7b4d4e32cbebd90e2782852abca3\"},\"breadcrumb\":{\"@id\":\"https:\/\/www.radiomanchester.com.br\/fm\/ponte-entre-tocantins-e-maranhao-que-desabou-ha-um-ano-e-reinaugurada\/#breadcrumb\"},\"inLanguage\":\"pt-BR\",\"potentialAction\":[{\"@type\":\"ReadAction\",\"target\":[\"https:\/\/www.radiomanchester.com.br\/fm\/ponte-entre-tocantins-e-maranhao-que-desabou-ha-um-ano-e-reinaugurada\/\"]}]},{\"@type\":\"BreadcrumbList\",\"@id\":\"https:\/\/www.radiomanchester.com.br\/fm\/ponte-entre-tocantins-e-maranhao-que-desabou-ha-um-ano-e-reinaugurada\/#breadcrumb\",\"itemListElement\":[{\"@type\":\"ListItem\",\"position\":1,\"name\":\"Home\",\"item\":\"https:\/\/www.radiomanchester.com.br\/fm\/\"},{\"@type\":\"ListItem\",\"position\":2,\"name\":\"Ponte entre Tocantins e Maranh\u00e3o que desabou h\u00e1 um ano \u00e9 reinaugurada\"}]},{\"@type\":\"Person\",\"@id\":\"https:\/\/www.radiomanchester.com.br\/fm\/#\/schema\/person\/408a7b4d4e32cbebd90e2782852abca3\",\"name\":\"admin\",\"image\":{\"@type\":\"ImageObject\",\"@id\":\"https:\/\/www.radiomanchester.com.br\/fm\/#personlogo\",\"inLanguage\":\"pt-BR\",\"url\":\"https:\/\/secure.gravatar.com\/avatar\/115a974dba3376872eb3addeb276301c?s=96&d=mm&r=g\",\"contentUrl\":\"https:\/\/secure.gravatar.com\/avatar\/115a974dba3376872eb3addeb276301c?s=96&d=mm&r=g\",\"caption\":\"admin\"},\"url\":\"https:\/\/www.radiomanchester.com.br\/fm\/author\/admin\/\"}]}<\/script>\n<!-- \/ Yoast SEO plugin. -->","yoast_head_json":{"title":"Ponte entre Tocantins e Maranh\u00e3o que desabou h\u00e1 um ano \u00e9 reinaugurada - Manchester FM 93,3","robots":{"index":"index","follow":"follow","max-snippet":"max-snippet:-1","max-image-preview":"max-image-preview:large","max-video-preview":"max-video-preview:-1"},"canonical":"https:\/\/www.radiomanchester.com.br\/fm\/ponte-entre-tocantins-e-maranhao-que-desabou-ha-um-ano-e-reinaugurada\/","og_locale":"pt_BR","og_type":"article","og_title":"Ponte entre Tocantins e Maranh\u00e3o que desabou h\u00e1 um ano \u00e9 reinaugurada - Manchester FM 93,3","og_description":"Governo federal investiu cerca de R$ 172 milh\u00f5es na obra A nova ponte Juscelino Kubitschek de Oliveira, que liga os munic\u00edpios de Aguiarn\u00f3polis, no Tocantins, e Estreito, no Maranh\u00e3o, foi inaugurada nesta segunda-feira (22\/12), com a libera\u00e7\u00e3o do tr\u00e2nsito pouco depois das 12h30. A inaugura\u00e7\u00e3o da estrutura ocorre um ano ap\u00f3s a trag\u00e9dia do desabamento, [&hellip;]","og_url":"https:\/\/www.radiomanchester.com.br\/fm\/ponte-entre-tocantins-e-maranhao-que-desabou-ha-um-ano-e-reinaugurada\/","og_site_name":"Manchester FM 93,3","article_published_time":"2025-12-23T10:00:00+00:00","article_modified_time":"2025-12-22T23:33:42+00:00","twitter_card":"summary_large_image","twitter_misc":{"Escrito por":"admin","Est. tempo de leitura":"3 minutos"},"schema":{"@context":"https:\/\/schema.org","@graph":[{"@type":"WebSite","@id":"https:\/\/www.radiomanchester.com.br\/fm\/#website","url":"https:\/\/www.radiomanchester.com.br\/fm\/","name":"Manchester FM 93,3","description":"Todo Mundo Ouve!","potentialAction":[{"@type":"SearchAction","target":{"@type":"EntryPoint","urlTemplate":"https:\/\/www.radiomanchester.com.br\/fm\/?s={search_term_string}"},"query-input":"required name=search_term_string"}],"inLanguage":"pt-BR"},{"@type":"WebPage","@id":"https:\/\/www.radiomanchester.com.br\/fm\/ponte-entre-tocantins-e-maranhao-que-desabou-ha-um-ano-e-reinaugurada\/#webpage","url":"https:\/\/www.radiomanchester.com.br\/fm\/ponte-entre-tocantins-e-maranhao-que-desabou-ha-um-ano-e-reinaugurada\/","name":"Ponte entre Tocantins e Maranh\u00e3o que desabou h\u00e1 um ano \u00e9 reinaugurada - Manchester FM 93,3","isPartOf":{"@id":"https:\/\/www.radiomanchester.com.br\/fm\/#website"},"datePublished":"2025-12-23T10:00:00+00:00","dateModified":"2025-12-22T23:33:42+00:00","author":{"@id":"https:\/\/www.radiomanchester.com.br\/fm\/#\/schema\/person\/408a7b4d4e32cbebd90e2782852abca3"},"breadcrumb":{"@id":"https:\/\/www.radiomanchester.com.br\/fm\/ponte-entre-tocantins-e-maranhao-que-desabou-ha-um-ano-e-reinaugurada\/#breadcrumb"},"inLanguage":"pt-BR","potentialAction":[{"@type":"ReadAction","target":["https:\/\/www.radiomanchester.com.br\/fm\/ponte-entre-tocantins-e-maranhao-que-desabou-ha-um-ano-e-reinaugurada\/"]}]},{"@type":"BreadcrumbList","@id":"https:\/\/www.radiomanchester.com.br\/fm\/ponte-entre-tocantins-e-maranhao-que-desabou-ha-um-ano-e-reinaugurada\/#breadcrumb","itemListElement":[{"@type":"ListItem","position":1,"name":"Home","item":"https:\/\/www.radiomanchester.com.br\/fm\/"},{"@type":"ListItem","position":2,"name":"Ponte entre Tocantins e Maranh\u00e3o que desabou h\u00e1 um ano \u00e9 reinaugurada"}]},{"@type":"Person","@id":"https:\/\/www.radiomanchester.com.br\/fm\/#\/schema\/person\/408a7b4d4e32cbebd90e2782852abca3","name":"admin","image":{"@type":"ImageObject","@id":"https:\/\/www.radiomanchester.com.br\/fm\/#personlogo","inLanguage":"pt-BR","url":"https:\/\/secure.gravatar.com\/avatar\/115a974dba3376872eb3addeb276301c?s=96&d=mm&r=g","contentUrl":"https:\/\/secure.gravatar.com\/avatar\/115a974dba3376872eb3addeb276301c?s=96&d=mm&r=g","caption":"admin"},"url":"https:\/\/www.radiomanchester.com.br\/fm\/author\/admin\/"}]}},"_links":{"self":[{"href":"https:\/\/www.radiomanchester.com.br\/fm\/wp-json\/wp\/v2\/posts\/17049"}],"collection":[{"href":"https:\/\/www.radiomanchester.com.br\/fm\/wp-json\/wp\/v2\/posts"}],"about":[{"href":"https:\/\/www.radiomanchester.com.br\/fm\/wp-json\/wp\/v2\/types\/post"}],"author":[{"embeddable":true,"href":"https:\/\/www.radiomanchester.com.br\/fm\/wp-json\/wp\/v2\/users\/1"}],"replies":[{"embeddable":true,"href":"https:\/\/www.radiomanchester.com.br\/fm\/wp-json\/wp\/v2\/comments?post=17049"}],"version-history":[{"count":1,"href":"https:\/\/www.radiomanchester.com.br\/fm\/wp-json\/wp\/v2\/posts\/17049\/revisions"}],"predecessor-version":[{"id":17050,"href":"https:\/\/www.radiomanchester.com.br\/fm\/wp-json\/wp\/v2\/posts\/17049\/revisions\/17050"}],"wp:attachment":[{"href":"https:\/\/www.radiomanchester.com.br\/fm\/wp-json\/wp\/v2\/media?parent=17049"}],"wp:term":[{"taxonomy":"category","embeddable":true,"href":"https:\/\/www.radiomanchester.com.br\/fm\/wp-json\/wp\/v2\/categories?post=17049"},{"taxonomy":"post_tag","embeddable":true,"href":"https:\/\/www.radiomanchester.com.br\/fm\/wp-json\/wp\/v2\/tags?post=17049"}],"curies":[{"name":"wp","href":"https:\/\/api.w.org\/{rel}","templated":true}]}}