{"id":17055,"date":"2025-12-24T10:00:00","date_gmt":"2025-12-24T13:00:00","guid":{"rendered":"https:\/\/www.radiomanchester.com.br\/fm\/?p=17055"},"modified":"2025-12-23T23:03:41","modified_gmt":"2025-12-24T02:03:41","slug":"confira-a-restricao-de-trafego-nas-rodovias-estaduais-neste-fim-de-ano","status":"publish","type":"post","link":"https:\/\/www.radiomanchester.com.br\/fm\/confira-a-restricao-de-trafego-nas-rodovias-estaduais-neste-fim-de-ano\/","title":{"rendered":"Confira a restri\u00e7\u00e3o de tr\u00e1fego nas rodovias estaduais neste fim de ano"},"content":{"rendered":"\n<p>Motoristas devem ficar atentos \u00e0 restri\u00e7\u00e3o de tr\u00e1fego em rodovias estaduais durante o feriado prolongado de Natal. A medida ser\u00e1 aplicada na quarta-feira (24\/12), quinta-feira (25\/12) e no domingo (28\/12), com o objetivo de garantir mais seguran\u00e7a vi\u00e1ria diante do aumento do fluxo de ve\u00edculos no per\u00edodo.<\/p>\n\n\n\n<p>A restri\u00e7\u00e3o vale exclusivamente para ve\u00edculos de carga pesada, em rodovias de pista simples e com duplo sentido, no hor\u00e1rio das 7 \u00e0s 20 horas (confira a lista completa de trechos abaixo).<\/p>\n\n\n\n<p>Est\u00e3o inclu\u00eddos ve\u00edculos de tr\u00eas a nove eixos e aqueles que necessitam de escolta ou batedores, como Composi\u00e7\u00e3o de Ve\u00edculos de Carga (CVC), Romeu e Julieta, guindastes e cegonheiros.<\/p>\n\n\n\n<p><strong>Exce\u00e7\u00e3o<br><\/strong>Ficam excetuados da restri\u00e7\u00e3o os ve\u00edculos que transportam cargas perec\u00edveis, como leite e derivados, frutas e verduras, al\u00e9m de cargas vivas ou frigor\u00edficas.<\/p>\n\n\n\n<p>O descumprimento da medida sujeita o condutor \u00e0s penalidades previstas no artigo 187, inciso I, do C\u00f3digo de Tr\u00e2nsito Brasileiro (Lei Federal n\u00ba 9.503\/1997).<\/p>\n\n\n\n<p>A mesma restri\u00e7\u00e3o ser\u00e1 adotada tamb\u00e9m durante o feriado de Ano Novo, nos dias 31\/12 (quarta-feira), 1\u00ba\/1\/2026 (quinta-feira) e 04\/01\/2026 (domingo). A fiscaliza\u00e7\u00e3o ficar\u00e1 a cargo do Comando de Policiamento Rodovi\u00e1rio (CPR).<\/p>\n\n\n\n<p>As a\u00e7\u00f5es t\u00eam como foco ampliar a seguran\u00e7a e garantir melhor fluidez do tr\u00e2nsito nos per\u00edodos de maior movimenta\u00e7\u00e3o nas rodovias estaduais.<\/p>\n\n\n\n<p><strong>Confira os trechos com restri\u00e7\u00e3o de tr\u00e1fego<br><\/strong>&#8211; GO-020 \u2013 Entroncamento com a GO-020, Cristian\u00f3polis, ao entroncamento com a GO-217, Caldas Novas\/Corumba\u00edba\/Divisa GO\/MG<br>&#8211; GO-139 \u2013 Entroncamento com a GO-020, Cristian\u00f3polis, ao entroncamento com a GO-217, Caldas Novas\/Corumba\u00edba\/Divisa GO\/MG<br>&#8211; GO-213 \u2013 Entroncamento com a GO-330, Ipameri\/Caldas Novas<br>&#8211; GO-217 \u2013 Entroncamento com a BR-153, Piracanjuba, ao entroncamento com a GO-139<br>&#8211; GO-330 \u2013 Vian\u00f3polis\/Pires do Rio\/Catal\u00e3o\/Tr\u00eas Ranchos<br>&#8211; GO-431 \u2013 Entroncamento com a BR-153\/Piren\u00f3polis<br>&#8211; GO-338 \u2013 Entroncamento com a BR-060\/Abadi\u00e2nia\/Planalmira\/Piren\u00f3polis<br>&#8211; GO-225 \u2013 Entroncamento com a BR-414\/Corumb\u00e1\/Piren\u00f3polis<br>&#8211; GO-010\/GO-139 \u2013 Luzi\u00e2nia\/Vian\u00f3polis ao entroncamento com a GO-217, Piracanjuba<br>&#8211; GO-507 \u2013 Entroncamento com a GO-213 at\u00e9 Rio Quente<br>&#8211; GO-530 \u2013 Entroncamento com a GO-164 at\u00e9 Aruan\u00e3<br>&#8211; GO-241 \u2013 Entroncamento com a BR-153 at\u00e9 Mina\u00e7u<br>&#8211; GO-210 \u2013 Entroncamento com a BR-153 at\u00e9 Buriti Alegre<br>&#8211; GO-118 \u2013 Entroncamento com a GO\/DF at\u00e9 Alto Para\u00edso<br>&#8211; GO-080 \u2013 Entroncamento com a BR-153 at\u00e9 Goian\u00e9sia<br>&#8211; GO-116 \u2013 Entroncamento com a BR-060 at\u00e9 Itiquira<br>&#8211; GO-164 \u2013 Entroncamento com a BR-164 at\u00e9 S\u00e3o Sim\u00e3o<br>&#8211; GO-206 \u2013 Entroncamento com a BR-364 at\u00e9 Lagoa Santa<br>&#8211; GO-206 \u2013 Entroncamento com a BR-364 at\u00e9 Parque Nacional das Emas<br>&#8211; GO-441 \u2013 Entroncamento com a GO-050 at\u00e9 Parque Estadual de Para\u00fana<br>&#8211; GO-108 \u2013 Entroncamento com a BR-060, Posse\/Guarani at\u00e9 Parque Estadual de Terra Ronca<br>&#8211; GO-239 \u2013 Entroncamento com a GO-164 at\u00e9 Bandeirante<br>&#8211; GO-164 \u2013 cidade de Goi\u00e1s at\u00e9 S\u00e3o Miguel do Araguaia<\/p>\n\n\n\n<p>por Ag\u00eancia Cora Coralina Gov Goi\u00e1s<\/p>\n","protected":false},"excerpt":{"rendered":"<p class=\"excerpt\">Motoristas devem ficar atentos \u00e0 restri\u00e7\u00e3o de tr\u00e1fego em rodovias estaduais durante o feriado prolongado de Natal. A medida ser\u00e1 aplicada na quarta-feira (24\/12), quinta-feira (25\/12) e no domingo (28\/12), com o objetivo de garantir mais seguran\u00e7a vi\u00e1ria diante do aumento do fluxo de ve\u00edculos no per\u00edodo. A restri\u00e7\u00e3o vale exclusivamente para ve\u00edculos de carga [&hellip;]<\/p>\n","protected":false},"author":1,"featured_media":0,"comment_status":"open","ping_status":"open","sticky":false,"template":"","format":"standard","meta":[],"categories":[8,17],"tags":[22,24,172,113,83,92],"yoast_head":"<!-- This site is optimized with the Yoast SEO plugin v18.3 - https:\/\/yoast.com\/wordpress\/plugins\/seo\/ -->\n<title>Confira a restri\u00e7\u00e3o de tr\u00e1fego nas rodovias estaduais neste fim de ano - Manchester FM 93,3<\/title>\n<meta name=\"robots\" content=\"index, follow, max-snippet:-1, max-image-preview:large, max-video-preview:-1\" \/>\n<link rel=\"canonical\" href=\"https:\/\/www.radiomanchester.com.br\/fm\/confira-a-restricao-de-trafego-nas-rodovias-estaduais-neste-fim-de-ano\/\" \/>\n<meta property=\"og:locale\" content=\"pt_BR\" \/>\n<meta property=\"og:type\" content=\"article\" \/>\n<meta property=\"og:title\" content=\"Confira a restri\u00e7\u00e3o de tr\u00e1fego nas rodovias estaduais neste fim de ano - Manchester FM 93,3\" \/>\n<meta property=\"og:description\" content=\"Motoristas devem ficar atentos \u00e0 restri\u00e7\u00e3o de tr\u00e1fego em rodovias estaduais durante o feriado prolongado de Natal. A medida ser\u00e1 aplicada na quarta-feira (24\/12), quinta-feira (25\/12) e no domingo (28\/12), com o objetivo de garantir mais seguran\u00e7a vi\u00e1ria diante do aumento do fluxo de ve\u00edculos no per\u00edodo. A restri\u00e7\u00e3o vale exclusivamente para ve\u00edculos de carga [&hellip;]\" \/>\n<meta property=\"og:url\" content=\"https:\/\/www.radiomanchester.com.br\/fm\/confira-a-restricao-de-trafego-nas-rodovias-estaduais-neste-fim-de-ano\/\" \/>\n<meta property=\"og:site_name\" content=\"Manchester FM 93,3\" \/>\n<meta property=\"article:published_time\" content=\"2025-12-24T13:00:00+00:00\" \/>\n<meta property=\"article:modified_time\" content=\"2025-12-24T02:03:41+00:00\" \/>\n<meta name=\"twitter:card\" content=\"summary_large_image\" \/>\n<meta name=\"twitter:label1\" content=\"Escrito por\" \/>\n\t<meta name=\"twitter:data1\" content=\"admin\" \/>\n\t<meta name=\"twitter:label2\" content=\"Est. tempo de leitura\" \/>\n\t<meta name=\"twitter:data2\" content=\"3 minutos\" \/>\n<script type=\"application\/ld+json\" class=\"yoast-schema-graph\">{\"@context\":\"https:\/\/schema.org\",\"@graph\":[{\"@type\":\"WebSite\",\"@id\":\"https:\/\/www.radiomanchester.com.br\/fm\/#website\",\"url\":\"https:\/\/www.radiomanchester.com.br\/fm\/\",\"name\":\"Manchester FM 93,3\",\"description\":\"Todo Mundo Ouve!\",\"potentialAction\":[{\"@type\":\"SearchAction\",\"target\":{\"@type\":\"EntryPoint\",\"urlTemplate\":\"https:\/\/www.radiomanchester.com.br\/fm\/?s={search_term_string}\"},\"query-input\":\"required name=search_term_string\"}],\"inLanguage\":\"pt-BR\"},{\"@type\":\"WebPage\",\"@id\":\"https:\/\/www.radiomanchester.com.br\/fm\/confira-a-restricao-de-trafego-nas-rodovias-estaduais-neste-fim-de-ano\/#webpage\",\"url\":\"https:\/\/www.radiomanchester.com.br\/fm\/confira-a-restricao-de-trafego-nas-rodovias-estaduais-neste-fim-de-ano\/\",\"name\":\"Confira a restri\u00e7\u00e3o de tr\u00e1fego nas rodovias estaduais neste fim de ano - Manchester FM 93,3\",\"isPartOf\":{\"@id\":\"https:\/\/www.radiomanchester.com.br\/fm\/#website\"},\"datePublished\":\"2025-12-24T13:00:00+00:00\",\"dateModified\":\"2025-12-24T02:03:41+00:00\",\"author\":{\"@id\":\"https:\/\/www.radiomanchester.com.br\/fm\/#\/schema\/person\/408a7b4d4e32cbebd90e2782852abca3\"},\"breadcrumb\":{\"@id\":\"https:\/\/www.radiomanchester.com.br\/fm\/confira-a-restricao-de-trafego-nas-rodovias-estaduais-neste-fim-de-ano\/#breadcrumb\"},\"inLanguage\":\"pt-BR\",\"potentialAction\":[{\"@type\":\"ReadAction\",\"target\":[\"https:\/\/www.radiomanchester.com.br\/fm\/confira-a-restricao-de-trafego-nas-rodovias-estaduais-neste-fim-de-ano\/\"]}]},{\"@type\":\"BreadcrumbList\",\"@id\":\"https:\/\/www.radiomanchester.com.br\/fm\/confira-a-restricao-de-trafego-nas-rodovias-estaduais-neste-fim-de-ano\/#breadcrumb\",\"itemListElement\":[{\"@type\":\"ListItem\",\"position\":1,\"name\":\"Home\",\"item\":\"https:\/\/www.radiomanchester.com.br\/fm\/\"},{\"@type\":\"ListItem\",\"position\":2,\"name\":\"Confira a restri\u00e7\u00e3o de tr\u00e1fego nas rodovias estaduais neste fim de ano\"}]},{\"@type\":\"Person\",\"@id\":\"https:\/\/www.radiomanchester.com.br\/fm\/#\/schema\/person\/408a7b4d4e32cbebd90e2782852abca3\",\"name\":\"admin\",\"image\":{\"@type\":\"ImageObject\",\"@id\":\"https:\/\/www.radiomanchester.com.br\/fm\/#personlogo\",\"inLanguage\":\"pt-BR\",\"url\":\"https:\/\/secure.gravatar.com\/avatar\/115a974dba3376872eb3addeb276301c?s=96&d=mm&r=g\",\"contentUrl\":\"https:\/\/secure.gravatar.com\/avatar\/115a974dba3376872eb3addeb276301c?s=96&d=mm&r=g\",\"caption\":\"admin\"},\"url\":\"https:\/\/www.radiomanchester.com.br\/fm\/author\/admin\/\"}]}<\/script>\n<!-- \/ Yoast SEO plugin. -->","yoast_head_json":{"title":"Confira a restri\u00e7\u00e3o de tr\u00e1fego nas rodovias estaduais neste fim de ano - Manchester FM 93,3","robots":{"index":"index","follow":"follow","max-snippet":"max-snippet:-1","max-image-preview":"max-image-preview:large","max-video-preview":"max-video-preview:-1"},"canonical":"https:\/\/www.radiomanchester.com.br\/fm\/confira-a-restricao-de-trafego-nas-rodovias-estaduais-neste-fim-de-ano\/","og_locale":"pt_BR","og_type":"article","og_title":"Confira a restri\u00e7\u00e3o de tr\u00e1fego nas rodovias estaduais neste fim de ano - Manchester FM 93,3","og_description":"Motoristas devem ficar atentos \u00e0 restri\u00e7\u00e3o de tr\u00e1fego em rodovias estaduais durante o feriado prolongado de Natal. A medida ser\u00e1 aplicada na quarta-feira (24\/12), quinta-feira (25\/12) e no domingo (28\/12), com o objetivo de garantir mais seguran\u00e7a vi\u00e1ria diante do aumento do fluxo de ve\u00edculos no per\u00edodo. A restri\u00e7\u00e3o vale exclusivamente para ve\u00edculos de carga [&hellip;]","og_url":"https:\/\/www.radiomanchester.com.br\/fm\/confira-a-restricao-de-trafego-nas-rodovias-estaduais-neste-fim-de-ano\/","og_site_name":"Manchester FM 93,3","article_published_time":"2025-12-24T13:00:00+00:00","article_modified_time":"2025-12-24T02:03:41+00:00","twitter_card":"summary_large_image","twitter_misc":{"Escrito por":"admin","Est. tempo de leitura":"3 minutos"},"schema":{"@context":"https:\/\/schema.org","@graph":[{"@type":"WebSite","@id":"https:\/\/www.radiomanchester.com.br\/fm\/#website","url":"https:\/\/www.radiomanchester.com.br\/fm\/","name":"Manchester FM 93,3","description":"Todo Mundo Ouve!","potentialAction":[{"@type":"SearchAction","target":{"@type":"EntryPoint","urlTemplate":"https:\/\/www.radiomanchester.com.br\/fm\/?s={search_term_string}"},"query-input":"required name=search_term_string"}],"inLanguage":"pt-BR"},{"@type":"WebPage","@id":"https:\/\/www.radiomanchester.com.br\/fm\/confira-a-restricao-de-trafego-nas-rodovias-estaduais-neste-fim-de-ano\/#webpage","url":"https:\/\/www.radiomanchester.com.br\/fm\/confira-a-restricao-de-trafego-nas-rodovias-estaduais-neste-fim-de-ano\/","name":"Confira a restri\u00e7\u00e3o de tr\u00e1fego nas rodovias estaduais neste fim de ano - Manchester FM 93,3","isPartOf":{"@id":"https:\/\/www.radiomanchester.com.br\/fm\/#website"},"datePublished":"2025-12-24T13:00:00+00:00","dateModified":"2025-12-24T02:03:41+00:00","author":{"@id":"https:\/\/www.radiomanchester.com.br\/fm\/#\/schema\/person\/408a7b4d4e32cbebd90e2782852abca3"},"breadcrumb":{"@id":"https:\/\/www.radiomanchester.com.br\/fm\/confira-a-restricao-de-trafego-nas-rodovias-estaduais-neste-fim-de-ano\/#breadcrumb"},"inLanguage":"pt-BR","potentialAction":[{"@type":"ReadAction","target":["https:\/\/www.radiomanchester.com.br\/fm\/confira-a-restricao-de-trafego-nas-rodovias-estaduais-neste-fim-de-ano\/"]}]},{"@type":"BreadcrumbList","@id":"https:\/\/www.radiomanchester.com.br\/fm\/confira-a-restricao-de-trafego-nas-rodovias-estaduais-neste-fim-de-ano\/#breadcrumb","itemListElement":[{"@type":"ListItem","position":1,"name":"Home","item":"https:\/\/www.radiomanchester.com.br\/fm\/"},{"@type":"ListItem","position":2,"name":"Confira a restri\u00e7\u00e3o de tr\u00e1fego nas rodovias estaduais neste fim de ano"}]},{"@type":"Person","@id":"https:\/\/www.radiomanchester.com.br\/fm\/#\/schema\/person\/408a7b4d4e32cbebd90e2782852abca3","name":"admin","image":{"@type":"ImageObject","@id":"https:\/\/www.radiomanchester.com.br\/fm\/#personlogo","inLanguage":"pt-BR","url":"https:\/\/secure.gravatar.com\/avatar\/115a974dba3376872eb3addeb276301c?s=96&d=mm&r=g","contentUrl":"https:\/\/secure.gravatar.com\/avatar\/115a974dba3376872eb3addeb276301c?s=96&d=mm&r=g","caption":"admin"},"url":"https:\/\/www.radiomanchester.com.br\/fm\/author\/admin\/"}]}},"_links":{"self":[{"href":"https:\/\/www.radiomanchester.com.br\/fm\/wp-json\/wp\/v2\/posts\/17055"}],"collection":[{"href":"https:\/\/www.radiomanchester.com.br\/fm\/wp-json\/wp\/v2\/posts"}],"about":[{"href":"https:\/\/www.radiomanchester.com.br\/fm\/wp-json\/wp\/v2\/types\/post"}],"author":[{"embeddable":true,"href":"https:\/\/www.radiomanchester.com.br\/fm\/wp-json\/wp\/v2\/users\/1"}],"replies":[{"embeddable":true,"href":"https:\/\/www.radiomanchester.com.br\/fm\/wp-json\/wp\/v2\/comments?post=17055"}],"version-history":[{"count":1,"href":"https:\/\/www.radiomanchester.com.br\/fm\/wp-json\/wp\/v2\/posts\/17055\/revisions"}],"predecessor-version":[{"id":17056,"href":"https:\/\/www.radiomanchester.com.br\/fm\/wp-json\/wp\/v2\/posts\/17055\/revisions\/17056"}],"wp:attachment":[{"href":"https:\/\/www.radiomanchester.com.br\/fm\/wp-json\/wp\/v2\/media?parent=17055"}],"wp:term":[{"taxonomy":"category","embeddable":true,"href":"https:\/\/www.radiomanchester.com.br\/fm\/wp-json\/wp\/v2\/categories?post=17055"},{"taxonomy":"post_tag","embeddable":true,"href":"https:\/\/www.radiomanchester.com.br\/fm\/wp-json\/wp\/v2\/tags?post=17055"}],"curies":[{"name":"wp","href":"https:\/\/api.w.org\/{rel}","templated":true}]}}