{"id":17058,"date":"2025-12-26T13:22:14","date_gmt":"2025-12-26T16:22:14","guid":{"rendered":"https:\/\/www.radiomanchester.com.br\/fm\/?p=17058"},"modified":"2025-12-26T13:22:17","modified_gmt":"2025-12-26T16:22:17","slug":"tres-policiais-militares-e-outras-duas-pessoas-morrem-em-acidente-na-go-164","status":"publish","type":"post","link":"https:\/\/www.radiomanchester.com.br\/fm\/tres-policiais-militares-e-outras-duas-pessoas-morrem-em-acidente-na-go-164\/","title":{"rendered":"Tr\u00eas policiais militares e outras duas pessoas morrem em acidente na GO-164"},"content":{"rendered":"\n<p><\/p>\n\n\n\n<p>Tr\u00eas policiais militares de Goi\u00e1s morreram, na tarde desta quinta-feira (25\/12), ap\u00f3s um acidente automobil\u00edstico. Os tr\u00eas estavam de folga, no recesso de Natal, e se envolveram numa colis\u00e3o, entre uma caminhonete e um carro de passeio, na GO-164, no munic\u00edpio de Firmin\u00f3polis (GO). Outras duas pessoas morreram no acidente. O caso ocorreu por volta das 18h40.<\/p>\n\n\n\n<p>A Pol\u00edcia Militar do Estado de Goi\u00e1s (PM-GO) publicou notas separadas, no site da corpora\u00e7\u00e3o, lamentando o falecimento de cada uma das v\u00edtimas. \u201c\u00c9 com imenso pesar que comunicamos o falecimento do Soldado Jo\u00e3o Paulo Marim Guimar\u00e3es, nascido em 29\/11\/1993\u201d, diz uma das publica\u00e7\u00f5es.<\/p>\n\n\n\n<p>Os outros policiais mortos no acidente veicular s\u00e3o os soldados Renato da Silva Duarte, de 32 anos, e Robson Luiz Fortuna Filho, de 31 anos.<\/p>\n\n\n\n<p>\u201cA Pol\u00edcia Militar de Goi\u00e1s se solidariza com familiares, amigos e irm\u00e3os de farda. Desejamos que todos encontrem for\u00e7a e conforto para suportar e superar esse momento de dor\u201d, diz o comunicado.<\/p>\n\n\n\n<p>Os locais e hor\u00e1rios dos vel\u00f3rios e sepultamentos dos tr\u00eas PMs, assim como as identidades das demais v\u00edtimas, ainda n\u00e3o foram divulgados.<\/p>\n\n\n\n<p><strong>Manifesta\u00e7\u00e3o do governador<br><\/strong>O governador de Goi\u00e1s, Ronaldo Caiado (Uni\u00e3o), fez uma publica\u00e7\u00e3o nas redes sociais, na qual afirmou que os tr\u00eas policiais estavam de folga. Ele tamb\u00e9m se solidarizou com a morte das outras duas v\u00edtimas do acidente.<\/p>\n\n\n\n<p>\u201cNeste momento de dor, manifesto minha solidariedade a todos os familiares, amigos e irm\u00e3os de farda, estendendo tamb\u00e9m minhas condol\u00eancias \u00e0s fam\u00edlias das outras v\u00edtimas atingidas por esse acidente\u201d, escreveu Caiado na rede social X.<\/p>\n\n\n\n<p>porRepMetr0p0les<\/p>\n","protected":false},"excerpt":{"rendered":"<p class=\"excerpt\">Tr\u00eas policiais militares de Goi\u00e1s morreram, na tarde desta quinta-feira (25\/12), ap\u00f3s um acidente automobil\u00edstico. Os tr\u00eas estavam de folga, no recesso de Natal, e se envolveram numa colis\u00e3o, entre uma caminhonete e um carro de passeio, na GO-164, no munic\u00edpio de Firmin\u00f3polis (GO). Outras duas pessoas morreram no acidente. O caso ocorreu por volta [&hellip;]<\/p>\n","protected":false},"author":1,"featured_media":0,"comment_status":"open","ping_status":"open","sticky":false,"template":"","format":"standard","meta":[],"categories":[8,17],"tags":[22,24,113,83,92],"yoast_head":"<!-- This site is optimized with the Yoast SEO plugin v18.3 - https:\/\/yoast.com\/wordpress\/plugins\/seo\/ -->\n<title>Tr\u00eas policiais militares e outras duas pessoas morrem em acidente na GO-164 - Manchester FM 93,3<\/title>\n<meta name=\"robots\" content=\"index, follow, max-snippet:-1, max-image-preview:large, max-video-preview:-1\" \/>\n<link rel=\"canonical\" href=\"https:\/\/www.radiomanchester.com.br\/fm\/tres-policiais-militares-e-outras-duas-pessoas-morrem-em-acidente-na-go-164\/\" \/>\n<meta property=\"og:locale\" content=\"pt_BR\" \/>\n<meta property=\"og:type\" content=\"article\" \/>\n<meta property=\"og:title\" content=\"Tr\u00eas policiais militares e outras duas pessoas morrem em acidente na GO-164 - Manchester FM 93,3\" \/>\n<meta property=\"og:description\" content=\"Tr\u00eas policiais militares de Goi\u00e1s morreram, na tarde desta quinta-feira (25\/12), ap\u00f3s um acidente automobil\u00edstico. Os tr\u00eas estavam de folga, no recesso de Natal, e se envolveram numa colis\u00e3o, entre uma caminhonete e um carro de passeio, na GO-164, no munic\u00edpio de Firmin\u00f3polis (GO). Outras duas pessoas morreram no acidente. O caso ocorreu por volta [&hellip;]\" \/>\n<meta property=\"og:url\" content=\"https:\/\/www.radiomanchester.com.br\/fm\/tres-policiais-militares-e-outras-duas-pessoas-morrem-em-acidente-na-go-164\/\" \/>\n<meta property=\"og:site_name\" content=\"Manchester FM 93,3\" \/>\n<meta property=\"article:published_time\" content=\"2025-12-26T16:22:14+00:00\" \/>\n<meta property=\"article:modified_time\" content=\"2025-12-26T16:22:17+00:00\" \/>\n<meta name=\"twitter:card\" content=\"summary_large_image\" \/>\n<meta name=\"twitter:label1\" content=\"Escrito por\" \/>\n\t<meta name=\"twitter:data1\" content=\"admin\" \/>\n\t<meta name=\"twitter:label2\" content=\"Est. tempo de leitura\" \/>\n\t<meta name=\"twitter:data2\" content=\"2 minutos\" \/>\n<script type=\"application\/ld+json\" class=\"yoast-schema-graph\">{\"@context\":\"https:\/\/schema.org\",\"@graph\":[{\"@type\":\"WebSite\",\"@id\":\"https:\/\/www.radiomanchester.com.br\/fm\/#website\",\"url\":\"https:\/\/www.radiomanchester.com.br\/fm\/\",\"name\":\"Manchester FM 93,3\",\"description\":\"Todo Mundo Ouve!\",\"potentialAction\":[{\"@type\":\"SearchAction\",\"target\":{\"@type\":\"EntryPoint\",\"urlTemplate\":\"https:\/\/www.radiomanchester.com.br\/fm\/?s={search_term_string}\"},\"query-input\":\"required name=search_term_string\"}],\"inLanguage\":\"pt-BR\"},{\"@type\":\"WebPage\",\"@id\":\"https:\/\/www.radiomanchester.com.br\/fm\/tres-policiais-militares-e-outras-duas-pessoas-morrem-em-acidente-na-go-164\/#webpage\",\"url\":\"https:\/\/www.radiomanchester.com.br\/fm\/tres-policiais-militares-e-outras-duas-pessoas-morrem-em-acidente-na-go-164\/\",\"name\":\"Tr\u00eas policiais militares e outras duas pessoas morrem em acidente na GO-164 - Manchester FM 93,3\",\"isPartOf\":{\"@id\":\"https:\/\/www.radiomanchester.com.br\/fm\/#website\"},\"datePublished\":\"2025-12-26T16:22:14+00:00\",\"dateModified\":\"2025-12-26T16:22:17+00:00\",\"author\":{\"@id\":\"https:\/\/www.radiomanchester.com.br\/fm\/#\/schema\/person\/408a7b4d4e32cbebd90e2782852abca3\"},\"breadcrumb\":{\"@id\":\"https:\/\/www.radiomanchester.com.br\/fm\/tres-policiais-militares-e-outras-duas-pessoas-morrem-em-acidente-na-go-164\/#breadcrumb\"},\"inLanguage\":\"pt-BR\",\"potentialAction\":[{\"@type\":\"ReadAction\",\"target\":[\"https:\/\/www.radiomanchester.com.br\/fm\/tres-policiais-militares-e-outras-duas-pessoas-morrem-em-acidente-na-go-164\/\"]}]},{\"@type\":\"BreadcrumbList\",\"@id\":\"https:\/\/www.radiomanchester.com.br\/fm\/tres-policiais-militares-e-outras-duas-pessoas-morrem-em-acidente-na-go-164\/#breadcrumb\",\"itemListElement\":[{\"@type\":\"ListItem\",\"position\":1,\"name\":\"Home\",\"item\":\"https:\/\/www.radiomanchester.com.br\/fm\/\"},{\"@type\":\"ListItem\",\"position\":2,\"name\":\"Tr\u00eas policiais militares e outras duas pessoas morrem em acidente na GO-164\"}]},{\"@type\":\"Person\",\"@id\":\"https:\/\/www.radiomanchester.com.br\/fm\/#\/schema\/person\/408a7b4d4e32cbebd90e2782852abca3\",\"name\":\"admin\",\"image\":{\"@type\":\"ImageObject\",\"@id\":\"https:\/\/www.radiomanchester.com.br\/fm\/#personlogo\",\"inLanguage\":\"pt-BR\",\"url\":\"https:\/\/secure.gravatar.com\/avatar\/115a974dba3376872eb3addeb276301c?s=96&d=mm&r=g\",\"contentUrl\":\"https:\/\/secure.gravatar.com\/avatar\/115a974dba3376872eb3addeb276301c?s=96&d=mm&r=g\",\"caption\":\"admin\"},\"url\":\"https:\/\/www.radiomanchester.com.br\/fm\/author\/admin\/\"}]}<\/script>\n<!-- \/ Yoast SEO plugin. -->","yoast_head_json":{"title":"Tr\u00eas policiais militares e outras duas pessoas morrem em acidente na GO-164 - Manchester FM 93,3","robots":{"index":"index","follow":"follow","max-snippet":"max-snippet:-1","max-image-preview":"max-image-preview:large","max-video-preview":"max-video-preview:-1"},"canonical":"https:\/\/www.radiomanchester.com.br\/fm\/tres-policiais-militares-e-outras-duas-pessoas-morrem-em-acidente-na-go-164\/","og_locale":"pt_BR","og_type":"article","og_title":"Tr\u00eas policiais militares e outras duas pessoas morrem em acidente na GO-164 - Manchester FM 93,3","og_description":"Tr\u00eas policiais militares de Goi\u00e1s morreram, na tarde desta quinta-feira (25\/12), ap\u00f3s um acidente automobil\u00edstico. Os tr\u00eas estavam de folga, no recesso de Natal, e se envolveram numa colis\u00e3o, entre uma caminhonete e um carro de passeio, na GO-164, no munic\u00edpio de Firmin\u00f3polis (GO). Outras duas pessoas morreram no acidente. O caso ocorreu por volta [&hellip;]","og_url":"https:\/\/www.radiomanchester.com.br\/fm\/tres-policiais-militares-e-outras-duas-pessoas-morrem-em-acidente-na-go-164\/","og_site_name":"Manchester FM 93,3","article_published_time":"2025-12-26T16:22:14+00:00","article_modified_time":"2025-12-26T16:22:17+00:00","twitter_card":"summary_large_image","twitter_misc":{"Escrito por":"admin","Est. tempo de leitura":"2 minutos"},"schema":{"@context":"https:\/\/schema.org","@graph":[{"@type":"WebSite","@id":"https:\/\/www.radiomanchester.com.br\/fm\/#website","url":"https:\/\/www.radiomanchester.com.br\/fm\/","name":"Manchester FM 93,3","description":"Todo Mundo Ouve!","potentialAction":[{"@type":"SearchAction","target":{"@type":"EntryPoint","urlTemplate":"https:\/\/www.radiomanchester.com.br\/fm\/?s={search_term_string}"},"query-input":"required name=search_term_string"}],"inLanguage":"pt-BR"},{"@type":"WebPage","@id":"https:\/\/www.radiomanchester.com.br\/fm\/tres-policiais-militares-e-outras-duas-pessoas-morrem-em-acidente-na-go-164\/#webpage","url":"https:\/\/www.radiomanchester.com.br\/fm\/tres-policiais-militares-e-outras-duas-pessoas-morrem-em-acidente-na-go-164\/","name":"Tr\u00eas policiais militares e outras duas pessoas morrem em acidente na GO-164 - Manchester FM 93,3","isPartOf":{"@id":"https:\/\/www.radiomanchester.com.br\/fm\/#website"},"datePublished":"2025-12-26T16:22:14+00:00","dateModified":"2025-12-26T16:22:17+00:00","author":{"@id":"https:\/\/www.radiomanchester.com.br\/fm\/#\/schema\/person\/408a7b4d4e32cbebd90e2782852abca3"},"breadcrumb":{"@id":"https:\/\/www.radiomanchester.com.br\/fm\/tres-policiais-militares-e-outras-duas-pessoas-morrem-em-acidente-na-go-164\/#breadcrumb"},"inLanguage":"pt-BR","potentialAction":[{"@type":"ReadAction","target":["https:\/\/www.radiomanchester.com.br\/fm\/tres-policiais-militares-e-outras-duas-pessoas-morrem-em-acidente-na-go-164\/"]}]},{"@type":"BreadcrumbList","@id":"https:\/\/www.radiomanchester.com.br\/fm\/tres-policiais-militares-e-outras-duas-pessoas-morrem-em-acidente-na-go-164\/#breadcrumb","itemListElement":[{"@type":"ListItem","position":1,"name":"Home","item":"https:\/\/www.radiomanchester.com.br\/fm\/"},{"@type":"ListItem","position":2,"name":"Tr\u00eas policiais militares e outras duas pessoas morrem em acidente na GO-164"}]},{"@type":"Person","@id":"https:\/\/www.radiomanchester.com.br\/fm\/#\/schema\/person\/408a7b4d4e32cbebd90e2782852abca3","name":"admin","image":{"@type":"ImageObject","@id":"https:\/\/www.radiomanchester.com.br\/fm\/#personlogo","inLanguage":"pt-BR","url":"https:\/\/secure.gravatar.com\/avatar\/115a974dba3376872eb3addeb276301c?s=96&d=mm&r=g","contentUrl":"https:\/\/secure.gravatar.com\/avatar\/115a974dba3376872eb3addeb276301c?s=96&d=mm&r=g","caption":"admin"},"url":"https:\/\/www.radiomanchester.com.br\/fm\/author\/admin\/"}]}},"_links":{"self":[{"href":"https:\/\/www.radiomanchester.com.br\/fm\/wp-json\/wp\/v2\/posts\/17058"}],"collection":[{"href":"https:\/\/www.radiomanchester.com.br\/fm\/wp-json\/wp\/v2\/posts"}],"about":[{"href":"https:\/\/www.radiomanchester.com.br\/fm\/wp-json\/wp\/v2\/types\/post"}],"author":[{"embeddable":true,"href":"https:\/\/www.radiomanchester.com.br\/fm\/wp-json\/wp\/v2\/users\/1"}],"replies":[{"embeddable":true,"href":"https:\/\/www.radiomanchester.com.br\/fm\/wp-json\/wp\/v2\/comments?post=17058"}],"version-history":[{"count":1,"href":"https:\/\/www.radiomanchester.com.br\/fm\/wp-json\/wp\/v2\/posts\/17058\/revisions"}],"predecessor-version":[{"id":17059,"href":"https:\/\/www.radiomanchester.com.br\/fm\/wp-json\/wp\/v2\/posts\/17058\/revisions\/17059"}],"wp:attachment":[{"href":"https:\/\/www.radiomanchester.com.br\/fm\/wp-json\/wp\/v2\/media?parent=17058"}],"wp:term":[{"taxonomy":"category","embeddable":true,"href":"https:\/\/www.radiomanchester.com.br\/fm\/wp-json\/wp\/v2\/categories?post=17058"},{"taxonomy":"post_tag","embeddable":true,"href":"https:\/\/www.radiomanchester.com.br\/fm\/wp-json\/wp\/v2\/tags?post=17058"}],"curies":[{"name":"wp","href":"https:\/\/api.w.org\/{rel}","templated":true}]}}