{"id":17060,"date":"2025-12-26T17:34:42","date_gmt":"2025-12-26T20:34:42","guid":{"rendered":"https:\/\/www.radiomanchester.com.br\/fm\/?p=17060"},"modified":"2025-12-26T17:34:45","modified_gmt":"2025-12-26T20:34:45","slug":"novo-salario-minimo-injetara-r-817-bi-na-economia-estima-dieese","status":"publish","type":"post","link":"https:\/\/www.radiomanchester.com.br\/fm\/novo-salario-minimo-injetara-r-817-bi-na-economia-estima-dieese\/","title":{"rendered":"Novo sal\u00e1rio m\u00ednimo injetar\u00e1 R$ 81,7 bi na economia, estima Dieese"},"content":{"rendered":"\n<p><em><strong>Reajuste deve elevar gastos da Previd\u00eancia em R$ 39,1 bi em 2026<\/strong><\/em><\/p>\n\n\n\n<hr class=\"wp-block-separator\"\/>\n\n\n\n<p>Previsto para entrar em vigor em 1\u00ba de janeiro e come\u00e7ar a ser pago em fevereiro, o novo sal\u00e1rio m\u00ednimo de R$ 1.621 injetar\u00e1 R$ 81,7 bilh\u00f5es na economia, estima o Departamento Intersindical de Estat\u00edstica e Estudos Socioecon\u00f4micos (Dieese). O c\u00e1lculo considera os efeitos sobre a renda, o consumo e a arrecada\u00e7\u00e3o, ainda que em um cen\u00e1rio de restri\u00e7\u00f5es fiscais mais r\u00edgidas.<\/p>\n\n\n\n<p>Segundo o Dieese, cerca de 61,9 milh\u00f5es de brasileiros ter\u00e3o rendimentos diretamente influenciados pelo piso salarial. Desse total, 29,3 milh\u00f5es s\u00e3o aposentados e pensionistas do Instituto Nacional do Seguro Social (INSS); 17,7 milh\u00f5es, empregados, 10,7 milh\u00f5es, trabalhadores aut\u00f4nomos; 3,9 milh\u00f5es, empregados dom\u00e9sticos; e 383 mil empregadores.<\/p>\n\n\n\n<p>O novo valor representa um reajuste nominal de 6,79% em rela\u00e7\u00e3o ao m\u00ednimo atual, conforme as regras estabelecidas pela pol\u00edtica permanente de valoriza\u00e7\u00e3o do sal\u00e1rio m\u00ednimo.<\/p>\n\n\n\n<p>Contas do governo<br>Segundo o Dieese, o reajuste do m\u00ednimo afeta diretamente benef\u00edcios e despesas indexados ao piso nacional, com reflexos relevantes sobre o or\u00e7amento p\u00fablico. Veja os principais impactos:<\/p>\n\n\n\n<ul><li>R$ 39,1 bilh\u00f5es de aumento estimado nas despesas da Previd\u00eancia Social em 2026;<\/li><li>R$ 380,5 milh\u00f5es de custo adicional para cada R$ 1 de aumento no sal\u00e1rio m\u00ednimo;<\/li><li>46% dos gastos previdenci\u00e1rios s\u00e3o impactados diretamente pelo reajuste;<\/li><li>70,8% dos benefici\u00e1rios da Previd\u00eancia recebem benef\u00edcios atrelados ao sal\u00e1rio m\u00ednimo.<\/li><\/ul>\n\n\n\n<p><br>O desafio do governo ser\u00e1 equilibrar os efeitos positivos do aumento do sal\u00e1rio m\u00ednimo sobre a renda da popula\u00e7\u00e3o com o controle das despesas obrigat\u00f3rias, especialmente em um contexto de busca pelo cumprimento das metas fiscais.<\/p>\n\n\n\n<p><strong>Como foi calculado o reajuste<br><\/strong>O reajuste do sal\u00e1rio m\u00ednimo segue a Lei 14.663, de agosto de 2023, que define a corre\u00e7\u00e3o anual com base em dois fatores:<\/p>\n\n\n\n<ul><li>a varia\u00e7\u00e3o do INPC (\u00cdndice Nacional de Pre\u00e7os ao Consumidor) do ano anterior;<\/li><li>o crescimento do PIB de dois anos antes.<\/li><\/ul>\n\n\n\n<p><br>No entanto, o c\u00e1lculo para 2026 ser\u00e1 parcialmente limitado pelo novo arcabou\u00e7o fiscal, definido pela Lei Complementar 200\/2023, que imp\u00f5e um teto para o crescimento real das despesas da Uni\u00e3o.<\/p>\n\n\n\n<p><strong>Com isso:<\/strong><\/p>\n\n\n\n<ul><li>ser\u00e1 considerada integralmente a infla\u00e7\u00e3o medida pelo INPC, de 4,18% (acumulado de dezembro do ano passado a novembro deste ano);<\/li><li>o crescimento do PIB, de 3,4%, ser\u00e1 limitado a 2,5%, percentual m\u00e1ximo permitido pelo novo regime fiscal.<\/li><li>A combina\u00e7\u00e3o desses fatores resulta em um aumento nominal de R$ 103 no sal\u00e1rio m\u00ednimo.<\/li><\/ul>\n\n\n\n<p>porAg\u00eancia Brasil<\/p>\n","protected":false},"excerpt":{"rendered":"<p class=\"excerpt\">Reajuste deve elevar gastos da Previd\u00eancia em R$ 39,1 bi em 2026 Previsto para entrar em vigor em 1\u00ba de janeiro e come\u00e7ar a ser pago em fevereiro, o novo sal\u00e1rio m\u00ednimo de R$ 1.621 injetar\u00e1 R$ 81,7 bilh\u00f5es na economia, estima o Departamento Intersindical de Estat\u00edstica e Estudos Socioecon\u00f4micos (Dieese). O c\u00e1lculo considera os [&hellip;]<\/p>\n","protected":false},"author":1,"featured_media":0,"comment_status":"open","ping_status":"open","sticky":false,"template":"","format":"standard","meta":[],"categories":[8,17],"tags":[22,24,113,83,92],"yoast_head":"<!-- This site is optimized with the Yoast SEO plugin v18.3 - https:\/\/yoast.com\/wordpress\/plugins\/seo\/ -->\n<title>Novo sal\u00e1rio m\u00ednimo injetar\u00e1 R$ 81,7 bi na economia, estima Dieese - Manchester FM 93,3<\/title>\n<meta name=\"robots\" content=\"index, follow, max-snippet:-1, max-image-preview:large, max-video-preview:-1\" \/>\n<link rel=\"canonical\" href=\"https:\/\/www.radiomanchester.com.br\/fm\/novo-salario-minimo-injetara-r-817-bi-na-economia-estima-dieese\/\" \/>\n<meta property=\"og:locale\" content=\"pt_BR\" \/>\n<meta property=\"og:type\" content=\"article\" \/>\n<meta property=\"og:title\" content=\"Novo sal\u00e1rio m\u00ednimo injetar\u00e1 R$ 81,7 bi na economia, estima Dieese - Manchester FM 93,3\" \/>\n<meta property=\"og:description\" content=\"Reajuste deve elevar gastos da Previd\u00eancia em R$ 39,1 bi em 2026 Previsto para entrar em vigor em 1\u00ba de janeiro e come\u00e7ar a ser pago em fevereiro, o novo sal\u00e1rio m\u00ednimo de R$ 1.621 injetar\u00e1 R$ 81,7 bilh\u00f5es na economia, estima o Departamento Intersindical de Estat\u00edstica e Estudos Socioecon\u00f4micos (Dieese). O c\u00e1lculo considera os [&hellip;]\" \/>\n<meta property=\"og:url\" content=\"https:\/\/www.radiomanchester.com.br\/fm\/novo-salario-minimo-injetara-r-817-bi-na-economia-estima-dieese\/\" \/>\n<meta property=\"og:site_name\" content=\"Manchester FM 93,3\" \/>\n<meta property=\"article:published_time\" content=\"2025-12-26T20:34:42+00:00\" \/>\n<meta property=\"article:modified_time\" content=\"2025-12-26T20:34:45+00:00\" \/>\n<meta name=\"twitter:card\" content=\"summary_large_image\" \/>\n<meta name=\"twitter:label1\" content=\"Escrito por\" \/>\n\t<meta name=\"twitter:data1\" content=\"admin\" \/>\n\t<meta name=\"twitter:label2\" content=\"Est. tempo de leitura\" \/>\n\t<meta name=\"twitter:data2\" content=\"3 minutos\" \/>\n<script type=\"application\/ld+json\" class=\"yoast-schema-graph\">{\"@context\":\"https:\/\/schema.org\",\"@graph\":[{\"@type\":\"WebSite\",\"@id\":\"https:\/\/www.radiomanchester.com.br\/fm\/#website\",\"url\":\"https:\/\/www.radiomanchester.com.br\/fm\/\",\"name\":\"Manchester FM 93,3\",\"description\":\"Todo Mundo Ouve!\",\"potentialAction\":[{\"@type\":\"SearchAction\",\"target\":{\"@type\":\"EntryPoint\",\"urlTemplate\":\"https:\/\/www.radiomanchester.com.br\/fm\/?s={search_term_string}\"},\"query-input\":\"required name=search_term_string\"}],\"inLanguage\":\"pt-BR\"},{\"@type\":\"WebPage\",\"@id\":\"https:\/\/www.radiomanchester.com.br\/fm\/novo-salario-minimo-injetara-r-817-bi-na-economia-estima-dieese\/#webpage\",\"url\":\"https:\/\/www.radiomanchester.com.br\/fm\/novo-salario-minimo-injetara-r-817-bi-na-economia-estima-dieese\/\",\"name\":\"Novo sal\u00e1rio m\u00ednimo injetar\u00e1 R$ 81,7 bi na economia, estima Dieese - Manchester FM 93,3\",\"isPartOf\":{\"@id\":\"https:\/\/www.radiomanchester.com.br\/fm\/#website\"},\"datePublished\":\"2025-12-26T20:34:42+00:00\",\"dateModified\":\"2025-12-26T20:34:45+00:00\",\"author\":{\"@id\":\"https:\/\/www.radiomanchester.com.br\/fm\/#\/schema\/person\/408a7b4d4e32cbebd90e2782852abca3\"},\"breadcrumb\":{\"@id\":\"https:\/\/www.radiomanchester.com.br\/fm\/novo-salario-minimo-injetara-r-817-bi-na-economia-estima-dieese\/#breadcrumb\"},\"inLanguage\":\"pt-BR\",\"potentialAction\":[{\"@type\":\"ReadAction\",\"target\":[\"https:\/\/www.radiomanchester.com.br\/fm\/novo-salario-minimo-injetara-r-817-bi-na-economia-estima-dieese\/\"]}]},{\"@type\":\"BreadcrumbList\",\"@id\":\"https:\/\/www.radiomanchester.com.br\/fm\/novo-salario-minimo-injetara-r-817-bi-na-economia-estima-dieese\/#breadcrumb\",\"itemListElement\":[{\"@type\":\"ListItem\",\"position\":1,\"name\":\"Home\",\"item\":\"https:\/\/www.radiomanchester.com.br\/fm\/\"},{\"@type\":\"ListItem\",\"position\":2,\"name\":\"Novo sal\u00e1rio m\u00ednimo injetar\u00e1 R$ 81,7 bi na economia, estima Dieese\"}]},{\"@type\":\"Person\",\"@id\":\"https:\/\/www.radiomanchester.com.br\/fm\/#\/schema\/person\/408a7b4d4e32cbebd90e2782852abca3\",\"name\":\"admin\",\"image\":{\"@type\":\"ImageObject\",\"@id\":\"https:\/\/www.radiomanchester.com.br\/fm\/#personlogo\",\"inLanguage\":\"pt-BR\",\"url\":\"https:\/\/secure.gravatar.com\/avatar\/115a974dba3376872eb3addeb276301c?s=96&d=mm&r=g\",\"contentUrl\":\"https:\/\/secure.gravatar.com\/avatar\/115a974dba3376872eb3addeb276301c?s=96&d=mm&r=g\",\"caption\":\"admin\"},\"url\":\"https:\/\/www.radiomanchester.com.br\/fm\/author\/admin\/\"}]}<\/script>\n<!-- \/ Yoast SEO plugin. -->","yoast_head_json":{"title":"Novo sal\u00e1rio m\u00ednimo injetar\u00e1 R$ 81,7 bi na economia, estima Dieese - Manchester FM 93,3","robots":{"index":"index","follow":"follow","max-snippet":"max-snippet:-1","max-image-preview":"max-image-preview:large","max-video-preview":"max-video-preview:-1"},"canonical":"https:\/\/www.radiomanchester.com.br\/fm\/novo-salario-minimo-injetara-r-817-bi-na-economia-estima-dieese\/","og_locale":"pt_BR","og_type":"article","og_title":"Novo sal\u00e1rio m\u00ednimo injetar\u00e1 R$ 81,7 bi na economia, estima Dieese - Manchester FM 93,3","og_description":"Reajuste deve elevar gastos da Previd\u00eancia em R$ 39,1 bi em 2026 Previsto para entrar em vigor em 1\u00ba de janeiro e come\u00e7ar a ser pago em fevereiro, o novo sal\u00e1rio m\u00ednimo de R$ 1.621 injetar\u00e1 R$ 81,7 bilh\u00f5es na economia, estima o Departamento Intersindical de Estat\u00edstica e Estudos Socioecon\u00f4micos (Dieese). O c\u00e1lculo considera os [&hellip;]","og_url":"https:\/\/www.radiomanchester.com.br\/fm\/novo-salario-minimo-injetara-r-817-bi-na-economia-estima-dieese\/","og_site_name":"Manchester FM 93,3","article_published_time":"2025-12-26T20:34:42+00:00","article_modified_time":"2025-12-26T20:34:45+00:00","twitter_card":"summary_large_image","twitter_misc":{"Escrito por":"admin","Est. tempo de leitura":"3 minutos"},"schema":{"@context":"https:\/\/schema.org","@graph":[{"@type":"WebSite","@id":"https:\/\/www.radiomanchester.com.br\/fm\/#website","url":"https:\/\/www.radiomanchester.com.br\/fm\/","name":"Manchester FM 93,3","description":"Todo Mundo Ouve!","potentialAction":[{"@type":"SearchAction","target":{"@type":"EntryPoint","urlTemplate":"https:\/\/www.radiomanchester.com.br\/fm\/?s={search_term_string}"},"query-input":"required name=search_term_string"}],"inLanguage":"pt-BR"},{"@type":"WebPage","@id":"https:\/\/www.radiomanchester.com.br\/fm\/novo-salario-minimo-injetara-r-817-bi-na-economia-estima-dieese\/#webpage","url":"https:\/\/www.radiomanchester.com.br\/fm\/novo-salario-minimo-injetara-r-817-bi-na-economia-estima-dieese\/","name":"Novo sal\u00e1rio m\u00ednimo injetar\u00e1 R$ 81,7 bi na economia, estima Dieese - Manchester FM 93,3","isPartOf":{"@id":"https:\/\/www.radiomanchester.com.br\/fm\/#website"},"datePublished":"2025-12-26T20:34:42+00:00","dateModified":"2025-12-26T20:34:45+00:00","author":{"@id":"https:\/\/www.radiomanchester.com.br\/fm\/#\/schema\/person\/408a7b4d4e32cbebd90e2782852abca3"},"breadcrumb":{"@id":"https:\/\/www.radiomanchester.com.br\/fm\/novo-salario-minimo-injetara-r-817-bi-na-economia-estima-dieese\/#breadcrumb"},"inLanguage":"pt-BR","potentialAction":[{"@type":"ReadAction","target":["https:\/\/www.radiomanchester.com.br\/fm\/novo-salario-minimo-injetara-r-817-bi-na-economia-estima-dieese\/"]}]},{"@type":"BreadcrumbList","@id":"https:\/\/www.radiomanchester.com.br\/fm\/novo-salario-minimo-injetara-r-817-bi-na-economia-estima-dieese\/#breadcrumb","itemListElement":[{"@type":"ListItem","position":1,"name":"Home","item":"https:\/\/www.radiomanchester.com.br\/fm\/"},{"@type":"ListItem","position":2,"name":"Novo sal\u00e1rio m\u00ednimo injetar\u00e1 R$ 81,7 bi na economia, estima Dieese"}]},{"@type":"Person","@id":"https:\/\/www.radiomanchester.com.br\/fm\/#\/schema\/person\/408a7b4d4e32cbebd90e2782852abca3","name":"admin","image":{"@type":"ImageObject","@id":"https:\/\/www.radiomanchester.com.br\/fm\/#personlogo","inLanguage":"pt-BR","url":"https:\/\/secure.gravatar.com\/avatar\/115a974dba3376872eb3addeb276301c?s=96&d=mm&r=g","contentUrl":"https:\/\/secure.gravatar.com\/avatar\/115a974dba3376872eb3addeb276301c?s=96&d=mm&r=g","caption":"admin"},"url":"https:\/\/www.radiomanchester.com.br\/fm\/author\/admin\/"}]}},"_links":{"self":[{"href":"https:\/\/www.radiomanchester.com.br\/fm\/wp-json\/wp\/v2\/posts\/17060"}],"collection":[{"href":"https:\/\/www.radiomanchester.com.br\/fm\/wp-json\/wp\/v2\/posts"}],"about":[{"href":"https:\/\/www.radiomanchester.com.br\/fm\/wp-json\/wp\/v2\/types\/post"}],"author":[{"embeddable":true,"href":"https:\/\/www.radiomanchester.com.br\/fm\/wp-json\/wp\/v2\/users\/1"}],"replies":[{"embeddable":true,"href":"https:\/\/www.radiomanchester.com.br\/fm\/wp-json\/wp\/v2\/comments?post=17060"}],"version-history":[{"count":1,"href":"https:\/\/www.radiomanchester.com.br\/fm\/wp-json\/wp\/v2\/posts\/17060\/revisions"}],"predecessor-version":[{"id":17061,"href":"https:\/\/www.radiomanchester.com.br\/fm\/wp-json\/wp\/v2\/posts\/17060\/revisions\/17061"}],"wp:attachment":[{"href":"https:\/\/www.radiomanchester.com.br\/fm\/wp-json\/wp\/v2\/media?parent=17060"}],"wp:term":[{"taxonomy":"category","embeddable":true,"href":"https:\/\/www.radiomanchester.com.br\/fm\/wp-json\/wp\/v2\/categories?post=17060"},{"taxonomy":"post_tag","embeddable":true,"href":"https:\/\/www.radiomanchester.com.br\/fm\/wp-json\/wp\/v2\/tags?post=17060"}],"curies":[{"name":"wp","href":"https:\/\/api.w.org\/{rel}","templated":true}]}}