{"id":17099,"date":"2026-01-03T11:38:00","date_gmt":"2026-01-03T14:38:00","guid":{"rendered":"https:\/\/www.radiomanchester.com.br\/fm\/?p=17099"},"modified":"2026-01-03T11:38:04","modified_gmt":"2026-01-03T14:38:04","slug":"estados-unidos-ataca-venezuela-captura-maduro-e-diz-que-ira-julga-lo-em-nova-iorque","status":"publish","type":"post","link":"https:\/\/www.radiomanchester.com.br\/fm\/estados-unidos-ataca-venezuela-captura-maduro-e-diz-que-ira-julga-lo-em-nova-iorque\/","title":{"rendered":"Estados Unidos ataca Venezuela, captura Maduro e diz que ir\u00e1 julg\u00e1-lo em Nova Iorque"},"content":{"rendered":"\n<p><\/p>\n\n\n\n<p>O presidente dos Estados Unidos, Donald Trump, confirmou ter capturado o l\u00edder venezuelano, Nicol\u00e1s Maduro, e o levado para fora do pa\u00eds, junto com a esposa, C\u00edlia Flores. A informa\u00e7\u00e3o foi divulgada neste s\u00e1bado (3\/1) na rede Truth Social. Segundo Trump, o governo norte-americano atacou a capital da Venezuela, Caracas. N\u00e3o h\u00e1 relatos de mortos ou feridos.<\/p>\n\n\n\n<p>\u201cOs Estados Unidos da Am\u00e9rica realizaram com sucesso um ataque em larga escala contra a Venezuela e seu l\u00edder, o presidente Nicol\u00e1s Maduro, que foi capturado e levado para fora do pa\u00eds juntamente com sua esposa\u201d, afirmou Trump.<\/p>\n\n\n\n<p>O presidente norte-americano acrescentou que a opera\u00e7\u00e3o foi realizada em \u201cconjunto com as for\u00e7as de seguran\u00e7a americanas\u201d e que uma coletiva de imprensa ser\u00e1 realizada ainda hoje, \u00e0s 13h, no hor\u00e1rio de Bras\u00edlia.<\/p>\n\n\n\n<p>Al\u00e9m disso, Maduro foi indiciado e ser\u00e1 julgado por uma Corte em Nova York por \u201cnarcoterrorismo\u201d, ap\u00f3s ser capturado por for\u00e7as dos Estados Unidos. A informa\u00e7\u00e3o foi divulgada pela procuradora-geral norte-americana, Pam Bondi, neste s\u00e1bado (3\/1).<\/p>\n\n\n\n<p>O governo venezuelano acusou os Estados Unidos de atacar a regi\u00e3o. Em comunicado, o presidente Nicol\u00e1s Maduro declarou emerg\u00eancia em todo o pa\u00eds.<\/p>\n\n\n\n<p>\u201cTodo o pa\u00eds deve se mobilizar para derrotar essa agress\u00e3o imperialista\u201d, dizia o comunicado, segundo a imprensa internacional.<\/p>\n\n\n\n<p>O governo venezuelano informou rejeitar a \u201cgrave agress\u00e3o militar perpetrada pelo governo atual dos Estados Unidos da Am\u00e9rica contra o territ\u00f3rio e a popula\u00e7\u00e3o venezuelanos nas localidades civis e militares da cidade de Caracas, capital da Rep\u00fablica, e nos estados Miranda, Aragua e La Guaira\u201d.<\/p>\n\n\n\n<p>\u201cO Governo Bolivariano convoca todas as for\u00e7as sociais e pol\u00edticas do pa\u00eds a ativarem os planos de mobiliza\u00e7\u00e3o e a repudiar este ataque imperialista. O povo da Venezuela e sua For\u00e7a Armada Nacional Bolivariana, em perfeita fus\u00e3o popular-militar-policial, est\u00e3o mobilizados para garantir a soberania e a paz\u201d, afirmou o governo.<\/p>\n\n\n\n<p><strong>EUA x Venezuela<\/strong><\/p>\n\n\n\n<ul><li>A tens\u00e3o na Am\u00e9rica Latina e no Caribe se intensificou nos \u00faltimos meses ap\u00f3s os EUA anunciarem ataques ao territ\u00f3rio da Venezuela.<\/li><li>Desde o in\u00edcio da ofensiva militar norte-americana na regi\u00e3o, sob o pretexto de combater o tr\u00e1fico internacional de drogas, as tens\u00f5es se prolongaram. Em meio ao agravamento do cen\u00e1rio, Maduro passou a ser o principal alvo das amea\u00e7as de Trump. Isso porque o presidente da Venezuela \u00e9 apontado como chefe do Cartel de los Soles \u2014 grupo recentemente classificado pelos EUA como organiza\u00e7\u00e3o terrorista internacional.<\/li><li>Nicol\u00e1s Maduro havia se mostrado disposto a dialogar com o l\u00edder dos Estados Unidos, Donald Trump. A declara\u00e7\u00e3o foi feita durante entrevista ao jornalista Ignacio Ramonet, publicada na quinta-feira (1\u00ba\/1).<\/li><li>No fim de novembro de 2024, os dois presidentes chegaram a conversar. O contato, segundo Maduro, foi \u201cagrad\u00e1vel\u201d. O presidente da Venezuela, por\u00e9m, afirmou que os \u201cdesdobramentos ap\u00f3s as negocia\u00e7\u00f5es n\u00e3o foram agrad\u00e1veis\u201d.<\/li><li>Desde a conversa, Trump subiu o tom e aumentou a ret\u00f3rica militar na Am\u00e9rica Latina e Caribe, e avan\u00e7ou com a ofensiva que come\u00e7ou no segundo semestre do \u00faltimo ano.<\/li><li>A a\u00e7\u00e3o se soma a outras realizadas por for\u00e7as norte-americanas enviadas para a regi\u00e3o em meados de agosto de 2024. A mobiliza\u00e7\u00e3o militar inclui fuzileiros navais, uma frota de navios de guerra, o porta-avi\u00f5es USS Gerald R. Ford, um submarino nuclear e ca\u00e7as F-35.<\/li><li>Mais de 20 embarca\u00e7\u00f5es j\u00e1 foram bombardeadas em \u00e1guas caribenhas e do Pac\u00edfico durante a opera\u00e7\u00e3o Lan\u00e7a do Sul, cujo objetivo declarado \u00e9 combater o tr\u00e1fico de drogas na regi\u00e3o.<\/li><li>O ataque ocorre dois dias ap\u00f3s Maduro anunciar que estaria disposto a dialogar com o l\u00edder dos Estados Unidos. Ele afirmou que precisaria conversar seriamente com Trump, \u201ccom fatos em m\u00e3os, e o governo dos Estados Unidos sabe disso\u201d.<\/li><\/ul>\n\n\n\n<p><\/p>\n\n\n\n<p>O presidente da Col\u00f4mbia, Gustavo Petro, tamb\u00e9m se pronunciou nas redes sociais, alegando que \u201cest\u00e3o bombardeando Caracas\u201d neste momento. \u201cAlerta para o mundo inteiro, atacaram a Venezuela. Est\u00e3o bombardeando com m\u00edsseis. A OEA e a ONU devem se reunir imediatamente\u201d, assinalou.<\/p>\n\n\n\n<p>O Ir\u00e3 tamb\u00e9m condenou os ataques deste s\u00e1bado nas redes sociais, afirmando que \u201ctais posi\u00e7\u00f5es irrespons\u00e1veis, que constituem uma continua\u00e7\u00e3o da abordagem intimidat\u00f3ria e ilegal dos EUA em rela\u00e7\u00e3o \u00e0 na\u00e7\u00e3o iraniana, n\u00e3o apenas representam uma viola\u00e7\u00e3o flagrante dos princ\u00edpios e regras fundamentais da Carta da ONU e do direito internacional no que diz respeito ao respeito \u00e0 soberania nacional\u201d.<\/p>\n\n\n\n<p>porRepMetr0p0les parceiro Manchester<\/p>\n","protected":false},"excerpt":{"rendered":"<p class=\"excerpt\">O presidente dos Estados Unidos, Donald Trump, confirmou ter capturado o l\u00edder venezuelano, Nicol\u00e1s Maduro, e o levado para fora do pa\u00eds, junto com a esposa, C\u00edlia Flores. A informa\u00e7\u00e3o foi divulgada neste s\u00e1bado (3\/1) na rede Truth Social. Segundo Trump, o governo norte-americano atacou a capital da Venezuela, Caracas. N\u00e3o h\u00e1 relatos de mortos [&hellip;]<\/p>\n","protected":false},"author":1,"featured_media":0,"comment_status":"open","ping_status":"open","sticky":false,"template":"","format":"standard","meta":[],"categories":[8,17],"tags":[22,24,113,83,92],"yoast_head":"<!-- This site is optimized with the Yoast SEO plugin v18.3 - https:\/\/yoast.com\/wordpress\/plugins\/seo\/ -->\n<title>Estados Unidos ataca Venezuela, captura Maduro e diz que ir\u00e1 julg\u00e1-lo em Nova Iorque - Manchester FM 93,3<\/title>\n<meta name=\"robots\" content=\"index, follow, max-snippet:-1, max-image-preview:large, max-video-preview:-1\" \/>\n<link rel=\"canonical\" href=\"https:\/\/www.radiomanchester.com.br\/fm\/estados-unidos-ataca-venezuela-captura-maduro-e-diz-que-ira-julga-lo-em-nova-iorque\/\" \/>\n<meta property=\"og:locale\" content=\"pt_BR\" \/>\n<meta property=\"og:type\" content=\"article\" \/>\n<meta property=\"og:title\" content=\"Estados Unidos ataca Venezuela, captura Maduro e diz que ir\u00e1 julg\u00e1-lo em Nova Iorque - Manchester FM 93,3\" \/>\n<meta property=\"og:description\" content=\"O presidente dos Estados Unidos, Donald Trump, confirmou ter capturado o l\u00edder venezuelano, Nicol\u00e1s Maduro, e o levado para fora do pa\u00eds, junto com a esposa, C\u00edlia Flores. A informa\u00e7\u00e3o foi divulgada neste s\u00e1bado (3\/1) na rede Truth Social. Segundo Trump, o governo norte-americano atacou a capital da Venezuela, Caracas. N\u00e3o h\u00e1 relatos de mortos [&hellip;]\" \/>\n<meta property=\"og:url\" content=\"https:\/\/www.radiomanchester.com.br\/fm\/estados-unidos-ataca-venezuela-captura-maduro-e-diz-que-ira-julga-lo-em-nova-iorque\/\" \/>\n<meta property=\"og:site_name\" content=\"Manchester FM 93,3\" \/>\n<meta property=\"article:published_time\" content=\"2026-01-03T14:38:00+00:00\" \/>\n<meta property=\"article:modified_time\" content=\"2026-01-03T14:38:04+00:00\" \/>\n<meta name=\"twitter:card\" content=\"summary_large_image\" \/>\n<meta name=\"twitter:label1\" content=\"Escrito por\" \/>\n\t<meta name=\"twitter:data1\" content=\"admin\" \/>\n\t<meta name=\"twitter:label2\" content=\"Est. tempo de leitura\" \/>\n\t<meta name=\"twitter:data2\" content=\"4 minutos\" \/>\n<script type=\"application\/ld+json\" class=\"yoast-schema-graph\">{\"@context\":\"https:\/\/schema.org\",\"@graph\":[{\"@type\":\"WebSite\",\"@id\":\"https:\/\/www.radiomanchester.com.br\/fm\/#website\",\"url\":\"https:\/\/www.radiomanchester.com.br\/fm\/\",\"name\":\"Manchester FM 93,3\",\"description\":\"Todo Mundo Ouve!\",\"potentialAction\":[{\"@type\":\"SearchAction\",\"target\":{\"@type\":\"EntryPoint\",\"urlTemplate\":\"https:\/\/www.radiomanchester.com.br\/fm\/?s={search_term_string}\"},\"query-input\":\"required name=search_term_string\"}],\"inLanguage\":\"pt-BR\"},{\"@type\":\"WebPage\",\"@id\":\"https:\/\/www.radiomanchester.com.br\/fm\/estados-unidos-ataca-venezuela-captura-maduro-e-diz-que-ira-julga-lo-em-nova-iorque\/#webpage\",\"url\":\"https:\/\/www.radiomanchester.com.br\/fm\/estados-unidos-ataca-venezuela-captura-maduro-e-diz-que-ira-julga-lo-em-nova-iorque\/\",\"name\":\"Estados Unidos ataca Venezuela, captura Maduro e diz que ir\u00e1 julg\u00e1-lo em Nova Iorque - Manchester FM 93,3\",\"isPartOf\":{\"@id\":\"https:\/\/www.radiomanchester.com.br\/fm\/#website\"},\"datePublished\":\"2026-01-03T14:38:00+00:00\",\"dateModified\":\"2026-01-03T14:38:04+00:00\",\"author\":{\"@id\":\"https:\/\/www.radiomanchester.com.br\/fm\/#\/schema\/person\/408a7b4d4e32cbebd90e2782852abca3\"},\"breadcrumb\":{\"@id\":\"https:\/\/www.radiomanchester.com.br\/fm\/estados-unidos-ataca-venezuela-captura-maduro-e-diz-que-ira-julga-lo-em-nova-iorque\/#breadcrumb\"},\"inLanguage\":\"pt-BR\",\"potentialAction\":[{\"@type\":\"ReadAction\",\"target\":[\"https:\/\/www.radiomanchester.com.br\/fm\/estados-unidos-ataca-venezuela-captura-maduro-e-diz-que-ira-julga-lo-em-nova-iorque\/\"]}]},{\"@type\":\"BreadcrumbList\",\"@id\":\"https:\/\/www.radiomanchester.com.br\/fm\/estados-unidos-ataca-venezuela-captura-maduro-e-diz-que-ira-julga-lo-em-nova-iorque\/#breadcrumb\",\"itemListElement\":[{\"@type\":\"ListItem\",\"position\":1,\"name\":\"Home\",\"item\":\"https:\/\/www.radiomanchester.com.br\/fm\/\"},{\"@type\":\"ListItem\",\"position\":2,\"name\":\"Estados Unidos ataca Venezuela, captura Maduro e diz que ir\u00e1 julg\u00e1-lo em Nova Iorque\"}]},{\"@type\":\"Person\",\"@id\":\"https:\/\/www.radiomanchester.com.br\/fm\/#\/schema\/person\/408a7b4d4e32cbebd90e2782852abca3\",\"name\":\"admin\",\"image\":{\"@type\":\"ImageObject\",\"@id\":\"https:\/\/www.radiomanchester.com.br\/fm\/#personlogo\",\"inLanguage\":\"pt-BR\",\"url\":\"https:\/\/secure.gravatar.com\/avatar\/115a974dba3376872eb3addeb276301c?s=96&d=mm&r=g\",\"contentUrl\":\"https:\/\/secure.gravatar.com\/avatar\/115a974dba3376872eb3addeb276301c?s=96&d=mm&r=g\",\"caption\":\"admin\"},\"url\":\"https:\/\/www.radiomanchester.com.br\/fm\/author\/admin\/\"}]}<\/script>\n<!-- \/ Yoast SEO plugin. -->","yoast_head_json":{"title":"Estados Unidos ataca Venezuela, captura Maduro e diz que ir\u00e1 julg\u00e1-lo em Nova Iorque - Manchester FM 93,3","robots":{"index":"index","follow":"follow","max-snippet":"max-snippet:-1","max-image-preview":"max-image-preview:large","max-video-preview":"max-video-preview:-1"},"canonical":"https:\/\/www.radiomanchester.com.br\/fm\/estados-unidos-ataca-venezuela-captura-maduro-e-diz-que-ira-julga-lo-em-nova-iorque\/","og_locale":"pt_BR","og_type":"article","og_title":"Estados Unidos ataca Venezuela, captura Maduro e diz que ir\u00e1 julg\u00e1-lo em Nova Iorque - Manchester FM 93,3","og_description":"O presidente dos Estados Unidos, Donald Trump, confirmou ter capturado o l\u00edder venezuelano, Nicol\u00e1s Maduro, e o levado para fora do pa\u00eds, junto com a esposa, C\u00edlia Flores. A informa\u00e7\u00e3o foi divulgada neste s\u00e1bado (3\/1) na rede Truth Social. Segundo Trump, o governo norte-americano atacou a capital da Venezuela, Caracas. N\u00e3o h\u00e1 relatos de mortos [&hellip;]","og_url":"https:\/\/www.radiomanchester.com.br\/fm\/estados-unidos-ataca-venezuela-captura-maduro-e-diz-que-ira-julga-lo-em-nova-iorque\/","og_site_name":"Manchester FM 93,3","article_published_time":"2026-01-03T14:38:00+00:00","article_modified_time":"2026-01-03T14:38:04+00:00","twitter_card":"summary_large_image","twitter_misc":{"Escrito por":"admin","Est. tempo de leitura":"4 minutos"},"schema":{"@context":"https:\/\/schema.org","@graph":[{"@type":"WebSite","@id":"https:\/\/www.radiomanchester.com.br\/fm\/#website","url":"https:\/\/www.radiomanchester.com.br\/fm\/","name":"Manchester FM 93,3","description":"Todo Mundo Ouve!","potentialAction":[{"@type":"SearchAction","target":{"@type":"EntryPoint","urlTemplate":"https:\/\/www.radiomanchester.com.br\/fm\/?s={search_term_string}"},"query-input":"required name=search_term_string"}],"inLanguage":"pt-BR"},{"@type":"WebPage","@id":"https:\/\/www.radiomanchester.com.br\/fm\/estados-unidos-ataca-venezuela-captura-maduro-e-diz-que-ira-julga-lo-em-nova-iorque\/#webpage","url":"https:\/\/www.radiomanchester.com.br\/fm\/estados-unidos-ataca-venezuela-captura-maduro-e-diz-que-ira-julga-lo-em-nova-iorque\/","name":"Estados Unidos ataca Venezuela, captura Maduro e diz que ir\u00e1 julg\u00e1-lo em Nova Iorque - Manchester FM 93,3","isPartOf":{"@id":"https:\/\/www.radiomanchester.com.br\/fm\/#website"},"datePublished":"2026-01-03T14:38:00+00:00","dateModified":"2026-01-03T14:38:04+00:00","author":{"@id":"https:\/\/www.radiomanchester.com.br\/fm\/#\/schema\/person\/408a7b4d4e32cbebd90e2782852abca3"},"breadcrumb":{"@id":"https:\/\/www.radiomanchester.com.br\/fm\/estados-unidos-ataca-venezuela-captura-maduro-e-diz-que-ira-julga-lo-em-nova-iorque\/#breadcrumb"},"inLanguage":"pt-BR","potentialAction":[{"@type":"ReadAction","target":["https:\/\/www.radiomanchester.com.br\/fm\/estados-unidos-ataca-venezuela-captura-maduro-e-diz-que-ira-julga-lo-em-nova-iorque\/"]}]},{"@type":"BreadcrumbList","@id":"https:\/\/www.radiomanchester.com.br\/fm\/estados-unidos-ataca-venezuela-captura-maduro-e-diz-que-ira-julga-lo-em-nova-iorque\/#breadcrumb","itemListElement":[{"@type":"ListItem","position":1,"name":"Home","item":"https:\/\/www.radiomanchester.com.br\/fm\/"},{"@type":"ListItem","position":2,"name":"Estados Unidos ataca Venezuela, captura Maduro e diz que ir\u00e1 julg\u00e1-lo em Nova Iorque"}]},{"@type":"Person","@id":"https:\/\/www.radiomanchester.com.br\/fm\/#\/schema\/person\/408a7b4d4e32cbebd90e2782852abca3","name":"admin","image":{"@type":"ImageObject","@id":"https:\/\/www.radiomanchester.com.br\/fm\/#personlogo","inLanguage":"pt-BR","url":"https:\/\/secure.gravatar.com\/avatar\/115a974dba3376872eb3addeb276301c?s=96&d=mm&r=g","contentUrl":"https:\/\/secure.gravatar.com\/avatar\/115a974dba3376872eb3addeb276301c?s=96&d=mm&r=g","caption":"admin"},"url":"https:\/\/www.radiomanchester.com.br\/fm\/author\/admin\/"}]}},"_links":{"self":[{"href":"https:\/\/www.radiomanchester.com.br\/fm\/wp-json\/wp\/v2\/posts\/17099"}],"collection":[{"href":"https:\/\/www.radiomanchester.com.br\/fm\/wp-json\/wp\/v2\/posts"}],"about":[{"href":"https:\/\/www.radiomanchester.com.br\/fm\/wp-json\/wp\/v2\/types\/post"}],"author":[{"embeddable":true,"href":"https:\/\/www.radiomanchester.com.br\/fm\/wp-json\/wp\/v2\/users\/1"}],"replies":[{"embeddable":true,"href":"https:\/\/www.radiomanchester.com.br\/fm\/wp-json\/wp\/v2\/comments?post=17099"}],"version-history":[{"count":1,"href":"https:\/\/www.radiomanchester.com.br\/fm\/wp-json\/wp\/v2\/posts\/17099\/revisions"}],"predecessor-version":[{"id":17100,"href":"https:\/\/www.radiomanchester.com.br\/fm\/wp-json\/wp\/v2\/posts\/17099\/revisions\/17100"}],"wp:attachment":[{"href":"https:\/\/www.radiomanchester.com.br\/fm\/wp-json\/wp\/v2\/media?parent=17099"}],"wp:term":[{"taxonomy":"category","embeddable":true,"href":"https:\/\/www.radiomanchester.com.br\/fm\/wp-json\/wp\/v2\/categories?post=17099"},{"taxonomy":"post_tag","embeddable":true,"href":"https:\/\/www.radiomanchester.com.br\/fm\/wp-json\/wp\/v2\/tags?post=17099"}],"curies":[{"name":"wp","href":"https:\/\/api.w.org\/{rel}","templated":true}]}}