{"id":17104,"date":"2026-01-04T06:30:00","date_gmt":"2026-01-04T09:30:00","guid":{"rendered":"https:\/\/www.radiomanchester.com.br\/fm\/?p=17104"},"modified":"2026-01-03T21:51:17","modified_gmt":"2026-01-04T00:51:17","slug":"nicolas-maduro-chega-de-aviao-a-nova-york-apos-ser-capturado","status":"publish","type":"post","link":"https:\/\/www.radiomanchester.com.br\/fm\/nicolas-maduro-chega-de-aviao-a-nova-york-apos-ser-capturado\/","title":{"rendered":"Nicol\u00e1s Maduro chega de avi\u00e3o a Nova York ap\u00f3s ser capturado"},"content":{"rendered":"\n<p><\/p>\n\n\n\n<p>O presidente da Venezuela, Nicol\u00e1s Maduro, chegou a Nova York, nos Estados Unidos, ap\u00f3s ser capturado em uma opera\u00e7\u00e3o do governo norte-americano neste s\u00e1bado (3\/01). Maduro estava a bordo do navio USS Iwo Jima, mas foi transferido para uma aeronave que conduziu o presidente venezuelano a Nova York. Ele chegou junto a esposa Cilia Flores na Base A\u00e9rea da Guarda Nacional de Stewart, em Nova York.<\/p>\n\n\n\n<p>Uma grande quantidade de agentes foi mobilizada nos arredores da aeronave para garantir a escolta do presidente venezuelano. O governo americano n\u00e3o informou o local exato onde Maduro ficar\u00e1 detido, mas ve\u00edculos da imprensa norte-americana apontam como principal possibilidade o Centro de Deten\u00e7\u00e3o Metropolitano do Brooklyn, em Nova York.<\/p>\n\n\n\n<p>Em entrevista \u00e0 Fox News, logo ap\u00f3s a pris\u00e3o, Trump afirmou que acompanhou a a\u00e7\u00e3o como se fosse um \u201cprograma de TV\u201d.<\/p>\n\n\n\n<p>\u201cBem, n\u00f3s assistimos a tudo de uma sala. Est\u00e1vamos cercados por muitas pessoas, incluindo generais, e eles sabiam de tudo o que estava acontecendo. E era muito complexo, extremamente complexo\u201d, afirmou por telefone.<\/p>\n\n\n\n<p>Em seguida, o presidente acrescentou: \u201cNa verdade, eles simplesmente invadiram, invadiram lugares em que n\u00e3o era permitido, arrombaram portas de a\u00e7o que foram instaladas justamente para isso, e foram eliminados em quest\u00e3o de segundos. Nunca vi nada parecido\u201d, completou.<\/p>\n\n\n\n<p><strong>Transi\u00e7\u00e3o e comando do petr\u00f3leo<br><\/strong>Trump disse nesse s\u00e1bado (3\/01) que os EUA ir\u00e3o administrar a Venezuela ap\u00f3s a captura de Nicol\u00e1s Maduro at\u00e9 a transi\u00e7\u00e3o do governo.<\/p>\n\n\n\n<p>Ele tamb\u00e9m ressaltou que controlar\u00e1 as reservas de petr\u00f3leo do pa\u00eds. O republicano deu as declara\u00e7\u00f5es durante coletiva, em Mar-a-Lago, sobre o ataque norte-americano ao territ\u00f3rio venezuelano.<\/p>\n\n\n\n<p>\u201cHoje de madrugada, sob minha dire\u00e7\u00e3o, os Estados Unidos, atrav\u00e9s de suas For\u00e7as Armadas, conduziram uma opera\u00e7\u00e3o militar extraordin\u00e1ria na capital da Venezuela. O poder militar americano por terra e pelo mar foi usado para lan\u00e7ar um ataque espetacular. [\u2026] toda a capacidade militar venzuelana ficou sem poder\u201d, declarou o norte-americano durante a coletiva.<\/p>\n\n\n\n<p>porR3produ\u00e7\u00e3o<\/p>\n","protected":false},"excerpt":{"rendered":"<p class=\"excerpt\">O presidente da Venezuela, Nicol\u00e1s Maduro, chegou a Nova York, nos Estados Unidos, ap\u00f3s ser capturado em uma opera\u00e7\u00e3o do governo norte-americano neste s\u00e1bado (3\/01). Maduro estava a bordo do navio USS Iwo Jima, mas foi transferido para uma aeronave que conduziu o presidente venezuelano a Nova York. Ele chegou junto a esposa Cilia Flores [&hellip;]<\/p>\n","protected":false},"author":1,"featured_media":0,"comment_status":"open","ping_status":"open","sticky":false,"template":"","format":"standard","meta":[],"categories":[8,17],"tags":[22,24,113,83,92],"yoast_head":"<!-- This site is optimized with the Yoast SEO plugin v18.3 - https:\/\/yoast.com\/wordpress\/plugins\/seo\/ -->\n<title>Nicol\u00e1s Maduro chega de avi\u00e3o a Nova York ap\u00f3s ser capturado - Manchester FM 93,3<\/title>\n<meta name=\"robots\" content=\"index, follow, max-snippet:-1, max-image-preview:large, max-video-preview:-1\" \/>\n<link rel=\"canonical\" href=\"https:\/\/www.radiomanchester.com.br\/fm\/nicolas-maduro-chega-de-aviao-a-nova-york-apos-ser-capturado\/\" \/>\n<meta property=\"og:locale\" content=\"pt_BR\" \/>\n<meta property=\"og:type\" content=\"article\" \/>\n<meta property=\"og:title\" content=\"Nicol\u00e1s Maduro chega de avi\u00e3o a Nova York ap\u00f3s ser capturado - Manchester FM 93,3\" \/>\n<meta property=\"og:description\" content=\"O presidente da Venezuela, Nicol\u00e1s Maduro, chegou a Nova York, nos Estados Unidos, ap\u00f3s ser capturado em uma opera\u00e7\u00e3o do governo norte-americano neste s\u00e1bado (3\/01). Maduro estava a bordo do navio USS Iwo Jima, mas foi transferido para uma aeronave que conduziu o presidente venezuelano a Nova York. Ele chegou junto a esposa Cilia Flores [&hellip;]\" \/>\n<meta property=\"og:url\" content=\"https:\/\/www.radiomanchester.com.br\/fm\/nicolas-maduro-chega-de-aviao-a-nova-york-apos-ser-capturado\/\" \/>\n<meta property=\"og:site_name\" content=\"Manchester FM 93,3\" \/>\n<meta property=\"article:published_time\" content=\"2026-01-04T09:30:00+00:00\" \/>\n<meta property=\"article:modified_time\" content=\"2026-01-04T00:51:17+00:00\" \/>\n<meta name=\"twitter:card\" content=\"summary_large_image\" \/>\n<meta name=\"twitter:label1\" content=\"Escrito por\" \/>\n\t<meta name=\"twitter:data1\" content=\"admin\" \/>\n\t<meta name=\"twitter:label2\" content=\"Est. tempo de leitura\" \/>\n\t<meta name=\"twitter:data2\" content=\"2 minutos\" \/>\n<script type=\"application\/ld+json\" class=\"yoast-schema-graph\">{\"@context\":\"https:\/\/schema.org\",\"@graph\":[{\"@type\":\"WebSite\",\"@id\":\"https:\/\/www.radiomanchester.com.br\/fm\/#website\",\"url\":\"https:\/\/www.radiomanchester.com.br\/fm\/\",\"name\":\"Manchester FM 93,3\",\"description\":\"Todo Mundo Ouve!\",\"potentialAction\":[{\"@type\":\"SearchAction\",\"target\":{\"@type\":\"EntryPoint\",\"urlTemplate\":\"https:\/\/www.radiomanchester.com.br\/fm\/?s={search_term_string}\"},\"query-input\":\"required name=search_term_string\"}],\"inLanguage\":\"pt-BR\"},{\"@type\":\"WebPage\",\"@id\":\"https:\/\/www.radiomanchester.com.br\/fm\/nicolas-maduro-chega-de-aviao-a-nova-york-apos-ser-capturado\/#webpage\",\"url\":\"https:\/\/www.radiomanchester.com.br\/fm\/nicolas-maduro-chega-de-aviao-a-nova-york-apos-ser-capturado\/\",\"name\":\"Nicol\u00e1s Maduro chega de avi\u00e3o a Nova York ap\u00f3s ser capturado - Manchester FM 93,3\",\"isPartOf\":{\"@id\":\"https:\/\/www.radiomanchester.com.br\/fm\/#website\"},\"datePublished\":\"2026-01-04T09:30:00+00:00\",\"dateModified\":\"2026-01-04T00:51:17+00:00\",\"author\":{\"@id\":\"https:\/\/www.radiomanchester.com.br\/fm\/#\/schema\/person\/408a7b4d4e32cbebd90e2782852abca3\"},\"breadcrumb\":{\"@id\":\"https:\/\/www.radiomanchester.com.br\/fm\/nicolas-maduro-chega-de-aviao-a-nova-york-apos-ser-capturado\/#breadcrumb\"},\"inLanguage\":\"pt-BR\",\"potentialAction\":[{\"@type\":\"ReadAction\",\"target\":[\"https:\/\/www.radiomanchester.com.br\/fm\/nicolas-maduro-chega-de-aviao-a-nova-york-apos-ser-capturado\/\"]}]},{\"@type\":\"BreadcrumbList\",\"@id\":\"https:\/\/www.radiomanchester.com.br\/fm\/nicolas-maduro-chega-de-aviao-a-nova-york-apos-ser-capturado\/#breadcrumb\",\"itemListElement\":[{\"@type\":\"ListItem\",\"position\":1,\"name\":\"Home\",\"item\":\"https:\/\/www.radiomanchester.com.br\/fm\/\"},{\"@type\":\"ListItem\",\"position\":2,\"name\":\"Nicol\u00e1s Maduro chega de avi\u00e3o a Nova York ap\u00f3s ser capturado\"}]},{\"@type\":\"Person\",\"@id\":\"https:\/\/www.radiomanchester.com.br\/fm\/#\/schema\/person\/408a7b4d4e32cbebd90e2782852abca3\",\"name\":\"admin\",\"image\":{\"@type\":\"ImageObject\",\"@id\":\"https:\/\/www.radiomanchester.com.br\/fm\/#personlogo\",\"inLanguage\":\"pt-BR\",\"url\":\"https:\/\/secure.gravatar.com\/avatar\/115a974dba3376872eb3addeb276301c?s=96&d=mm&r=g\",\"contentUrl\":\"https:\/\/secure.gravatar.com\/avatar\/115a974dba3376872eb3addeb276301c?s=96&d=mm&r=g\",\"caption\":\"admin\"},\"url\":\"https:\/\/www.radiomanchester.com.br\/fm\/author\/admin\/\"}]}<\/script>\n<!-- \/ Yoast SEO plugin. -->","yoast_head_json":{"title":"Nicol\u00e1s Maduro chega de avi\u00e3o a Nova York ap\u00f3s ser capturado - Manchester FM 93,3","robots":{"index":"index","follow":"follow","max-snippet":"max-snippet:-1","max-image-preview":"max-image-preview:large","max-video-preview":"max-video-preview:-1"},"canonical":"https:\/\/www.radiomanchester.com.br\/fm\/nicolas-maduro-chega-de-aviao-a-nova-york-apos-ser-capturado\/","og_locale":"pt_BR","og_type":"article","og_title":"Nicol\u00e1s Maduro chega de avi\u00e3o a Nova York ap\u00f3s ser capturado - Manchester FM 93,3","og_description":"O presidente da Venezuela, Nicol\u00e1s Maduro, chegou a Nova York, nos Estados Unidos, ap\u00f3s ser capturado em uma opera\u00e7\u00e3o do governo norte-americano neste s\u00e1bado (3\/01). Maduro estava a bordo do navio USS Iwo Jima, mas foi transferido para uma aeronave que conduziu o presidente venezuelano a Nova York. Ele chegou junto a esposa Cilia Flores [&hellip;]","og_url":"https:\/\/www.radiomanchester.com.br\/fm\/nicolas-maduro-chega-de-aviao-a-nova-york-apos-ser-capturado\/","og_site_name":"Manchester FM 93,3","article_published_time":"2026-01-04T09:30:00+00:00","article_modified_time":"2026-01-04T00:51:17+00:00","twitter_card":"summary_large_image","twitter_misc":{"Escrito por":"admin","Est. tempo de leitura":"2 minutos"},"schema":{"@context":"https:\/\/schema.org","@graph":[{"@type":"WebSite","@id":"https:\/\/www.radiomanchester.com.br\/fm\/#website","url":"https:\/\/www.radiomanchester.com.br\/fm\/","name":"Manchester FM 93,3","description":"Todo Mundo Ouve!","potentialAction":[{"@type":"SearchAction","target":{"@type":"EntryPoint","urlTemplate":"https:\/\/www.radiomanchester.com.br\/fm\/?s={search_term_string}"},"query-input":"required name=search_term_string"}],"inLanguage":"pt-BR"},{"@type":"WebPage","@id":"https:\/\/www.radiomanchester.com.br\/fm\/nicolas-maduro-chega-de-aviao-a-nova-york-apos-ser-capturado\/#webpage","url":"https:\/\/www.radiomanchester.com.br\/fm\/nicolas-maduro-chega-de-aviao-a-nova-york-apos-ser-capturado\/","name":"Nicol\u00e1s Maduro chega de avi\u00e3o a Nova York ap\u00f3s ser capturado - Manchester FM 93,3","isPartOf":{"@id":"https:\/\/www.radiomanchester.com.br\/fm\/#website"},"datePublished":"2026-01-04T09:30:00+00:00","dateModified":"2026-01-04T00:51:17+00:00","author":{"@id":"https:\/\/www.radiomanchester.com.br\/fm\/#\/schema\/person\/408a7b4d4e32cbebd90e2782852abca3"},"breadcrumb":{"@id":"https:\/\/www.radiomanchester.com.br\/fm\/nicolas-maduro-chega-de-aviao-a-nova-york-apos-ser-capturado\/#breadcrumb"},"inLanguage":"pt-BR","potentialAction":[{"@type":"ReadAction","target":["https:\/\/www.radiomanchester.com.br\/fm\/nicolas-maduro-chega-de-aviao-a-nova-york-apos-ser-capturado\/"]}]},{"@type":"BreadcrumbList","@id":"https:\/\/www.radiomanchester.com.br\/fm\/nicolas-maduro-chega-de-aviao-a-nova-york-apos-ser-capturado\/#breadcrumb","itemListElement":[{"@type":"ListItem","position":1,"name":"Home","item":"https:\/\/www.radiomanchester.com.br\/fm\/"},{"@type":"ListItem","position":2,"name":"Nicol\u00e1s Maduro chega de avi\u00e3o a Nova York ap\u00f3s ser capturado"}]},{"@type":"Person","@id":"https:\/\/www.radiomanchester.com.br\/fm\/#\/schema\/person\/408a7b4d4e32cbebd90e2782852abca3","name":"admin","image":{"@type":"ImageObject","@id":"https:\/\/www.radiomanchester.com.br\/fm\/#personlogo","inLanguage":"pt-BR","url":"https:\/\/secure.gravatar.com\/avatar\/115a974dba3376872eb3addeb276301c?s=96&d=mm&r=g","contentUrl":"https:\/\/secure.gravatar.com\/avatar\/115a974dba3376872eb3addeb276301c?s=96&d=mm&r=g","caption":"admin"},"url":"https:\/\/www.radiomanchester.com.br\/fm\/author\/admin\/"}]}},"_links":{"self":[{"href":"https:\/\/www.radiomanchester.com.br\/fm\/wp-json\/wp\/v2\/posts\/17104"}],"collection":[{"href":"https:\/\/www.radiomanchester.com.br\/fm\/wp-json\/wp\/v2\/posts"}],"about":[{"href":"https:\/\/www.radiomanchester.com.br\/fm\/wp-json\/wp\/v2\/types\/post"}],"author":[{"embeddable":true,"href":"https:\/\/www.radiomanchester.com.br\/fm\/wp-json\/wp\/v2\/users\/1"}],"replies":[{"embeddable":true,"href":"https:\/\/www.radiomanchester.com.br\/fm\/wp-json\/wp\/v2\/comments?post=17104"}],"version-history":[{"count":2,"href":"https:\/\/www.radiomanchester.com.br\/fm\/wp-json\/wp\/v2\/posts\/17104\/revisions"}],"predecessor-version":[{"id":17106,"href":"https:\/\/www.radiomanchester.com.br\/fm\/wp-json\/wp\/v2\/posts\/17104\/revisions\/17106"}],"wp:attachment":[{"href":"https:\/\/www.radiomanchester.com.br\/fm\/wp-json\/wp\/v2\/media?parent=17104"}],"wp:term":[{"taxonomy":"category","embeddable":true,"href":"https:\/\/www.radiomanchester.com.br\/fm\/wp-json\/wp\/v2\/categories?post=17104"},{"taxonomy":"post_tag","embeddable":true,"href":"https:\/\/www.radiomanchester.com.br\/fm\/wp-json\/wp\/v2\/tags?post=17104"}],"curies":[{"name":"wp","href":"https:\/\/api.w.org\/{rel}","templated":true}]}}