{"id":17107,"date":"2026-01-04T19:36:36","date_gmt":"2026-01-04T22:36:36","guid":{"rendered":"https:\/\/www.radiomanchester.com.br\/fm\/?p=17107"},"modified":"2026-01-04T19:36:38","modified_gmt":"2026-01-04T22:36:38","slug":"fronteira-entre-brasil-e-venezuela-segue-calma-apos-queda-de-maduro","status":"publish","type":"post","link":"https:\/\/www.radiomanchester.com.br\/fm\/fronteira-entre-brasil-e-venezuela-segue-calma-apos-queda-de-maduro\/","title":{"rendered":"Fronteira entre Brasil e Venezuela segue calma ap\u00f3s queda de Maduro"},"content":{"rendered":"\n<p>O clima na fronteira entre Brasil e Venezuela, localizada no munic\u00edpio de Pacaraima (RR), \u00e9 de tranquilidade at\u00e9 o momento, ap\u00f3s o ataque norte-americano que culminou na captura de Nicol\u00e1s Maduro. Neste domingo (4\/01), o fluxo no local \u00e9 baixo, com movimenta\u00e7\u00e3o principalmente no lado brasileiro, onde turistas costumam ir para tirar fotos.<\/p>\n\n\n\n<p>Atualmente, a Pol\u00edcia Rodovi\u00e1ria Federal (PRF) e o Ex\u00e9rcito Brasileiro realizam uma opera\u00e7\u00e3o de rotina na fronteira. O objetivo \u00e9 fiscalizar e verificar carros que passam pela \u00e1rea fronteiri\u00e7a, indo ou vindo da Venezuela.<\/p>\n\n\n\n<p>Depois do in\u00edcio da crise na Venezuela, em meados de 2018, Pacaraima se tornou o principal ponto de ingresso de imigrantes venezuelanos no Brasil \u2014 cujos n\u00fameros aumentaram nos \u00faltimos meses de 2024 ap\u00f3s o avan\u00e7o militar dos EUA na Am\u00e9rica Latina.<\/p>\n\n\n\n<p>Mesmo com o clima de tranquilidade desde a queda de Maduro, o governador de Roraima, Ant\u00f4nio Denarium (PP), defende que a fronteira seja fechada. Ao Metr\u00f3poles, o gestor revelou ter solicitado a medida ao governo federal, por temer os impactos negativos de um poss\u00edvel novo fluxo imigrat\u00f3rio vindo da Venezuela.<\/p>\n\n\n\n<p>At\u00e9 o momento, por\u00e9m, a fronteira segue aberta. No s\u00e1bado (3\/01), autoridades venezuelanas chegaram a fechar parcialmente a passagem, mas o bloqueio durou apenas poucas horas.<\/p>\n\n\n\n<p>porR3pMetr0p0les parceiro Manchester<\/p>\n","protected":false},"excerpt":{"rendered":"<p class=\"excerpt\">O clima na fronteira entre Brasil e Venezuela, localizada no munic\u00edpio de Pacaraima (RR), \u00e9 de tranquilidade at\u00e9 o momento, ap\u00f3s o ataque norte-americano que culminou na captura de Nicol\u00e1s Maduro. Neste domingo (4\/01), o fluxo no local \u00e9 baixo, com movimenta\u00e7\u00e3o principalmente no lado brasileiro, onde turistas costumam ir para tirar fotos. Atualmente, a [&hellip;]<\/p>\n","protected":false},"author":1,"featured_media":0,"comment_status":"open","ping_status":"open","sticky":false,"template":"","format":"standard","meta":[],"categories":[8,17],"tags":[22,24,113,83,92],"yoast_head":"<!-- This site is optimized with the Yoast SEO plugin v18.3 - https:\/\/yoast.com\/wordpress\/plugins\/seo\/ -->\n<title>Fronteira entre Brasil e Venezuela segue calma ap\u00f3s queda de Maduro - Manchester FM 93,3<\/title>\n<meta name=\"robots\" content=\"index, follow, max-snippet:-1, max-image-preview:large, max-video-preview:-1\" \/>\n<link rel=\"canonical\" href=\"https:\/\/www.radiomanchester.com.br\/fm\/fronteira-entre-brasil-e-venezuela-segue-calma-apos-queda-de-maduro\/\" \/>\n<meta property=\"og:locale\" content=\"pt_BR\" \/>\n<meta property=\"og:type\" content=\"article\" \/>\n<meta property=\"og:title\" content=\"Fronteira entre Brasil e Venezuela segue calma ap\u00f3s queda de Maduro - Manchester FM 93,3\" \/>\n<meta property=\"og:description\" content=\"O clima na fronteira entre Brasil e Venezuela, localizada no munic\u00edpio de Pacaraima (RR), \u00e9 de tranquilidade at\u00e9 o momento, ap\u00f3s o ataque norte-americano que culminou na captura de Nicol\u00e1s Maduro. Neste domingo (4\/01), o fluxo no local \u00e9 baixo, com movimenta\u00e7\u00e3o principalmente no lado brasileiro, onde turistas costumam ir para tirar fotos. Atualmente, a [&hellip;]\" \/>\n<meta property=\"og:url\" content=\"https:\/\/www.radiomanchester.com.br\/fm\/fronteira-entre-brasil-e-venezuela-segue-calma-apos-queda-de-maduro\/\" \/>\n<meta property=\"og:site_name\" content=\"Manchester FM 93,3\" \/>\n<meta property=\"article:published_time\" content=\"2026-01-04T22:36:36+00:00\" \/>\n<meta property=\"article:modified_time\" content=\"2026-01-04T22:36:38+00:00\" \/>\n<meta name=\"twitter:card\" content=\"summary_large_image\" \/>\n<meta name=\"twitter:label1\" content=\"Escrito por\" \/>\n\t<meta name=\"twitter:data1\" content=\"admin\" \/>\n\t<meta name=\"twitter:label2\" content=\"Est. tempo de leitura\" \/>\n\t<meta name=\"twitter:data2\" content=\"2 minutos\" \/>\n<script type=\"application\/ld+json\" class=\"yoast-schema-graph\">{\"@context\":\"https:\/\/schema.org\",\"@graph\":[{\"@type\":\"WebSite\",\"@id\":\"https:\/\/www.radiomanchester.com.br\/fm\/#website\",\"url\":\"https:\/\/www.radiomanchester.com.br\/fm\/\",\"name\":\"Manchester FM 93,3\",\"description\":\"Todo Mundo Ouve!\",\"potentialAction\":[{\"@type\":\"SearchAction\",\"target\":{\"@type\":\"EntryPoint\",\"urlTemplate\":\"https:\/\/www.radiomanchester.com.br\/fm\/?s={search_term_string}\"},\"query-input\":\"required name=search_term_string\"}],\"inLanguage\":\"pt-BR\"},{\"@type\":\"WebPage\",\"@id\":\"https:\/\/www.radiomanchester.com.br\/fm\/fronteira-entre-brasil-e-venezuela-segue-calma-apos-queda-de-maduro\/#webpage\",\"url\":\"https:\/\/www.radiomanchester.com.br\/fm\/fronteira-entre-brasil-e-venezuela-segue-calma-apos-queda-de-maduro\/\",\"name\":\"Fronteira entre Brasil e Venezuela segue calma ap\u00f3s queda de Maduro - Manchester FM 93,3\",\"isPartOf\":{\"@id\":\"https:\/\/www.radiomanchester.com.br\/fm\/#website\"},\"datePublished\":\"2026-01-04T22:36:36+00:00\",\"dateModified\":\"2026-01-04T22:36:38+00:00\",\"author\":{\"@id\":\"https:\/\/www.radiomanchester.com.br\/fm\/#\/schema\/person\/408a7b4d4e32cbebd90e2782852abca3\"},\"breadcrumb\":{\"@id\":\"https:\/\/www.radiomanchester.com.br\/fm\/fronteira-entre-brasil-e-venezuela-segue-calma-apos-queda-de-maduro\/#breadcrumb\"},\"inLanguage\":\"pt-BR\",\"potentialAction\":[{\"@type\":\"ReadAction\",\"target\":[\"https:\/\/www.radiomanchester.com.br\/fm\/fronteira-entre-brasil-e-venezuela-segue-calma-apos-queda-de-maduro\/\"]}]},{\"@type\":\"BreadcrumbList\",\"@id\":\"https:\/\/www.radiomanchester.com.br\/fm\/fronteira-entre-brasil-e-venezuela-segue-calma-apos-queda-de-maduro\/#breadcrumb\",\"itemListElement\":[{\"@type\":\"ListItem\",\"position\":1,\"name\":\"Home\",\"item\":\"https:\/\/www.radiomanchester.com.br\/fm\/\"},{\"@type\":\"ListItem\",\"position\":2,\"name\":\"Fronteira entre Brasil e Venezuela segue calma ap\u00f3s queda de Maduro\"}]},{\"@type\":\"Person\",\"@id\":\"https:\/\/www.radiomanchester.com.br\/fm\/#\/schema\/person\/408a7b4d4e32cbebd90e2782852abca3\",\"name\":\"admin\",\"image\":{\"@type\":\"ImageObject\",\"@id\":\"https:\/\/www.radiomanchester.com.br\/fm\/#personlogo\",\"inLanguage\":\"pt-BR\",\"url\":\"https:\/\/secure.gravatar.com\/avatar\/115a974dba3376872eb3addeb276301c?s=96&d=mm&r=g\",\"contentUrl\":\"https:\/\/secure.gravatar.com\/avatar\/115a974dba3376872eb3addeb276301c?s=96&d=mm&r=g\",\"caption\":\"admin\"},\"url\":\"https:\/\/www.radiomanchester.com.br\/fm\/author\/admin\/\"}]}<\/script>\n<!-- \/ Yoast SEO plugin. -->","yoast_head_json":{"title":"Fronteira entre Brasil e Venezuela segue calma ap\u00f3s queda de Maduro - Manchester FM 93,3","robots":{"index":"index","follow":"follow","max-snippet":"max-snippet:-1","max-image-preview":"max-image-preview:large","max-video-preview":"max-video-preview:-1"},"canonical":"https:\/\/www.radiomanchester.com.br\/fm\/fronteira-entre-brasil-e-venezuela-segue-calma-apos-queda-de-maduro\/","og_locale":"pt_BR","og_type":"article","og_title":"Fronteira entre Brasil e Venezuela segue calma ap\u00f3s queda de Maduro - Manchester FM 93,3","og_description":"O clima na fronteira entre Brasil e Venezuela, localizada no munic\u00edpio de Pacaraima (RR), \u00e9 de tranquilidade at\u00e9 o momento, ap\u00f3s o ataque norte-americano que culminou na captura de Nicol\u00e1s Maduro. Neste domingo (4\/01), o fluxo no local \u00e9 baixo, com movimenta\u00e7\u00e3o principalmente no lado brasileiro, onde turistas costumam ir para tirar fotos. Atualmente, a [&hellip;]","og_url":"https:\/\/www.radiomanchester.com.br\/fm\/fronteira-entre-brasil-e-venezuela-segue-calma-apos-queda-de-maduro\/","og_site_name":"Manchester FM 93,3","article_published_time":"2026-01-04T22:36:36+00:00","article_modified_time":"2026-01-04T22:36:38+00:00","twitter_card":"summary_large_image","twitter_misc":{"Escrito por":"admin","Est. tempo de leitura":"2 minutos"},"schema":{"@context":"https:\/\/schema.org","@graph":[{"@type":"WebSite","@id":"https:\/\/www.radiomanchester.com.br\/fm\/#website","url":"https:\/\/www.radiomanchester.com.br\/fm\/","name":"Manchester FM 93,3","description":"Todo Mundo Ouve!","potentialAction":[{"@type":"SearchAction","target":{"@type":"EntryPoint","urlTemplate":"https:\/\/www.radiomanchester.com.br\/fm\/?s={search_term_string}"},"query-input":"required name=search_term_string"}],"inLanguage":"pt-BR"},{"@type":"WebPage","@id":"https:\/\/www.radiomanchester.com.br\/fm\/fronteira-entre-brasil-e-venezuela-segue-calma-apos-queda-de-maduro\/#webpage","url":"https:\/\/www.radiomanchester.com.br\/fm\/fronteira-entre-brasil-e-venezuela-segue-calma-apos-queda-de-maduro\/","name":"Fronteira entre Brasil e Venezuela segue calma ap\u00f3s queda de Maduro - Manchester FM 93,3","isPartOf":{"@id":"https:\/\/www.radiomanchester.com.br\/fm\/#website"},"datePublished":"2026-01-04T22:36:36+00:00","dateModified":"2026-01-04T22:36:38+00:00","author":{"@id":"https:\/\/www.radiomanchester.com.br\/fm\/#\/schema\/person\/408a7b4d4e32cbebd90e2782852abca3"},"breadcrumb":{"@id":"https:\/\/www.radiomanchester.com.br\/fm\/fronteira-entre-brasil-e-venezuela-segue-calma-apos-queda-de-maduro\/#breadcrumb"},"inLanguage":"pt-BR","potentialAction":[{"@type":"ReadAction","target":["https:\/\/www.radiomanchester.com.br\/fm\/fronteira-entre-brasil-e-venezuela-segue-calma-apos-queda-de-maduro\/"]}]},{"@type":"BreadcrumbList","@id":"https:\/\/www.radiomanchester.com.br\/fm\/fronteira-entre-brasil-e-venezuela-segue-calma-apos-queda-de-maduro\/#breadcrumb","itemListElement":[{"@type":"ListItem","position":1,"name":"Home","item":"https:\/\/www.radiomanchester.com.br\/fm\/"},{"@type":"ListItem","position":2,"name":"Fronteira entre Brasil e Venezuela segue calma ap\u00f3s queda de Maduro"}]},{"@type":"Person","@id":"https:\/\/www.radiomanchester.com.br\/fm\/#\/schema\/person\/408a7b4d4e32cbebd90e2782852abca3","name":"admin","image":{"@type":"ImageObject","@id":"https:\/\/www.radiomanchester.com.br\/fm\/#personlogo","inLanguage":"pt-BR","url":"https:\/\/secure.gravatar.com\/avatar\/115a974dba3376872eb3addeb276301c?s=96&d=mm&r=g","contentUrl":"https:\/\/secure.gravatar.com\/avatar\/115a974dba3376872eb3addeb276301c?s=96&d=mm&r=g","caption":"admin"},"url":"https:\/\/www.radiomanchester.com.br\/fm\/author\/admin\/"}]}},"_links":{"self":[{"href":"https:\/\/www.radiomanchester.com.br\/fm\/wp-json\/wp\/v2\/posts\/17107"}],"collection":[{"href":"https:\/\/www.radiomanchester.com.br\/fm\/wp-json\/wp\/v2\/posts"}],"about":[{"href":"https:\/\/www.radiomanchester.com.br\/fm\/wp-json\/wp\/v2\/types\/post"}],"author":[{"embeddable":true,"href":"https:\/\/www.radiomanchester.com.br\/fm\/wp-json\/wp\/v2\/users\/1"}],"replies":[{"embeddable":true,"href":"https:\/\/www.radiomanchester.com.br\/fm\/wp-json\/wp\/v2\/comments?post=17107"}],"version-history":[{"count":1,"href":"https:\/\/www.radiomanchester.com.br\/fm\/wp-json\/wp\/v2\/posts\/17107\/revisions"}],"predecessor-version":[{"id":17108,"href":"https:\/\/www.radiomanchester.com.br\/fm\/wp-json\/wp\/v2\/posts\/17107\/revisions\/17108"}],"wp:attachment":[{"href":"https:\/\/www.radiomanchester.com.br\/fm\/wp-json\/wp\/v2\/media?parent=17107"}],"wp:term":[{"taxonomy":"category","embeddable":true,"href":"https:\/\/www.radiomanchester.com.br\/fm\/wp-json\/wp\/v2\/categories?post=17107"},{"taxonomy":"post_tag","embeddable":true,"href":"https:\/\/www.radiomanchester.com.br\/fm\/wp-json\/wp\/v2\/tags?post=17107"}],"curies":[{"name":"wp","href":"https:\/\/api.w.org\/{rel}","templated":true}]}}