{"id":17115,"date":"2026-01-05T19:32:31","date_gmt":"2026-01-05T22:32:31","guid":{"rendered":"https:\/\/www.radiomanchester.com.br\/fm\/?p=17115"},"modified":"2026-01-05T19:32:34","modified_gmt":"2026-01-05T22:32:34","slug":"corpo-de-jovem-e-encontrado-pelos-bombeiros-no-lago-corumba-iv","status":"publish","type":"post","link":"https:\/\/www.radiomanchester.com.br\/fm\/corpo-de-jovem-e-encontrado-pelos-bombeiros-no-lago-corumba-iv\/","title":{"rendered":"Corpo de jovem \u00e9 encontrado pelos Bombeiros no Lago Corumb\u00e1 IV"},"content":{"rendered":"\n<p><\/p>\n\n\n\n<p>O corpo do jovem desaparecido no Lago Corumb\u00e1 IV, no munic\u00edpio de Alex\u00e2nia, foi localizado pelas equipes de mergulho da corpora\u00e7\u00e3o por volta de meio-dia desta segunda-feira (5\/01). Foram cinco dias de buscas dos militares com o apoio de uma equipe da Marinha do Brasil.<\/p>\n\n\n\n<p>Henry Chaves Norte, de 18 anos, estava em um caiaque, no feriado de 1\u00ba de janeiro, quando desapareceu. O trabalho do Corpo de Bombeiros do Estado de Goi\u00e1s estava no quinto dia, com equipes especializadas mobilizadas no local. Treze bombeiros militares foram empenhados na ocorr\u00eancia, sendo 12 deles mergulhadores, atuando diretamente nas buscas subaqu\u00e1ticas. Os mergulhos est\u00e3o sendo realizados com o aux\u00edlio de computadores de mergulho, equipamentos que permitem maior precis\u00e3o na execu\u00e7\u00e3o das varreduras e garantem mais seguran\u00e7a \u00e0s equipes durante a opera\u00e7\u00e3o.<\/p>\n\n\n\n<p>Henry morava com a fam\u00edlia em Goi\u00e2nia e havia acabado de completar 18 anos. Rec\u00e9m-formado no ensino m\u00e9dio, havia recebido dos pais a autoriza\u00e7\u00e3o para viajar sem eles pela primeira vez. Estava acompanhado de dois amigos e das fam\u00edlias deles para passar a virada de ano no lago Corumb\u00e1.<\/p>\n\n\n\n<p>Henry teria decidido atravessar o lago em um caiaque no primeiro dia de 2026, acompanhado dos dois amigos. Mas come\u00e7ou a entrar \u00e1gua na embarca\u00e7\u00e3o, o que a fez afundar. Nenhum dos tr\u00eas usava coletes salva-vidas. Testemunhas conseguiram resgatar dos dois amigos de Henry do naufr\u00e1gio, mas o rapaz foi levado junto com a embarca\u00e7\u00e3o.<\/p>\n\n\n\n<p>porRepTr1bunadoPlanalto<\/p>\n","protected":false},"excerpt":{"rendered":"<p class=\"excerpt\">O corpo do jovem desaparecido no Lago Corumb\u00e1 IV, no munic\u00edpio de Alex\u00e2nia, foi localizado pelas equipes de mergulho da corpora\u00e7\u00e3o por volta de meio-dia desta segunda-feira (5\/01). Foram cinco dias de buscas dos militares com o apoio de uma equipe da Marinha do Brasil. Henry Chaves Norte, de 18 anos, estava em um caiaque, [&hellip;]<\/p>\n","protected":false},"author":1,"featured_media":0,"comment_status":"open","ping_status":"open","sticky":false,"template":"","format":"standard","meta":[],"categories":[8,17],"tags":[22,24,113,83,92],"yoast_head":"<!-- This site is optimized with the Yoast SEO plugin v18.3 - https:\/\/yoast.com\/wordpress\/plugins\/seo\/ -->\n<title>Corpo de jovem \u00e9 encontrado pelos Bombeiros no Lago Corumb\u00e1 IV - Manchester FM 93,3<\/title>\n<meta name=\"robots\" content=\"index, follow, max-snippet:-1, max-image-preview:large, max-video-preview:-1\" \/>\n<link rel=\"canonical\" href=\"https:\/\/www.radiomanchester.com.br\/fm\/corpo-de-jovem-e-encontrado-pelos-bombeiros-no-lago-corumba-iv\/\" \/>\n<meta property=\"og:locale\" content=\"pt_BR\" \/>\n<meta property=\"og:type\" content=\"article\" \/>\n<meta property=\"og:title\" content=\"Corpo de jovem \u00e9 encontrado pelos Bombeiros no Lago Corumb\u00e1 IV - Manchester FM 93,3\" \/>\n<meta property=\"og:description\" content=\"O corpo do jovem desaparecido no Lago Corumb\u00e1 IV, no munic\u00edpio de Alex\u00e2nia, foi localizado pelas equipes de mergulho da corpora\u00e7\u00e3o por volta de meio-dia desta segunda-feira (5\/01). Foram cinco dias de buscas dos militares com o apoio de uma equipe da Marinha do Brasil. Henry Chaves Norte, de 18 anos, estava em um caiaque, [&hellip;]\" \/>\n<meta property=\"og:url\" content=\"https:\/\/www.radiomanchester.com.br\/fm\/corpo-de-jovem-e-encontrado-pelos-bombeiros-no-lago-corumba-iv\/\" \/>\n<meta property=\"og:site_name\" content=\"Manchester FM 93,3\" \/>\n<meta property=\"article:published_time\" content=\"2026-01-05T22:32:31+00:00\" \/>\n<meta property=\"article:modified_time\" content=\"2026-01-05T22:32:34+00:00\" \/>\n<meta name=\"twitter:card\" content=\"summary_large_image\" \/>\n<meta name=\"twitter:label1\" content=\"Escrito por\" \/>\n\t<meta name=\"twitter:data1\" content=\"admin\" \/>\n\t<meta name=\"twitter:label2\" content=\"Est. tempo de leitura\" \/>\n\t<meta name=\"twitter:data2\" content=\"2 minutos\" \/>\n<script type=\"application\/ld+json\" class=\"yoast-schema-graph\">{\"@context\":\"https:\/\/schema.org\",\"@graph\":[{\"@type\":\"WebSite\",\"@id\":\"https:\/\/www.radiomanchester.com.br\/fm\/#website\",\"url\":\"https:\/\/www.radiomanchester.com.br\/fm\/\",\"name\":\"Manchester FM 93,3\",\"description\":\"Todo Mundo Ouve!\",\"potentialAction\":[{\"@type\":\"SearchAction\",\"target\":{\"@type\":\"EntryPoint\",\"urlTemplate\":\"https:\/\/www.radiomanchester.com.br\/fm\/?s={search_term_string}\"},\"query-input\":\"required name=search_term_string\"}],\"inLanguage\":\"pt-BR\"},{\"@type\":\"WebPage\",\"@id\":\"https:\/\/www.radiomanchester.com.br\/fm\/corpo-de-jovem-e-encontrado-pelos-bombeiros-no-lago-corumba-iv\/#webpage\",\"url\":\"https:\/\/www.radiomanchester.com.br\/fm\/corpo-de-jovem-e-encontrado-pelos-bombeiros-no-lago-corumba-iv\/\",\"name\":\"Corpo de jovem \u00e9 encontrado pelos Bombeiros no Lago Corumb\u00e1 IV - Manchester FM 93,3\",\"isPartOf\":{\"@id\":\"https:\/\/www.radiomanchester.com.br\/fm\/#website\"},\"datePublished\":\"2026-01-05T22:32:31+00:00\",\"dateModified\":\"2026-01-05T22:32:34+00:00\",\"author\":{\"@id\":\"https:\/\/www.radiomanchester.com.br\/fm\/#\/schema\/person\/408a7b4d4e32cbebd90e2782852abca3\"},\"breadcrumb\":{\"@id\":\"https:\/\/www.radiomanchester.com.br\/fm\/corpo-de-jovem-e-encontrado-pelos-bombeiros-no-lago-corumba-iv\/#breadcrumb\"},\"inLanguage\":\"pt-BR\",\"potentialAction\":[{\"@type\":\"ReadAction\",\"target\":[\"https:\/\/www.radiomanchester.com.br\/fm\/corpo-de-jovem-e-encontrado-pelos-bombeiros-no-lago-corumba-iv\/\"]}]},{\"@type\":\"BreadcrumbList\",\"@id\":\"https:\/\/www.radiomanchester.com.br\/fm\/corpo-de-jovem-e-encontrado-pelos-bombeiros-no-lago-corumba-iv\/#breadcrumb\",\"itemListElement\":[{\"@type\":\"ListItem\",\"position\":1,\"name\":\"Home\",\"item\":\"https:\/\/www.radiomanchester.com.br\/fm\/\"},{\"@type\":\"ListItem\",\"position\":2,\"name\":\"Corpo de jovem \u00e9 encontrado pelos Bombeiros no Lago Corumb\u00e1 IV\"}]},{\"@type\":\"Person\",\"@id\":\"https:\/\/www.radiomanchester.com.br\/fm\/#\/schema\/person\/408a7b4d4e32cbebd90e2782852abca3\",\"name\":\"admin\",\"image\":{\"@type\":\"ImageObject\",\"@id\":\"https:\/\/www.radiomanchester.com.br\/fm\/#personlogo\",\"inLanguage\":\"pt-BR\",\"url\":\"https:\/\/secure.gravatar.com\/avatar\/115a974dba3376872eb3addeb276301c?s=96&d=mm&r=g\",\"contentUrl\":\"https:\/\/secure.gravatar.com\/avatar\/115a974dba3376872eb3addeb276301c?s=96&d=mm&r=g\",\"caption\":\"admin\"},\"url\":\"https:\/\/www.radiomanchester.com.br\/fm\/author\/admin\/\"}]}<\/script>\n<!-- \/ Yoast SEO plugin. -->","yoast_head_json":{"title":"Corpo de jovem \u00e9 encontrado pelos Bombeiros no Lago Corumb\u00e1 IV - Manchester FM 93,3","robots":{"index":"index","follow":"follow","max-snippet":"max-snippet:-1","max-image-preview":"max-image-preview:large","max-video-preview":"max-video-preview:-1"},"canonical":"https:\/\/www.radiomanchester.com.br\/fm\/corpo-de-jovem-e-encontrado-pelos-bombeiros-no-lago-corumba-iv\/","og_locale":"pt_BR","og_type":"article","og_title":"Corpo de jovem \u00e9 encontrado pelos Bombeiros no Lago Corumb\u00e1 IV - Manchester FM 93,3","og_description":"O corpo do jovem desaparecido no Lago Corumb\u00e1 IV, no munic\u00edpio de Alex\u00e2nia, foi localizado pelas equipes de mergulho da corpora\u00e7\u00e3o por volta de meio-dia desta segunda-feira (5\/01). Foram cinco dias de buscas dos militares com o apoio de uma equipe da Marinha do Brasil. Henry Chaves Norte, de 18 anos, estava em um caiaque, [&hellip;]","og_url":"https:\/\/www.radiomanchester.com.br\/fm\/corpo-de-jovem-e-encontrado-pelos-bombeiros-no-lago-corumba-iv\/","og_site_name":"Manchester FM 93,3","article_published_time":"2026-01-05T22:32:31+00:00","article_modified_time":"2026-01-05T22:32:34+00:00","twitter_card":"summary_large_image","twitter_misc":{"Escrito por":"admin","Est. tempo de leitura":"2 minutos"},"schema":{"@context":"https:\/\/schema.org","@graph":[{"@type":"WebSite","@id":"https:\/\/www.radiomanchester.com.br\/fm\/#website","url":"https:\/\/www.radiomanchester.com.br\/fm\/","name":"Manchester FM 93,3","description":"Todo Mundo Ouve!","potentialAction":[{"@type":"SearchAction","target":{"@type":"EntryPoint","urlTemplate":"https:\/\/www.radiomanchester.com.br\/fm\/?s={search_term_string}"},"query-input":"required name=search_term_string"}],"inLanguage":"pt-BR"},{"@type":"WebPage","@id":"https:\/\/www.radiomanchester.com.br\/fm\/corpo-de-jovem-e-encontrado-pelos-bombeiros-no-lago-corumba-iv\/#webpage","url":"https:\/\/www.radiomanchester.com.br\/fm\/corpo-de-jovem-e-encontrado-pelos-bombeiros-no-lago-corumba-iv\/","name":"Corpo de jovem \u00e9 encontrado pelos Bombeiros no Lago Corumb\u00e1 IV - Manchester FM 93,3","isPartOf":{"@id":"https:\/\/www.radiomanchester.com.br\/fm\/#website"},"datePublished":"2026-01-05T22:32:31+00:00","dateModified":"2026-01-05T22:32:34+00:00","author":{"@id":"https:\/\/www.radiomanchester.com.br\/fm\/#\/schema\/person\/408a7b4d4e32cbebd90e2782852abca3"},"breadcrumb":{"@id":"https:\/\/www.radiomanchester.com.br\/fm\/corpo-de-jovem-e-encontrado-pelos-bombeiros-no-lago-corumba-iv\/#breadcrumb"},"inLanguage":"pt-BR","potentialAction":[{"@type":"ReadAction","target":["https:\/\/www.radiomanchester.com.br\/fm\/corpo-de-jovem-e-encontrado-pelos-bombeiros-no-lago-corumba-iv\/"]}]},{"@type":"BreadcrumbList","@id":"https:\/\/www.radiomanchester.com.br\/fm\/corpo-de-jovem-e-encontrado-pelos-bombeiros-no-lago-corumba-iv\/#breadcrumb","itemListElement":[{"@type":"ListItem","position":1,"name":"Home","item":"https:\/\/www.radiomanchester.com.br\/fm\/"},{"@type":"ListItem","position":2,"name":"Corpo de jovem \u00e9 encontrado pelos Bombeiros no Lago Corumb\u00e1 IV"}]},{"@type":"Person","@id":"https:\/\/www.radiomanchester.com.br\/fm\/#\/schema\/person\/408a7b4d4e32cbebd90e2782852abca3","name":"admin","image":{"@type":"ImageObject","@id":"https:\/\/www.radiomanchester.com.br\/fm\/#personlogo","inLanguage":"pt-BR","url":"https:\/\/secure.gravatar.com\/avatar\/115a974dba3376872eb3addeb276301c?s=96&d=mm&r=g","contentUrl":"https:\/\/secure.gravatar.com\/avatar\/115a974dba3376872eb3addeb276301c?s=96&d=mm&r=g","caption":"admin"},"url":"https:\/\/www.radiomanchester.com.br\/fm\/author\/admin\/"}]}},"_links":{"self":[{"href":"https:\/\/www.radiomanchester.com.br\/fm\/wp-json\/wp\/v2\/posts\/17115"}],"collection":[{"href":"https:\/\/www.radiomanchester.com.br\/fm\/wp-json\/wp\/v2\/posts"}],"about":[{"href":"https:\/\/www.radiomanchester.com.br\/fm\/wp-json\/wp\/v2\/types\/post"}],"author":[{"embeddable":true,"href":"https:\/\/www.radiomanchester.com.br\/fm\/wp-json\/wp\/v2\/users\/1"}],"replies":[{"embeddable":true,"href":"https:\/\/www.radiomanchester.com.br\/fm\/wp-json\/wp\/v2\/comments?post=17115"}],"version-history":[{"count":1,"href":"https:\/\/www.radiomanchester.com.br\/fm\/wp-json\/wp\/v2\/posts\/17115\/revisions"}],"predecessor-version":[{"id":17116,"href":"https:\/\/www.radiomanchester.com.br\/fm\/wp-json\/wp\/v2\/posts\/17115\/revisions\/17116"}],"wp:attachment":[{"href":"https:\/\/www.radiomanchester.com.br\/fm\/wp-json\/wp\/v2\/media?parent=17115"}],"wp:term":[{"taxonomy":"category","embeddable":true,"href":"https:\/\/www.radiomanchester.com.br\/fm\/wp-json\/wp\/v2\/categories?post=17115"},{"taxonomy":"post_tag","embeddable":true,"href":"https:\/\/www.radiomanchester.com.br\/fm\/wp-json\/wp\/v2\/tags?post=17115"}],"curies":[{"name":"wp","href":"https:\/\/api.w.org\/{rel}","templated":true}]}}