{"id":17117,"date":"2026-01-05T21:33:20","date_gmt":"2026-01-06T00:33:20","guid":{"rendered":"https:\/\/www.radiomanchester.com.br\/fm\/?p=17117"},"modified":"2026-01-05T21:34:52","modified_gmt":"2026-01-06T00:34:52","slug":"deputado-antonio-gomide-sofre-acidente-na-br-060","status":"publish","type":"post","link":"https:\/\/www.radiomanchester.com.br\/fm\/deputado-antonio-gomide-sofre-acidente-na-br-060\/","title":{"rendered":"Deputado Ant\u00f4nio Gomide sofre acidente na BR-060"},"content":{"rendered":"\n<p>O deputado estadual Ant\u00f4nio Gomide (PT) tem quadro de sa\u00fade est\u00e1vel e est\u00e1 consciente. A informa\u00e7\u00e3o foi apurada pelo An\u00e1polis Di\u00e1rio confirmou que ele sofreu um corte na cabe\u00e7a durante o acidente desta segunda-feira (5\/01), na BR-060, entre An\u00e1polis e Bras\u00edlia, e tamb\u00e9m um trauma cranioencef\u00e1lico moderado.<\/p>\n\n\n\n<p>Ele foi resgatado pela equipe da concession\u00e1ria Triunfo Concebra e levado ao Heana, onde passar\u00e1 por avalia\u00e7\u00e3o e tomografia para verificar a necessidade de uma cirurgia. Num primeiro momento, pensou-se na possibilidade de transfer\u00eancia para o Hugol, em Goi\u00e2nia, mas a equipe considerou que An\u00e1polis j\u00e1 oferece estrutura adequada.<\/p>\n\n\n\n<p>Ainda n\u00e3o h\u00e1 detalhes sobre o que causou o acidente.<\/p>\n\n\n\n<p>porReprodu\u00e7\u00e3o An\u00e1polis Di\u00e1rio<\/p>\n","protected":false},"excerpt":{"rendered":"<p class=\"excerpt\">O deputado estadual Ant\u00f4nio Gomide (PT) tem quadro de sa\u00fade est\u00e1vel e est\u00e1 consciente. A informa\u00e7\u00e3o foi apurada pelo An\u00e1polis Di\u00e1rio confirmou que ele sofreu um corte na cabe\u00e7a durante o acidente desta segunda-feira (5\/01), na BR-060, entre An\u00e1polis e Bras\u00edlia, e tamb\u00e9m um trauma cranioencef\u00e1lico moderado. Ele foi resgatado pela equipe da concession\u00e1ria Triunfo [&hellip;]<\/p>\n","protected":false},"author":1,"featured_media":0,"comment_status":"open","ping_status":"open","sticky":false,"template":"","format":"standard","meta":[],"categories":[8,17],"tags":[22,24,113,83,92],"yoast_head":"<!-- This site is optimized with the Yoast SEO plugin v18.3 - https:\/\/yoast.com\/wordpress\/plugins\/seo\/ -->\n<title>Deputado Ant\u00f4nio Gomide sofre acidente na BR-060 - Manchester FM 93,3<\/title>\n<meta name=\"robots\" content=\"index, follow, max-snippet:-1, max-image-preview:large, max-video-preview:-1\" \/>\n<link rel=\"canonical\" href=\"https:\/\/www.radiomanchester.com.br\/fm\/deputado-antonio-gomide-sofre-acidente-na-br-060\/\" \/>\n<meta property=\"og:locale\" content=\"pt_BR\" \/>\n<meta property=\"og:type\" content=\"article\" \/>\n<meta property=\"og:title\" content=\"Deputado Ant\u00f4nio Gomide sofre acidente na BR-060 - Manchester FM 93,3\" \/>\n<meta property=\"og:description\" content=\"O deputado estadual Ant\u00f4nio Gomide (PT) tem quadro de sa\u00fade est\u00e1vel e est\u00e1 consciente. A informa\u00e7\u00e3o foi apurada pelo An\u00e1polis Di\u00e1rio confirmou que ele sofreu um corte na cabe\u00e7a durante o acidente desta segunda-feira (5\/01), na BR-060, entre An\u00e1polis e Bras\u00edlia, e tamb\u00e9m um trauma cranioencef\u00e1lico moderado. Ele foi resgatado pela equipe da concession\u00e1ria Triunfo [&hellip;]\" \/>\n<meta property=\"og:url\" content=\"https:\/\/www.radiomanchester.com.br\/fm\/deputado-antonio-gomide-sofre-acidente-na-br-060\/\" \/>\n<meta property=\"og:site_name\" content=\"Manchester FM 93,3\" \/>\n<meta property=\"article:published_time\" content=\"2026-01-06T00:33:20+00:00\" \/>\n<meta property=\"article:modified_time\" content=\"2026-01-06T00:34:52+00:00\" \/>\n<meta name=\"twitter:card\" content=\"summary_large_image\" \/>\n<meta name=\"twitter:label1\" content=\"Escrito por\" \/>\n\t<meta name=\"twitter:data1\" content=\"admin\" \/>\n\t<meta name=\"twitter:label2\" content=\"Est. tempo de leitura\" \/>\n\t<meta name=\"twitter:data2\" content=\"1 minuto\" \/>\n<script type=\"application\/ld+json\" class=\"yoast-schema-graph\">{\"@context\":\"https:\/\/schema.org\",\"@graph\":[{\"@type\":\"WebSite\",\"@id\":\"https:\/\/www.radiomanchester.com.br\/fm\/#website\",\"url\":\"https:\/\/www.radiomanchester.com.br\/fm\/\",\"name\":\"Manchester FM 93,3\",\"description\":\"Todo Mundo Ouve!\",\"potentialAction\":[{\"@type\":\"SearchAction\",\"target\":{\"@type\":\"EntryPoint\",\"urlTemplate\":\"https:\/\/www.radiomanchester.com.br\/fm\/?s={search_term_string}\"},\"query-input\":\"required name=search_term_string\"}],\"inLanguage\":\"pt-BR\"},{\"@type\":\"WebPage\",\"@id\":\"https:\/\/www.radiomanchester.com.br\/fm\/deputado-antonio-gomide-sofre-acidente-na-br-060\/#webpage\",\"url\":\"https:\/\/www.radiomanchester.com.br\/fm\/deputado-antonio-gomide-sofre-acidente-na-br-060\/\",\"name\":\"Deputado Ant\u00f4nio Gomide sofre acidente na BR-060 - Manchester FM 93,3\",\"isPartOf\":{\"@id\":\"https:\/\/www.radiomanchester.com.br\/fm\/#website\"},\"datePublished\":\"2026-01-06T00:33:20+00:00\",\"dateModified\":\"2026-01-06T00:34:52+00:00\",\"author\":{\"@id\":\"https:\/\/www.radiomanchester.com.br\/fm\/#\/schema\/person\/408a7b4d4e32cbebd90e2782852abca3\"},\"breadcrumb\":{\"@id\":\"https:\/\/www.radiomanchester.com.br\/fm\/deputado-antonio-gomide-sofre-acidente-na-br-060\/#breadcrumb\"},\"inLanguage\":\"pt-BR\",\"potentialAction\":[{\"@type\":\"ReadAction\",\"target\":[\"https:\/\/www.radiomanchester.com.br\/fm\/deputado-antonio-gomide-sofre-acidente-na-br-060\/\"]}]},{\"@type\":\"BreadcrumbList\",\"@id\":\"https:\/\/www.radiomanchester.com.br\/fm\/deputado-antonio-gomide-sofre-acidente-na-br-060\/#breadcrumb\",\"itemListElement\":[{\"@type\":\"ListItem\",\"position\":1,\"name\":\"Home\",\"item\":\"https:\/\/www.radiomanchester.com.br\/fm\/\"},{\"@type\":\"ListItem\",\"position\":2,\"name\":\"Deputado Ant\u00f4nio Gomide sofre acidente na BR-060\"}]},{\"@type\":\"Person\",\"@id\":\"https:\/\/www.radiomanchester.com.br\/fm\/#\/schema\/person\/408a7b4d4e32cbebd90e2782852abca3\",\"name\":\"admin\",\"image\":{\"@type\":\"ImageObject\",\"@id\":\"https:\/\/www.radiomanchester.com.br\/fm\/#personlogo\",\"inLanguage\":\"pt-BR\",\"url\":\"https:\/\/secure.gravatar.com\/avatar\/115a974dba3376872eb3addeb276301c?s=96&d=mm&r=g\",\"contentUrl\":\"https:\/\/secure.gravatar.com\/avatar\/115a974dba3376872eb3addeb276301c?s=96&d=mm&r=g\",\"caption\":\"admin\"},\"url\":\"https:\/\/www.radiomanchester.com.br\/fm\/author\/admin\/\"}]}<\/script>\n<!-- \/ Yoast SEO plugin. -->","yoast_head_json":{"title":"Deputado Ant\u00f4nio Gomide sofre acidente na BR-060 - Manchester FM 93,3","robots":{"index":"index","follow":"follow","max-snippet":"max-snippet:-1","max-image-preview":"max-image-preview:large","max-video-preview":"max-video-preview:-1"},"canonical":"https:\/\/www.radiomanchester.com.br\/fm\/deputado-antonio-gomide-sofre-acidente-na-br-060\/","og_locale":"pt_BR","og_type":"article","og_title":"Deputado Ant\u00f4nio Gomide sofre acidente na BR-060 - Manchester FM 93,3","og_description":"O deputado estadual Ant\u00f4nio Gomide (PT) tem quadro de sa\u00fade est\u00e1vel e est\u00e1 consciente. A informa\u00e7\u00e3o foi apurada pelo An\u00e1polis Di\u00e1rio confirmou que ele sofreu um corte na cabe\u00e7a durante o acidente desta segunda-feira (5\/01), na BR-060, entre An\u00e1polis e Bras\u00edlia, e tamb\u00e9m um trauma cranioencef\u00e1lico moderado. Ele foi resgatado pela equipe da concession\u00e1ria Triunfo [&hellip;]","og_url":"https:\/\/www.radiomanchester.com.br\/fm\/deputado-antonio-gomide-sofre-acidente-na-br-060\/","og_site_name":"Manchester FM 93,3","article_published_time":"2026-01-06T00:33:20+00:00","article_modified_time":"2026-01-06T00:34:52+00:00","twitter_card":"summary_large_image","twitter_misc":{"Escrito por":"admin","Est. tempo de leitura":"1 minuto"},"schema":{"@context":"https:\/\/schema.org","@graph":[{"@type":"WebSite","@id":"https:\/\/www.radiomanchester.com.br\/fm\/#website","url":"https:\/\/www.radiomanchester.com.br\/fm\/","name":"Manchester FM 93,3","description":"Todo Mundo Ouve!","potentialAction":[{"@type":"SearchAction","target":{"@type":"EntryPoint","urlTemplate":"https:\/\/www.radiomanchester.com.br\/fm\/?s={search_term_string}"},"query-input":"required name=search_term_string"}],"inLanguage":"pt-BR"},{"@type":"WebPage","@id":"https:\/\/www.radiomanchester.com.br\/fm\/deputado-antonio-gomide-sofre-acidente-na-br-060\/#webpage","url":"https:\/\/www.radiomanchester.com.br\/fm\/deputado-antonio-gomide-sofre-acidente-na-br-060\/","name":"Deputado Ant\u00f4nio Gomide sofre acidente na BR-060 - Manchester FM 93,3","isPartOf":{"@id":"https:\/\/www.radiomanchester.com.br\/fm\/#website"},"datePublished":"2026-01-06T00:33:20+00:00","dateModified":"2026-01-06T00:34:52+00:00","author":{"@id":"https:\/\/www.radiomanchester.com.br\/fm\/#\/schema\/person\/408a7b4d4e32cbebd90e2782852abca3"},"breadcrumb":{"@id":"https:\/\/www.radiomanchester.com.br\/fm\/deputado-antonio-gomide-sofre-acidente-na-br-060\/#breadcrumb"},"inLanguage":"pt-BR","potentialAction":[{"@type":"ReadAction","target":["https:\/\/www.radiomanchester.com.br\/fm\/deputado-antonio-gomide-sofre-acidente-na-br-060\/"]}]},{"@type":"BreadcrumbList","@id":"https:\/\/www.radiomanchester.com.br\/fm\/deputado-antonio-gomide-sofre-acidente-na-br-060\/#breadcrumb","itemListElement":[{"@type":"ListItem","position":1,"name":"Home","item":"https:\/\/www.radiomanchester.com.br\/fm\/"},{"@type":"ListItem","position":2,"name":"Deputado Ant\u00f4nio Gomide sofre acidente na BR-060"}]},{"@type":"Person","@id":"https:\/\/www.radiomanchester.com.br\/fm\/#\/schema\/person\/408a7b4d4e32cbebd90e2782852abca3","name":"admin","image":{"@type":"ImageObject","@id":"https:\/\/www.radiomanchester.com.br\/fm\/#personlogo","inLanguage":"pt-BR","url":"https:\/\/secure.gravatar.com\/avatar\/115a974dba3376872eb3addeb276301c?s=96&d=mm&r=g","contentUrl":"https:\/\/secure.gravatar.com\/avatar\/115a974dba3376872eb3addeb276301c?s=96&d=mm&r=g","caption":"admin"},"url":"https:\/\/www.radiomanchester.com.br\/fm\/author\/admin\/"}]}},"_links":{"self":[{"href":"https:\/\/www.radiomanchester.com.br\/fm\/wp-json\/wp\/v2\/posts\/17117"}],"collection":[{"href":"https:\/\/www.radiomanchester.com.br\/fm\/wp-json\/wp\/v2\/posts"}],"about":[{"href":"https:\/\/www.radiomanchester.com.br\/fm\/wp-json\/wp\/v2\/types\/post"}],"author":[{"embeddable":true,"href":"https:\/\/www.radiomanchester.com.br\/fm\/wp-json\/wp\/v2\/users\/1"}],"replies":[{"embeddable":true,"href":"https:\/\/www.radiomanchester.com.br\/fm\/wp-json\/wp\/v2\/comments?post=17117"}],"version-history":[{"count":2,"href":"https:\/\/www.radiomanchester.com.br\/fm\/wp-json\/wp\/v2\/posts\/17117\/revisions"}],"predecessor-version":[{"id":17119,"href":"https:\/\/www.radiomanchester.com.br\/fm\/wp-json\/wp\/v2\/posts\/17117\/revisions\/17119"}],"wp:attachment":[{"href":"https:\/\/www.radiomanchester.com.br\/fm\/wp-json\/wp\/v2\/media?parent=17117"}],"wp:term":[{"taxonomy":"category","embeddable":true,"href":"https:\/\/www.radiomanchester.com.br\/fm\/wp-json\/wp\/v2\/categories?post=17117"},{"taxonomy":"post_tag","embeddable":true,"href":"https:\/\/www.radiomanchester.com.br\/fm\/wp-json\/wp\/v2\/tags?post=17117"}],"curies":[{"name":"wp","href":"https:\/\/api.w.org\/{rel}","templated":true}]}}