{"id":17120,"date":"2026-01-06T07:00:00","date_gmt":"2026-01-06T10:00:00","guid":{"rendered":"https:\/\/www.radiomanchester.com.br\/fm\/?p=17120"},"modified":"2026-01-05T21:45:13","modified_gmt":"2026-01-06T00:45:13","slug":"prefeitura-de-anapolis-abre-periodo-de-matriculas-para-as-escolas-de-artes-teatro-musica-e-danca","status":"publish","type":"post","link":"https:\/\/www.radiomanchester.com.br\/fm\/prefeitura-de-anapolis-abre-periodo-de-matriculas-para-as-escolas-de-artes-teatro-musica-e-danca\/","title":{"rendered":"Prefeitura de An\u00e1polis abre per\u00edodo de matr\u00edculas para as Escolas de Artes, Teatro, M\u00fasica e Dan\u00e7a"},"content":{"rendered":"\n<p><\/p>\n\n\n\n<p>A Prefeitura de An\u00e1polis, por meio da Secretaria Municipal de Cultura e Turismo, inicia em janeiro o per\u00edodo de matr\u00edculas para o ano letivo de 2026 das escolas p\u00fablicas municipais de forma\u00e7\u00e3o art\u00edstica. As inscri\u00e7\u00f5es s\u00e3o presenciais e contemplam a Escola de Artes de An\u00e1polis Oswaldo Verano, a Escola de Teatro de An\u00e1polis Elidia Simonetti, a Escola de M\u00fasica de An\u00e1polis Orestes Farinello e a Escola de Dan\u00e7a Maur\u00edcio Salles.<\/p>\n\n\n\n<p>As unidades oferecem forma\u00e7\u00e3o gratuita em diferentes linguagens art\u00edsticas para crian\u00e7as, jovens e adultos, ampliando o acesso \u00e0 cultura e fortalecendo a produ\u00e7\u00e3o cultural no munic\u00edpio. O in\u00edcio das aulas est\u00e1 previsto para 9 de fevereiro de 2026, em todas as escolas.<\/p>\n\n\n\n<p>Para efetivar a matr\u00edcula, \u00e9 necess\u00e1ria a apresenta\u00e7\u00e3o de c\u00f3pias do RG e do CPF do aluno, al\u00e9m de comprovante de endere\u00e7o atualizado. Para menores de idade, tamb\u00e9m devem ser apresentados os documentos do aluno e do respons\u00e1vel legal. As matr\u00edculas ser\u00e3o confirmadas somente com a entrega completa da documenta\u00e7\u00e3o, dentro dos prazos estabelecidos por cada unidade.<\/p>\n\n\n\n<p>Na Escola de Artes de An\u00e1polis Oswaldo Verano, localizada na Rua 14 de Julho, esquina com a Avenida Goi\u00e1s, no Centro, a rematr\u00edcula de alunos veteranos ocorre de 6 a 9 de janeiro. As inscri\u00e7\u00f5es para novos alunos ser\u00e3o realizadas de 12 a 16 de janeiro, com matr\u00edculas entre 19 e 23 do mesmo m\u00eas. A lista de espera ser\u00e1 divulgada em 26 de janeiro. Informa\u00e7\u00f5es pelo telefone (62) 99179-1649.<\/p>\n\n\n\n<p>A Escola de Teatro de An\u00e1polis Elidia Simonetti, situada na Rua Pereira do Lago, no bairro Jundia\u00ed, realiza a rematr\u00edcula de veteranos de 6 a 9 de janeiro. As matr\u00edculas para novos alunos acontecem entre 12 e 23 de janeiro, com divulga\u00e7\u00e3o da lista de espera no dia 26. Informa\u00e7\u00f5es pelo telefone (62) 3902-1501.<\/p>\n\n\n\n<p>Na Escola de M\u00fasica de An\u00e1polis Orestes Farinello, localizada na Avenida Goi\u00e1s, n\u00ba 1.147, o ingresso ocorre por processo seletivo. A matr\u00edcula dos veteranos acontece de 5 a 9 de janeiro. Para novos alunos, as inscri\u00e7\u00f5es ser\u00e3o realizadas de 12 a 16 de janeiro, seguidas pelo teste de aptid\u00e3o musical entre 19 e 23 de janeiro. O resultado ser\u00e1 divulgado nos dias 28 e 29, com sorteio dos aprovados no dia 30 de janeiro. A matr\u00edcula dos selecionados ocorre de 2 a 6 de fevereiro.<\/p>\n\n\n\n<p>A Escola de M\u00fasica tamb\u00e9m oferece ingresso por prova de n\u00edvel te\u00f3rica, destinada a candidatos com conhecimento musical. As inscri\u00e7\u00f5es ocorrem de 12 a 16 de janeiro, a prova ser\u00e1 aplicada em 3 de fevereiro, com resultado em 4 de fevereiro e matr\u00edcula dos aprovados nos dias 5 e 6 de fevereiro. As aulas tamb\u00e9m come\u00e7am em 9 de fevereiro.<\/p>\n\n\n\n<p>Na Escola de Dan\u00e7a Maur\u00edcio Salles, localizada na Avenida Fayad Hanna, no bairro Cidade Jardim, pr\u00f3ximo \u00e0 Rodovi\u00e1ria, as inscri\u00e7\u00f5es para novos alunos acontecem de 12 a 16 de janeiro, mediante apresenta\u00e7\u00e3o de atestado de aptid\u00e3o f\u00edsica, juntamente com o restante da documenta\u00e7\u00e3o. Os testes de aptid\u00e3o ser\u00e3o realizados entre 19 e 22 de janeiro, com divulga\u00e7\u00e3o dos resultados nos dias 23, 26 e 27. O sorteio ocorrer\u00e1 em 30 de janeiro, e as matr\u00edculas ser\u00e3o realizadas de 2 a 6 de fevereiro.<\/p>\n\n\n\n<p>A Secretaria Municipal de Cultura e Turismo orienta que os interessados procurem diretamente a escola desejada dentro do prazo. As matr\u00edculas integram as a\u00e7\u00f5es permanentes de forma\u00e7\u00e3o cultural do munic\u00edpio, fortalecendo o acesso \u00e0 arte, \u00e0 educa\u00e7\u00e3o e \u00e0 cidadania em An\u00e1polis.<\/p>\n","protected":false},"excerpt":{"rendered":"<p class=\"excerpt\">A Prefeitura de An\u00e1polis, por meio da Secretaria Municipal de Cultura e Turismo, inicia em janeiro o per\u00edodo de matr\u00edculas para o ano letivo de 2026 das escolas p\u00fablicas municipais de forma\u00e7\u00e3o art\u00edstica. As inscri\u00e7\u00f5es s\u00e3o presenciais e contemplam a Escola de Artes de An\u00e1polis Oswaldo Verano, a Escola de Teatro de An\u00e1polis Elidia Simonetti, [&hellip;]<\/p>\n","protected":false},"author":1,"featured_media":0,"comment_status":"open","ping_status":"open","sticky":false,"template":"","format":"standard","meta":[],"categories":[8,17],"tags":[22,24,113,83,129,92],"yoast_head":"<!-- This site is optimized with the Yoast SEO plugin v18.3 - https:\/\/yoast.com\/wordpress\/plugins\/seo\/ -->\n<title>Prefeitura de An\u00e1polis abre per\u00edodo de matr\u00edculas para as Escolas de Artes, Teatro, M\u00fasica e Dan\u00e7a - Manchester FM 93,3<\/title>\n<meta name=\"robots\" content=\"index, follow, max-snippet:-1, max-image-preview:large, max-video-preview:-1\" \/>\n<link rel=\"canonical\" href=\"https:\/\/www.radiomanchester.com.br\/fm\/prefeitura-de-anapolis-abre-periodo-de-matriculas-para-as-escolas-de-artes-teatro-musica-e-danca\/\" \/>\n<meta property=\"og:locale\" content=\"pt_BR\" \/>\n<meta property=\"og:type\" content=\"article\" \/>\n<meta property=\"og:title\" content=\"Prefeitura de An\u00e1polis abre per\u00edodo de matr\u00edculas para as Escolas de Artes, Teatro, M\u00fasica e Dan\u00e7a - Manchester FM 93,3\" \/>\n<meta property=\"og:description\" content=\"A Prefeitura de An\u00e1polis, por meio da Secretaria Municipal de Cultura e Turismo, inicia em janeiro o per\u00edodo de matr\u00edculas para o ano letivo de 2026 das escolas p\u00fablicas municipais de forma\u00e7\u00e3o art\u00edstica. As inscri\u00e7\u00f5es s\u00e3o presenciais e contemplam a Escola de Artes de An\u00e1polis Oswaldo Verano, a Escola de Teatro de An\u00e1polis Elidia Simonetti, [&hellip;]\" \/>\n<meta property=\"og:url\" content=\"https:\/\/www.radiomanchester.com.br\/fm\/prefeitura-de-anapolis-abre-periodo-de-matriculas-para-as-escolas-de-artes-teatro-musica-e-danca\/\" \/>\n<meta property=\"og:site_name\" content=\"Manchester FM 93,3\" \/>\n<meta property=\"article:published_time\" content=\"2026-01-06T10:00:00+00:00\" \/>\n<meta property=\"article:modified_time\" content=\"2026-01-06T00:45:13+00:00\" \/>\n<meta name=\"twitter:card\" content=\"summary_large_image\" \/>\n<meta name=\"twitter:label1\" content=\"Escrito por\" \/>\n\t<meta name=\"twitter:data1\" content=\"admin\" \/>\n\t<meta name=\"twitter:label2\" content=\"Est. tempo de leitura\" \/>\n\t<meta name=\"twitter:data2\" content=\"4 minutos\" \/>\n<script type=\"application\/ld+json\" class=\"yoast-schema-graph\">{\"@context\":\"https:\/\/schema.org\",\"@graph\":[{\"@type\":\"WebSite\",\"@id\":\"https:\/\/www.radiomanchester.com.br\/fm\/#website\",\"url\":\"https:\/\/www.radiomanchester.com.br\/fm\/\",\"name\":\"Manchester FM 93,3\",\"description\":\"Todo Mundo Ouve!\",\"potentialAction\":[{\"@type\":\"SearchAction\",\"target\":{\"@type\":\"EntryPoint\",\"urlTemplate\":\"https:\/\/www.radiomanchester.com.br\/fm\/?s={search_term_string}\"},\"query-input\":\"required name=search_term_string\"}],\"inLanguage\":\"pt-BR\"},{\"@type\":\"WebPage\",\"@id\":\"https:\/\/www.radiomanchester.com.br\/fm\/prefeitura-de-anapolis-abre-periodo-de-matriculas-para-as-escolas-de-artes-teatro-musica-e-danca\/#webpage\",\"url\":\"https:\/\/www.radiomanchester.com.br\/fm\/prefeitura-de-anapolis-abre-periodo-de-matriculas-para-as-escolas-de-artes-teatro-musica-e-danca\/\",\"name\":\"Prefeitura de An\u00e1polis abre per\u00edodo de matr\u00edculas para as Escolas de Artes, Teatro, M\u00fasica e Dan\u00e7a - Manchester FM 93,3\",\"isPartOf\":{\"@id\":\"https:\/\/www.radiomanchester.com.br\/fm\/#website\"},\"datePublished\":\"2026-01-06T10:00:00+00:00\",\"dateModified\":\"2026-01-06T00:45:13+00:00\",\"author\":{\"@id\":\"https:\/\/www.radiomanchester.com.br\/fm\/#\/schema\/person\/408a7b4d4e32cbebd90e2782852abca3\"},\"breadcrumb\":{\"@id\":\"https:\/\/www.radiomanchester.com.br\/fm\/prefeitura-de-anapolis-abre-periodo-de-matriculas-para-as-escolas-de-artes-teatro-musica-e-danca\/#breadcrumb\"},\"inLanguage\":\"pt-BR\",\"potentialAction\":[{\"@type\":\"ReadAction\",\"target\":[\"https:\/\/www.radiomanchester.com.br\/fm\/prefeitura-de-anapolis-abre-periodo-de-matriculas-para-as-escolas-de-artes-teatro-musica-e-danca\/\"]}]},{\"@type\":\"BreadcrumbList\",\"@id\":\"https:\/\/www.radiomanchester.com.br\/fm\/prefeitura-de-anapolis-abre-periodo-de-matriculas-para-as-escolas-de-artes-teatro-musica-e-danca\/#breadcrumb\",\"itemListElement\":[{\"@type\":\"ListItem\",\"position\":1,\"name\":\"Home\",\"item\":\"https:\/\/www.radiomanchester.com.br\/fm\/\"},{\"@type\":\"ListItem\",\"position\":2,\"name\":\"Prefeitura de An\u00e1polis abre per\u00edodo de matr\u00edculas para as Escolas de Artes, Teatro, M\u00fasica e Dan\u00e7a\"}]},{\"@type\":\"Person\",\"@id\":\"https:\/\/www.radiomanchester.com.br\/fm\/#\/schema\/person\/408a7b4d4e32cbebd90e2782852abca3\",\"name\":\"admin\",\"image\":{\"@type\":\"ImageObject\",\"@id\":\"https:\/\/www.radiomanchester.com.br\/fm\/#personlogo\",\"inLanguage\":\"pt-BR\",\"url\":\"https:\/\/secure.gravatar.com\/avatar\/115a974dba3376872eb3addeb276301c?s=96&d=mm&r=g\",\"contentUrl\":\"https:\/\/secure.gravatar.com\/avatar\/115a974dba3376872eb3addeb276301c?s=96&d=mm&r=g\",\"caption\":\"admin\"},\"url\":\"https:\/\/www.radiomanchester.com.br\/fm\/author\/admin\/\"}]}<\/script>\n<!-- \/ Yoast SEO plugin. -->","yoast_head_json":{"title":"Prefeitura de An\u00e1polis abre per\u00edodo de matr\u00edculas para as Escolas de Artes, Teatro, M\u00fasica e Dan\u00e7a - Manchester FM 93,3","robots":{"index":"index","follow":"follow","max-snippet":"max-snippet:-1","max-image-preview":"max-image-preview:large","max-video-preview":"max-video-preview:-1"},"canonical":"https:\/\/www.radiomanchester.com.br\/fm\/prefeitura-de-anapolis-abre-periodo-de-matriculas-para-as-escolas-de-artes-teatro-musica-e-danca\/","og_locale":"pt_BR","og_type":"article","og_title":"Prefeitura de An\u00e1polis abre per\u00edodo de matr\u00edculas para as Escolas de Artes, Teatro, M\u00fasica e Dan\u00e7a - Manchester FM 93,3","og_description":"A Prefeitura de An\u00e1polis, por meio da Secretaria Municipal de Cultura e Turismo, inicia em janeiro o per\u00edodo de matr\u00edculas para o ano letivo de 2026 das escolas p\u00fablicas municipais de forma\u00e7\u00e3o art\u00edstica. As inscri\u00e7\u00f5es s\u00e3o presenciais e contemplam a Escola de Artes de An\u00e1polis Oswaldo Verano, a Escola de Teatro de An\u00e1polis Elidia Simonetti, [&hellip;]","og_url":"https:\/\/www.radiomanchester.com.br\/fm\/prefeitura-de-anapolis-abre-periodo-de-matriculas-para-as-escolas-de-artes-teatro-musica-e-danca\/","og_site_name":"Manchester FM 93,3","article_published_time":"2026-01-06T10:00:00+00:00","article_modified_time":"2026-01-06T00:45:13+00:00","twitter_card":"summary_large_image","twitter_misc":{"Escrito por":"admin","Est. tempo de leitura":"4 minutos"},"schema":{"@context":"https:\/\/schema.org","@graph":[{"@type":"WebSite","@id":"https:\/\/www.radiomanchester.com.br\/fm\/#website","url":"https:\/\/www.radiomanchester.com.br\/fm\/","name":"Manchester FM 93,3","description":"Todo Mundo Ouve!","potentialAction":[{"@type":"SearchAction","target":{"@type":"EntryPoint","urlTemplate":"https:\/\/www.radiomanchester.com.br\/fm\/?s={search_term_string}"},"query-input":"required name=search_term_string"}],"inLanguage":"pt-BR"},{"@type":"WebPage","@id":"https:\/\/www.radiomanchester.com.br\/fm\/prefeitura-de-anapolis-abre-periodo-de-matriculas-para-as-escolas-de-artes-teatro-musica-e-danca\/#webpage","url":"https:\/\/www.radiomanchester.com.br\/fm\/prefeitura-de-anapolis-abre-periodo-de-matriculas-para-as-escolas-de-artes-teatro-musica-e-danca\/","name":"Prefeitura de An\u00e1polis abre per\u00edodo de matr\u00edculas para as Escolas de Artes, Teatro, M\u00fasica e Dan\u00e7a - Manchester FM 93,3","isPartOf":{"@id":"https:\/\/www.radiomanchester.com.br\/fm\/#website"},"datePublished":"2026-01-06T10:00:00+00:00","dateModified":"2026-01-06T00:45:13+00:00","author":{"@id":"https:\/\/www.radiomanchester.com.br\/fm\/#\/schema\/person\/408a7b4d4e32cbebd90e2782852abca3"},"breadcrumb":{"@id":"https:\/\/www.radiomanchester.com.br\/fm\/prefeitura-de-anapolis-abre-periodo-de-matriculas-para-as-escolas-de-artes-teatro-musica-e-danca\/#breadcrumb"},"inLanguage":"pt-BR","potentialAction":[{"@type":"ReadAction","target":["https:\/\/www.radiomanchester.com.br\/fm\/prefeitura-de-anapolis-abre-periodo-de-matriculas-para-as-escolas-de-artes-teatro-musica-e-danca\/"]}]},{"@type":"BreadcrumbList","@id":"https:\/\/www.radiomanchester.com.br\/fm\/prefeitura-de-anapolis-abre-periodo-de-matriculas-para-as-escolas-de-artes-teatro-musica-e-danca\/#breadcrumb","itemListElement":[{"@type":"ListItem","position":1,"name":"Home","item":"https:\/\/www.radiomanchester.com.br\/fm\/"},{"@type":"ListItem","position":2,"name":"Prefeitura de An\u00e1polis abre per\u00edodo de matr\u00edculas para as Escolas de Artes, Teatro, M\u00fasica e Dan\u00e7a"}]},{"@type":"Person","@id":"https:\/\/www.radiomanchester.com.br\/fm\/#\/schema\/person\/408a7b4d4e32cbebd90e2782852abca3","name":"admin","image":{"@type":"ImageObject","@id":"https:\/\/www.radiomanchester.com.br\/fm\/#personlogo","inLanguage":"pt-BR","url":"https:\/\/secure.gravatar.com\/avatar\/115a974dba3376872eb3addeb276301c?s=96&d=mm&r=g","contentUrl":"https:\/\/secure.gravatar.com\/avatar\/115a974dba3376872eb3addeb276301c?s=96&d=mm&r=g","caption":"admin"},"url":"https:\/\/www.radiomanchester.com.br\/fm\/author\/admin\/"}]}},"_links":{"self":[{"href":"https:\/\/www.radiomanchester.com.br\/fm\/wp-json\/wp\/v2\/posts\/17120"}],"collection":[{"href":"https:\/\/www.radiomanchester.com.br\/fm\/wp-json\/wp\/v2\/posts"}],"about":[{"href":"https:\/\/www.radiomanchester.com.br\/fm\/wp-json\/wp\/v2\/types\/post"}],"author":[{"embeddable":true,"href":"https:\/\/www.radiomanchester.com.br\/fm\/wp-json\/wp\/v2\/users\/1"}],"replies":[{"embeddable":true,"href":"https:\/\/www.radiomanchester.com.br\/fm\/wp-json\/wp\/v2\/comments?post=17120"}],"version-history":[{"count":1,"href":"https:\/\/www.radiomanchester.com.br\/fm\/wp-json\/wp\/v2\/posts\/17120\/revisions"}],"predecessor-version":[{"id":17121,"href":"https:\/\/www.radiomanchester.com.br\/fm\/wp-json\/wp\/v2\/posts\/17120\/revisions\/17121"}],"wp:attachment":[{"href":"https:\/\/www.radiomanchester.com.br\/fm\/wp-json\/wp\/v2\/media?parent=17120"}],"wp:term":[{"taxonomy":"category","embeddable":true,"href":"https:\/\/www.radiomanchester.com.br\/fm\/wp-json\/wp\/v2\/categories?post=17120"},{"taxonomy":"post_tag","embeddable":true,"href":"https:\/\/www.radiomanchester.com.br\/fm\/wp-json\/wp\/v2\/tags?post=17120"}],"curies":[{"name":"wp","href":"https:\/\/api.w.org\/{rel}","templated":true}]}}