{"id":17127,"date":"2026-01-07T19:31:58","date_gmt":"2026-01-07T22:31:58","guid":{"rendered":"https:\/\/www.radiomanchester.com.br\/fm\/?p=17127"},"modified":"2026-01-07T19:32:02","modified_gmt":"2026-01-07T22:32:02","slug":"prefeitura-de-anapolis-abre-inscricoes-para-curso-gratuito-de-frances-na-biblioteca-municipal-zeca-batista","status":"publish","type":"post","link":"https:\/\/www.radiomanchester.com.br\/fm\/prefeitura-de-anapolis-abre-inscricoes-para-curso-gratuito-de-frances-na-biblioteca-municipal-zeca-batista\/","title":{"rendered":"Prefeitura de An\u00e1polis abre inscri\u00e7\u00f5es para curso gratuito de franc\u00eas na Biblioteca Municipal Zeca Batista"},"content":{"rendered":"\n<p>A Prefeitura de An\u00e1polis, por meio da Secretaria Municipal de Cultura e Turismo, est\u00e1 com inscri\u00e7\u00f5es abertas para o curso gratuito de franc\u00eas oferecido na Biblioteca Municipal Zeca Batista, localizada na Pra\u00e7a Americano do Brasil, no Setor Central. A iniciativa \u00e9 voltada \u00e0 comunidade anapolina e tem como objetivo ampliar o acesso ao ensino de idiomas e fortalecer a\u00e7\u00f5es culturais e educativas no munic\u00edpio.<\/p>\n\n\n\n<p>O curso ser\u00e1 ofertado em duas turmas presenciais, com aulas semanais e vagas limitadas. A turma iniciante A1.1 ter\u00e1 aulas \u00e0s segundas-feiras, das 13h \u00e0s 14h, com in\u00edcio no dia 23 de fevereiro. J\u00e1 a turma de franc\u00eas intermedi\u00e1rio A2.2 ter\u00e1 aulas \u00e0s quartas-feiras, das 15h \u00e0s 16h, com in\u00edcio no dia 25 de fevereiro. Ao todo, s\u00e3o 20 vagas por turma, e as inscri\u00e7\u00f5es ser\u00e3o encerradas assim que as vagas forem preenchidas.<\/p>\n\n\n\n<p>As inscri\u00e7\u00f5es devem ser realizadas presencialmente, diretamente na Biblioteca Municipal Zeca Batista. Para participar, \u00e9 necess\u00e1rio ter idade m\u00ednima de 15 anos e apresentar RG, CPF e comprovante de endere\u00e7o no momento da inscri\u00e7\u00e3o.<\/p>\n\n\n\n<p>O curso \u00e9 totalmente gratuito e tem como foco o ensino das no\u00e7\u00f5es b\u00e1sicas e intermedi\u00e1rias da l\u00edngua francesa, al\u00e9m de aspectos culturais ligados \u00e0 francofonia. A proposta \u00e9 oferecer aos participantes uma experi\u00eancia de aprendizado acess\u00edvel, contribuindo para a amplia\u00e7\u00e3o do repert\u00f3rio cultural, educacional e profissional dos alunos.<\/p>\n","protected":false},"excerpt":{"rendered":"<p class=\"excerpt\">A Prefeitura de An\u00e1polis, por meio da Secretaria Municipal de Cultura e Turismo, est\u00e1 com inscri\u00e7\u00f5es abertas para o curso gratuito de franc\u00eas oferecido na Biblioteca Municipal Zeca Batista, localizada na Pra\u00e7a Americano do Brasil, no Setor Central. A iniciativa \u00e9 voltada \u00e0 comunidade anapolina e tem como objetivo ampliar o acesso ao ensino de [&hellip;]<\/p>\n","protected":false},"author":1,"featured_media":0,"comment_status":"open","ping_status":"open","sticky":false,"template":"","format":"standard","meta":[],"categories":[8,17],"tags":[22,24,113,83,129,92],"yoast_head":"<!-- This site is optimized with the Yoast SEO plugin v18.3 - https:\/\/yoast.com\/wordpress\/plugins\/seo\/ -->\n<title>Prefeitura de An\u00e1polis abre inscri\u00e7\u00f5es para curso gratuito de franc\u00eas na Biblioteca Municipal Zeca Batista - Manchester FM 93,3<\/title>\n<meta name=\"robots\" content=\"index, follow, max-snippet:-1, max-image-preview:large, max-video-preview:-1\" \/>\n<link rel=\"canonical\" href=\"https:\/\/www.radiomanchester.com.br\/fm\/prefeitura-de-anapolis-abre-inscricoes-para-curso-gratuito-de-frances-na-biblioteca-municipal-zeca-batista\/\" \/>\n<meta property=\"og:locale\" content=\"pt_BR\" \/>\n<meta property=\"og:type\" content=\"article\" \/>\n<meta property=\"og:title\" content=\"Prefeitura de An\u00e1polis abre inscri\u00e7\u00f5es para curso gratuito de franc\u00eas na Biblioteca Municipal Zeca Batista - Manchester FM 93,3\" \/>\n<meta property=\"og:description\" content=\"A Prefeitura de An\u00e1polis, por meio da Secretaria Municipal de Cultura e Turismo, est\u00e1 com inscri\u00e7\u00f5es abertas para o curso gratuito de franc\u00eas oferecido na Biblioteca Municipal Zeca Batista, localizada na Pra\u00e7a Americano do Brasil, no Setor Central. A iniciativa \u00e9 voltada \u00e0 comunidade anapolina e tem como objetivo ampliar o acesso ao ensino de [&hellip;]\" \/>\n<meta property=\"og:url\" content=\"https:\/\/www.radiomanchester.com.br\/fm\/prefeitura-de-anapolis-abre-inscricoes-para-curso-gratuito-de-frances-na-biblioteca-municipal-zeca-batista\/\" \/>\n<meta property=\"og:site_name\" content=\"Manchester FM 93,3\" \/>\n<meta property=\"article:published_time\" content=\"2026-01-07T22:31:58+00:00\" \/>\n<meta property=\"article:modified_time\" content=\"2026-01-07T22:32:02+00:00\" \/>\n<meta name=\"twitter:card\" content=\"summary_large_image\" \/>\n<meta name=\"twitter:label1\" content=\"Escrito por\" \/>\n\t<meta name=\"twitter:data1\" content=\"admin\" \/>\n\t<meta name=\"twitter:label2\" content=\"Est. tempo de leitura\" \/>\n\t<meta name=\"twitter:data2\" content=\"2 minutos\" \/>\n<script type=\"application\/ld+json\" class=\"yoast-schema-graph\">{\"@context\":\"https:\/\/schema.org\",\"@graph\":[{\"@type\":\"WebSite\",\"@id\":\"https:\/\/www.radiomanchester.com.br\/fm\/#website\",\"url\":\"https:\/\/www.radiomanchester.com.br\/fm\/\",\"name\":\"Manchester FM 93,3\",\"description\":\"Todo Mundo Ouve!\",\"potentialAction\":[{\"@type\":\"SearchAction\",\"target\":{\"@type\":\"EntryPoint\",\"urlTemplate\":\"https:\/\/www.radiomanchester.com.br\/fm\/?s={search_term_string}\"},\"query-input\":\"required name=search_term_string\"}],\"inLanguage\":\"pt-BR\"},{\"@type\":\"WebPage\",\"@id\":\"https:\/\/www.radiomanchester.com.br\/fm\/prefeitura-de-anapolis-abre-inscricoes-para-curso-gratuito-de-frances-na-biblioteca-municipal-zeca-batista\/#webpage\",\"url\":\"https:\/\/www.radiomanchester.com.br\/fm\/prefeitura-de-anapolis-abre-inscricoes-para-curso-gratuito-de-frances-na-biblioteca-municipal-zeca-batista\/\",\"name\":\"Prefeitura de An\u00e1polis abre inscri\u00e7\u00f5es para curso gratuito de franc\u00eas na Biblioteca Municipal Zeca Batista - Manchester FM 93,3\",\"isPartOf\":{\"@id\":\"https:\/\/www.radiomanchester.com.br\/fm\/#website\"},\"datePublished\":\"2026-01-07T22:31:58+00:00\",\"dateModified\":\"2026-01-07T22:32:02+00:00\",\"author\":{\"@id\":\"https:\/\/www.radiomanchester.com.br\/fm\/#\/schema\/person\/408a7b4d4e32cbebd90e2782852abca3\"},\"breadcrumb\":{\"@id\":\"https:\/\/www.radiomanchester.com.br\/fm\/prefeitura-de-anapolis-abre-inscricoes-para-curso-gratuito-de-frances-na-biblioteca-municipal-zeca-batista\/#breadcrumb\"},\"inLanguage\":\"pt-BR\",\"potentialAction\":[{\"@type\":\"ReadAction\",\"target\":[\"https:\/\/www.radiomanchester.com.br\/fm\/prefeitura-de-anapolis-abre-inscricoes-para-curso-gratuito-de-frances-na-biblioteca-municipal-zeca-batista\/\"]}]},{\"@type\":\"BreadcrumbList\",\"@id\":\"https:\/\/www.radiomanchester.com.br\/fm\/prefeitura-de-anapolis-abre-inscricoes-para-curso-gratuito-de-frances-na-biblioteca-municipal-zeca-batista\/#breadcrumb\",\"itemListElement\":[{\"@type\":\"ListItem\",\"position\":1,\"name\":\"Home\",\"item\":\"https:\/\/www.radiomanchester.com.br\/fm\/\"},{\"@type\":\"ListItem\",\"position\":2,\"name\":\"Prefeitura de An\u00e1polis abre inscri\u00e7\u00f5es para curso gratuito de franc\u00eas na Biblioteca Municipal Zeca Batista\"}]},{\"@type\":\"Person\",\"@id\":\"https:\/\/www.radiomanchester.com.br\/fm\/#\/schema\/person\/408a7b4d4e32cbebd90e2782852abca3\",\"name\":\"admin\",\"image\":{\"@type\":\"ImageObject\",\"@id\":\"https:\/\/www.radiomanchester.com.br\/fm\/#personlogo\",\"inLanguage\":\"pt-BR\",\"url\":\"https:\/\/secure.gravatar.com\/avatar\/115a974dba3376872eb3addeb276301c?s=96&d=mm&r=g\",\"contentUrl\":\"https:\/\/secure.gravatar.com\/avatar\/115a974dba3376872eb3addeb276301c?s=96&d=mm&r=g\",\"caption\":\"admin\"},\"url\":\"https:\/\/www.radiomanchester.com.br\/fm\/author\/admin\/\"}]}<\/script>\n<!-- \/ Yoast SEO plugin. -->","yoast_head_json":{"title":"Prefeitura de An\u00e1polis abre inscri\u00e7\u00f5es para curso gratuito de franc\u00eas na Biblioteca Municipal Zeca Batista - Manchester FM 93,3","robots":{"index":"index","follow":"follow","max-snippet":"max-snippet:-1","max-image-preview":"max-image-preview:large","max-video-preview":"max-video-preview:-1"},"canonical":"https:\/\/www.radiomanchester.com.br\/fm\/prefeitura-de-anapolis-abre-inscricoes-para-curso-gratuito-de-frances-na-biblioteca-municipal-zeca-batista\/","og_locale":"pt_BR","og_type":"article","og_title":"Prefeitura de An\u00e1polis abre inscri\u00e7\u00f5es para curso gratuito de franc\u00eas na Biblioteca Municipal Zeca Batista - Manchester FM 93,3","og_description":"A Prefeitura de An\u00e1polis, por meio da Secretaria Municipal de Cultura e Turismo, est\u00e1 com inscri\u00e7\u00f5es abertas para o curso gratuito de franc\u00eas oferecido na Biblioteca Municipal Zeca Batista, localizada na Pra\u00e7a Americano do Brasil, no Setor Central. A iniciativa \u00e9 voltada \u00e0 comunidade anapolina e tem como objetivo ampliar o acesso ao ensino de [&hellip;]","og_url":"https:\/\/www.radiomanchester.com.br\/fm\/prefeitura-de-anapolis-abre-inscricoes-para-curso-gratuito-de-frances-na-biblioteca-municipal-zeca-batista\/","og_site_name":"Manchester FM 93,3","article_published_time":"2026-01-07T22:31:58+00:00","article_modified_time":"2026-01-07T22:32:02+00:00","twitter_card":"summary_large_image","twitter_misc":{"Escrito por":"admin","Est. tempo de leitura":"2 minutos"},"schema":{"@context":"https:\/\/schema.org","@graph":[{"@type":"WebSite","@id":"https:\/\/www.radiomanchester.com.br\/fm\/#website","url":"https:\/\/www.radiomanchester.com.br\/fm\/","name":"Manchester FM 93,3","description":"Todo Mundo Ouve!","potentialAction":[{"@type":"SearchAction","target":{"@type":"EntryPoint","urlTemplate":"https:\/\/www.radiomanchester.com.br\/fm\/?s={search_term_string}"},"query-input":"required name=search_term_string"}],"inLanguage":"pt-BR"},{"@type":"WebPage","@id":"https:\/\/www.radiomanchester.com.br\/fm\/prefeitura-de-anapolis-abre-inscricoes-para-curso-gratuito-de-frances-na-biblioteca-municipal-zeca-batista\/#webpage","url":"https:\/\/www.radiomanchester.com.br\/fm\/prefeitura-de-anapolis-abre-inscricoes-para-curso-gratuito-de-frances-na-biblioteca-municipal-zeca-batista\/","name":"Prefeitura de An\u00e1polis abre inscri\u00e7\u00f5es para curso gratuito de franc\u00eas na Biblioteca Municipal Zeca Batista - Manchester FM 93,3","isPartOf":{"@id":"https:\/\/www.radiomanchester.com.br\/fm\/#website"},"datePublished":"2026-01-07T22:31:58+00:00","dateModified":"2026-01-07T22:32:02+00:00","author":{"@id":"https:\/\/www.radiomanchester.com.br\/fm\/#\/schema\/person\/408a7b4d4e32cbebd90e2782852abca3"},"breadcrumb":{"@id":"https:\/\/www.radiomanchester.com.br\/fm\/prefeitura-de-anapolis-abre-inscricoes-para-curso-gratuito-de-frances-na-biblioteca-municipal-zeca-batista\/#breadcrumb"},"inLanguage":"pt-BR","potentialAction":[{"@type":"ReadAction","target":["https:\/\/www.radiomanchester.com.br\/fm\/prefeitura-de-anapolis-abre-inscricoes-para-curso-gratuito-de-frances-na-biblioteca-municipal-zeca-batista\/"]}]},{"@type":"BreadcrumbList","@id":"https:\/\/www.radiomanchester.com.br\/fm\/prefeitura-de-anapolis-abre-inscricoes-para-curso-gratuito-de-frances-na-biblioteca-municipal-zeca-batista\/#breadcrumb","itemListElement":[{"@type":"ListItem","position":1,"name":"Home","item":"https:\/\/www.radiomanchester.com.br\/fm\/"},{"@type":"ListItem","position":2,"name":"Prefeitura de An\u00e1polis abre inscri\u00e7\u00f5es para curso gratuito de franc\u00eas na Biblioteca Municipal Zeca Batista"}]},{"@type":"Person","@id":"https:\/\/www.radiomanchester.com.br\/fm\/#\/schema\/person\/408a7b4d4e32cbebd90e2782852abca3","name":"admin","image":{"@type":"ImageObject","@id":"https:\/\/www.radiomanchester.com.br\/fm\/#personlogo","inLanguage":"pt-BR","url":"https:\/\/secure.gravatar.com\/avatar\/115a974dba3376872eb3addeb276301c?s=96&d=mm&r=g","contentUrl":"https:\/\/secure.gravatar.com\/avatar\/115a974dba3376872eb3addeb276301c?s=96&d=mm&r=g","caption":"admin"},"url":"https:\/\/www.radiomanchester.com.br\/fm\/author\/admin\/"}]}},"_links":{"self":[{"href":"https:\/\/www.radiomanchester.com.br\/fm\/wp-json\/wp\/v2\/posts\/17127"}],"collection":[{"href":"https:\/\/www.radiomanchester.com.br\/fm\/wp-json\/wp\/v2\/posts"}],"about":[{"href":"https:\/\/www.radiomanchester.com.br\/fm\/wp-json\/wp\/v2\/types\/post"}],"author":[{"embeddable":true,"href":"https:\/\/www.radiomanchester.com.br\/fm\/wp-json\/wp\/v2\/users\/1"}],"replies":[{"embeddable":true,"href":"https:\/\/www.radiomanchester.com.br\/fm\/wp-json\/wp\/v2\/comments?post=17127"}],"version-history":[{"count":1,"href":"https:\/\/www.radiomanchester.com.br\/fm\/wp-json\/wp\/v2\/posts\/17127\/revisions"}],"predecessor-version":[{"id":17128,"href":"https:\/\/www.radiomanchester.com.br\/fm\/wp-json\/wp\/v2\/posts\/17127\/revisions\/17128"}],"wp:attachment":[{"href":"https:\/\/www.radiomanchester.com.br\/fm\/wp-json\/wp\/v2\/media?parent=17127"}],"wp:term":[{"taxonomy":"category","embeddable":true,"href":"https:\/\/www.radiomanchester.com.br\/fm\/wp-json\/wp\/v2\/categories?post=17127"},{"taxonomy":"post_tag","embeddable":true,"href":"https:\/\/www.radiomanchester.com.br\/fm\/wp-json\/wp\/v2\/tags?post=17127"}],"curies":[{"name":"wp","href":"https:\/\/api.w.org\/{rel}","templated":true}]}}