{"id":17136,"date":"2026-01-08T21:15:11","date_gmt":"2026-01-09T00:15:11","guid":{"rendered":"https:\/\/www.radiomanchester.com.br\/fm\/?p=17136"},"modified":"2026-01-08T21:15:13","modified_gmt":"2026-01-09T00:15:13","slug":"prefeitura-de-anapolis-abre-inscricoes-para-aulas-gratuitas-no-ceu-do-jardim-alvorada","status":"publish","type":"post","link":"https:\/\/www.radiomanchester.com.br\/fm\/prefeitura-de-anapolis-abre-inscricoes-para-aulas-gratuitas-no-ceu-do-jardim-alvorada\/","title":{"rendered":"Prefeitura de An\u00e1polis abre inscri\u00e7\u00f5es para aulas gratuitas no CEU do Jardim Alvorada"},"content":{"rendered":"\n<p>A Prefeitura de An\u00e1polis, por meio da Secretaria Municipal de Cultura e Turismo, est\u00e1 com inscri\u00e7\u00f5es abertas para aulas gratuitas de Artes Pl\u00e1sticas, M\u00fasica e Dan\u00e7a no Centro de Artes e Esportes Unificados (CEU) do bairro Jardim Alvorada. A iniciativa amplia o acesso da comunidade \u00e0 forma\u00e7\u00e3o art\u00edstica e cultural, promovendo inclus\u00e3o e valoriza\u00e7\u00e3o da arte no munic\u00edpio.<\/p>\n\n\n\n<p>As inscri\u00e7\u00f5es acontecem at\u00e9 30 de janeiro, e o in\u00edcio das aulas para as novas turmas est\u00e1 previsto para o dia 2 de fevereiro. As atividades s\u00e3o presenciais e realizadas no CEU do Jardim Alvorada, localizado na Pra\u00e7a Sol Nascente, n\u00ba 195, no bairro Jardim Alvorada.<\/p>\n\n\n\n<p>Na \u00e1rea de m\u00fasica, s\u00e3o oferecidas aulas de inicia\u00e7\u00e3o musical em viol\u00e3o, para alunos a partir de 8 anos, \u00e0s quartas e sextas-feiras, \u00e0s 9h; inicia\u00e7\u00e3o musical em violoncelo, \u00e0s segundas e quintas-feiras, tamb\u00e9m \u00e0s 9h; e inicia\u00e7\u00e3o musical em teclado, com aulas \u00e0s ter\u00e7as-feiras, \u00e0s 9h, e \u00e0s ter\u00e7as e quintas-feiras, \u00e0s 14h.<\/p>\n\n\n\n<p>A programa\u00e7\u00e3o de dan\u00e7a inclui fit dance infantil, para crian\u00e7as de 2 a 12 anos, com aulas \u00e0s ter\u00e7as e quintas-feiras, das 9h30 \u00e0s 17h, al\u00e9m de fit dance adulto, nos mesmos dias, das 10h30 \u00e0s 18h. Tamb\u00e9m s\u00e3o ofertadas aulas de ballet cl\u00e1ssico infantil, para crian\u00e7as a partir de 6 anos, \u00e0s segundas e quartas-feiras, das 10h \u00e0s 15h.<\/p>\n\n\n\n<p>Em artes pl\u00e1sticas, as aulas de inicia\u00e7\u00e3o art\u00edstica s\u00e3o voltadas a participantes a partir de 9 anos e acontecem \u00e0s segundas-feiras, \u00e0s 14h, proporcionando o primeiro contato com t\u00e9cnicas e processos criativos.<\/p>\n\n\n\n<p>Para a inscri\u00e7\u00e3o, \u00e9 necess\u00e1rio apresentar RG, CPF, foto e documenta\u00e7\u00e3o do respons\u00e1vel legal, no caso de menores de idade. Para as aulas de dan\u00e7a, tamb\u00e9m \u00e9 exigido exame de aptid\u00e3o f\u00edsica. As vagas s\u00e3o limitadas.<\/p>\n\n\n\n<p>As aulas integram as a\u00e7\u00f5es permanentes da Secretaria Municipal de Cultura e Turismo voltadas \u00e0 promo\u00e7\u00e3o do aprendizado, da express\u00e3o art\u00edstica e do desenvolvimento cultural de crian\u00e7as, jovens e adultos da comunidade.<\/p>\n","protected":false},"excerpt":{"rendered":"<p class=\"excerpt\">A Prefeitura de An\u00e1polis, por meio da Secretaria Municipal de Cultura e Turismo, est\u00e1 com inscri\u00e7\u00f5es abertas para aulas gratuitas de Artes Pl\u00e1sticas, M\u00fasica e Dan\u00e7a no Centro de Artes e Esportes Unificados (CEU) do bairro Jardim Alvorada. A iniciativa amplia o acesso da comunidade \u00e0 forma\u00e7\u00e3o art\u00edstica e cultural, promovendo inclus\u00e3o e valoriza\u00e7\u00e3o da [&hellip;]<\/p>\n","protected":false},"author":1,"featured_media":0,"comment_status":"open","ping_status":"open","sticky":false,"template":"","format":"standard","meta":[],"categories":[8,17],"tags":[22,24,113,83,129,92],"yoast_head":"<!-- This site is optimized with the Yoast SEO plugin v18.3 - https:\/\/yoast.com\/wordpress\/plugins\/seo\/ -->\n<title>Prefeitura de An\u00e1polis abre inscri\u00e7\u00f5es para aulas gratuitas no CEU do Jardim Alvorada - Manchester FM 93,3<\/title>\n<meta name=\"robots\" content=\"index, follow, max-snippet:-1, max-image-preview:large, max-video-preview:-1\" \/>\n<link rel=\"canonical\" href=\"https:\/\/www.radiomanchester.com.br\/fm\/prefeitura-de-anapolis-abre-inscricoes-para-aulas-gratuitas-no-ceu-do-jardim-alvorada\/\" \/>\n<meta property=\"og:locale\" content=\"pt_BR\" \/>\n<meta property=\"og:type\" content=\"article\" \/>\n<meta property=\"og:title\" content=\"Prefeitura de An\u00e1polis abre inscri\u00e7\u00f5es para aulas gratuitas no CEU do Jardim Alvorada - Manchester FM 93,3\" \/>\n<meta property=\"og:description\" content=\"A Prefeitura de An\u00e1polis, por meio da Secretaria Municipal de Cultura e Turismo, est\u00e1 com inscri\u00e7\u00f5es abertas para aulas gratuitas de Artes Pl\u00e1sticas, M\u00fasica e Dan\u00e7a no Centro de Artes e Esportes Unificados (CEU) do bairro Jardim Alvorada. A iniciativa amplia o acesso da comunidade \u00e0 forma\u00e7\u00e3o art\u00edstica e cultural, promovendo inclus\u00e3o e valoriza\u00e7\u00e3o da [&hellip;]\" \/>\n<meta property=\"og:url\" content=\"https:\/\/www.radiomanchester.com.br\/fm\/prefeitura-de-anapolis-abre-inscricoes-para-aulas-gratuitas-no-ceu-do-jardim-alvorada\/\" \/>\n<meta property=\"og:site_name\" content=\"Manchester FM 93,3\" \/>\n<meta property=\"article:published_time\" content=\"2026-01-09T00:15:11+00:00\" \/>\n<meta property=\"article:modified_time\" content=\"2026-01-09T00:15:13+00:00\" \/>\n<meta name=\"twitter:card\" content=\"summary_large_image\" \/>\n<meta name=\"twitter:label1\" content=\"Escrito por\" \/>\n\t<meta name=\"twitter:data1\" content=\"admin\" \/>\n\t<meta name=\"twitter:label2\" content=\"Est. tempo de leitura\" \/>\n\t<meta name=\"twitter:data2\" content=\"2 minutos\" \/>\n<script type=\"application\/ld+json\" class=\"yoast-schema-graph\">{\"@context\":\"https:\/\/schema.org\",\"@graph\":[{\"@type\":\"WebSite\",\"@id\":\"https:\/\/www.radiomanchester.com.br\/fm\/#website\",\"url\":\"https:\/\/www.radiomanchester.com.br\/fm\/\",\"name\":\"Manchester FM 93,3\",\"description\":\"Todo Mundo Ouve!\",\"potentialAction\":[{\"@type\":\"SearchAction\",\"target\":{\"@type\":\"EntryPoint\",\"urlTemplate\":\"https:\/\/www.radiomanchester.com.br\/fm\/?s={search_term_string}\"},\"query-input\":\"required name=search_term_string\"}],\"inLanguage\":\"pt-BR\"},{\"@type\":\"WebPage\",\"@id\":\"https:\/\/www.radiomanchester.com.br\/fm\/prefeitura-de-anapolis-abre-inscricoes-para-aulas-gratuitas-no-ceu-do-jardim-alvorada\/#webpage\",\"url\":\"https:\/\/www.radiomanchester.com.br\/fm\/prefeitura-de-anapolis-abre-inscricoes-para-aulas-gratuitas-no-ceu-do-jardim-alvorada\/\",\"name\":\"Prefeitura de An\u00e1polis abre inscri\u00e7\u00f5es para aulas gratuitas no CEU do Jardim Alvorada - Manchester FM 93,3\",\"isPartOf\":{\"@id\":\"https:\/\/www.radiomanchester.com.br\/fm\/#website\"},\"datePublished\":\"2026-01-09T00:15:11+00:00\",\"dateModified\":\"2026-01-09T00:15:13+00:00\",\"author\":{\"@id\":\"https:\/\/www.radiomanchester.com.br\/fm\/#\/schema\/person\/408a7b4d4e32cbebd90e2782852abca3\"},\"breadcrumb\":{\"@id\":\"https:\/\/www.radiomanchester.com.br\/fm\/prefeitura-de-anapolis-abre-inscricoes-para-aulas-gratuitas-no-ceu-do-jardim-alvorada\/#breadcrumb\"},\"inLanguage\":\"pt-BR\",\"potentialAction\":[{\"@type\":\"ReadAction\",\"target\":[\"https:\/\/www.radiomanchester.com.br\/fm\/prefeitura-de-anapolis-abre-inscricoes-para-aulas-gratuitas-no-ceu-do-jardim-alvorada\/\"]}]},{\"@type\":\"BreadcrumbList\",\"@id\":\"https:\/\/www.radiomanchester.com.br\/fm\/prefeitura-de-anapolis-abre-inscricoes-para-aulas-gratuitas-no-ceu-do-jardim-alvorada\/#breadcrumb\",\"itemListElement\":[{\"@type\":\"ListItem\",\"position\":1,\"name\":\"Home\",\"item\":\"https:\/\/www.radiomanchester.com.br\/fm\/\"},{\"@type\":\"ListItem\",\"position\":2,\"name\":\"Prefeitura de An\u00e1polis abre inscri\u00e7\u00f5es para aulas gratuitas no CEU do Jardim Alvorada\"}]},{\"@type\":\"Person\",\"@id\":\"https:\/\/www.radiomanchester.com.br\/fm\/#\/schema\/person\/408a7b4d4e32cbebd90e2782852abca3\",\"name\":\"admin\",\"image\":{\"@type\":\"ImageObject\",\"@id\":\"https:\/\/www.radiomanchester.com.br\/fm\/#personlogo\",\"inLanguage\":\"pt-BR\",\"url\":\"https:\/\/secure.gravatar.com\/avatar\/115a974dba3376872eb3addeb276301c?s=96&d=mm&r=g\",\"contentUrl\":\"https:\/\/secure.gravatar.com\/avatar\/115a974dba3376872eb3addeb276301c?s=96&d=mm&r=g\",\"caption\":\"admin\"},\"url\":\"https:\/\/www.radiomanchester.com.br\/fm\/author\/admin\/\"}]}<\/script>\n<!-- \/ Yoast SEO plugin. -->","yoast_head_json":{"title":"Prefeitura de An\u00e1polis abre inscri\u00e7\u00f5es para aulas gratuitas no CEU do Jardim Alvorada - Manchester FM 93,3","robots":{"index":"index","follow":"follow","max-snippet":"max-snippet:-1","max-image-preview":"max-image-preview:large","max-video-preview":"max-video-preview:-1"},"canonical":"https:\/\/www.radiomanchester.com.br\/fm\/prefeitura-de-anapolis-abre-inscricoes-para-aulas-gratuitas-no-ceu-do-jardim-alvorada\/","og_locale":"pt_BR","og_type":"article","og_title":"Prefeitura de An\u00e1polis abre inscri\u00e7\u00f5es para aulas gratuitas no CEU do Jardim Alvorada - Manchester FM 93,3","og_description":"A Prefeitura de An\u00e1polis, por meio da Secretaria Municipal de Cultura e Turismo, est\u00e1 com inscri\u00e7\u00f5es abertas para aulas gratuitas de Artes Pl\u00e1sticas, M\u00fasica e Dan\u00e7a no Centro de Artes e Esportes Unificados (CEU) do bairro Jardim Alvorada. A iniciativa amplia o acesso da comunidade \u00e0 forma\u00e7\u00e3o art\u00edstica e cultural, promovendo inclus\u00e3o e valoriza\u00e7\u00e3o da [&hellip;]","og_url":"https:\/\/www.radiomanchester.com.br\/fm\/prefeitura-de-anapolis-abre-inscricoes-para-aulas-gratuitas-no-ceu-do-jardim-alvorada\/","og_site_name":"Manchester FM 93,3","article_published_time":"2026-01-09T00:15:11+00:00","article_modified_time":"2026-01-09T00:15:13+00:00","twitter_card":"summary_large_image","twitter_misc":{"Escrito por":"admin","Est. tempo de leitura":"2 minutos"},"schema":{"@context":"https:\/\/schema.org","@graph":[{"@type":"WebSite","@id":"https:\/\/www.radiomanchester.com.br\/fm\/#website","url":"https:\/\/www.radiomanchester.com.br\/fm\/","name":"Manchester FM 93,3","description":"Todo Mundo Ouve!","potentialAction":[{"@type":"SearchAction","target":{"@type":"EntryPoint","urlTemplate":"https:\/\/www.radiomanchester.com.br\/fm\/?s={search_term_string}"},"query-input":"required name=search_term_string"}],"inLanguage":"pt-BR"},{"@type":"WebPage","@id":"https:\/\/www.radiomanchester.com.br\/fm\/prefeitura-de-anapolis-abre-inscricoes-para-aulas-gratuitas-no-ceu-do-jardim-alvorada\/#webpage","url":"https:\/\/www.radiomanchester.com.br\/fm\/prefeitura-de-anapolis-abre-inscricoes-para-aulas-gratuitas-no-ceu-do-jardim-alvorada\/","name":"Prefeitura de An\u00e1polis abre inscri\u00e7\u00f5es para aulas gratuitas no CEU do Jardim Alvorada - Manchester FM 93,3","isPartOf":{"@id":"https:\/\/www.radiomanchester.com.br\/fm\/#website"},"datePublished":"2026-01-09T00:15:11+00:00","dateModified":"2026-01-09T00:15:13+00:00","author":{"@id":"https:\/\/www.radiomanchester.com.br\/fm\/#\/schema\/person\/408a7b4d4e32cbebd90e2782852abca3"},"breadcrumb":{"@id":"https:\/\/www.radiomanchester.com.br\/fm\/prefeitura-de-anapolis-abre-inscricoes-para-aulas-gratuitas-no-ceu-do-jardim-alvorada\/#breadcrumb"},"inLanguage":"pt-BR","potentialAction":[{"@type":"ReadAction","target":["https:\/\/www.radiomanchester.com.br\/fm\/prefeitura-de-anapolis-abre-inscricoes-para-aulas-gratuitas-no-ceu-do-jardim-alvorada\/"]}]},{"@type":"BreadcrumbList","@id":"https:\/\/www.radiomanchester.com.br\/fm\/prefeitura-de-anapolis-abre-inscricoes-para-aulas-gratuitas-no-ceu-do-jardim-alvorada\/#breadcrumb","itemListElement":[{"@type":"ListItem","position":1,"name":"Home","item":"https:\/\/www.radiomanchester.com.br\/fm\/"},{"@type":"ListItem","position":2,"name":"Prefeitura de An\u00e1polis abre inscri\u00e7\u00f5es para aulas gratuitas no CEU do Jardim Alvorada"}]},{"@type":"Person","@id":"https:\/\/www.radiomanchester.com.br\/fm\/#\/schema\/person\/408a7b4d4e32cbebd90e2782852abca3","name":"admin","image":{"@type":"ImageObject","@id":"https:\/\/www.radiomanchester.com.br\/fm\/#personlogo","inLanguage":"pt-BR","url":"https:\/\/secure.gravatar.com\/avatar\/115a974dba3376872eb3addeb276301c?s=96&d=mm&r=g","contentUrl":"https:\/\/secure.gravatar.com\/avatar\/115a974dba3376872eb3addeb276301c?s=96&d=mm&r=g","caption":"admin"},"url":"https:\/\/www.radiomanchester.com.br\/fm\/author\/admin\/"}]}},"_links":{"self":[{"href":"https:\/\/www.radiomanchester.com.br\/fm\/wp-json\/wp\/v2\/posts\/17136"}],"collection":[{"href":"https:\/\/www.radiomanchester.com.br\/fm\/wp-json\/wp\/v2\/posts"}],"about":[{"href":"https:\/\/www.radiomanchester.com.br\/fm\/wp-json\/wp\/v2\/types\/post"}],"author":[{"embeddable":true,"href":"https:\/\/www.radiomanchester.com.br\/fm\/wp-json\/wp\/v2\/users\/1"}],"replies":[{"embeddable":true,"href":"https:\/\/www.radiomanchester.com.br\/fm\/wp-json\/wp\/v2\/comments?post=17136"}],"version-history":[{"count":1,"href":"https:\/\/www.radiomanchester.com.br\/fm\/wp-json\/wp\/v2\/posts\/17136\/revisions"}],"predecessor-version":[{"id":17137,"href":"https:\/\/www.radiomanchester.com.br\/fm\/wp-json\/wp\/v2\/posts\/17136\/revisions\/17137"}],"wp:attachment":[{"href":"https:\/\/www.radiomanchester.com.br\/fm\/wp-json\/wp\/v2\/media?parent=17136"}],"wp:term":[{"taxonomy":"category","embeddable":true,"href":"https:\/\/www.radiomanchester.com.br\/fm\/wp-json\/wp\/v2\/categories?post=17136"},{"taxonomy":"post_tag","embeddable":true,"href":"https:\/\/www.radiomanchester.com.br\/fm\/wp-json\/wp\/v2\/tags?post=17136"}],"curies":[{"name":"wp","href":"https:\/\/api.w.org\/{rel}","templated":true}]}}