{"id":17138,"date":"2026-01-09T07:00:00","date_gmt":"2026-01-09T10:00:00","guid":{"rendered":"https:\/\/www.radiomanchester.com.br\/fm\/?p=17138"},"modified":"2026-01-08T22:22:04","modified_gmt":"2026-01-09T01:22:04","slug":"goias-conecta-todas-as-escolas-publicas-estaduais-a-internet","status":"publish","type":"post","link":"https:\/\/www.radiomanchester.com.br\/fm\/goias-conecta-todas-as-escolas-publicas-estaduais-a-internet\/","title":{"rendered":"Goi\u00e1s conecta todas as escolas p\u00fablicas estaduais \u00e0 Internet"},"content":{"rendered":"\n<p><\/p>\n\n\n\n<p>Goi\u00e1s atingiu um marco hist\u00f3rico ao universalizar a conectividade de Internet em todas as 1.014 escolas p\u00fablicas estaduais. A marca, registrada pelo Censo Escolar 2024, coloca o estado entre os primeiros do pa\u00eds a alcan\u00e7ar essa meta e refor\u00e7a sua posi\u00e7\u00e3o como refer\u00eancia em pol\u00edticas p\u00fablicas voltadas \u00e0 educa\u00e7\u00e3o digital.<\/p>\n\n\n\n<p>Desde 2021, o Governo de Goi\u00e1s investiu quase R$ 1 bilh\u00e3o na moderniza\u00e7\u00e3o da educa\u00e7\u00e3o, impactando diretamente 544 mil estudantes e mais de 25 mil professores. A pol\u00edtica de conectividade alcan\u00e7a tamb\u00e9m escolas localizadas em comunidades ind\u00edgenas, quilombolas e assentamentos rurais, promovendo inclus\u00e3o digital em todo o territ\u00f3rio estadual.<\/p>\n\n\n\n<p><strong>Escolas p\u00fablicas<br><\/strong>A amplia\u00e7\u00e3o da Internet nas escolas foi acelerada durante a pandemia da Covid-19, per\u00edodo em que o Estado intensificou os investimentos em infraestrutura tecnol\u00f3gica para garantir a continuidade do ensino. A partir desse esfor\u00e7o, todas as unidades passaram a contar com conex\u00e3o est\u00e1vel e adequada \u00e0s atividades pedag\u00f3gicas.<\/p>\n\n\n\n<p>Al\u00e9m da instala\u00e7\u00e3o da Internet, a pol\u00edtica incluiu a entrega de notebooks para 100% dos professores da rede estadual (28 mil unidades) e de Chromebooks para alunos do ensino m\u00e9dio e do 9\u00ba ano do ensino fundamental conectados \u00e0 intelig\u00eancia artificial, com o objetivo de melhorar o processo de ensino-aprendizagem. Atualmente, s\u00e3o 206.034 mil dispositivos dispon\u00edveis na rede de ensino para os estudantes.<\/p>\n\n\n\n<p>A conectividade tamb\u00e9m transformou a realidade de estudantes da zona rural, que passaram a acessar conte\u00fados interativos, videoaulas e ambientes virtuais de aprendizagem, reduzindo a desigualdade tecnol\u00f3gica entre \u00e1reas urbanas e remotas e ampliando as oportunidades educacionais em um mundo cada vez mais digitalizado.<\/p>\n\n\n\n<p>O projeto come\u00e7ou com o Conectar Goi\u00e1s, programa criado pelo Governo do Estado para garantir que todas as escolas p\u00fablicas estaduais tivessem acesso \u00e0 Internet de alta velocidade e qualidade. A partir dessa base, o Estado estruturou iniciativas como o Goi\u00e1sTec, que leva o ensino m\u00e9dio mediado por tecnologia a comunidades remotas, e a Jornada para o Futuro, com cursos em Intelig\u00eancia Artificial e Desenvolvimento Web, preparando jovens para as profiss\u00f5es digitais.<\/p>\n\n\n\n<p>Segundo a secret\u00e1ria de Educa\u00e7\u00e3o, F\u00e1tima Gavioli, a conectividade \u00e9 apenas o primeiro passo. \u201cVamos seguir investindo na forma\u00e7\u00e3o dos professores, na entrega de dispositivos, na amplia\u00e7\u00e3o da qualidade da internet, sempre com o uso eficiente dos recursos p\u00fablicos\u201d, afirma.<\/p>\n\n\n\n<p><strong>Impacto real<br><\/strong>A conectividade nas escolas estaduais ampliou o uso de ferramentas educacionais baseadas em tecnologia e intelig\u00eancia artificial. Um dos aplicativos mais utilizados pelos alunos do 3\u00ba ano do ensino m\u00e9dio \u00e9 o Letrus, que corrige reda\u00e7\u00f5es em segundos, aponta erros gramaticais e sugere melhorias na argumenta\u00e7\u00e3o.<\/p>\n\n\n\n<p>\u201cNo final, o aplicativo te mostra a nota que voc\u00ea tiraria se fosse a reda\u00e7\u00e3o do Enem [Exame Nacional do Ensino M\u00e9dio]\u201d, conta a estudante Beatriz Souza Silva, de 17 anos, que afirma ter aprimorado significativamente sua escrita.<\/p>\n\n\n\n<p>Segundo a professora de L\u00edngua Portuguesa e coordenadora da \u00e1rea de Linguagens e suas Tecnologias, Luciene Cristina de Assis, o uso pedag\u00f3gico da plataforma aumentou o engajamento dos alunos nas aulas de reda\u00e7\u00e3o.<\/p>\n\n\n\n<p>\u201cVirou uma esp\u00e9cie de competi\u00e7\u00e3o entre as turmas. Eles pedem para reescrever os textos porque querem melhorar a nota\u201d, relata.<\/p>\n\n\n\n<p>O acesso \u00e0 Internet de qualidade tamb\u00e9m possibilitou experi\u00eancias educacionais mais avan\u00e7adas. A ex-aluna Maurielle Machado, vencedora de medalhas na Olimp\u00edada Brasileira de Astronomia e aprovada no curso de F\u00edsica da Universidade Federal de Catal\u00e3o (UFCAT), destaca que as aulas mediadas por tecnologia foram decisivas em sua trajet\u00f3ria.<\/p>\n\n\n\n<p>\u201cUtiliz\u00e1vamos o site da NASA, aplicativos que simulavam a ab\u00f3bada celeste e ferramentas que permitiam acompanhar fen\u00f4menos em tempo real\u201d, afirma.<\/p>\n\n\n\n<p>Al\u00e9m disso, os estudantes tiveram acesso a recursos de realidade virtual, que proporcionaram experi\u00eancias imersivas em 3D.<\/p>\n\n\n\n<p>\u201cVimos a Lua como se estiv\u00e9ssemos ali e o Sol no espa\u00e7o\u201d, conta Maurielle, que participou da eletiva de Astronomia tr\u00eas vezes por influ\u00eancia da professora, o que acabou despertando seu interesse pela astrofotografia.<\/p>\n\n\n\n<p>porAg\u00eancia Cora Coralina Gov Goi\u00e1s<\/p>\n","protected":false},"excerpt":{"rendered":"<p class=\"excerpt\">Goi\u00e1s atingiu um marco hist\u00f3rico ao universalizar a conectividade de Internet em todas as 1.014 escolas p\u00fablicas estaduais. A marca, registrada pelo Censo Escolar 2024, coloca o estado entre os primeiros do pa\u00eds a alcan\u00e7ar essa meta e refor\u00e7a sua posi\u00e7\u00e3o como refer\u00eancia em pol\u00edticas p\u00fablicas voltadas \u00e0 educa\u00e7\u00e3o digital. Desde 2021, o Governo de [&hellip;]<\/p>\n","protected":false},"author":1,"featured_media":0,"comment_status":"open","ping_status":"open","sticky":false,"template":"","format":"standard","meta":[],"categories":[8,17],"tags":[22,24,172,113,83,92],"yoast_head":"<!-- This site is optimized with the Yoast SEO plugin v18.3 - https:\/\/yoast.com\/wordpress\/plugins\/seo\/ -->\n<title>Goi\u00e1s conecta todas as escolas p\u00fablicas estaduais \u00e0 Internet - Manchester FM 93,3<\/title>\n<meta name=\"robots\" content=\"index, follow, max-snippet:-1, max-image-preview:large, max-video-preview:-1\" \/>\n<link rel=\"canonical\" href=\"https:\/\/www.radiomanchester.com.br\/fm\/goias-conecta-todas-as-escolas-publicas-estaduais-a-internet\/\" \/>\n<meta property=\"og:locale\" content=\"pt_BR\" \/>\n<meta property=\"og:type\" content=\"article\" \/>\n<meta property=\"og:title\" content=\"Goi\u00e1s conecta todas as escolas p\u00fablicas estaduais \u00e0 Internet - Manchester FM 93,3\" \/>\n<meta property=\"og:description\" content=\"Goi\u00e1s atingiu um marco hist\u00f3rico ao universalizar a conectividade de Internet em todas as 1.014 escolas p\u00fablicas estaduais. A marca, registrada pelo Censo Escolar 2024, coloca o estado entre os primeiros do pa\u00eds a alcan\u00e7ar essa meta e refor\u00e7a sua posi\u00e7\u00e3o como refer\u00eancia em pol\u00edticas p\u00fablicas voltadas \u00e0 educa\u00e7\u00e3o digital. Desde 2021, o Governo de [&hellip;]\" \/>\n<meta property=\"og:url\" content=\"https:\/\/www.radiomanchester.com.br\/fm\/goias-conecta-todas-as-escolas-publicas-estaduais-a-internet\/\" \/>\n<meta property=\"og:site_name\" content=\"Manchester FM 93,3\" \/>\n<meta property=\"article:published_time\" content=\"2026-01-09T10:00:00+00:00\" \/>\n<meta property=\"article:modified_time\" content=\"2026-01-09T01:22:04+00:00\" \/>\n<meta name=\"twitter:card\" content=\"summary_large_image\" \/>\n<meta name=\"twitter:label1\" content=\"Escrito por\" \/>\n\t<meta name=\"twitter:data1\" content=\"admin\" \/>\n\t<meta name=\"twitter:label2\" content=\"Est. tempo de leitura\" \/>\n\t<meta name=\"twitter:data2\" content=\"4 minutos\" \/>\n<script type=\"application\/ld+json\" class=\"yoast-schema-graph\">{\"@context\":\"https:\/\/schema.org\",\"@graph\":[{\"@type\":\"WebSite\",\"@id\":\"https:\/\/www.radiomanchester.com.br\/fm\/#website\",\"url\":\"https:\/\/www.radiomanchester.com.br\/fm\/\",\"name\":\"Manchester FM 93,3\",\"description\":\"Todo Mundo Ouve!\",\"potentialAction\":[{\"@type\":\"SearchAction\",\"target\":{\"@type\":\"EntryPoint\",\"urlTemplate\":\"https:\/\/www.radiomanchester.com.br\/fm\/?s={search_term_string}\"},\"query-input\":\"required name=search_term_string\"}],\"inLanguage\":\"pt-BR\"},{\"@type\":\"WebPage\",\"@id\":\"https:\/\/www.radiomanchester.com.br\/fm\/goias-conecta-todas-as-escolas-publicas-estaduais-a-internet\/#webpage\",\"url\":\"https:\/\/www.radiomanchester.com.br\/fm\/goias-conecta-todas-as-escolas-publicas-estaduais-a-internet\/\",\"name\":\"Goi\u00e1s conecta todas as escolas p\u00fablicas estaduais \u00e0 Internet - Manchester FM 93,3\",\"isPartOf\":{\"@id\":\"https:\/\/www.radiomanchester.com.br\/fm\/#website\"},\"datePublished\":\"2026-01-09T10:00:00+00:00\",\"dateModified\":\"2026-01-09T01:22:04+00:00\",\"author\":{\"@id\":\"https:\/\/www.radiomanchester.com.br\/fm\/#\/schema\/person\/408a7b4d4e32cbebd90e2782852abca3\"},\"breadcrumb\":{\"@id\":\"https:\/\/www.radiomanchester.com.br\/fm\/goias-conecta-todas-as-escolas-publicas-estaduais-a-internet\/#breadcrumb\"},\"inLanguage\":\"pt-BR\",\"potentialAction\":[{\"@type\":\"ReadAction\",\"target\":[\"https:\/\/www.radiomanchester.com.br\/fm\/goias-conecta-todas-as-escolas-publicas-estaduais-a-internet\/\"]}]},{\"@type\":\"BreadcrumbList\",\"@id\":\"https:\/\/www.radiomanchester.com.br\/fm\/goias-conecta-todas-as-escolas-publicas-estaduais-a-internet\/#breadcrumb\",\"itemListElement\":[{\"@type\":\"ListItem\",\"position\":1,\"name\":\"Home\",\"item\":\"https:\/\/www.radiomanchester.com.br\/fm\/\"},{\"@type\":\"ListItem\",\"position\":2,\"name\":\"Goi\u00e1s conecta todas as escolas p\u00fablicas estaduais \u00e0 Internet\"}]},{\"@type\":\"Person\",\"@id\":\"https:\/\/www.radiomanchester.com.br\/fm\/#\/schema\/person\/408a7b4d4e32cbebd90e2782852abca3\",\"name\":\"admin\",\"image\":{\"@type\":\"ImageObject\",\"@id\":\"https:\/\/www.radiomanchester.com.br\/fm\/#personlogo\",\"inLanguage\":\"pt-BR\",\"url\":\"https:\/\/secure.gravatar.com\/avatar\/115a974dba3376872eb3addeb276301c?s=96&d=mm&r=g\",\"contentUrl\":\"https:\/\/secure.gravatar.com\/avatar\/115a974dba3376872eb3addeb276301c?s=96&d=mm&r=g\",\"caption\":\"admin\"},\"url\":\"https:\/\/www.radiomanchester.com.br\/fm\/author\/admin\/\"}]}<\/script>\n<!-- \/ Yoast SEO plugin. -->","yoast_head_json":{"title":"Goi\u00e1s conecta todas as escolas p\u00fablicas estaduais \u00e0 Internet - Manchester FM 93,3","robots":{"index":"index","follow":"follow","max-snippet":"max-snippet:-1","max-image-preview":"max-image-preview:large","max-video-preview":"max-video-preview:-1"},"canonical":"https:\/\/www.radiomanchester.com.br\/fm\/goias-conecta-todas-as-escolas-publicas-estaduais-a-internet\/","og_locale":"pt_BR","og_type":"article","og_title":"Goi\u00e1s conecta todas as escolas p\u00fablicas estaduais \u00e0 Internet - Manchester FM 93,3","og_description":"Goi\u00e1s atingiu um marco hist\u00f3rico ao universalizar a conectividade de Internet em todas as 1.014 escolas p\u00fablicas estaduais. A marca, registrada pelo Censo Escolar 2024, coloca o estado entre os primeiros do pa\u00eds a alcan\u00e7ar essa meta e refor\u00e7a sua posi\u00e7\u00e3o como refer\u00eancia em pol\u00edticas p\u00fablicas voltadas \u00e0 educa\u00e7\u00e3o digital. Desde 2021, o Governo de [&hellip;]","og_url":"https:\/\/www.radiomanchester.com.br\/fm\/goias-conecta-todas-as-escolas-publicas-estaduais-a-internet\/","og_site_name":"Manchester FM 93,3","article_published_time":"2026-01-09T10:00:00+00:00","article_modified_time":"2026-01-09T01:22:04+00:00","twitter_card":"summary_large_image","twitter_misc":{"Escrito por":"admin","Est. tempo de leitura":"4 minutos"},"schema":{"@context":"https:\/\/schema.org","@graph":[{"@type":"WebSite","@id":"https:\/\/www.radiomanchester.com.br\/fm\/#website","url":"https:\/\/www.radiomanchester.com.br\/fm\/","name":"Manchester FM 93,3","description":"Todo Mundo Ouve!","potentialAction":[{"@type":"SearchAction","target":{"@type":"EntryPoint","urlTemplate":"https:\/\/www.radiomanchester.com.br\/fm\/?s={search_term_string}"},"query-input":"required name=search_term_string"}],"inLanguage":"pt-BR"},{"@type":"WebPage","@id":"https:\/\/www.radiomanchester.com.br\/fm\/goias-conecta-todas-as-escolas-publicas-estaduais-a-internet\/#webpage","url":"https:\/\/www.radiomanchester.com.br\/fm\/goias-conecta-todas-as-escolas-publicas-estaduais-a-internet\/","name":"Goi\u00e1s conecta todas as escolas p\u00fablicas estaduais \u00e0 Internet - Manchester FM 93,3","isPartOf":{"@id":"https:\/\/www.radiomanchester.com.br\/fm\/#website"},"datePublished":"2026-01-09T10:00:00+00:00","dateModified":"2026-01-09T01:22:04+00:00","author":{"@id":"https:\/\/www.radiomanchester.com.br\/fm\/#\/schema\/person\/408a7b4d4e32cbebd90e2782852abca3"},"breadcrumb":{"@id":"https:\/\/www.radiomanchester.com.br\/fm\/goias-conecta-todas-as-escolas-publicas-estaduais-a-internet\/#breadcrumb"},"inLanguage":"pt-BR","potentialAction":[{"@type":"ReadAction","target":["https:\/\/www.radiomanchester.com.br\/fm\/goias-conecta-todas-as-escolas-publicas-estaduais-a-internet\/"]}]},{"@type":"BreadcrumbList","@id":"https:\/\/www.radiomanchester.com.br\/fm\/goias-conecta-todas-as-escolas-publicas-estaduais-a-internet\/#breadcrumb","itemListElement":[{"@type":"ListItem","position":1,"name":"Home","item":"https:\/\/www.radiomanchester.com.br\/fm\/"},{"@type":"ListItem","position":2,"name":"Goi\u00e1s conecta todas as escolas p\u00fablicas estaduais \u00e0 Internet"}]},{"@type":"Person","@id":"https:\/\/www.radiomanchester.com.br\/fm\/#\/schema\/person\/408a7b4d4e32cbebd90e2782852abca3","name":"admin","image":{"@type":"ImageObject","@id":"https:\/\/www.radiomanchester.com.br\/fm\/#personlogo","inLanguage":"pt-BR","url":"https:\/\/secure.gravatar.com\/avatar\/115a974dba3376872eb3addeb276301c?s=96&d=mm&r=g","contentUrl":"https:\/\/secure.gravatar.com\/avatar\/115a974dba3376872eb3addeb276301c?s=96&d=mm&r=g","caption":"admin"},"url":"https:\/\/www.radiomanchester.com.br\/fm\/author\/admin\/"}]}},"_links":{"self":[{"href":"https:\/\/www.radiomanchester.com.br\/fm\/wp-json\/wp\/v2\/posts\/17138"}],"collection":[{"href":"https:\/\/www.radiomanchester.com.br\/fm\/wp-json\/wp\/v2\/posts"}],"about":[{"href":"https:\/\/www.radiomanchester.com.br\/fm\/wp-json\/wp\/v2\/types\/post"}],"author":[{"embeddable":true,"href":"https:\/\/www.radiomanchester.com.br\/fm\/wp-json\/wp\/v2\/users\/1"}],"replies":[{"embeddable":true,"href":"https:\/\/www.radiomanchester.com.br\/fm\/wp-json\/wp\/v2\/comments?post=17138"}],"version-history":[{"count":1,"href":"https:\/\/www.radiomanchester.com.br\/fm\/wp-json\/wp\/v2\/posts\/17138\/revisions"}],"predecessor-version":[{"id":17139,"href":"https:\/\/www.radiomanchester.com.br\/fm\/wp-json\/wp\/v2\/posts\/17138\/revisions\/17139"}],"wp:attachment":[{"href":"https:\/\/www.radiomanchester.com.br\/fm\/wp-json\/wp\/v2\/media?parent=17138"}],"wp:term":[{"taxonomy":"category","embeddable":true,"href":"https:\/\/www.radiomanchester.com.br\/fm\/wp-json\/wp\/v2\/categories?post=17138"},{"taxonomy":"post_tag","embeddable":true,"href":"https:\/\/www.radiomanchester.com.br\/fm\/wp-json\/wp\/v2\/tags?post=17138"}],"curies":[{"name":"wp","href":"https:\/\/api.w.org\/{rel}","templated":true}]}}