{"id":17143,"date":"2026-01-10T21:35:01","date_gmt":"2026-01-11T00:35:01","guid":{"rendered":"https:\/\/www.radiomanchester.com.br\/fm\/?p=17143"},"modified":"2026-01-10T21:35:03","modified_gmt":"2026-01-11T00:35:03","slug":"morre-manoel-carlos-aos-92-anos-no-rio","status":"publish","type":"post","link":"https:\/\/www.radiomanchester.com.br\/fm\/morre-manoel-carlos-aos-92-anos-no-rio\/","title":{"rendered":"Morre Manoel Carlos aos 92 anos no Rio"},"content":{"rendered":"\n<p><\/p>\n\n\n\n<p><em><strong>Maneco tratava a Doen\u00e7a de Parkinson e foi respons\u00e1vel por algumas das novelas brasileiras mais famosas, como &#8216;La\u00e7os de Fam\u00edlia&#8217; e &#8216;Mulheres Apaixonadas&#8217;<\/strong><\/em><\/p>\n\n\n\n<hr class=\"wp-block-separator\"\/>\n\n\n\n<p>O autor de novelas brasileiras Manoel Carlos morreu neste s\u00e1bado (10\/01), no Rio de Janeiro. Segundo o portal de not\u00edcias g1, a informa\u00e7\u00e3o foi confirmada pela fam\u00edlia. Maneco tinha 92 anos. A causa da morte ainda n\u00e3o foi divulgada.<\/p>\n\n\n\n<p>Maneco, como era conhecido, tratava a Doen\u00e7a de Parkinson e estava internado no Hospital Copa Star, em Copacabana. Em julho de 2025, a produtora Boa Palavra divulgou um comunicado oficial nas redes sociais informando que o autor estava sob cuidados m\u00e9dicos.<\/p>\n\n\n\n<p>\u201cInformamos que o autor Manoel Carlos encontra-se sob cuidados m\u00e9dicos, acompanhado de perto por sua esposa, Elisabety, e por sua filha, J\u00falia, junto \u00e0 equipe de sa\u00fade respons\u00e1vel\u201d, disse a equipe do roteirista.<\/p>\n\n\n\n<p>Ainda segundo o g1, o vel\u00f3rio ser\u00e1 fechado e restrito \u00e0 fam\u00edlia e amigos \u00edntimos.<\/p>\n\n\n\n<p>Manoel Carlos deixa duas filhas: a atriz J\u00falia Almeida e a roteirista de novelas Maria Carolina.<\/p>\n\n\n\n<p><strong>Vida e carreira<br><\/strong>Manoel Carlos nasceu em 1933, em S\u00e3o Paulo, mas se considerava carioca de cora\u00e7\u00e3o.<\/p>\n\n\n\n<p>Aos 17 anos, Maneco come\u00e7ava a carreira art\u00edstica nos palcos. J\u00e1 na Globo a estreia foi em 1972, como diretor-geral do &#8220;Fant\u00e1stico&#8221;.<\/p>\n\n\n\n<p>Antes disso, Manoel j\u00e1 havia passado por diversas emissoras brasileiras, trabalhando como autor, produtor e ator.<\/p>\n\n\n\n<p>Suas novelas eram marcadas pelos belos cen\u00e1rios na cidade do Rio de Janeiro e pelas famosas &#8220;Helenas&#8221;, personagens femininas que protagonizavam as obras.<\/p>\n\n\n\n<p>Entre os principais t\u00edtulos escritos pelo autor est\u00e3o \u201cBaila Comigo\u201d (1981), \u201cLa\u00e7os de Fam\u00edlia\u201d (2000), &#8220;Mulheres Apaixonadas&#8221; (2003) e \u201cP\u00e1ginas da Vida\u201d (2006).<\/p>\n\n\n\n<p>Al\u00e9m de autor, Maneco foi escritor e diretor.<\/p>\n\n\n\n<p>porR3pDN<\/p>\n","protected":false},"excerpt":{"rendered":"<p class=\"excerpt\">Maneco tratava a Doen\u00e7a de Parkinson e foi respons\u00e1vel por algumas das novelas brasileiras mais famosas, como &#8216;La\u00e7os de Fam\u00edlia&#8217; e &#8216;Mulheres Apaixonadas&#8217; O autor de novelas brasileiras Manoel Carlos morreu neste s\u00e1bado (10\/01), no Rio de Janeiro. Segundo o portal de not\u00edcias g1, a informa\u00e7\u00e3o foi confirmada pela fam\u00edlia. Maneco tinha 92 anos. A [&hellip;]<\/p>\n","protected":false},"author":1,"featured_media":0,"comment_status":"open","ping_status":"open","sticky":false,"template":"","format":"standard","meta":[],"categories":[8,17],"tags":[22,137,24,113,83,92],"yoast_head":"<!-- This site is optimized with the Yoast SEO plugin v18.3 - https:\/\/yoast.com\/wordpress\/plugins\/seo\/ -->\n<title>Morre Manoel Carlos aos 92 anos no Rio - Manchester FM 93,3<\/title>\n<meta name=\"robots\" content=\"index, follow, max-snippet:-1, max-image-preview:large, max-video-preview:-1\" \/>\n<link rel=\"canonical\" href=\"https:\/\/www.radiomanchester.com.br\/fm\/morre-manoel-carlos-aos-92-anos-no-rio\/\" \/>\n<meta property=\"og:locale\" content=\"pt_BR\" \/>\n<meta property=\"og:type\" content=\"article\" \/>\n<meta property=\"og:title\" content=\"Morre Manoel Carlos aos 92 anos no Rio - Manchester FM 93,3\" \/>\n<meta property=\"og:description\" content=\"Maneco tratava a Doen\u00e7a de Parkinson e foi respons\u00e1vel por algumas das novelas brasileiras mais famosas, como &#8216;La\u00e7os de Fam\u00edlia&#8217; e &#8216;Mulheres Apaixonadas&#8217; O autor de novelas brasileiras Manoel Carlos morreu neste s\u00e1bado (10\/01), no Rio de Janeiro. Segundo o portal de not\u00edcias g1, a informa\u00e7\u00e3o foi confirmada pela fam\u00edlia. Maneco tinha 92 anos. A [&hellip;]\" \/>\n<meta property=\"og:url\" content=\"https:\/\/www.radiomanchester.com.br\/fm\/morre-manoel-carlos-aos-92-anos-no-rio\/\" \/>\n<meta property=\"og:site_name\" content=\"Manchester FM 93,3\" \/>\n<meta property=\"article:published_time\" content=\"2026-01-11T00:35:01+00:00\" \/>\n<meta property=\"article:modified_time\" content=\"2026-01-11T00:35:03+00:00\" \/>\n<meta name=\"twitter:card\" content=\"summary_large_image\" \/>\n<meta name=\"twitter:label1\" content=\"Escrito por\" \/>\n\t<meta name=\"twitter:data1\" content=\"admin\" \/>\n\t<meta name=\"twitter:label2\" content=\"Est. tempo de leitura\" \/>\n\t<meta name=\"twitter:data2\" content=\"2 minutos\" \/>\n<script type=\"application\/ld+json\" class=\"yoast-schema-graph\">{\"@context\":\"https:\/\/schema.org\",\"@graph\":[{\"@type\":\"WebSite\",\"@id\":\"https:\/\/www.radiomanchester.com.br\/fm\/#website\",\"url\":\"https:\/\/www.radiomanchester.com.br\/fm\/\",\"name\":\"Manchester FM 93,3\",\"description\":\"Todo Mundo Ouve!\",\"potentialAction\":[{\"@type\":\"SearchAction\",\"target\":{\"@type\":\"EntryPoint\",\"urlTemplate\":\"https:\/\/www.radiomanchester.com.br\/fm\/?s={search_term_string}\"},\"query-input\":\"required name=search_term_string\"}],\"inLanguage\":\"pt-BR\"},{\"@type\":\"WebPage\",\"@id\":\"https:\/\/www.radiomanchester.com.br\/fm\/morre-manoel-carlos-aos-92-anos-no-rio\/#webpage\",\"url\":\"https:\/\/www.radiomanchester.com.br\/fm\/morre-manoel-carlos-aos-92-anos-no-rio\/\",\"name\":\"Morre Manoel Carlos aos 92 anos no Rio - Manchester FM 93,3\",\"isPartOf\":{\"@id\":\"https:\/\/www.radiomanchester.com.br\/fm\/#website\"},\"datePublished\":\"2026-01-11T00:35:01+00:00\",\"dateModified\":\"2026-01-11T00:35:03+00:00\",\"author\":{\"@id\":\"https:\/\/www.radiomanchester.com.br\/fm\/#\/schema\/person\/408a7b4d4e32cbebd90e2782852abca3\"},\"breadcrumb\":{\"@id\":\"https:\/\/www.radiomanchester.com.br\/fm\/morre-manoel-carlos-aos-92-anos-no-rio\/#breadcrumb\"},\"inLanguage\":\"pt-BR\",\"potentialAction\":[{\"@type\":\"ReadAction\",\"target\":[\"https:\/\/www.radiomanchester.com.br\/fm\/morre-manoel-carlos-aos-92-anos-no-rio\/\"]}]},{\"@type\":\"BreadcrumbList\",\"@id\":\"https:\/\/www.radiomanchester.com.br\/fm\/morre-manoel-carlos-aos-92-anos-no-rio\/#breadcrumb\",\"itemListElement\":[{\"@type\":\"ListItem\",\"position\":1,\"name\":\"Home\",\"item\":\"https:\/\/www.radiomanchester.com.br\/fm\/\"},{\"@type\":\"ListItem\",\"position\":2,\"name\":\"Morre Manoel Carlos aos 92 anos no Rio\"}]},{\"@type\":\"Person\",\"@id\":\"https:\/\/www.radiomanchester.com.br\/fm\/#\/schema\/person\/408a7b4d4e32cbebd90e2782852abca3\",\"name\":\"admin\",\"image\":{\"@type\":\"ImageObject\",\"@id\":\"https:\/\/www.radiomanchester.com.br\/fm\/#personlogo\",\"inLanguage\":\"pt-BR\",\"url\":\"https:\/\/secure.gravatar.com\/avatar\/115a974dba3376872eb3addeb276301c?s=96&d=mm&r=g\",\"contentUrl\":\"https:\/\/secure.gravatar.com\/avatar\/115a974dba3376872eb3addeb276301c?s=96&d=mm&r=g\",\"caption\":\"admin\"},\"url\":\"https:\/\/www.radiomanchester.com.br\/fm\/author\/admin\/\"}]}<\/script>\n<!-- \/ Yoast SEO plugin. -->","yoast_head_json":{"title":"Morre Manoel Carlos aos 92 anos no Rio - Manchester FM 93,3","robots":{"index":"index","follow":"follow","max-snippet":"max-snippet:-1","max-image-preview":"max-image-preview:large","max-video-preview":"max-video-preview:-1"},"canonical":"https:\/\/www.radiomanchester.com.br\/fm\/morre-manoel-carlos-aos-92-anos-no-rio\/","og_locale":"pt_BR","og_type":"article","og_title":"Morre Manoel Carlos aos 92 anos no Rio - Manchester FM 93,3","og_description":"Maneco tratava a Doen\u00e7a de Parkinson e foi respons\u00e1vel por algumas das novelas brasileiras mais famosas, como &#8216;La\u00e7os de Fam\u00edlia&#8217; e &#8216;Mulheres Apaixonadas&#8217; O autor de novelas brasileiras Manoel Carlos morreu neste s\u00e1bado (10\/01), no Rio de Janeiro. Segundo o portal de not\u00edcias g1, a informa\u00e7\u00e3o foi confirmada pela fam\u00edlia. Maneco tinha 92 anos. A [&hellip;]","og_url":"https:\/\/www.radiomanchester.com.br\/fm\/morre-manoel-carlos-aos-92-anos-no-rio\/","og_site_name":"Manchester FM 93,3","article_published_time":"2026-01-11T00:35:01+00:00","article_modified_time":"2026-01-11T00:35:03+00:00","twitter_card":"summary_large_image","twitter_misc":{"Escrito por":"admin","Est. tempo de leitura":"2 minutos"},"schema":{"@context":"https:\/\/schema.org","@graph":[{"@type":"WebSite","@id":"https:\/\/www.radiomanchester.com.br\/fm\/#website","url":"https:\/\/www.radiomanchester.com.br\/fm\/","name":"Manchester FM 93,3","description":"Todo Mundo Ouve!","potentialAction":[{"@type":"SearchAction","target":{"@type":"EntryPoint","urlTemplate":"https:\/\/www.radiomanchester.com.br\/fm\/?s={search_term_string}"},"query-input":"required name=search_term_string"}],"inLanguage":"pt-BR"},{"@type":"WebPage","@id":"https:\/\/www.radiomanchester.com.br\/fm\/morre-manoel-carlos-aos-92-anos-no-rio\/#webpage","url":"https:\/\/www.radiomanchester.com.br\/fm\/morre-manoel-carlos-aos-92-anos-no-rio\/","name":"Morre Manoel Carlos aos 92 anos no Rio - Manchester FM 93,3","isPartOf":{"@id":"https:\/\/www.radiomanchester.com.br\/fm\/#website"},"datePublished":"2026-01-11T00:35:01+00:00","dateModified":"2026-01-11T00:35:03+00:00","author":{"@id":"https:\/\/www.radiomanchester.com.br\/fm\/#\/schema\/person\/408a7b4d4e32cbebd90e2782852abca3"},"breadcrumb":{"@id":"https:\/\/www.radiomanchester.com.br\/fm\/morre-manoel-carlos-aos-92-anos-no-rio\/#breadcrumb"},"inLanguage":"pt-BR","potentialAction":[{"@type":"ReadAction","target":["https:\/\/www.radiomanchester.com.br\/fm\/morre-manoel-carlos-aos-92-anos-no-rio\/"]}]},{"@type":"BreadcrumbList","@id":"https:\/\/www.radiomanchester.com.br\/fm\/morre-manoel-carlos-aos-92-anos-no-rio\/#breadcrumb","itemListElement":[{"@type":"ListItem","position":1,"name":"Home","item":"https:\/\/www.radiomanchester.com.br\/fm\/"},{"@type":"ListItem","position":2,"name":"Morre Manoel Carlos aos 92 anos no Rio"}]},{"@type":"Person","@id":"https:\/\/www.radiomanchester.com.br\/fm\/#\/schema\/person\/408a7b4d4e32cbebd90e2782852abca3","name":"admin","image":{"@type":"ImageObject","@id":"https:\/\/www.radiomanchester.com.br\/fm\/#personlogo","inLanguage":"pt-BR","url":"https:\/\/secure.gravatar.com\/avatar\/115a974dba3376872eb3addeb276301c?s=96&d=mm&r=g","contentUrl":"https:\/\/secure.gravatar.com\/avatar\/115a974dba3376872eb3addeb276301c?s=96&d=mm&r=g","caption":"admin"},"url":"https:\/\/www.radiomanchester.com.br\/fm\/author\/admin\/"}]}},"_links":{"self":[{"href":"https:\/\/www.radiomanchester.com.br\/fm\/wp-json\/wp\/v2\/posts\/17143"}],"collection":[{"href":"https:\/\/www.radiomanchester.com.br\/fm\/wp-json\/wp\/v2\/posts"}],"about":[{"href":"https:\/\/www.radiomanchester.com.br\/fm\/wp-json\/wp\/v2\/types\/post"}],"author":[{"embeddable":true,"href":"https:\/\/www.radiomanchester.com.br\/fm\/wp-json\/wp\/v2\/users\/1"}],"replies":[{"embeddable":true,"href":"https:\/\/www.radiomanchester.com.br\/fm\/wp-json\/wp\/v2\/comments?post=17143"}],"version-history":[{"count":1,"href":"https:\/\/www.radiomanchester.com.br\/fm\/wp-json\/wp\/v2\/posts\/17143\/revisions"}],"predecessor-version":[{"id":17144,"href":"https:\/\/www.radiomanchester.com.br\/fm\/wp-json\/wp\/v2\/posts\/17143\/revisions\/17144"}],"wp:attachment":[{"href":"https:\/\/www.radiomanchester.com.br\/fm\/wp-json\/wp\/v2\/media?parent=17143"}],"wp:term":[{"taxonomy":"category","embeddable":true,"href":"https:\/\/www.radiomanchester.com.br\/fm\/wp-json\/wp\/v2\/categories?post=17143"},{"taxonomy":"post_tag","embeddable":true,"href":"https:\/\/www.radiomanchester.com.br\/fm\/wp-json\/wp\/v2\/tags?post=17143"}],"curies":[{"name":"wp","href":"https:\/\/api.w.org\/{rel}","templated":true}]}}