{"id":17145,"date":"2026-01-11T16:45:52","date_gmt":"2026-01-11T19:45:52","guid":{"rendered":"https:\/\/www.radiomanchester.com.br\/fm\/?p=17145"},"modified":"2026-01-11T16:45:54","modified_gmt":"2026-01-11T19:45:54","slug":"operacao-volta-as-aulas-do-procon-ja-fiscalizou-70-instituicoes-em-anapolis","status":"publish","type":"post","link":"https:\/\/www.radiomanchester.com.br\/fm\/operacao-volta-as-aulas-do-procon-ja-fiscalizou-70-instituicoes-em-anapolis\/","title":{"rendered":"Opera\u00e7\u00e3o \u201cVolta \u00e0s Aulas\u201d do Procon j\u00e1 fiscalizou 70 institui\u00e7\u00f5es em An\u00e1polis"},"content":{"rendered":"\n<p><strong><em>A\u00e7\u00e3o tem como objetivo proteger consumidores durante o per\u00edodo de compras<\/em><\/strong><\/p>\n\n\n\n<hr class=\"wp-block-separator\"\/>\n\n\n\n<p>O Procon An\u00e1polis deu in\u00edcio, neste m\u00eas, \u00e0 Opera\u00e7\u00e3o Volta \u00e0s Aulas, com a\u00e7\u00f5es fiscalizat\u00f3rias voltadas a fornecedores que atuam no ramo educacional do munic\u00edpio. At\u00e9 o momento, aproximadamente 70 institui\u00e7\u00f5es de ensino j\u00e1 foram fiscalizadas.<\/p>\n\n\n\n<p>A opera\u00e7\u00e3o est\u00e1 sendo realizada em institui\u00e7\u00f5es de ensino, papelarias, livrarias e estabelecimentos que comercializam materiais escolares, com o objetivo de assegurar que pais e respons\u00e1veis n\u00e3o sejam submetidos a pr\u00e1ticas abusivas neste per\u00edodo de grande demanda.<\/p>\n\n\n\n<p><strong>Saiba mais sobre a opera\u00e7\u00e3o<\/strong><\/p>\n\n\n\n<p>A Opera\u00e7\u00e3o Volta \u00e0s Aulas tem como objetivo garantir que os consumidores anapolinos tenham acesso a informa\u00e7\u00f5es, contratos justos e listas de materiais dentro da legalidade, prevenindo abusos e assegurando o equil\u00edbrio nas rela\u00e7\u00f5es de consumo.<\/p>\n\n\n\n<p>As equipes tamb\u00e9m est\u00e3o visitando papelarias e com\u00e9rcios do setor para verificar pre\u00e7os, pr\u00e1ticas de venda, publicidade e poss\u00edveis irregularidades que possam prejudicar o consumidor.<\/p>\n\n\n\n<p>O Procon An\u00e1polis refor\u00e7a que consumidores que identificarem irregularidades podem formalizar den\u00fancias, contribuindo para uma atua\u00e7\u00e3o ainda mais eficaz na prote\u00e7\u00e3o dos direitos de pais, alunos e respons\u00e1veis.<\/p>\n","protected":false},"excerpt":{"rendered":"<p class=\"excerpt\">A\u00e7\u00e3o tem como objetivo proteger consumidores durante o per\u00edodo de compras O Procon An\u00e1polis deu in\u00edcio, neste m\u00eas, \u00e0 Opera\u00e7\u00e3o Volta \u00e0s Aulas, com a\u00e7\u00f5es fiscalizat\u00f3rias voltadas a fornecedores que atuam no ramo educacional do munic\u00edpio. At\u00e9 o momento, aproximadamente 70 institui\u00e7\u00f5es de ensino j\u00e1 foram fiscalizadas. A opera\u00e7\u00e3o est\u00e1 sendo realizada em institui\u00e7\u00f5es de [&hellip;]<\/p>\n","protected":false},"author":1,"featured_media":0,"comment_status":"open","ping_status":"open","sticky":false,"template":"","format":"standard","meta":[],"categories":[8,17],"tags":[22,24,113,83,129,92],"yoast_head":"<!-- This site is optimized with the Yoast SEO plugin v18.3 - https:\/\/yoast.com\/wordpress\/plugins\/seo\/ -->\n<title>Opera\u00e7\u00e3o \u201cVolta \u00e0s Aulas\u201d do Procon j\u00e1 fiscalizou 70 institui\u00e7\u00f5es em An\u00e1polis - Manchester FM 93,3<\/title>\n<meta name=\"robots\" content=\"index, follow, max-snippet:-1, max-image-preview:large, max-video-preview:-1\" \/>\n<link rel=\"canonical\" href=\"https:\/\/www.radiomanchester.com.br\/fm\/operacao-volta-as-aulas-do-procon-ja-fiscalizou-70-instituicoes-em-anapolis\/\" \/>\n<meta property=\"og:locale\" content=\"pt_BR\" \/>\n<meta property=\"og:type\" content=\"article\" \/>\n<meta property=\"og:title\" content=\"Opera\u00e7\u00e3o \u201cVolta \u00e0s Aulas\u201d do Procon j\u00e1 fiscalizou 70 institui\u00e7\u00f5es em An\u00e1polis - Manchester FM 93,3\" \/>\n<meta property=\"og:description\" content=\"A\u00e7\u00e3o tem como objetivo proteger consumidores durante o per\u00edodo de compras O Procon An\u00e1polis deu in\u00edcio, neste m\u00eas, \u00e0 Opera\u00e7\u00e3o Volta \u00e0s Aulas, com a\u00e7\u00f5es fiscalizat\u00f3rias voltadas a fornecedores que atuam no ramo educacional do munic\u00edpio. At\u00e9 o momento, aproximadamente 70 institui\u00e7\u00f5es de ensino j\u00e1 foram fiscalizadas. A opera\u00e7\u00e3o est\u00e1 sendo realizada em institui\u00e7\u00f5es de [&hellip;]\" \/>\n<meta property=\"og:url\" content=\"https:\/\/www.radiomanchester.com.br\/fm\/operacao-volta-as-aulas-do-procon-ja-fiscalizou-70-instituicoes-em-anapolis\/\" \/>\n<meta property=\"og:site_name\" content=\"Manchester FM 93,3\" \/>\n<meta property=\"article:published_time\" content=\"2026-01-11T19:45:52+00:00\" \/>\n<meta property=\"article:modified_time\" content=\"2026-01-11T19:45:54+00:00\" \/>\n<meta name=\"twitter:card\" content=\"summary_large_image\" \/>\n<meta name=\"twitter:label1\" content=\"Escrito por\" \/>\n\t<meta name=\"twitter:data1\" content=\"admin\" \/>\n\t<meta name=\"twitter:label2\" content=\"Est. tempo de leitura\" \/>\n\t<meta name=\"twitter:data2\" content=\"1 minuto\" \/>\n<script type=\"application\/ld+json\" class=\"yoast-schema-graph\">{\"@context\":\"https:\/\/schema.org\",\"@graph\":[{\"@type\":\"WebSite\",\"@id\":\"https:\/\/www.radiomanchester.com.br\/fm\/#website\",\"url\":\"https:\/\/www.radiomanchester.com.br\/fm\/\",\"name\":\"Manchester FM 93,3\",\"description\":\"Todo Mundo Ouve!\",\"potentialAction\":[{\"@type\":\"SearchAction\",\"target\":{\"@type\":\"EntryPoint\",\"urlTemplate\":\"https:\/\/www.radiomanchester.com.br\/fm\/?s={search_term_string}\"},\"query-input\":\"required name=search_term_string\"}],\"inLanguage\":\"pt-BR\"},{\"@type\":\"WebPage\",\"@id\":\"https:\/\/www.radiomanchester.com.br\/fm\/operacao-volta-as-aulas-do-procon-ja-fiscalizou-70-instituicoes-em-anapolis\/#webpage\",\"url\":\"https:\/\/www.radiomanchester.com.br\/fm\/operacao-volta-as-aulas-do-procon-ja-fiscalizou-70-instituicoes-em-anapolis\/\",\"name\":\"Opera\u00e7\u00e3o \u201cVolta \u00e0s Aulas\u201d do Procon j\u00e1 fiscalizou 70 institui\u00e7\u00f5es em An\u00e1polis - Manchester FM 93,3\",\"isPartOf\":{\"@id\":\"https:\/\/www.radiomanchester.com.br\/fm\/#website\"},\"datePublished\":\"2026-01-11T19:45:52+00:00\",\"dateModified\":\"2026-01-11T19:45:54+00:00\",\"author\":{\"@id\":\"https:\/\/www.radiomanchester.com.br\/fm\/#\/schema\/person\/408a7b4d4e32cbebd90e2782852abca3\"},\"breadcrumb\":{\"@id\":\"https:\/\/www.radiomanchester.com.br\/fm\/operacao-volta-as-aulas-do-procon-ja-fiscalizou-70-instituicoes-em-anapolis\/#breadcrumb\"},\"inLanguage\":\"pt-BR\",\"potentialAction\":[{\"@type\":\"ReadAction\",\"target\":[\"https:\/\/www.radiomanchester.com.br\/fm\/operacao-volta-as-aulas-do-procon-ja-fiscalizou-70-instituicoes-em-anapolis\/\"]}]},{\"@type\":\"BreadcrumbList\",\"@id\":\"https:\/\/www.radiomanchester.com.br\/fm\/operacao-volta-as-aulas-do-procon-ja-fiscalizou-70-instituicoes-em-anapolis\/#breadcrumb\",\"itemListElement\":[{\"@type\":\"ListItem\",\"position\":1,\"name\":\"Home\",\"item\":\"https:\/\/www.radiomanchester.com.br\/fm\/\"},{\"@type\":\"ListItem\",\"position\":2,\"name\":\"Opera\u00e7\u00e3o \u201cVolta \u00e0s Aulas\u201d do Procon j\u00e1 fiscalizou 70 institui\u00e7\u00f5es em An\u00e1polis\"}]},{\"@type\":\"Person\",\"@id\":\"https:\/\/www.radiomanchester.com.br\/fm\/#\/schema\/person\/408a7b4d4e32cbebd90e2782852abca3\",\"name\":\"admin\",\"image\":{\"@type\":\"ImageObject\",\"@id\":\"https:\/\/www.radiomanchester.com.br\/fm\/#personlogo\",\"inLanguage\":\"pt-BR\",\"url\":\"https:\/\/secure.gravatar.com\/avatar\/115a974dba3376872eb3addeb276301c?s=96&d=mm&r=g\",\"contentUrl\":\"https:\/\/secure.gravatar.com\/avatar\/115a974dba3376872eb3addeb276301c?s=96&d=mm&r=g\",\"caption\":\"admin\"},\"url\":\"https:\/\/www.radiomanchester.com.br\/fm\/author\/admin\/\"}]}<\/script>\n<!-- \/ Yoast SEO plugin. -->","yoast_head_json":{"title":"Opera\u00e7\u00e3o \u201cVolta \u00e0s Aulas\u201d do Procon j\u00e1 fiscalizou 70 institui\u00e7\u00f5es em An\u00e1polis - Manchester FM 93,3","robots":{"index":"index","follow":"follow","max-snippet":"max-snippet:-1","max-image-preview":"max-image-preview:large","max-video-preview":"max-video-preview:-1"},"canonical":"https:\/\/www.radiomanchester.com.br\/fm\/operacao-volta-as-aulas-do-procon-ja-fiscalizou-70-instituicoes-em-anapolis\/","og_locale":"pt_BR","og_type":"article","og_title":"Opera\u00e7\u00e3o \u201cVolta \u00e0s Aulas\u201d do Procon j\u00e1 fiscalizou 70 institui\u00e7\u00f5es em An\u00e1polis - Manchester FM 93,3","og_description":"A\u00e7\u00e3o tem como objetivo proteger consumidores durante o per\u00edodo de compras O Procon An\u00e1polis deu in\u00edcio, neste m\u00eas, \u00e0 Opera\u00e7\u00e3o Volta \u00e0s Aulas, com a\u00e7\u00f5es fiscalizat\u00f3rias voltadas a fornecedores que atuam no ramo educacional do munic\u00edpio. At\u00e9 o momento, aproximadamente 70 institui\u00e7\u00f5es de ensino j\u00e1 foram fiscalizadas. A opera\u00e7\u00e3o est\u00e1 sendo realizada em institui\u00e7\u00f5es de [&hellip;]","og_url":"https:\/\/www.radiomanchester.com.br\/fm\/operacao-volta-as-aulas-do-procon-ja-fiscalizou-70-instituicoes-em-anapolis\/","og_site_name":"Manchester FM 93,3","article_published_time":"2026-01-11T19:45:52+00:00","article_modified_time":"2026-01-11T19:45:54+00:00","twitter_card":"summary_large_image","twitter_misc":{"Escrito por":"admin","Est. tempo de leitura":"1 minuto"},"schema":{"@context":"https:\/\/schema.org","@graph":[{"@type":"WebSite","@id":"https:\/\/www.radiomanchester.com.br\/fm\/#website","url":"https:\/\/www.radiomanchester.com.br\/fm\/","name":"Manchester FM 93,3","description":"Todo Mundo Ouve!","potentialAction":[{"@type":"SearchAction","target":{"@type":"EntryPoint","urlTemplate":"https:\/\/www.radiomanchester.com.br\/fm\/?s={search_term_string}"},"query-input":"required name=search_term_string"}],"inLanguage":"pt-BR"},{"@type":"WebPage","@id":"https:\/\/www.radiomanchester.com.br\/fm\/operacao-volta-as-aulas-do-procon-ja-fiscalizou-70-instituicoes-em-anapolis\/#webpage","url":"https:\/\/www.radiomanchester.com.br\/fm\/operacao-volta-as-aulas-do-procon-ja-fiscalizou-70-instituicoes-em-anapolis\/","name":"Opera\u00e7\u00e3o \u201cVolta \u00e0s Aulas\u201d do Procon j\u00e1 fiscalizou 70 institui\u00e7\u00f5es em An\u00e1polis - Manchester FM 93,3","isPartOf":{"@id":"https:\/\/www.radiomanchester.com.br\/fm\/#website"},"datePublished":"2026-01-11T19:45:52+00:00","dateModified":"2026-01-11T19:45:54+00:00","author":{"@id":"https:\/\/www.radiomanchester.com.br\/fm\/#\/schema\/person\/408a7b4d4e32cbebd90e2782852abca3"},"breadcrumb":{"@id":"https:\/\/www.radiomanchester.com.br\/fm\/operacao-volta-as-aulas-do-procon-ja-fiscalizou-70-instituicoes-em-anapolis\/#breadcrumb"},"inLanguage":"pt-BR","potentialAction":[{"@type":"ReadAction","target":["https:\/\/www.radiomanchester.com.br\/fm\/operacao-volta-as-aulas-do-procon-ja-fiscalizou-70-instituicoes-em-anapolis\/"]}]},{"@type":"BreadcrumbList","@id":"https:\/\/www.radiomanchester.com.br\/fm\/operacao-volta-as-aulas-do-procon-ja-fiscalizou-70-instituicoes-em-anapolis\/#breadcrumb","itemListElement":[{"@type":"ListItem","position":1,"name":"Home","item":"https:\/\/www.radiomanchester.com.br\/fm\/"},{"@type":"ListItem","position":2,"name":"Opera\u00e7\u00e3o \u201cVolta \u00e0s Aulas\u201d do Procon j\u00e1 fiscalizou 70 institui\u00e7\u00f5es em An\u00e1polis"}]},{"@type":"Person","@id":"https:\/\/www.radiomanchester.com.br\/fm\/#\/schema\/person\/408a7b4d4e32cbebd90e2782852abca3","name":"admin","image":{"@type":"ImageObject","@id":"https:\/\/www.radiomanchester.com.br\/fm\/#personlogo","inLanguage":"pt-BR","url":"https:\/\/secure.gravatar.com\/avatar\/115a974dba3376872eb3addeb276301c?s=96&d=mm&r=g","contentUrl":"https:\/\/secure.gravatar.com\/avatar\/115a974dba3376872eb3addeb276301c?s=96&d=mm&r=g","caption":"admin"},"url":"https:\/\/www.radiomanchester.com.br\/fm\/author\/admin\/"}]}},"_links":{"self":[{"href":"https:\/\/www.radiomanchester.com.br\/fm\/wp-json\/wp\/v2\/posts\/17145"}],"collection":[{"href":"https:\/\/www.radiomanchester.com.br\/fm\/wp-json\/wp\/v2\/posts"}],"about":[{"href":"https:\/\/www.radiomanchester.com.br\/fm\/wp-json\/wp\/v2\/types\/post"}],"author":[{"embeddable":true,"href":"https:\/\/www.radiomanchester.com.br\/fm\/wp-json\/wp\/v2\/users\/1"}],"replies":[{"embeddable":true,"href":"https:\/\/www.radiomanchester.com.br\/fm\/wp-json\/wp\/v2\/comments?post=17145"}],"version-history":[{"count":1,"href":"https:\/\/www.radiomanchester.com.br\/fm\/wp-json\/wp\/v2\/posts\/17145\/revisions"}],"predecessor-version":[{"id":17146,"href":"https:\/\/www.radiomanchester.com.br\/fm\/wp-json\/wp\/v2\/posts\/17145\/revisions\/17146"}],"wp:attachment":[{"href":"https:\/\/www.radiomanchester.com.br\/fm\/wp-json\/wp\/v2\/media?parent=17145"}],"wp:term":[{"taxonomy":"category","embeddable":true,"href":"https:\/\/www.radiomanchester.com.br\/fm\/wp-json\/wp\/v2\/categories?post=17145"},{"taxonomy":"post_tag","embeddable":true,"href":"https:\/\/www.radiomanchester.com.br\/fm\/wp-json\/wp\/v2\/tags?post=17145"}],"curies":[{"name":"wp","href":"https:\/\/api.w.org\/{rel}","templated":true}]}}