{"id":17147,"date":"2026-01-11T18:54:33","date_gmt":"2026-01-11T21:54:33","guid":{"rendered":"https:\/\/www.radiomanchester.com.br\/fm\/?p=17147"},"modified":"2026-01-11T18:54:35","modified_gmt":"2026-01-11T21:54:35","slug":"mortes-em-protestos-no-ira-chegam-a-mais-de-500","status":"publish","type":"post","link":"https:\/\/www.radiomanchester.com.br\/fm\/mortes-em-protestos-no-ira-chegam-a-mais-de-500\/","title":{"rendered":"Mortes em protestos no Ir\u00e3 chegam a mais de 500"},"content":{"rendered":"\n<p><em><strong>Trump disse que EUA v\u00e3o intervir se houver a morte de manifesta\u00e7\u00f5es<\/strong><\/em><\/p>\n\n\n\n<hr class=\"wp-block-separator\"\/>\n\n\n\n<p>As agita\u00e7\u00f5es no Ir\u00e3 j\u00e1 mataram mais de 500 pessoas, disse um grupo de direitos humanos neste domingo (11\/01), enquanto Teer\u00e3 amea\u00e7ou atacar as bases militares dos Estados Unidos se o presidente Donald Trump levar adiante as amea\u00e7as de intervir em nome dos manifestantes.<\/p>\n\n\n\n<p>Conforme o establishment clerical da Rep\u00fablica Isl\u00e2mica enfrenta as maiores manifesta\u00e7\u00f5es desde 2022, Trump amea\u00e7ou repetidamente intervir se a for\u00e7a for usada contra manifestantes.<\/p>\n\n\n\n<p>De acordo com seus n\u00fameros mais recentes &#8212; de ativistas dentro e fora do Ir\u00e3 &#8212; o grupo de direitos humanos HRANA, com sede nos EUA, disse ter verificado a morte de 490 manifestantes e 48 membros da equipe de seguran\u00e7a, com mais de 10.600 pessoas presas em duas semanas de agita\u00e7\u00e3o.<\/p>\n\n\n\n<p>O Ir\u00e3 n\u00e3o forneceu um n\u00famero oficial de mortos e a Reuters n\u00e3o conseguiu verificar os n\u00fameros de forma independente.<\/p>\n\n\n\n<p>Trump ser\u00e1 informado por suas autoridades na ter\u00e7a-feira sobre as op\u00e7\u00f5es em rela\u00e7\u00e3o ao Ir\u00e3, incluindo ataques militares, uso de armas cibern\u00e9ticas secretas, amplia\u00e7\u00e3o das san\u00e7\u00f5es e fornecimento de ajuda online para fontes antigovernamentais, disse o Wall Street Journal neste domingo.<\/p>\n\n\n\n<p>O presidente do Parlamento iraniano, Mohammad Baqer Qalibaf, alertou Washington contra &#8220;um erro de c\u00e1lculo&#8221;.<\/p>\n\n\n\n<p>&#8220;Sejamos claros: no caso de um ataque ao Ir\u00e3, os territ\u00f3rios ocupados (Israel), bem como todas as bases e navios dos EUA, ser\u00e3o nosso alvo leg\u00edtimo&#8221;, disse Qalibaf, ex-comandante da Guarda Revolucion\u00e1ria de elite do Ir\u00e3.<\/p>\n\n\n\n<p><strong>Autoridade intensificam repress\u00e3o<br><\/strong>Os protestos come\u00e7aram em 28 de dezembro em resposta ao aumento dos pre\u00e7os, antes de se voltarem contra os governantes clericais que governam desde a Revolu\u00e7\u00e3o Isl\u00e2mica de 1979.<\/p>\n\n\n\n<p>Autoridades acusam os EUA e Israel de fomentar os problemas.<\/p>\n\n\n\n<p>O presidente iraniano Masoud Pezeshkian, em uma entrevista na TV, disse que Israel e os EUA estavam planejando a desestabiliza\u00e7\u00e3o e que os inimigos do Ir\u00e3 haviam trazido &#8220;terroristas (\u2026) que incendiaram mesquitas \u2026., atacaram bancos e propriedades p\u00fablicas&#8221;.<\/p>\n\n\n\n<p>&#8220;Fam\u00edlias, eu lhes pe\u00e7o: n\u00e3o permitam que seus filhos pequenos se juntem a desordeiros e terroristas que decapitam pessoas e matam outras&#8221;, disse ele, acrescentando que o governo estava pronto para ouvir o povo e resolver os problemas econ\u00f4micos.<\/p>\n\n\n\n<p>porAg\u00eancia Brasil<\/p>\n","protected":false},"excerpt":{"rendered":"<p class=\"excerpt\">Trump disse que EUA v\u00e3o intervir se houver a morte de manifesta\u00e7\u00f5es As agita\u00e7\u00f5es no Ir\u00e3 j\u00e1 mataram mais de 500 pessoas, disse um grupo de direitos humanos neste domingo (11\/01), enquanto Teer\u00e3 amea\u00e7ou atacar as bases militares dos Estados Unidos se o presidente Donald Trump levar adiante as amea\u00e7as de intervir em nome dos [&hellip;]<\/p>\n","protected":false},"author":1,"featured_media":0,"comment_status":"open","ping_status":"open","sticky":false,"template":"","format":"standard","meta":[],"categories":[8,17],"tags":[22,24,113,83,92],"yoast_head":"<!-- This site is optimized with the Yoast SEO plugin v18.3 - https:\/\/yoast.com\/wordpress\/plugins\/seo\/ -->\n<title>Mortes em protestos no Ir\u00e3 chegam a mais de 500 - Manchester FM 93,3<\/title>\n<meta name=\"robots\" content=\"index, follow, max-snippet:-1, max-image-preview:large, max-video-preview:-1\" \/>\n<link rel=\"canonical\" href=\"https:\/\/www.radiomanchester.com.br\/fm\/mortes-em-protestos-no-ira-chegam-a-mais-de-500\/\" \/>\n<meta property=\"og:locale\" content=\"pt_BR\" \/>\n<meta property=\"og:type\" content=\"article\" \/>\n<meta property=\"og:title\" content=\"Mortes em protestos no Ir\u00e3 chegam a mais de 500 - Manchester FM 93,3\" \/>\n<meta property=\"og:description\" content=\"Trump disse que EUA v\u00e3o intervir se houver a morte de manifesta\u00e7\u00f5es As agita\u00e7\u00f5es no Ir\u00e3 j\u00e1 mataram mais de 500 pessoas, disse um grupo de direitos humanos neste domingo (11\/01), enquanto Teer\u00e3 amea\u00e7ou atacar as bases militares dos Estados Unidos se o presidente Donald Trump levar adiante as amea\u00e7as de intervir em nome dos [&hellip;]\" \/>\n<meta property=\"og:url\" content=\"https:\/\/www.radiomanchester.com.br\/fm\/mortes-em-protestos-no-ira-chegam-a-mais-de-500\/\" \/>\n<meta property=\"og:site_name\" content=\"Manchester FM 93,3\" \/>\n<meta property=\"article:published_time\" content=\"2026-01-11T21:54:33+00:00\" \/>\n<meta property=\"article:modified_time\" content=\"2026-01-11T21:54:35+00:00\" \/>\n<meta name=\"twitter:card\" content=\"summary_large_image\" \/>\n<meta name=\"twitter:label1\" content=\"Escrito por\" \/>\n\t<meta name=\"twitter:data1\" content=\"admin\" \/>\n\t<meta name=\"twitter:label2\" content=\"Est. tempo de leitura\" \/>\n\t<meta name=\"twitter:data2\" content=\"2 minutos\" \/>\n<script type=\"application\/ld+json\" class=\"yoast-schema-graph\">{\"@context\":\"https:\/\/schema.org\",\"@graph\":[{\"@type\":\"WebSite\",\"@id\":\"https:\/\/www.radiomanchester.com.br\/fm\/#website\",\"url\":\"https:\/\/www.radiomanchester.com.br\/fm\/\",\"name\":\"Manchester FM 93,3\",\"description\":\"Todo Mundo Ouve!\",\"potentialAction\":[{\"@type\":\"SearchAction\",\"target\":{\"@type\":\"EntryPoint\",\"urlTemplate\":\"https:\/\/www.radiomanchester.com.br\/fm\/?s={search_term_string}\"},\"query-input\":\"required name=search_term_string\"}],\"inLanguage\":\"pt-BR\"},{\"@type\":\"WebPage\",\"@id\":\"https:\/\/www.radiomanchester.com.br\/fm\/mortes-em-protestos-no-ira-chegam-a-mais-de-500\/#webpage\",\"url\":\"https:\/\/www.radiomanchester.com.br\/fm\/mortes-em-protestos-no-ira-chegam-a-mais-de-500\/\",\"name\":\"Mortes em protestos no Ir\u00e3 chegam a mais de 500 - Manchester FM 93,3\",\"isPartOf\":{\"@id\":\"https:\/\/www.radiomanchester.com.br\/fm\/#website\"},\"datePublished\":\"2026-01-11T21:54:33+00:00\",\"dateModified\":\"2026-01-11T21:54:35+00:00\",\"author\":{\"@id\":\"https:\/\/www.radiomanchester.com.br\/fm\/#\/schema\/person\/408a7b4d4e32cbebd90e2782852abca3\"},\"breadcrumb\":{\"@id\":\"https:\/\/www.radiomanchester.com.br\/fm\/mortes-em-protestos-no-ira-chegam-a-mais-de-500\/#breadcrumb\"},\"inLanguage\":\"pt-BR\",\"potentialAction\":[{\"@type\":\"ReadAction\",\"target\":[\"https:\/\/www.radiomanchester.com.br\/fm\/mortes-em-protestos-no-ira-chegam-a-mais-de-500\/\"]}]},{\"@type\":\"BreadcrumbList\",\"@id\":\"https:\/\/www.radiomanchester.com.br\/fm\/mortes-em-protestos-no-ira-chegam-a-mais-de-500\/#breadcrumb\",\"itemListElement\":[{\"@type\":\"ListItem\",\"position\":1,\"name\":\"Home\",\"item\":\"https:\/\/www.radiomanchester.com.br\/fm\/\"},{\"@type\":\"ListItem\",\"position\":2,\"name\":\"Mortes em protestos no Ir\u00e3 chegam a mais de 500\"}]},{\"@type\":\"Person\",\"@id\":\"https:\/\/www.radiomanchester.com.br\/fm\/#\/schema\/person\/408a7b4d4e32cbebd90e2782852abca3\",\"name\":\"admin\",\"image\":{\"@type\":\"ImageObject\",\"@id\":\"https:\/\/www.radiomanchester.com.br\/fm\/#personlogo\",\"inLanguage\":\"pt-BR\",\"url\":\"https:\/\/secure.gravatar.com\/avatar\/115a974dba3376872eb3addeb276301c?s=96&d=mm&r=g\",\"contentUrl\":\"https:\/\/secure.gravatar.com\/avatar\/115a974dba3376872eb3addeb276301c?s=96&d=mm&r=g\",\"caption\":\"admin\"},\"url\":\"https:\/\/www.radiomanchester.com.br\/fm\/author\/admin\/\"}]}<\/script>\n<!-- \/ Yoast SEO plugin. -->","yoast_head_json":{"title":"Mortes em protestos no Ir\u00e3 chegam a mais de 500 - Manchester FM 93,3","robots":{"index":"index","follow":"follow","max-snippet":"max-snippet:-1","max-image-preview":"max-image-preview:large","max-video-preview":"max-video-preview:-1"},"canonical":"https:\/\/www.radiomanchester.com.br\/fm\/mortes-em-protestos-no-ira-chegam-a-mais-de-500\/","og_locale":"pt_BR","og_type":"article","og_title":"Mortes em protestos no Ir\u00e3 chegam a mais de 500 - Manchester FM 93,3","og_description":"Trump disse que EUA v\u00e3o intervir se houver a morte de manifesta\u00e7\u00f5es As agita\u00e7\u00f5es no Ir\u00e3 j\u00e1 mataram mais de 500 pessoas, disse um grupo de direitos humanos neste domingo (11\/01), enquanto Teer\u00e3 amea\u00e7ou atacar as bases militares dos Estados Unidos se o presidente Donald Trump levar adiante as amea\u00e7as de intervir em nome dos [&hellip;]","og_url":"https:\/\/www.radiomanchester.com.br\/fm\/mortes-em-protestos-no-ira-chegam-a-mais-de-500\/","og_site_name":"Manchester FM 93,3","article_published_time":"2026-01-11T21:54:33+00:00","article_modified_time":"2026-01-11T21:54:35+00:00","twitter_card":"summary_large_image","twitter_misc":{"Escrito por":"admin","Est. tempo de leitura":"2 minutos"},"schema":{"@context":"https:\/\/schema.org","@graph":[{"@type":"WebSite","@id":"https:\/\/www.radiomanchester.com.br\/fm\/#website","url":"https:\/\/www.radiomanchester.com.br\/fm\/","name":"Manchester FM 93,3","description":"Todo Mundo Ouve!","potentialAction":[{"@type":"SearchAction","target":{"@type":"EntryPoint","urlTemplate":"https:\/\/www.radiomanchester.com.br\/fm\/?s={search_term_string}"},"query-input":"required name=search_term_string"}],"inLanguage":"pt-BR"},{"@type":"WebPage","@id":"https:\/\/www.radiomanchester.com.br\/fm\/mortes-em-protestos-no-ira-chegam-a-mais-de-500\/#webpage","url":"https:\/\/www.radiomanchester.com.br\/fm\/mortes-em-protestos-no-ira-chegam-a-mais-de-500\/","name":"Mortes em protestos no Ir\u00e3 chegam a mais de 500 - Manchester FM 93,3","isPartOf":{"@id":"https:\/\/www.radiomanchester.com.br\/fm\/#website"},"datePublished":"2026-01-11T21:54:33+00:00","dateModified":"2026-01-11T21:54:35+00:00","author":{"@id":"https:\/\/www.radiomanchester.com.br\/fm\/#\/schema\/person\/408a7b4d4e32cbebd90e2782852abca3"},"breadcrumb":{"@id":"https:\/\/www.radiomanchester.com.br\/fm\/mortes-em-protestos-no-ira-chegam-a-mais-de-500\/#breadcrumb"},"inLanguage":"pt-BR","potentialAction":[{"@type":"ReadAction","target":["https:\/\/www.radiomanchester.com.br\/fm\/mortes-em-protestos-no-ira-chegam-a-mais-de-500\/"]}]},{"@type":"BreadcrumbList","@id":"https:\/\/www.radiomanchester.com.br\/fm\/mortes-em-protestos-no-ira-chegam-a-mais-de-500\/#breadcrumb","itemListElement":[{"@type":"ListItem","position":1,"name":"Home","item":"https:\/\/www.radiomanchester.com.br\/fm\/"},{"@type":"ListItem","position":2,"name":"Mortes em protestos no Ir\u00e3 chegam a mais de 500"}]},{"@type":"Person","@id":"https:\/\/www.radiomanchester.com.br\/fm\/#\/schema\/person\/408a7b4d4e32cbebd90e2782852abca3","name":"admin","image":{"@type":"ImageObject","@id":"https:\/\/www.radiomanchester.com.br\/fm\/#personlogo","inLanguage":"pt-BR","url":"https:\/\/secure.gravatar.com\/avatar\/115a974dba3376872eb3addeb276301c?s=96&d=mm&r=g","contentUrl":"https:\/\/secure.gravatar.com\/avatar\/115a974dba3376872eb3addeb276301c?s=96&d=mm&r=g","caption":"admin"},"url":"https:\/\/www.radiomanchester.com.br\/fm\/author\/admin\/"}]}},"_links":{"self":[{"href":"https:\/\/www.radiomanchester.com.br\/fm\/wp-json\/wp\/v2\/posts\/17147"}],"collection":[{"href":"https:\/\/www.radiomanchester.com.br\/fm\/wp-json\/wp\/v2\/posts"}],"about":[{"href":"https:\/\/www.radiomanchester.com.br\/fm\/wp-json\/wp\/v2\/types\/post"}],"author":[{"embeddable":true,"href":"https:\/\/www.radiomanchester.com.br\/fm\/wp-json\/wp\/v2\/users\/1"}],"replies":[{"embeddable":true,"href":"https:\/\/www.radiomanchester.com.br\/fm\/wp-json\/wp\/v2\/comments?post=17147"}],"version-history":[{"count":1,"href":"https:\/\/www.radiomanchester.com.br\/fm\/wp-json\/wp\/v2\/posts\/17147\/revisions"}],"predecessor-version":[{"id":17148,"href":"https:\/\/www.radiomanchester.com.br\/fm\/wp-json\/wp\/v2\/posts\/17147\/revisions\/17148"}],"wp:attachment":[{"href":"https:\/\/www.radiomanchester.com.br\/fm\/wp-json\/wp\/v2\/media?parent=17147"}],"wp:term":[{"taxonomy":"category","embeddable":true,"href":"https:\/\/www.radiomanchester.com.br\/fm\/wp-json\/wp\/v2\/categories?post=17147"},{"taxonomy":"post_tag","embeddable":true,"href":"https:\/\/www.radiomanchester.com.br\/fm\/wp-json\/wp\/v2\/tags?post=17147"}],"curies":[{"name":"wp","href":"https:\/\/api.w.org\/{rel}","templated":true}]}}