{"id":17149,"date":"2026-01-12T07:00:00","date_gmt":"2026-01-12T10:00:00","guid":{"rendered":"https:\/\/www.radiomanchester.com.br\/fm\/?p=17149"},"modified":"2026-01-11T19:02:25","modified_gmt":"2026-01-11T22:02:25","slug":"cidade-do-parana-e-atingida-por-ventos-fortes-de-ate-180-km-h","status":"publish","type":"post","link":"https:\/\/www.radiomanchester.com.br\/fm\/cidade-do-parana-e-atingida-por-ventos-fortes-de-ate-180-km-h\/","title":{"rendered":"Cidade do Paran\u00e1 \u00e9 atingida por ventos fortes de at\u00e9 180 km\/h"},"content":{"rendered":"\n<p><em><strong>V\u00e1rias casas foram destelhadas e duas pessoas ficaram feridas<\/strong><\/em><\/p>\n\n\n\n<hr class=\"wp-block-separator\"\/>\n\n\n\n<p>A cidade de S\u00e3o Jos\u00e9 dos Pinhais, na regi\u00e3o metropolitana de Curitiba (PR), foi atingida pela passagem de um tornado no in\u00edcio da noite deste s\u00e1bado (10) e houve destelhamento de casas, queda de \u00e1rvores e de energia. A velocidade dos ventos foi de 180km\/h, segundo avalia\u00e7\u00e3o do Sistema de Tecnologia e Monitoramento Ambiental do Paran\u00e1 (Simepar), o que significa dizer que o fen\u00f4meno est\u00e1 na categoria F2 na escala Fujita, que vai at\u00e9 5.<\/p>\n\n\n\n<p>A regi\u00e3o mais afetada foi o bairro de Guatup\u00ea, onde os ventos causaram a destrui\u00e7\u00e3o dos telhados de cerca de 350 resid\u00eancias, segundo informa\u00e7\u00f5es da Defesa Civil. 1,2 mil pessoas foram impactadas pelo evento, sendo que duas fam\u00edlias ficaram desalojadas e precisaram ser abrigadas por parentes. Duas pessoas ficaram levemente feridas.<\/p>\n\n\n\n<p>Os ventos causaram ainda outros tipos de estragos, como derrubada de port\u00f5es, provocou o desligamento de sem\u00e1foros, a destrui\u00e7\u00e3o de um galp\u00e3o e ainda danificou v\u00e1rios postes.<\/p>\n\n\n\n<p>A Prefeita de S\u00e3o Jos\u00e9 dos Pinhais, Nina Singer, anunciou na noite de s\u00e1bado que foi montado um ponto de apoio na subprefeitura de Guatup\u00ea com a disponibiliza\u00e7\u00e3o de lonas para proteger provisoriamente as casas que sofreram danos.<\/p>\n\n\n\n<p>A Defesa Civil mandou para S\u00e3o Jos\u00e9 dos Pinhais 2,6 mil telhas para ajudar as fam\u00edlias atingidas e reconstruir suas resid\u00eancias.<\/p>\n\n\n\n<p>PorAg\u00eancia Brasil<\/p>\n","protected":false},"excerpt":{"rendered":"<p class=\"excerpt\">V\u00e1rias casas foram destelhadas e duas pessoas ficaram feridas A cidade de S\u00e3o Jos\u00e9 dos Pinhais, na regi\u00e3o metropolitana de Curitiba (PR), foi atingida pela passagem de um tornado no in\u00edcio da noite deste s\u00e1bado (10) e houve destelhamento de casas, queda de \u00e1rvores e de energia. A velocidade dos ventos foi de 180km\/h, segundo [&hellip;]<\/p>\n","protected":false},"author":1,"featured_media":0,"comment_status":"open","ping_status":"open","sticky":false,"template":"","format":"standard","meta":[],"categories":[8,17],"tags":[22,24,113,83,92],"yoast_head":"<!-- This site is optimized with the Yoast SEO plugin v18.3 - https:\/\/yoast.com\/wordpress\/plugins\/seo\/ -->\n<title>Cidade do Paran\u00e1 \u00e9 atingida por ventos fortes de at\u00e9 180 km\/h - Manchester FM 93,3<\/title>\n<meta name=\"robots\" content=\"index, follow, max-snippet:-1, max-image-preview:large, max-video-preview:-1\" \/>\n<link rel=\"canonical\" href=\"https:\/\/www.radiomanchester.com.br\/fm\/cidade-do-parana-e-atingida-por-ventos-fortes-de-ate-180-km-h\/\" \/>\n<meta property=\"og:locale\" content=\"pt_BR\" \/>\n<meta property=\"og:type\" content=\"article\" \/>\n<meta property=\"og:title\" content=\"Cidade do Paran\u00e1 \u00e9 atingida por ventos fortes de at\u00e9 180 km\/h - Manchester FM 93,3\" \/>\n<meta property=\"og:description\" content=\"V\u00e1rias casas foram destelhadas e duas pessoas ficaram feridas A cidade de S\u00e3o Jos\u00e9 dos Pinhais, na regi\u00e3o metropolitana de Curitiba (PR), foi atingida pela passagem de um tornado no in\u00edcio da noite deste s\u00e1bado (10) e houve destelhamento de casas, queda de \u00e1rvores e de energia. A velocidade dos ventos foi de 180km\/h, segundo [&hellip;]\" \/>\n<meta property=\"og:url\" content=\"https:\/\/www.radiomanchester.com.br\/fm\/cidade-do-parana-e-atingida-por-ventos-fortes-de-ate-180-km-h\/\" \/>\n<meta property=\"og:site_name\" content=\"Manchester FM 93,3\" \/>\n<meta property=\"article:published_time\" content=\"2026-01-12T10:00:00+00:00\" \/>\n<meta property=\"article:modified_time\" content=\"2026-01-11T22:02:25+00:00\" \/>\n<meta name=\"twitter:card\" content=\"summary_large_image\" \/>\n<meta name=\"twitter:label1\" content=\"Escrito por\" \/>\n\t<meta name=\"twitter:data1\" content=\"admin\" \/>\n\t<meta name=\"twitter:label2\" content=\"Est. tempo de leitura\" \/>\n\t<meta name=\"twitter:data2\" content=\"2 minutos\" \/>\n<script type=\"application\/ld+json\" class=\"yoast-schema-graph\">{\"@context\":\"https:\/\/schema.org\",\"@graph\":[{\"@type\":\"WebSite\",\"@id\":\"https:\/\/www.radiomanchester.com.br\/fm\/#website\",\"url\":\"https:\/\/www.radiomanchester.com.br\/fm\/\",\"name\":\"Manchester FM 93,3\",\"description\":\"Todo Mundo Ouve!\",\"potentialAction\":[{\"@type\":\"SearchAction\",\"target\":{\"@type\":\"EntryPoint\",\"urlTemplate\":\"https:\/\/www.radiomanchester.com.br\/fm\/?s={search_term_string}\"},\"query-input\":\"required name=search_term_string\"}],\"inLanguage\":\"pt-BR\"},{\"@type\":\"WebPage\",\"@id\":\"https:\/\/www.radiomanchester.com.br\/fm\/cidade-do-parana-e-atingida-por-ventos-fortes-de-ate-180-km-h\/#webpage\",\"url\":\"https:\/\/www.radiomanchester.com.br\/fm\/cidade-do-parana-e-atingida-por-ventos-fortes-de-ate-180-km-h\/\",\"name\":\"Cidade do Paran\u00e1 \u00e9 atingida por ventos fortes de at\u00e9 180 km\/h - Manchester FM 93,3\",\"isPartOf\":{\"@id\":\"https:\/\/www.radiomanchester.com.br\/fm\/#website\"},\"datePublished\":\"2026-01-12T10:00:00+00:00\",\"dateModified\":\"2026-01-11T22:02:25+00:00\",\"author\":{\"@id\":\"https:\/\/www.radiomanchester.com.br\/fm\/#\/schema\/person\/408a7b4d4e32cbebd90e2782852abca3\"},\"breadcrumb\":{\"@id\":\"https:\/\/www.radiomanchester.com.br\/fm\/cidade-do-parana-e-atingida-por-ventos-fortes-de-ate-180-km-h\/#breadcrumb\"},\"inLanguage\":\"pt-BR\",\"potentialAction\":[{\"@type\":\"ReadAction\",\"target\":[\"https:\/\/www.radiomanchester.com.br\/fm\/cidade-do-parana-e-atingida-por-ventos-fortes-de-ate-180-km-h\/\"]}]},{\"@type\":\"BreadcrumbList\",\"@id\":\"https:\/\/www.radiomanchester.com.br\/fm\/cidade-do-parana-e-atingida-por-ventos-fortes-de-ate-180-km-h\/#breadcrumb\",\"itemListElement\":[{\"@type\":\"ListItem\",\"position\":1,\"name\":\"Home\",\"item\":\"https:\/\/www.radiomanchester.com.br\/fm\/\"},{\"@type\":\"ListItem\",\"position\":2,\"name\":\"Cidade do Paran\u00e1 \u00e9 atingida por ventos fortes de at\u00e9 180 km\/h\"}]},{\"@type\":\"Person\",\"@id\":\"https:\/\/www.radiomanchester.com.br\/fm\/#\/schema\/person\/408a7b4d4e32cbebd90e2782852abca3\",\"name\":\"admin\",\"image\":{\"@type\":\"ImageObject\",\"@id\":\"https:\/\/www.radiomanchester.com.br\/fm\/#personlogo\",\"inLanguage\":\"pt-BR\",\"url\":\"https:\/\/secure.gravatar.com\/avatar\/115a974dba3376872eb3addeb276301c?s=96&d=mm&r=g\",\"contentUrl\":\"https:\/\/secure.gravatar.com\/avatar\/115a974dba3376872eb3addeb276301c?s=96&d=mm&r=g\",\"caption\":\"admin\"},\"url\":\"https:\/\/www.radiomanchester.com.br\/fm\/author\/admin\/\"}]}<\/script>\n<!-- \/ Yoast SEO plugin. -->","yoast_head_json":{"title":"Cidade do Paran\u00e1 \u00e9 atingida por ventos fortes de at\u00e9 180 km\/h - Manchester FM 93,3","robots":{"index":"index","follow":"follow","max-snippet":"max-snippet:-1","max-image-preview":"max-image-preview:large","max-video-preview":"max-video-preview:-1"},"canonical":"https:\/\/www.radiomanchester.com.br\/fm\/cidade-do-parana-e-atingida-por-ventos-fortes-de-ate-180-km-h\/","og_locale":"pt_BR","og_type":"article","og_title":"Cidade do Paran\u00e1 \u00e9 atingida por ventos fortes de at\u00e9 180 km\/h - Manchester FM 93,3","og_description":"V\u00e1rias casas foram destelhadas e duas pessoas ficaram feridas A cidade de S\u00e3o Jos\u00e9 dos Pinhais, na regi\u00e3o metropolitana de Curitiba (PR), foi atingida pela passagem de um tornado no in\u00edcio da noite deste s\u00e1bado (10) e houve destelhamento de casas, queda de \u00e1rvores e de energia. A velocidade dos ventos foi de 180km\/h, segundo [&hellip;]","og_url":"https:\/\/www.radiomanchester.com.br\/fm\/cidade-do-parana-e-atingida-por-ventos-fortes-de-ate-180-km-h\/","og_site_name":"Manchester FM 93,3","article_published_time":"2026-01-12T10:00:00+00:00","article_modified_time":"2026-01-11T22:02:25+00:00","twitter_card":"summary_large_image","twitter_misc":{"Escrito por":"admin","Est. tempo de leitura":"2 minutos"},"schema":{"@context":"https:\/\/schema.org","@graph":[{"@type":"WebSite","@id":"https:\/\/www.radiomanchester.com.br\/fm\/#website","url":"https:\/\/www.radiomanchester.com.br\/fm\/","name":"Manchester FM 93,3","description":"Todo Mundo Ouve!","potentialAction":[{"@type":"SearchAction","target":{"@type":"EntryPoint","urlTemplate":"https:\/\/www.radiomanchester.com.br\/fm\/?s={search_term_string}"},"query-input":"required name=search_term_string"}],"inLanguage":"pt-BR"},{"@type":"WebPage","@id":"https:\/\/www.radiomanchester.com.br\/fm\/cidade-do-parana-e-atingida-por-ventos-fortes-de-ate-180-km-h\/#webpage","url":"https:\/\/www.radiomanchester.com.br\/fm\/cidade-do-parana-e-atingida-por-ventos-fortes-de-ate-180-km-h\/","name":"Cidade do Paran\u00e1 \u00e9 atingida por ventos fortes de at\u00e9 180 km\/h - Manchester FM 93,3","isPartOf":{"@id":"https:\/\/www.radiomanchester.com.br\/fm\/#website"},"datePublished":"2026-01-12T10:00:00+00:00","dateModified":"2026-01-11T22:02:25+00:00","author":{"@id":"https:\/\/www.radiomanchester.com.br\/fm\/#\/schema\/person\/408a7b4d4e32cbebd90e2782852abca3"},"breadcrumb":{"@id":"https:\/\/www.radiomanchester.com.br\/fm\/cidade-do-parana-e-atingida-por-ventos-fortes-de-ate-180-km-h\/#breadcrumb"},"inLanguage":"pt-BR","potentialAction":[{"@type":"ReadAction","target":["https:\/\/www.radiomanchester.com.br\/fm\/cidade-do-parana-e-atingida-por-ventos-fortes-de-ate-180-km-h\/"]}]},{"@type":"BreadcrumbList","@id":"https:\/\/www.radiomanchester.com.br\/fm\/cidade-do-parana-e-atingida-por-ventos-fortes-de-ate-180-km-h\/#breadcrumb","itemListElement":[{"@type":"ListItem","position":1,"name":"Home","item":"https:\/\/www.radiomanchester.com.br\/fm\/"},{"@type":"ListItem","position":2,"name":"Cidade do Paran\u00e1 \u00e9 atingida por ventos fortes de at\u00e9 180 km\/h"}]},{"@type":"Person","@id":"https:\/\/www.radiomanchester.com.br\/fm\/#\/schema\/person\/408a7b4d4e32cbebd90e2782852abca3","name":"admin","image":{"@type":"ImageObject","@id":"https:\/\/www.radiomanchester.com.br\/fm\/#personlogo","inLanguage":"pt-BR","url":"https:\/\/secure.gravatar.com\/avatar\/115a974dba3376872eb3addeb276301c?s=96&d=mm&r=g","contentUrl":"https:\/\/secure.gravatar.com\/avatar\/115a974dba3376872eb3addeb276301c?s=96&d=mm&r=g","caption":"admin"},"url":"https:\/\/www.radiomanchester.com.br\/fm\/author\/admin\/"}]}},"_links":{"self":[{"href":"https:\/\/www.radiomanchester.com.br\/fm\/wp-json\/wp\/v2\/posts\/17149"}],"collection":[{"href":"https:\/\/www.radiomanchester.com.br\/fm\/wp-json\/wp\/v2\/posts"}],"about":[{"href":"https:\/\/www.radiomanchester.com.br\/fm\/wp-json\/wp\/v2\/types\/post"}],"author":[{"embeddable":true,"href":"https:\/\/www.radiomanchester.com.br\/fm\/wp-json\/wp\/v2\/users\/1"}],"replies":[{"embeddable":true,"href":"https:\/\/www.radiomanchester.com.br\/fm\/wp-json\/wp\/v2\/comments?post=17149"}],"version-history":[{"count":1,"href":"https:\/\/www.radiomanchester.com.br\/fm\/wp-json\/wp\/v2\/posts\/17149\/revisions"}],"predecessor-version":[{"id":17150,"href":"https:\/\/www.radiomanchester.com.br\/fm\/wp-json\/wp\/v2\/posts\/17149\/revisions\/17150"}],"wp:attachment":[{"href":"https:\/\/www.radiomanchester.com.br\/fm\/wp-json\/wp\/v2\/media?parent=17149"}],"wp:term":[{"taxonomy":"category","embeddable":true,"href":"https:\/\/www.radiomanchester.com.br\/fm\/wp-json\/wp\/v2\/categories?post=17149"},{"taxonomy":"post_tag","embeddable":true,"href":"https:\/\/www.radiomanchester.com.br\/fm\/wp-json\/wp\/v2\/tags?post=17149"}],"curies":[{"name":"wp","href":"https:\/\/api.w.org\/{rel}","templated":true}]}}