{"id":17152,"date":"2026-01-12T18:58:37","date_gmt":"2026-01-12T21:58:37","guid":{"rendered":"https:\/\/www.radiomanchester.com.br\/fm\/?p=17152"},"modified":"2026-01-12T18:58:40","modified_gmt":"2026-01-12T21:58:40","slug":"pesquisa-do-procon-aponta-variacao-de-ate-243-em-itens-da-cesta-basica-em-anapolis","status":"publish","type":"post","link":"https:\/\/www.radiomanchester.com.br\/fm\/pesquisa-do-procon-aponta-variacao-de-ate-243-em-itens-da-cesta-basica-em-anapolis\/","title":{"rendered":"Pesquisa do Procon aponta varia\u00e7\u00e3o de at\u00e9 243% em itens da cesta b\u00e1sica em An\u00e1polis"},"content":{"rendered":"\n<p><\/p>\n\n\n\n<p>O Procon An\u00e1polis realizou, entre os dias 5 e 7 de janeiro, uma pesquisa de pre\u00e7os de itens da cesta b\u00e1sica em supermercados do munic\u00edpio. O levantamento analisou 23 produtos de consumo di\u00e1rio, incluindo itens de higiene, como sab\u00e3o, alimentos b\u00e1sicos, como arroz e feij\u00e3o, e diferentes tipos de carne, com o objetivo de orientar os consumidores e estimular a compara\u00e7\u00e3o de pre\u00e7os.<\/p>\n\n\n\n<p>Durante a a\u00e7\u00e3o, os agentes do \u00f3rg\u00e3o visitaram seis supermercados, sendo eles o P\u00e9rola, Floresta, Di Casa, do Povo, Super Vi e Atacad\u00e3o e compararam o menor e o maior pre\u00e7o praticados, al\u00e9m de identificar o pre\u00e7o m\u00e9dio de cada item pesquisado.<\/p>\n\n\n\n<p>O item que apresentou a maior varia\u00e7\u00e3o de pre\u00e7o foi o sab\u00e3o em p\u00f3, com diferen\u00e7a de 243% entre os estabelecimentos. O maior valor foi registrado no Atacad\u00e3o, a R$ 12,99, enquanto o menor foi encontrado por R$ 3,79.<\/p>\n\n\n\n<p>Outros itens tamb\u00e9m apresentaram varia\u00e7\u00e3o como a batata inglesa (135%), o tomate (100%) e a \u00e1gua sanit\u00e1ria (95%).<\/p>\n\n\n\n<p>O Procon destaca que a maior varia\u00e7\u00e3o do m\u00eas anterior para este m\u00eas foi registrada na banana (45%), seguida da batata (29%) e do tomate (21%).<\/p>\n\n\n\n<p><strong>Pre\u00e7o da cesta b\u00e1sica<\/strong><\/p>\n\n\n\n<p>Ainda durante a pesquisa, foi identificado que um adulto que recebe um sal\u00e1rio m\u00ednimo de R$1.621,00 compromete R$623,35 de sua renda mensal com a cesta b\u00e1sica individual, o que representa 38,4% do sal\u00e1rio m\u00ednimo destinado \u00e0 alimenta\u00e7\u00e3o b\u00e1sica.<\/p>\n\n\n\n<p>O \u00f3rg\u00e3o orienta que, no momento das compras, o consumidor fique atento \u00e0s informa\u00e7\u00f5es de pre\u00e7o, quantidade, peso e caracter\u00edsticas dos produtos, especialmente em casos de redufla\u00e7\u00e3o, pr\u00e1tica que consiste na redu\u00e7\u00e3o do conte\u00fado sem altera\u00e7\u00e3o do pre\u00e7o.<\/p>\n\n\n\n<p>Em situa\u00e7\u00f5es de poss\u00edvel viola\u00e7\u00e3o de direitos, den\u00fancias podem ser feitas pelo Zap da Prefeitura, no n\u00famero (62) 9 8551-6888, ou diretamente ao Procon An\u00e1polis, pelo n\u00famero (62) 9 8551-8185.<\/p>\n\n\n\n<div class=\"wp-block-file\"><object class=\"wp-block-file__embed\" data=\"https:\/\/www.radiomanchester.com.br\/fm\/wp-content\/uploads\/2026\/01\/plan-rel-janeiro-26.pdf\" type=\"application\/pdf\" style=\"width:100%;height:600px\" aria-label=\"Incorporado de plan-rel-janeiro-26.\"><\/object><a id=\"wp-block-file--media-40ca8f14-c4f1-4239-99c0-ed2393ceafe1\" href=\"https:\/\/www.radiomanchester.com.br\/fm\/wp-content\/uploads\/2026\/01\/plan-rel-janeiro-26.pdf\">plan-rel-janeiro-26<\/a><a href=\"https:\/\/www.radiomanchester.com.br\/fm\/wp-content\/uploads\/2026\/01\/plan-rel-janeiro-26.pdf\" class=\"wp-block-file__button\" download aria-describedby=\"wp-block-file--media-40ca8f14-c4f1-4239-99c0-ed2393ceafe1\">Baixar<\/a><\/div>\n","protected":false},"excerpt":{"rendered":"<p class=\"excerpt\">O Procon An\u00e1polis realizou, entre os dias 5 e 7 de janeiro, uma pesquisa de pre\u00e7os de itens da cesta b\u00e1sica em supermercados do munic\u00edpio. O levantamento analisou 23 produtos de consumo di\u00e1rio, incluindo itens de higiene, como sab\u00e3o, alimentos b\u00e1sicos, como arroz e feij\u00e3o, e diferentes tipos de carne, com o objetivo de orientar [&hellip;]<\/p>\n","protected":false},"author":1,"featured_media":0,"comment_status":"open","ping_status":"open","sticky":false,"template":"","format":"standard","meta":[],"categories":[8,17],"tags":[22,24,113,83,129,92],"yoast_head":"<!-- This site is optimized with the Yoast SEO plugin v18.3 - https:\/\/yoast.com\/wordpress\/plugins\/seo\/ -->\n<title>Pesquisa do Procon aponta varia\u00e7\u00e3o de at\u00e9 243% em itens da cesta b\u00e1sica em An\u00e1polis - Manchester FM 93,3<\/title>\n<meta name=\"robots\" content=\"index, follow, max-snippet:-1, max-image-preview:large, max-video-preview:-1\" \/>\n<link rel=\"canonical\" href=\"https:\/\/www.radiomanchester.com.br\/fm\/pesquisa-do-procon-aponta-variacao-de-ate-243-em-itens-da-cesta-basica-em-anapolis\/\" \/>\n<meta property=\"og:locale\" content=\"pt_BR\" \/>\n<meta property=\"og:type\" content=\"article\" \/>\n<meta property=\"og:title\" content=\"Pesquisa do Procon aponta varia\u00e7\u00e3o de at\u00e9 243% em itens da cesta b\u00e1sica em An\u00e1polis - Manchester FM 93,3\" \/>\n<meta property=\"og:description\" content=\"O Procon An\u00e1polis realizou, entre os dias 5 e 7 de janeiro, uma pesquisa de pre\u00e7os de itens da cesta b\u00e1sica em supermercados do munic\u00edpio. O levantamento analisou 23 produtos de consumo di\u00e1rio, incluindo itens de higiene, como sab\u00e3o, alimentos b\u00e1sicos, como arroz e feij\u00e3o, e diferentes tipos de carne, com o objetivo de orientar [&hellip;]\" \/>\n<meta property=\"og:url\" content=\"https:\/\/www.radiomanchester.com.br\/fm\/pesquisa-do-procon-aponta-variacao-de-ate-243-em-itens-da-cesta-basica-em-anapolis\/\" \/>\n<meta property=\"og:site_name\" content=\"Manchester FM 93,3\" \/>\n<meta property=\"article:published_time\" content=\"2026-01-12T21:58:37+00:00\" \/>\n<meta property=\"article:modified_time\" content=\"2026-01-12T21:58:40+00:00\" \/>\n<meta name=\"twitter:card\" content=\"summary_large_image\" \/>\n<meta name=\"twitter:label1\" content=\"Escrito por\" \/>\n\t<meta name=\"twitter:data1\" content=\"admin\" \/>\n\t<meta name=\"twitter:label2\" content=\"Est. tempo de leitura\" \/>\n\t<meta name=\"twitter:data2\" content=\"2 minutos\" \/>\n<script type=\"application\/ld+json\" class=\"yoast-schema-graph\">{\"@context\":\"https:\/\/schema.org\",\"@graph\":[{\"@type\":\"WebSite\",\"@id\":\"https:\/\/www.radiomanchester.com.br\/fm\/#website\",\"url\":\"https:\/\/www.radiomanchester.com.br\/fm\/\",\"name\":\"Manchester FM 93,3\",\"description\":\"Todo Mundo Ouve!\",\"potentialAction\":[{\"@type\":\"SearchAction\",\"target\":{\"@type\":\"EntryPoint\",\"urlTemplate\":\"https:\/\/www.radiomanchester.com.br\/fm\/?s={search_term_string}\"},\"query-input\":\"required name=search_term_string\"}],\"inLanguage\":\"pt-BR\"},{\"@type\":\"WebPage\",\"@id\":\"https:\/\/www.radiomanchester.com.br\/fm\/pesquisa-do-procon-aponta-variacao-de-ate-243-em-itens-da-cesta-basica-em-anapolis\/#webpage\",\"url\":\"https:\/\/www.radiomanchester.com.br\/fm\/pesquisa-do-procon-aponta-variacao-de-ate-243-em-itens-da-cesta-basica-em-anapolis\/\",\"name\":\"Pesquisa do Procon aponta varia\u00e7\u00e3o de at\u00e9 243% em itens da cesta b\u00e1sica em An\u00e1polis - Manchester FM 93,3\",\"isPartOf\":{\"@id\":\"https:\/\/www.radiomanchester.com.br\/fm\/#website\"},\"datePublished\":\"2026-01-12T21:58:37+00:00\",\"dateModified\":\"2026-01-12T21:58:40+00:00\",\"author\":{\"@id\":\"https:\/\/www.radiomanchester.com.br\/fm\/#\/schema\/person\/408a7b4d4e32cbebd90e2782852abca3\"},\"breadcrumb\":{\"@id\":\"https:\/\/www.radiomanchester.com.br\/fm\/pesquisa-do-procon-aponta-variacao-de-ate-243-em-itens-da-cesta-basica-em-anapolis\/#breadcrumb\"},\"inLanguage\":\"pt-BR\",\"potentialAction\":[{\"@type\":\"ReadAction\",\"target\":[\"https:\/\/www.radiomanchester.com.br\/fm\/pesquisa-do-procon-aponta-variacao-de-ate-243-em-itens-da-cesta-basica-em-anapolis\/\"]}]},{\"@type\":\"BreadcrumbList\",\"@id\":\"https:\/\/www.radiomanchester.com.br\/fm\/pesquisa-do-procon-aponta-variacao-de-ate-243-em-itens-da-cesta-basica-em-anapolis\/#breadcrumb\",\"itemListElement\":[{\"@type\":\"ListItem\",\"position\":1,\"name\":\"Home\",\"item\":\"https:\/\/www.radiomanchester.com.br\/fm\/\"},{\"@type\":\"ListItem\",\"position\":2,\"name\":\"Pesquisa do Procon aponta varia\u00e7\u00e3o de at\u00e9 243% em itens da cesta b\u00e1sica em An\u00e1polis\"}]},{\"@type\":\"Person\",\"@id\":\"https:\/\/www.radiomanchester.com.br\/fm\/#\/schema\/person\/408a7b4d4e32cbebd90e2782852abca3\",\"name\":\"admin\",\"image\":{\"@type\":\"ImageObject\",\"@id\":\"https:\/\/www.radiomanchester.com.br\/fm\/#personlogo\",\"inLanguage\":\"pt-BR\",\"url\":\"https:\/\/secure.gravatar.com\/avatar\/115a974dba3376872eb3addeb276301c?s=96&d=mm&r=g\",\"contentUrl\":\"https:\/\/secure.gravatar.com\/avatar\/115a974dba3376872eb3addeb276301c?s=96&d=mm&r=g\",\"caption\":\"admin\"},\"url\":\"https:\/\/www.radiomanchester.com.br\/fm\/author\/admin\/\"}]}<\/script>\n<!-- \/ Yoast SEO plugin. -->","yoast_head_json":{"title":"Pesquisa do Procon aponta varia\u00e7\u00e3o de at\u00e9 243% em itens da cesta b\u00e1sica em An\u00e1polis - Manchester FM 93,3","robots":{"index":"index","follow":"follow","max-snippet":"max-snippet:-1","max-image-preview":"max-image-preview:large","max-video-preview":"max-video-preview:-1"},"canonical":"https:\/\/www.radiomanchester.com.br\/fm\/pesquisa-do-procon-aponta-variacao-de-ate-243-em-itens-da-cesta-basica-em-anapolis\/","og_locale":"pt_BR","og_type":"article","og_title":"Pesquisa do Procon aponta varia\u00e7\u00e3o de at\u00e9 243% em itens da cesta b\u00e1sica em An\u00e1polis - Manchester FM 93,3","og_description":"O Procon An\u00e1polis realizou, entre os dias 5 e 7 de janeiro, uma pesquisa de pre\u00e7os de itens da cesta b\u00e1sica em supermercados do munic\u00edpio. O levantamento analisou 23 produtos de consumo di\u00e1rio, incluindo itens de higiene, como sab\u00e3o, alimentos b\u00e1sicos, como arroz e feij\u00e3o, e diferentes tipos de carne, com o objetivo de orientar [&hellip;]","og_url":"https:\/\/www.radiomanchester.com.br\/fm\/pesquisa-do-procon-aponta-variacao-de-ate-243-em-itens-da-cesta-basica-em-anapolis\/","og_site_name":"Manchester FM 93,3","article_published_time":"2026-01-12T21:58:37+00:00","article_modified_time":"2026-01-12T21:58:40+00:00","twitter_card":"summary_large_image","twitter_misc":{"Escrito por":"admin","Est. tempo de leitura":"2 minutos"},"schema":{"@context":"https:\/\/schema.org","@graph":[{"@type":"WebSite","@id":"https:\/\/www.radiomanchester.com.br\/fm\/#website","url":"https:\/\/www.radiomanchester.com.br\/fm\/","name":"Manchester FM 93,3","description":"Todo Mundo Ouve!","potentialAction":[{"@type":"SearchAction","target":{"@type":"EntryPoint","urlTemplate":"https:\/\/www.radiomanchester.com.br\/fm\/?s={search_term_string}"},"query-input":"required name=search_term_string"}],"inLanguage":"pt-BR"},{"@type":"WebPage","@id":"https:\/\/www.radiomanchester.com.br\/fm\/pesquisa-do-procon-aponta-variacao-de-ate-243-em-itens-da-cesta-basica-em-anapolis\/#webpage","url":"https:\/\/www.radiomanchester.com.br\/fm\/pesquisa-do-procon-aponta-variacao-de-ate-243-em-itens-da-cesta-basica-em-anapolis\/","name":"Pesquisa do Procon aponta varia\u00e7\u00e3o de at\u00e9 243% em itens da cesta b\u00e1sica em An\u00e1polis - Manchester FM 93,3","isPartOf":{"@id":"https:\/\/www.radiomanchester.com.br\/fm\/#website"},"datePublished":"2026-01-12T21:58:37+00:00","dateModified":"2026-01-12T21:58:40+00:00","author":{"@id":"https:\/\/www.radiomanchester.com.br\/fm\/#\/schema\/person\/408a7b4d4e32cbebd90e2782852abca3"},"breadcrumb":{"@id":"https:\/\/www.radiomanchester.com.br\/fm\/pesquisa-do-procon-aponta-variacao-de-ate-243-em-itens-da-cesta-basica-em-anapolis\/#breadcrumb"},"inLanguage":"pt-BR","potentialAction":[{"@type":"ReadAction","target":["https:\/\/www.radiomanchester.com.br\/fm\/pesquisa-do-procon-aponta-variacao-de-ate-243-em-itens-da-cesta-basica-em-anapolis\/"]}]},{"@type":"BreadcrumbList","@id":"https:\/\/www.radiomanchester.com.br\/fm\/pesquisa-do-procon-aponta-variacao-de-ate-243-em-itens-da-cesta-basica-em-anapolis\/#breadcrumb","itemListElement":[{"@type":"ListItem","position":1,"name":"Home","item":"https:\/\/www.radiomanchester.com.br\/fm\/"},{"@type":"ListItem","position":2,"name":"Pesquisa do Procon aponta varia\u00e7\u00e3o de at\u00e9 243% em itens da cesta b\u00e1sica em An\u00e1polis"}]},{"@type":"Person","@id":"https:\/\/www.radiomanchester.com.br\/fm\/#\/schema\/person\/408a7b4d4e32cbebd90e2782852abca3","name":"admin","image":{"@type":"ImageObject","@id":"https:\/\/www.radiomanchester.com.br\/fm\/#personlogo","inLanguage":"pt-BR","url":"https:\/\/secure.gravatar.com\/avatar\/115a974dba3376872eb3addeb276301c?s=96&d=mm&r=g","contentUrl":"https:\/\/secure.gravatar.com\/avatar\/115a974dba3376872eb3addeb276301c?s=96&d=mm&r=g","caption":"admin"},"url":"https:\/\/www.radiomanchester.com.br\/fm\/author\/admin\/"}]}},"_links":{"self":[{"href":"https:\/\/www.radiomanchester.com.br\/fm\/wp-json\/wp\/v2\/posts\/17152"}],"collection":[{"href":"https:\/\/www.radiomanchester.com.br\/fm\/wp-json\/wp\/v2\/posts"}],"about":[{"href":"https:\/\/www.radiomanchester.com.br\/fm\/wp-json\/wp\/v2\/types\/post"}],"author":[{"embeddable":true,"href":"https:\/\/www.radiomanchester.com.br\/fm\/wp-json\/wp\/v2\/users\/1"}],"replies":[{"embeddable":true,"href":"https:\/\/www.radiomanchester.com.br\/fm\/wp-json\/wp\/v2\/comments?post=17152"}],"version-history":[{"count":1,"href":"https:\/\/www.radiomanchester.com.br\/fm\/wp-json\/wp\/v2\/posts\/17152\/revisions"}],"predecessor-version":[{"id":17154,"href":"https:\/\/www.radiomanchester.com.br\/fm\/wp-json\/wp\/v2\/posts\/17152\/revisions\/17154"}],"wp:attachment":[{"href":"https:\/\/www.radiomanchester.com.br\/fm\/wp-json\/wp\/v2\/media?parent=17152"}],"wp:term":[{"taxonomy":"category","embeddable":true,"href":"https:\/\/www.radiomanchester.com.br\/fm\/wp-json\/wp\/v2\/categories?post=17152"},{"taxonomy":"post_tag","embeddable":true,"href":"https:\/\/www.radiomanchester.com.br\/fm\/wp-json\/wp\/v2\/tags?post=17152"}],"curies":[{"name":"wp","href":"https:\/\/api.w.org\/{rel}","templated":true}]}}