{"id":17155,"date":"2026-01-13T07:00:00","date_gmt":"2026-01-13T10:00:00","guid":{"rendered":"https:\/\/www.radiomanchester.com.br\/fm\/?p=17155"},"modified":"2026-01-12T20:08:00","modified_gmt":"2026-01-12T23:08:00","slug":"governador-entrega-4-novos-helicopteros-para-as-policias-civil-militar-e-saeg","status":"publish","type":"post","link":"https:\/\/www.radiomanchester.com.br\/fm\/governador-entrega-4-novos-helicopteros-para-as-policias-civil-militar-e-saeg\/","title":{"rendered":"Governador entrega 4 novos helic\u00f3pteros para as Pol\u00edcias Civil, Militar e SAEG"},"content":{"rendered":"\n<p><\/p>\n\n\n\n<p>Durante a entrega de quatro novos helic\u00f3pteros para as for\u00e7as de seguran\u00e7a, o governador Ronaldo Caiado anunciou, nesta segunda-feira (12\/01), a cria\u00e7\u00e3o de duas novas bases a\u00e9reas policiais em Goi\u00e1s, sendo uma no Entorno do Distrito Federal e outra na regi\u00e3o Sudoeste.<\/p>\n\n\n\n<p>\u201cLuzi\u00e2nia ser\u00e1 a base no Entorno, e a outra ser\u00e1 em Rio Verde. Depois, vamos fazer na regi\u00e3o Norte e ir ampliando, com o Daniel Vilela, pelo Estado todo para agilizar as a\u00e7\u00f5es no combate \u00e0 criminalidade\u201d, explicou.<\/p>\n\n\n\n<p>No evento, realizado na Pra\u00e7a C\u00edvica, em Goi\u00e2nia, governo destinou quatro helic\u00f3pteros \u00e0 Secretaria de Seguran\u00e7a P\u00fablica de Goi\u00e1s. Os novos ve\u00edculos dobram a frota a\u00e9rea do Estado e fortalecem a capacidade de resposta em opera\u00e7\u00f5es estrat\u00e9gicas.<\/p>\n\n\n\n<p>O investimento, superior a R$ 135 milh\u00f5es, foi realizado com recursos do Fundo Nacional de Seguran\u00e7a P\u00fablica e as aeronaves j\u00e1 est\u00e3o em atividade desde dezembro de 2025.<\/p>\n\n\n\n<p><strong>Bases a\u00e9reas policiais<br><\/strong>O governador explicou que a descentraliza\u00e7\u00e3o das aeronaves dar\u00e1 mais efici\u00eancia ao trabalho da seguran\u00e7a p\u00fablica, uma vez que cada base ter\u00e1 uma \u00e1rea de abrang\u00eancia espec\u00edfica para r\u00e1pida capacidade de deslocamento.<\/p>\n\n\n\n<p>\u201cQuando eu cheguei no Estado, tinha apenas um helic\u00f3ptero funcionando. Era uma total aus\u00eancia de infraestrutura para a nossa pol\u00edcia. Trabalhamos fortemente durante esses anos todos e hoje entregamos algo in\u00e9dito, expandindo as a\u00e7\u00f5es da cobertura a\u00e9rea\u201d, pontuou Caiado ao indicar que, em breve, haver\u00e1 entrega de outros helic\u00f3pteros.<\/p>\n\n\n\n<p>Coordenadora do Goi\u00e1s Social, a primeira-dama Gracinha Caiado disse que esses recentes investimentos anunciados para o trabalho a\u00e9reo dar\u00e3o ainda mais controle do territ\u00f3rio goiano \u00e0s pol\u00edcias. Considerada madrinha das for\u00e7as de seguran\u00e7a, ela tra\u00e7ou um paralelo entre Goi\u00e1s antes e depois da atual gest\u00e3o.<\/p>\n\n\n\n<p>\u201cEra um estado violento, onde entre as dez cidades mais violentas do pa\u00eds, cinco estavam exatamente aqui\u201d, lembrou. \u201cHoje, Goi\u00e1s \u00e9 o estado mais seguro para se viver\u201d, arrematou, em refer\u00eancia aos resultados obtidos pela \u00e1rea da seguran\u00e7a.<\/p>\n\n\n\n<p>O vice-governador Daniel Vilela citou que responsabilidade fiscal e valoriza\u00e7\u00e3o das pol\u00edcias foram algumas das a\u00e7\u00f5es promovidas pela atual gest\u00e3o que levaram \u00e0 queda consecutiva dos principais \u00edndices de criminalidade.<\/p>\n\n\n\n<p>\u201cTemos uma pol\u00edcia preparada, equipada, bem remunerada e altamente qualificada para desempenhar com excel\u00eancia o seu trabalho. N\u00e3o chegamos a essa condi\u00e7\u00e3o de refer\u00eancia da seguran\u00e7a p\u00fablica no Brasil por acaso. Foi fruto de muito esfor\u00e7o, trabalho e responsabilidade\u201d, reconheceu.<\/p>\n\n\n\n<p><strong>Novos helic\u00f3pteros<br><\/strong>O secret\u00e1rio de Seguran\u00e7a P\u00fablica, Renato Brum, classificou a entrega dos helic\u00f3pteros como um ato hist\u00f3rico e emblem\u00e1tico. \u201cCaiado nunca falou n\u00e3o para as for\u00e7as de seguran\u00e7a p\u00fablica. Sempre nos tratou com todo zelo. Hoje, estamos bem armados, bem equipados\u201d, atestou.<\/p>\n\n\n\n<p>As aeronaves s\u00e3o do tipo Airbus\/Helibras AS350B3a (H125), da fam\u00edlia Esquilo, conhecida pela robustez, seguran\u00e7a e alto desempenho. Elas permitem o acompanhamento, em tempo real, de ocorr\u00eancias, o apoio direto \u00e0s equipes em solo e o acesso r\u00e1pido a \u00e1reas de dif\u00edcil alcance, como regi\u00f5es rurais, rodovias e zonas de mata.<\/p>\n\n\n\n<p>Dois ve\u00edculos foram destinados \u00e0 Pol\u00edcia Militar, um \u00e0 Pol\u00edcia Civil e outro ao Servi\u00e7o A\u00e9reo do Estado de Goi\u00e1s (Saeg), respons\u00e1vel pela gest\u00e3o e opera\u00e7\u00e3o das aeronaves do Governo do Estado, al\u00e9m de prestar apoio \u00e0 seguran\u00e7a p\u00fablica, no transporte e resgate, al\u00e9m de miss\u00f5es institucionais.<\/p>\n\n\n\n<p>Um dos helic\u00f3pteros destinados \u00e0 PM possui sistema de imageamento a\u00e9reo, permitindo policiamento a\u00e9reo noturno e a identifica\u00e7\u00e3o de pontos de calor.<\/p>\n\n\n\n<p>\u201cDurante mais de 40 anos, permanecemos com um helic\u00f3ptero fazendo a seguran\u00e7a da sociedade. Hoje a realidade \u00e9 outra. N\u00f3s da PM estamos com quatro aeronaves e a quinta logo estar\u00e1 nos c\u00e9us\u201d, informou o comandante-geral da Pol\u00edcia Militar de Goi\u00e1s, Marcelo Granja.<\/p>\n\n\n\n<p>J\u00e1 o delegado-geral da Pol\u00edcia Civil de Goi\u00e1s, Andr\u00e9 Ganga, lembrou que h\u00e1 quase 14 anos a corpora\u00e7\u00e3o operava sem helic\u00f3ptero, em raz\u00e3o de um acidente ocorrido em 2012.<\/p>\n\n\n\n<p>\u201cCaiado trouxe novamente n\u00e3o s\u00f3 o equipamento e a operacionalidade da Pol\u00edcia Civil, mas o resgate da mem\u00f3ria de todos que estavam, naquele momento, naquele acidente. Agora, a Pol\u00edcia Civil retoma a divis\u00e3o de opera\u00e7\u00f5es a\u00e9reas depois de 14 anos\u201d, disse.<\/p>\n\n\n\n<p>As aeronaves contam com tecnologia de ponta, incluindo sistema que combina sensores e c\u00e2meras especiais capazes de capturar, gravar e transmitir v\u00eddeo e dados em tempo real. Possuem autonomia de voo de at\u00e9 4h30, alcance de 630 km com tanque de combust\u00edvel padr\u00e3o e capacidade para transportar at\u00e9 cinco passageiros.<\/p>\n\n\n\n<p>porAg\u00eancia Cora Coralina &#8211; Gov Goi\u00e1s<\/p>\n","protected":false},"excerpt":{"rendered":"<p class=\"excerpt\">Durante a entrega de quatro novos helic\u00f3pteros para as for\u00e7as de seguran\u00e7a, o governador Ronaldo Caiado anunciou, nesta segunda-feira (12\/01), a cria\u00e7\u00e3o de duas novas bases a\u00e9reas policiais em Goi\u00e1s, sendo uma no Entorno do Distrito Federal e outra na regi\u00e3o Sudoeste. \u201cLuzi\u00e2nia ser\u00e1 a base no Entorno, e a outra ser\u00e1 em Rio Verde. [&hellip;]<\/p>\n","protected":false},"author":1,"featured_media":0,"comment_status":"open","ping_status":"open","sticky":false,"template":"","format":"standard","meta":[],"categories":[8,17],"tags":[22,24,172,113,83,92],"yoast_head":"<!-- This site is optimized with the Yoast SEO plugin v18.3 - https:\/\/yoast.com\/wordpress\/plugins\/seo\/ -->\n<title>Governador entrega 4 novos helic\u00f3pteros para as Pol\u00edcias Civil, Militar e SAEG - Manchester FM 93,3<\/title>\n<meta name=\"robots\" content=\"index, follow, max-snippet:-1, max-image-preview:large, max-video-preview:-1\" \/>\n<link rel=\"canonical\" href=\"https:\/\/www.radiomanchester.com.br\/fm\/governador-entrega-4-novos-helicopteros-para-as-policias-civil-militar-e-saeg\/\" \/>\n<meta property=\"og:locale\" content=\"pt_BR\" \/>\n<meta property=\"og:type\" content=\"article\" \/>\n<meta property=\"og:title\" content=\"Governador entrega 4 novos helic\u00f3pteros para as Pol\u00edcias Civil, Militar e SAEG - Manchester FM 93,3\" \/>\n<meta property=\"og:description\" content=\"Durante a entrega de quatro novos helic\u00f3pteros para as for\u00e7as de seguran\u00e7a, o governador Ronaldo Caiado anunciou, nesta segunda-feira (12\/01), a cria\u00e7\u00e3o de duas novas bases a\u00e9reas policiais em Goi\u00e1s, sendo uma no Entorno do Distrito Federal e outra na regi\u00e3o Sudoeste. \u201cLuzi\u00e2nia ser\u00e1 a base no Entorno, e a outra ser\u00e1 em Rio Verde. [&hellip;]\" \/>\n<meta property=\"og:url\" content=\"https:\/\/www.radiomanchester.com.br\/fm\/governador-entrega-4-novos-helicopteros-para-as-policias-civil-militar-e-saeg\/\" \/>\n<meta property=\"og:site_name\" content=\"Manchester FM 93,3\" \/>\n<meta property=\"article:published_time\" content=\"2026-01-13T10:00:00+00:00\" \/>\n<meta property=\"article:modified_time\" content=\"2026-01-12T23:08:00+00:00\" \/>\n<meta name=\"twitter:card\" content=\"summary_large_image\" \/>\n<meta name=\"twitter:label1\" content=\"Escrito por\" \/>\n\t<meta name=\"twitter:data1\" content=\"admin\" \/>\n\t<meta name=\"twitter:label2\" content=\"Est. tempo de leitura\" \/>\n\t<meta name=\"twitter:data2\" content=\"4 minutos\" \/>\n<script type=\"application\/ld+json\" class=\"yoast-schema-graph\">{\"@context\":\"https:\/\/schema.org\",\"@graph\":[{\"@type\":\"WebSite\",\"@id\":\"https:\/\/www.radiomanchester.com.br\/fm\/#website\",\"url\":\"https:\/\/www.radiomanchester.com.br\/fm\/\",\"name\":\"Manchester FM 93,3\",\"description\":\"Todo Mundo Ouve!\",\"potentialAction\":[{\"@type\":\"SearchAction\",\"target\":{\"@type\":\"EntryPoint\",\"urlTemplate\":\"https:\/\/www.radiomanchester.com.br\/fm\/?s={search_term_string}\"},\"query-input\":\"required name=search_term_string\"}],\"inLanguage\":\"pt-BR\"},{\"@type\":\"WebPage\",\"@id\":\"https:\/\/www.radiomanchester.com.br\/fm\/governador-entrega-4-novos-helicopteros-para-as-policias-civil-militar-e-saeg\/#webpage\",\"url\":\"https:\/\/www.radiomanchester.com.br\/fm\/governador-entrega-4-novos-helicopteros-para-as-policias-civil-militar-e-saeg\/\",\"name\":\"Governador entrega 4 novos helic\u00f3pteros para as Pol\u00edcias Civil, Militar e SAEG - Manchester FM 93,3\",\"isPartOf\":{\"@id\":\"https:\/\/www.radiomanchester.com.br\/fm\/#website\"},\"datePublished\":\"2026-01-13T10:00:00+00:00\",\"dateModified\":\"2026-01-12T23:08:00+00:00\",\"author\":{\"@id\":\"https:\/\/www.radiomanchester.com.br\/fm\/#\/schema\/person\/408a7b4d4e32cbebd90e2782852abca3\"},\"breadcrumb\":{\"@id\":\"https:\/\/www.radiomanchester.com.br\/fm\/governador-entrega-4-novos-helicopteros-para-as-policias-civil-militar-e-saeg\/#breadcrumb\"},\"inLanguage\":\"pt-BR\",\"potentialAction\":[{\"@type\":\"ReadAction\",\"target\":[\"https:\/\/www.radiomanchester.com.br\/fm\/governador-entrega-4-novos-helicopteros-para-as-policias-civil-militar-e-saeg\/\"]}]},{\"@type\":\"BreadcrumbList\",\"@id\":\"https:\/\/www.radiomanchester.com.br\/fm\/governador-entrega-4-novos-helicopteros-para-as-policias-civil-militar-e-saeg\/#breadcrumb\",\"itemListElement\":[{\"@type\":\"ListItem\",\"position\":1,\"name\":\"Home\",\"item\":\"https:\/\/www.radiomanchester.com.br\/fm\/\"},{\"@type\":\"ListItem\",\"position\":2,\"name\":\"Governador entrega 4 novos helic\u00f3pteros para as Pol\u00edcias Civil, Militar e SAEG\"}]},{\"@type\":\"Person\",\"@id\":\"https:\/\/www.radiomanchester.com.br\/fm\/#\/schema\/person\/408a7b4d4e32cbebd90e2782852abca3\",\"name\":\"admin\",\"image\":{\"@type\":\"ImageObject\",\"@id\":\"https:\/\/www.radiomanchester.com.br\/fm\/#personlogo\",\"inLanguage\":\"pt-BR\",\"url\":\"https:\/\/secure.gravatar.com\/avatar\/115a974dba3376872eb3addeb276301c?s=96&d=mm&r=g\",\"contentUrl\":\"https:\/\/secure.gravatar.com\/avatar\/115a974dba3376872eb3addeb276301c?s=96&d=mm&r=g\",\"caption\":\"admin\"},\"url\":\"https:\/\/www.radiomanchester.com.br\/fm\/author\/admin\/\"}]}<\/script>\n<!-- \/ Yoast SEO plugin. -->","yoast_head_json":{"title":"Governador entrega 4 novos helic\u00f3pteros para as Pol\u00edcias Civil, Militar e SAEG - Manchester FM 93,3","robots":{"index":"index","follow":"follow","max-snippet":"max-snippet:-1","max-image-preview":"max-image-preview:large","max-video-preview":"max-video-preview:-1"},"canonical":"https:\/\/www.radiomanchester.com.br\/fm\/governador-entrega-4-novos-helicopteros-para-as-policias-civil-militar-e-saeg\/","og_locale":"pt_BR","og_type":"article","og_title":"Governador entrega 4 novos helic\u00f3pteros para as Pol\u00edcias Civil, Militar e SAEG - Manchester FM 93,3","og_description":"Durante a entrega de quatro novos helic\u00f3pteros para as for\u00e7as de seguran\u00e7a, o governador Ronaldo Caiado anunciou, nesta segunda-feira (12\/01), a cria\u00e7\u00e3o de duas novas bases a\u00e9reas policiais em Goi\u00e1s, sendo uma no Entorno do Distrito Federal e outra na regi\u00e3o Sudoeste. \u201cLuzi\u00e2nia ser\u00e1 a base no Entorno, e a outra ser\u00e1 em Rio Verde. [&hellip;]","og_url":"https:\/\/www.radiomanchester.com.br\/fm\/governador-entrega-4-novos-helicopteros-para-as-policias-civil-militar-e-saeg\/","og_site_name":"Manchester FM 93,3","article_published_time":"2026-01-13T10:00:00+00:00","article_modified_time":"2026-01-12T23:08:00+00:00","twitter_card":"summary_large_image","twitter_misc":{"Escrito por":"admin","Est. tempo de leitura":"4 minutos"},"schema":{"@context":"https:\/\/schema.org","@graph":[{"@type":"WebSite","@id":"https:\/\/www.radiomanchester.com.br\/fm\/#website","url":"https:\/\/www.radiomanchester.com.br\/fm\/","name":"Manchester FM 93,3","description":"Todo Mundo Ouve!","potentialAction":[{"@type":"SearchAction","target":{"@type":"EntryPoint","urlTemplate":"https:\/\/www.radiomanchester.com.br\/fm\/?s={search_term_string}"},"query-input":"required name=search_term_string"}],"inLanguage":"pt-BR"},{"@type":"WebPage","@id":"https:\/\/www.radiomanchester.com.br\/fm\/governador-entrega-4-novos-helicopteros-para-as-policias-civil-militar-e-saeg\/#webpage","url":"https:\/\/www.radiomanchester.com.br\/fm\/governador-entrega-4-novos-helicopteros-para-as-policias-civil-militar-e-saeg\/","name":"Governador entrega 4 novos helic\u00f3pteros para as Pol\u00edcias Civil, Militar e SAEG - Manchester FM 93,3","isPartOf":{"@id":"https:\/\/www.radiomanchester.com.br\/fm\/#website"},"datePublished":"2026-01-13T10:00:00+00:00","dateModified":"2026-01-12T23:08:00+00:00","author":{"@id":"https:\/\/www.radiomanchester.com.br\/fm\/#\/schema\/person\/408a7b4d4e32cbebd90e2782852abca3"},"breadcrumb":{"@id":"https:\/\/www.radiomanchester.com.br\/fm\/governador-entrega-4-novos-helicopteros-para-as-policias-civil-militar-e-saeg\/#breadcrumb"},"inLanguage":"pt-BR","potentialAction":[{"@type":"ReadAction","target":["https:\/\/www.radiomanchester.com.br\/fm\/governador-entrega-4-novos-helicopteros-para-as-policias-civil-militar-e-saeg\/"]}]},{"@type":"BreadcrumbList","@id":"https:\/\/www.radiomanchester.com.br\/fm\/governador-entrega-4-novos-helicopteros-para-as-policias-civil-militar-e-saeg\/#breadcrumb","itemListElement":[{"@type":"ListItem","position":1,"name":"Home","item":"https:\/\/www.radiomanchester.com.br\/fm\/"},{"@type":"ListItem","position":2,"name":"Governador entrega 4 novos helic\u00f3pteros para as Pol\u00edcias Civil, Militar e SAEG"}]},{"@type":"Person","@id":"https:\/\/www.radiomanchester.com.br\/fm\/#\/schema\/person\/408a7b4d4e32cbebd90e2782852abca3","name":"admin","image":{"@type":"ImageObject","@id":"https:\/\/www.radiomanchester.com.br\/fm\/#personlogo","inLanguage":"pt-BR","url":"https:\/\/secure.gravatar.com\/avatar\/115a974dba3376872eb3addeb276301c?s=96&d=mm&r=g","contentUrl":"https:\/\/secure.gravatar.com\/avatar\/115a974dba3376872eb3addeb276301c?s=96&d=mm&r=g","caption":"admin"},"url":"https:\/\/www.radiomanchester.com.br\/fm\/author\/admin\/"}]}},"_links":{"self":[{"href":"https:\/\/www.radiomanchester.com.br\/fm\/wp-json\/wp\/v2\/posts\/17155"}],"collection":[{"href":"https:\/\/www.radiomanchester.com.br\/fm\/wp-json\/wp\/v2\/posts"}],"about":[{"href":"https:\/\/www.radiomanchester.com.br\/fm\/wp-json\/wp\/v2\/types\/post"}],"author":[{"embeddable":true,"href":"https:\/\/www.radiomanchester.com.br\/fm\/wp-json\/wp\/v2\/users\/1"}],"replies":[{"embeddable":true,"href":"https:\/\/www.radiomanchester.com.br\/fm\/wp-json\/wp\/v2\/comments?post=17155"}],"version-history":[{"count":1,"href":"https:\/\/www.radiomanchester.com.br\/fm\/wp-json\/wp\/v2\/posts\/17155\/revisions"}],"predecessor-version":[{"id":17156,"href":"https:\/\/www.radiomanchester.com.br\/fm\/wp-json\/wp\/v2\/posts\/17155\/revisions\/17156"}],"wp:attachment":[{"href":"https:\/\/www.radiomanchester.com.br\/fm\/wp-json\/wp\/v2\/media?parent=17155"}],"wp:term":[{"taxonomy":"category","embeddable":true,"href":"https:\/\/www.radiomanchester.com.br\/fm\/wp-json\/wp\/v2\/categories?post=17155"},{"taxonomy":"post_tag","embeddable":true,"href":"https:\/\/www.radiomanchester.com.br\/fm\/wp-json\/wp\/v2\/tags?post=17155"}],"curies":[{"name":"wp","href":"https:\/\/api.w.org\/{rel}","templated":true}]}}