{"id":17157,"date":"2026-01-13T08:00:00","date_gmt":"2026-01-13T11:00:00","guid":{"rendered":"https:\/\/www.radiomanchester.com.br\/fm\/?p=17157"},"modified":"2026-01-12T21:41:24","modified_gmt":"2026-01-13T00:41:24","slug":"andreia-rezende-lidera-acao-em-anapolis-para-retirar-formulas-infantis-contaminadas-das-prateleiras","status":"publish","type":"post","link":"https:\/\/www.radiomanchester.com.br\/fm\/andreia-rezende-lidera-acao-em-anapolis-para-retirar-formulas-infantis-contaminadas-das-prateleiras\/","title":{"rendered":"Andreia Rezende lidera a\u00e7\u00e3o em An\u00e1polis para retirar f\u00f3rmulas infantis contaminadas das prateleiras"},"content":{"rendered":"\n<p>A vereadora Andreia Rezende (Avante), acompanhou nesta segunda-feira (12\/01) opera\u00e7\u00e3o de fiscaliza\u00e7\u00e3o da Ag\u00eancia Nacional de Vigil\u00e2ncia Sanit\u00e1ria (ANVISA) em An\u00e1polis, que teve como objetivo tirar de circula\u00e7\u00e3o os lotes de f\u00f3rmulas infantis de uma empresa multinacional, contaminadas e identificadas como um risco \u00e0 sa\u00fade das crian\u00e7as que porventura ingerirem os produtos.<\/p>\n\n\n\n<p>A a\u00e7\u00e3o conduzida pelo Procon An\u00e1polis e pela Vigil\u00e2ncia Sanit\u00e1ria Municipal contou com a participa\u00e7\u00e3o da vereadora Andreia Rezende que teve sua filha contaminada com o produto nas \u00faltimas semanas e reagiu enquanto parlamentar, acionando as autoridades fiscalizadoras municipais.<\/p>\n\n\n\n<p>\u201cOs estabelecimentos precisam estar alerta n\u00e3o apenas a validade dos produtos, mas a esse tipo de notifica\u00e7\u00e3o de contamina\u00e7\u00e3o, para que a onda de adoecimento n\u00e3o prospere. \u00c9 por isso que temos apoiado essa blitz e elas v\u00e3o continuar acontecendo para que a gente possa ter certeza que esses lotes contaminados n\u00e3o estejam sendo mais comercializados e que as nossas crian\u00e7as estejam em seguran\u00e7a\u201d, destacou a vereadora.<\/p>\n\n\n\n<p>De acordo com o Diretor Geral do Procon An\u00e1polis, Longuimar Jos\u00e9, \u201cesses produtos precisam ficar recolhidos no dep\u00f3sito das institui\u00e7\u00f5es para posterior devolu\u00e7\u00e3o \u00e0 fabricante. As empresas que n\u00e3o estiverem realizando esse procedimento, ser\u00e3o notificadas e responder\u00e3o a processo administrativo\u201d.<\/p>\n\n\n\n<p>Das farm\u00e1cias e supermercados visitados, cinco deles ainda tinham em suas prateleiras os produtos dos lotes contaminados. Eles foram removidos das prateleiras e os empreendimentos autuados. A Diretoria Municipal de Defesa do Consumidor orienta ainda que os consumidores confiram atentamente o n\u00famero do lote impresso na embalagem, evitando o consumo dos produtos pertencentes aos lotes listados pela ANVISA.<\/p>\n\n\n\n<p>Caso seja identificado que o consumidor adquiriu produto enquadrado na medida sanit\u00e1ria, dever\u00e1, de posse do cupom ou nota fiscal, procurar imediatamente o estabelecimento fornecedor para solicitar a troca do produto ou, alternativamente, a restitui\u00e7\u00e3o integral da quantia paga, conforme assegura o C\u00f3digo de Defesa do Consumidor (Lei n\u00ba 8.078\/1990).<\/p>\n\n\n\n<p>Em havendo recusa ou resist\u00eancia por parte do fornecedor, o consumidor deve procurar o Procon An\u00e1polis para formalizar den\u00fancia, possibilitando a ado\u00e7\u00e3o das medidas administrativas cab\u00edveis, inclusive no \u00e2mbito do processo administrativo sancionat\u00f3rio, nos termos do Decreto Federal n\u00ba 2.181\/1997.<\/p>\n\n\n\n<p><strong>Lotes contaminados<\/strong><\/p>\n\n\n\n<p>Est\u00e3o proibidos de comercializa\u00e7\u00e3o, exposi\u00e7\u00e3o e oferta ao consumidor, de forma restrita e pontual, exclusivamente os seguintes produtos da marca Nestl\u00e9, limitados aos lotes abaixo especificados:<\/p>\n\n\n\n<p>Est\u00e3o alcan\u00e7ados pela medida sanit\u00e1ria os produtos NESTOGENO, lotes 5341046041, 5342046041, 5343046041 e 5344046041. Tamb\u00e9m est\u00e3o proibidos os produtos NAN SUPREME PRO, sendo: na apresenta\u00e7\u00e3o 0 a 6 meses \u2013 400 g, os lotes 5321046041 e 5321046043; na apresenta\u00e7\u00e3o 0 a 6 meses \u2013 800 g, os lotes 5319046041, 5320046041 e 5321046041; e na apresenta\u00e7\u00e3o 6 a 12 meses \u2013 800 g, os lotes 5324046041, 5325046041 e 5326046041.<\/p>\n\n\n\n<p>Igualmente abrangidos est\u00e3o os produtos NANLAC SUPREME PRO \u2013 1 a 3 anos (800 g), lotes 5301046041, 5302046041, 5338046041, 5339046041 e 5340046041. Consta ainda a proibi\u00e7\u00e3o dos produtos NANLAC COMFOR, sendo na apresenta\u00e7\u00e3o 1 a 3 anos \u2013 800 g, os lotes 5327046041, 5327046043, 5328046041, 5336046041, 5337046041 e 5338046041, e na apresenta\u00e7\u00e3o 1 a 3 anos \u2013 1,6 kg, os lotes 53360460V4, 53370460V1, 53380460V1, 53390460V1, 53390460V2 e 53430460V2.<\/p>\n\n\n\n<p>Tamb\u00e9m est\u00e3o proibidos os produtos NAN SCIENCE PRO SENSITIVE \u2013 800 g, lote 5323046041, bem como os produtos ALFAMINO \u2013 400 g, lotes 51060017Y1, 51540017Y1 e 52720017Y2.<\/p>\n\n\n\n<p>A restri\u00e7\u00e3o de comercializa\u00e7\u00e3o aplica-se exclusivamente aos lotes acima identificados, n\u00e3o abrangendo outros produtos ou lotes da mesma marca que n\u00e3o estejam relacionados nos atos oficiais da ANVISA.<\/p>\n\n\n\n<p>por reprodu\u00e7\u00e3o Assessoria Vereadora Andreia Rezende<\/p>\n","protected":false},"excerpt":{"rendered":"<p class=\"excerpt\">A vereadora Andreia Rezende (Avante), acompanhou nesta segunda-feira (12\/01) opera\u00e7\u00e3o de fiscaliza\u00e7\u00e3o da Ag\u00eancia Nacional de Vigil\u00e2ncia Sanit\u00e1ria (ANVISA) em An\u00e1polis, que teve como objetivo tirar de circula\u00e7\u00e3o os lotes de f\u00f3rmulas infantis de uma empresa multinacional, contaminadas e identificadas como um risco \u00e0 sa\u00fade das crian\u00e7as que porventura ingerirem os produtos. A a\u00e7\u00e3o conduzida [&hellip;]<\/p>\n","protected":false},"author":1,"featured_media":0,"comment_status":"open","ping_status":"open","sticky":false,"template":"","format":"standard","meta":[],"categories":[8,17],"tags":[22,24,113,83,92],"yoast_head":"<!-- This site is optimized with the Yoast SEO plugin v18.3 - https:\/\/yoast.com\/wordpress\/plugins\/seo\/ -->\n<title>Andreia Rezende lidera a\u00e7\u00e3o em An\u00e1polis para retirar f\u00f3rmulas infantis contaminadas das prateleiras - Manchester FM 93,3<\/title>\n<meta name=\"robots\" content=\"index, follow, max-snippet:-1, max-image-preview:large, max-video-preview:-1\" \/>\n<link rel=\"canonical\" href=\"https:\/\/www.radiomanchester.com.br\/fm\/andreia-rezende-lidera-acao-em-anapolis-para-retirar-formulas-infantis-contaminadas-das-prateleiras\/\" \/>\n<meta property=\"og:locale\" content=\"pt_BR\" \/>\n<meta property=\"og:type\" content=\"article\" \/>\n<meta property=\"og:title\" content=\"Andreia Rezende lidera a\u00e7\u00e3o em An\u00e1polis para retirar f\u00f3rmulas infantis contaminadas das prateleiras - Manchester FM 93,3\" \/>\n<meta property=\"og:description\" content=\"A vereadora Andreia Rezende (Avante), acompanhou nesta segunda-feira (12\/01) opera\u00e7\u00e3o de fiscaliza\u00e7\u00e3o da Ag\u00eancia Nacional de Vigil\u00e2ncia Sanit\u00e1ria (ANVISA) em An\u00e1polis, que teve como objetivo tirar de circula\u00e7\u00e3o os lotes de f\u00f3rmulas infantis de uma empresa multinacional, contaminadas e identificadas como um risco \u00e0 sa\u00fade das crian\u00e7as que porventura ingerirem os produtos. A a\u00e7\u00e3o conduzida [&hellip;]\" \/>\n<meta property=\"og:url\" content=\"https:\/\/www.radiomanchester.com.br\/fm\/andreia-rezende-lidera-acao-em-anapolis-para-retirar-formulas-infantis-contaminadas-das-prateleiras\/\" \/>\n<meta property=\"og:site_name\" content=\"Manchester FM 93,3\" \/>\n<meta property=\"article:published_time\" content=\"2026-01-13T11:00:00+00:00\" \/>\n<meta property=\"article:modified_time\" content=\"2026-01-13T00:41:24+00:00\" \/>\n<meta name=\"twitter:card\" content=\"summary_large_image\" \/>\n<meta name=\"twitter:label1\" content=\"Escrito por\" \/>\n\t<meta name=\"twitter:data1\" content=\"admin\" \/>\n\t<meta name=\"twitter:label2\" content=\"Est. tempo de leitura\" \/>\n\t<meta name=\"twitter:data2\" content=\"4 minutos\" \/>\n<script type=\"application\/ld+json\" class=\"yoast-schema-graph\">{\"@context\":\"https:\/\/schema.org\",\"@graph\":[{\"@type\":\"WebSite\",\"@id\":\"https:\/\/www.radiomanchester.com.br\/fm\/#website\",\"url\":\"https:\/\/www.radiomanchester.com.br\/fm\/\",\"name\":\"Manchester FM 93,3\",\"description\":\"Todo Mundo Ouve!\",\"potentialAction\":[{\"@type\":\"SearchAction\",\"target\":{\"@type\":\"EntryPoint\",\"urlTemplate\":\"https:\/\/www.radiomanchester.com.br\/fm\/?s={search_term_string}\"},\"query-input\":\"required name=search_term_string\"}],\"inLanguage\":\"pt-BR\"},{\"@type\":\"WebPage\",\"@id\":\"https:\/\/www.radiomanchester.com.br\/fm\/andreia-rezende-lidera-acao-em-anapolis-para-retirar-formulas-infantis-contaminadas-das-prateleiras\/#webpage\",\"url\":\"https:\/\/www.radiomanchester.com.br\/fm\/andreia-rezende-lidera-acao-em-anapolis-para-retirar-formulas-infantis-contaminadas-das-prateleiras\/\",\"name\":\"Andreia Rezende lidera a\u00e7\u00e3o em An\u00e1polis para retirar f\u00f3rmulas infantis contaminadas das prateleiras - Manchester FM 93,3\",\"isPartOf\":{\"@id\":\"https:\/\/www.radiomanchester.com.br\/fm\/#website\"},\"datePublished\":\"2026-01-13T11:00:00+00:00\",\"dateModified\":\"2026-01-13T00:41:24+00:00\",\"author\":{\"@id\":\"https:\/\/www.radiomanchester.com.br\/fm\/#\/schema\/person\/408a7b4d4e32cbebd90e2782852abca3\"},\"breadcrumb\":{\"@id\":\"https:\/\/www.radiomanchester.com.br\/fm\/andreia-rezende-lidera-acao-em-anapolis-para-retirar-formulas-infantis-contaminadas-das-prateleiras\/#breadcrumb\"},\"inLanguage\":\"pt-BR\",\"potentialAction\":[{\"@type\":\"ReadAction\",\"target\":[\"https:\/\/www.radiomanchester.com.br\/fm\/andreia-rezende-lidera-acao-em-anapolis-para-retirar-formulas-infantis-contaminadas-das-prateleiras\/\"]}]},{\"@type\":\"BreadcrumbList\",\"@id\":\"https:\/\/www.radiomanchester.com.br\/fm\/andreia-rezende-lidera-acao-em-anapolis-para-retirar-formulas-infantis-contaminadas-das-prateleiras\/#breadcrumb\",\"itemListElement\":[{\"@type\":\"ListItem\",\"position\":1,\"name\":\"Home\",\"item\":\"https:\/\/www.radiomanchester.com.br\/fm\/\"},{\"@type\":\"ListItem\",\"position\":2,\"name\":\"Andreia Rezende lidera a\u00e7\u00e3o em An\u00e1polis para retirar f\u00f3rmulas infantis contaminadas das prateleiras\"}]},{\"@type\":\"Person\",\"@id\":\"https:\/\/www.radiomanchester.com.br\/fm\/#\/schema\/person\/408a7b4d4e32cbebd90e2782852abca3\",\"name\":\"admin\",\"image\":{\"@type\":\"ImageObject\",\"@id\":\"https:\/\/www.radiomanchester.com.br\/fm\/#personlogo\",\"inLanguage\":\"pt-BR\",\"url\":\"https:\/\/secure.gravatar.com\/avatar\/115a974dba3376872eb3addeb276301c?s=96&d=mm&r=g\",\"contentUrl\":\"https:\/\/secure.gravatar.com\/avatar\/115a974dba3376872eb3addeb276301c?s=96&d=mm&r=g\",\"caption\":\"admin\"},\"url\":\"https:\/\/www.radiomanchester.com.br\/fm\/author\/admin\/\"}]}<\/script>\n<!-- \/ Yoast SEO plugin. -->","yoast_head_json":{"title":"Andreia Rezende lidera a\u00e7\u00e3o em An\u00e1polis para retirar f\u00f3rmulas infantis contaminadas das prateleiras - Manchester FM 93,3","robots":{"index":"index","follow":"follow","max-snippet":"max-snippet:-1","max-image-preview":"max-image-preview:large","max-video-preview":"max-video-preview:-1"},"canonical":"https:\/\/www.radiomanchester.com.br\/fm\/andreia-rezende-lidera-acao-em-anapolis-para-retirar-formulas-infantis-contaminadas-das-prateleiras\/","og_locale":"pt_BR","og_type":"article","og_title":"Andreia Rezende lidera a\u00e7\u00e3o em An\u00e1polis para retirar f\u00f3rmulas infantis contaminadas das prateleiras - Manchester FM 93,3","og_description":"A vereadora Andreia Rezende (Avante), acompanhou nesta segunda-feira (12\/01) opera\u00e7\u00e3o de fiscaliza\u00e7\u00e3o da Ag\u00eancia Nacional de Vigil\u00e2ncia Sanit\u00e1ria (ANVISA) em An\u00e1polis, que teve como objetivo tirar de circula\u00e7\u00e3o os lotes de f\u00f3rmulas infantis de uma empresa multinacional, contaminadas e identificadas como um risco \u00e0 sa\u00fade das crian\u00e7as que porventura ingerirem os produtos. A a\u00e7\u00e3o conduzida [&hellip;]","og_url":"https:\/\/www.radiomanchester.com.br\/fm\/andreia-rezende-lidera-acao-em-anapolis-para-retirar-formulas-infantis-contaminadas-das-prateleiras\/","og_site_name":"Manchester FM 93,3","article_published_time":"2026-01-13T11:00:00+00:00","article_modified_time":"2026-01-13T00:41:24+00:00","twitter_card":"summary_large_image","twitter_misc":{"Escrito por":"admin","Est. tempo de leitura":"4 minutos"},"schema":{"@context":"https:\/\/schema.org","@graph":[{"@type":"WebSite","@id":"https:\/\/www.radiomanchester.com.br\/fm\/#website","url":"https:\/\/www.radiomanchester.com.br\/fm\/","name":"Manchester FM 93,3","description":"Todo Mundo Ouve!","potentialAction":[{"@type":"SearchAction","target":{"@type":"EntryPoint","urlTemplate":"https:\/\/www.radiomanchester.com.br\/fm\/?s={search_term_string}"},"query-input":"required name=search_term_string"}],"inLanguage":"pt-BR"},{"@type":"WebPage","@id":"https:\/\/www.radiomanchester.com.br\/fm\/andreia-rezende-lidera-acao-em-anapolis-para-retirar-formulas-infantis-contaminadas-das-prateleiras\/#webpage","url":"https:\/\/www.radiomanchester.com.br\/fm\/andreia-rezende-lidera-acao-em-anapolis-para-retirar-formulas-infantis-contaminadas-das-prateleiras\/","name":"Andreia Rezende lidera a\u00e7\u00e3o em An\u00e1polis para retirar f\u00f3rmulas infantis contaminadas das prateleiras - Manchester FM 93,3","isPartOf":{"@id":"https:\/\/www.radiomanchester.com.br\/fm\/#website"},"datePublished":"2026-01-13T11:00:00+00:00","dateModified":"2026-01-13T00:41:24+00:00","author":{"@id":"https:\/\/www.radiomanchester.com.br\/fm\/#\/schema\/person\/408a7b4d4e32cbebd90e2782852abca3"},"breadcrumb":{"@id":"https:\/\/www.radiomanchester.com.br\/fm\/andreia-rezende-lidera-acao-em-anapolis-para-retirar-formulas-infantis-contaminadas-das-prateleiras\/#breadcrumb"},"inLanguage":"pt-BR","potentialAction":[{"@type":"ReadAction","target":["https:\/\/www.radiomanchester.com.br\/fm\/andreia-rezende-lidera-acao-em-anapolis-para-retirar-formulas-infantis-contaminadas-das-prateleiras\/"]}]},{"@type":"BreadcrumbList","@id":"https:\/\/www.radiomanchester.com.br\/fm\/andreia-rezende-lidera-acao-em-anapolis-para-retirar-formulas-infantis-contaminadas-das-prateleiras\/#breadcrumb","itemListElement":[{"@type":"ListItem","position":1,"name":"Home","item":"https:\/\/www.radiomanchester.com.br\/fm\/"},{"@type":"ListItem","position":2,"name":"Andreia Rezende lidera a\u00e7\u00e3o em An\u00e1polis para retirar f\u00f3rmulas infantis contaminadas das prateleiras"}]},{"@type":"Person","@id":"https:\/\/www.radiomanchester.com.br\/fm\/#\/schema\/person\/408a7b4d4e32cbebd90e2782852abca3","name":"admin","image":{"@type":"ImageObject","@id":"https:\/\/www.radiomanchester.com.br\/fm\/#personlogo","inLanguage":"pt-BR","url":"https:\/\/secure.gravatar.com\/avatar\/115a974dba3376872eb3addeb276301c?s=96&d=mm&r=g","contentUrl":"https:\/\/secure.gravatar.com\/avatar\/115a974dba3376872eb3addeb276301c?s=96&d=mm&r=g","caption":"admin"},"url":"https:\/\/www.radiomanchester.com.br\/fm\/author\/admin\/"}]}},"_links":{"self":[{"href":"https:\/\/www.radiomanchester.com.br\/fm\/wp-json\/wp\/v2\/posts\/17157"}],"collection":[{"href":"https:\/\/www.radiomanchester.com.br\/fm\/wp-json\/wp\/v2\/posts"}],"about":[{"href":"https:\/\/www.radiomanchester.com.br\/fm\/wp-json\/wp\/v2\/types\/post"}],"author":[{"embeddable":true,"href":"https:\/\/www.radiomanchester.com.br\/fm\/wp-json\/wp\/v2\/users\/1"}],"replies":[{"embeddable":true,"href":"https:\/\/www.radiomanchester.com.br\/fm\/wp-json\/wp\/v2\/comments?post=17157"}],"version-history":[{"count":1,"href":"https:\/\/www.radiomanchester.com.br\/fm\/wp-json\/wp\/v2\/posts\/17157\/revisions"}],"predecessor-version":[{"id":17158,"href":"https:\/\/www.radiomanchester.com.br\/fm\/wp-json\/wp\/v2\/posts\/17157\/revisions\/17158"}],"wp:attachment":[{"href":"https:\/\/www.radiomanchester.com.br\/fm\/wp-json\/wp\/v2\/media?parent=17157"}],"wp:term":[{"taxonomy":"category","embeddable":true,"href":"https:\/\/www.radiomanchester.com.br\/fm\/wp-json\/wp\/v2\/categories?post=17157"},{"taxonomy":"post_tag","embeddable":true,"href":"https:\/\/www.radiomanchester.com.br\/fm\/wp-json\/wp\/v2\/tags?post=17157"}],"curies":[{"name":"wp","href":"https:\/\/api.w.org\/{rel}","templated":true}]}}