{"id":17161,"date":"2026-01-13T20:50:34","date_gmt":"2026-01-13T23:50:34","guid":{"rendered":"https:\/\/www.radiomanchester.com.br\/fm\/?p=17161"},"modified":"2026-01-13T20:50:36","modified_gmt":"2026-01-13T23:50:36","slug":"prefeitura-amplia-servicos-de-iluminacao-publica-e-atende-27-bairros-nos-ultimos-dias","status":"publish","type":"post","link":"https:\/\/www.radiomanchester.com.br\/fm\/prefeitura-amplia-servicos-de-iluminacao-publica-e-atende-27-bairros-nos-ultimos-dias\/","title":{"rendered":"Prefeitura amplia servi\u00e7os de ilumina\u00e7\u00e3o p\u00fablica e atende 27 bairros nos \u00faltimos dias"},"content":{"rendered":"\n<p>A Prefeitura de An\u00e1polis, por meio da Secretaria Municipal de Obras, Habita\u00e7\u00e3o, Planejamento Urbano e Meio Ambiente, j\u00e1 realizou servi\u00e7os de manuten\u00e7\u00e3o e instala\u00e7\u00e3o de ilumina\u00e7\u00e3o p\u00fablica em 27 bairros em menos de duas semanas.<\/p>\n\n\n\n<p>Os servi\u00e7os abrangem manuten\u00e7\u00e3o da ilumina\u00e7\u00e3o existente e instala\u00e7\u00e3o de novos pontos, com substitui\u00e7\u00e3o de lumin\u00e1rias e corre\u00e7\u00e3o de pontos apagados, de acordo com o planejamento t\u00e9cnico da Secretaria.<\/p>\n\n\n\n<p>A popula\u00e7\u00e3o tamb\u00e9m pode solicitar servi\u00e7os de ilumina\u00e7\u00e3o p\u00fablica pelo aplicativo Conecta An\u00e1polis ou pelo Zap da Prefeitura, no n\u00famero (62) 98551-6888. As solicita\u00e7\u00f5es s\u00e3o encaminhadas \u00e0s equipes respons\u00e1veis conforme cronograma de atendimento.<\/p>\n","protected":false},"excerpt":{"rendered":"<p class=\"excerpt\">A Prefeitura de An\u00e1polis, por meio da Secretaria Municipal de Obras, Habita\u00e7\u00e3o, Planejamento Urbano e Meio Ambiente, j\u00e1 realizou servi\u00e7os de manuten\u00e7\u00e3o e instala\u00e7\u00e3o de ilumina\u00e7\u00e3o p\u00fablica em 27 bairros em menos de duas semanas. Os servi\u00e7os abrangem manuten\u00e7\u00e3o da ilumina\u00e7\u00e3o existente e instala\u00e7\u00e3o de novos pontos, com substitui\u00e7\u00e3o de lumin\u00e1rias e corre\u00e7\u00e3o de pontos [&hellip;]<\/p>\n","protected":false},"author":1,"featured_media":0,"comment_status":"open","ping_status":"open","sticky":false,"template":"","format":"standard","meta":[],"categories":[8,17],"tags":[22,24,113,83,129,92],"yoast_head":"<!-- This site is optimized with the Yoast SEO plugin v18.3 - https:\/\/yoast.com\/wordpress\/plugins\/seo\/ -->\n<title>Prefeitura amplia servi\u00e7os de ilumina\u00e7\u00e3o p\u00fablica e atende 27 bairros nos \u00faltimos dias - Manchester FM 93,3<\/title>\n<meta name=\"robots\" content=\"index, follow, max-snippet:-1, max-image-preview:large, max-video-preview:-1\" \/>\n<link rel=\"canonical\" href=\"https:\/\/www.radiomanchester.com.br\/fm\/prefeitura-amplia-servicos-de-iluminacao-publica-e-atende-27-bairros-nos-ultimos-dias\/\" \/>\n<meta property=\"og:locale\" content=\"pt_BR\" \/>\n<meta property=\"og:type\" content=\"article\" \/>\n<meta property=\"og:title\" content=\"Prefeitura amplia servi\u00e7os de ilumina\u00e7\u00e3o p\u00fablica e atende 27 bairros nos \u00faltimos dias - Manchester FM 93,3\" \/>\n<meta property=\"og:description\" content=\"A Prefeitura de An\u00e1polis, por meio da Secretaria Municipal de Obras, Habita\u00e7\u00e3o, Planejamento Urbano e Meio Ambiente, j\u00e1 realizou servi\u00e7os de manuten\u00e7\u00e3o e instala\u00e7\u00e3o de ilumina\u00e7\u00e3o p\u00fablica em 27 bairros em menos de duas semanas. Os servi\u00e7os abrangem manuten\u00e7\u00e3o da ilumina\u00e7\u00e3o existente e instala\u00e7\u00e3o de novos pontos, com substitui\u00e7\u00e3o de lumin\u00e1rias e corre\u00e7\u00e3o de pontos [&hellip;]\" \/>\n<meta property=\"og:url\" content=\"https:\/\/www.radiomanchester.com.br\/fm\/prefeitura-amplia-servicos-de-iluminacao-publica-e-atende-27-bairros-nos-ultimos-dias\/\" \/>\n<meta property=\"og:site_name\" content=\"Manchester FM 93,3\" \/>\n<meta property=\"article:published_time\" content=\"2026-01-13T23:50:34+00:00\" \/>\n<meta property=\"article:modified_time\" content=\"2026-01-13T23:50:36+00:00\" \/>\n<meta name=\"twitter:card\" content=\"summary_large_image\" \/>\n<meta name=\"twitter:label1\" content=\"Escrito por\" \/>\n\t<meta name=\"twitter:data1\" content=\"admin\" \/>\n\t<meta name=\"twitter:label2\" content=\"Est. tempo de leitura\" \/>\n\t<meta name=\"twitter:data2\" content=\"1 minuto\" \/>\n<script type=\"application\/ld+json\" class=\"yoast-schema-graph\">{\"@context\":\"https:\/\/schema.org\",\"@graph\":[{\"@type\":\"WebSite\",\"@id\":\"https:\/\/www.radiomanchester.com.br\/fm\/#website\",\"url\":\"https:\/\/www.radiomanchester.com.br\/fm\/\",\"name\":\"Manchester FM 93,3\",\"description\":\"Todo Mundo Ouve!\",\"potentialAction\":[{\"@type\":\"SearchAction\",\"target\":{\"@type\":\"EntryPoint\",\"urlTemplate\":\"https:\/\/www.radiomanchester.com.br\/fm\/?s={search_term_string}\"},\"query-input\":\"required name=search_term_string\"}],\"inLanguage\":\"pt-BR\"},{\"@type\":\"WebPage\",\"@id\":\"https:\/\/www.radiomanchester.com.br\/fm\/prefeitura-amplia-servicos-de-iluminacao-publica-e-atende-27-bairros-nos-ultimos-dias\/#webpage\",\"url\":\"https:\/\/www.radiomanchester.com.br\/fm\/prefeitura-amplia-servicos-de-iluminacao-publica-e-atende-27-bairros-nos-ultimos-dias\/\",\"name\":\"Prefeitura amplia servi\u00e7os de ilumina\u00e7\u00e3o p\u00fablica e atende 27 bairros nos \u00faltimos dias - Manchester FM 93,3\",\"isPartOf\":{\"@id\":\"https:\/\/www.radiomanchester.com.br\/fm\/#website\"},\"datePublished\":\"2026-01-13T23:50:34+00:00\",\"dateModified\":\"2026-01-13T23:50:36+00:00\",\"author\":{\"@id\":\"https:\/\/www.radiomanchester.com.br\/fm\/#\/schema\/person\/408a7b4d4e32cbebd90e2782852abca3\"},\"breadcrumb\":{\"@id\":\"https:\/\/www.radiomanchester.com.br\/fm\/prefeitura-amplia-servicos-de-iluminacao-publica-e-atende-27-bairros-nos-ultimos-dias\/#breadcrumb\"},\"inLanguage\":\"pt-BR\",\"potentialAction\":[{\"@type\":\"ReadAction\",\"target\":[\"https:\/\/www.radiomanchester.com.br\/fm\/prefeitura-amplia-servicos-de-iluminacao-publica-e-atende-27-bairros-nos-ultimos-dias\/\"]}]},{\"@type\":\"BreadcrumbList\",\"@id\":\"https:\/\/www.radiomanchester.com.br\/fm\/prefeitura-amplia-servicos-de-iluminacao-publica-e-atende-27-bairros-nos-ultimos-dias\/#breadcrumb\",\"itemListElement\":[{\"@type\":\"ListItem\",\"position\":1,\"name\":\"Home\",\"item\":\"https:\/\/www.radiomanchester.com.br\/fm\/\"},{\"@type\":\"ListItem\",\"position\":2,\"name\":\"Prefeitura amplia servi\u00e7os de ilumina\u00e7\u00e3o p\u00fablica e atende 27 bairros nos \u00faltimos dias\"}]},{\"@type\":\"Person\",\"@id\":\"https:\/\/www.radiomanchester.com.br\/fm\/#\/schema\/person\/408a7b4d4e32cbebd90e2782852abca3\",\"name\":\"admin\",\"image\":{\"@type\":\"ImageObject\",\"@id\":\"https:\/\/www.radiomanchester.com.br\/fm\/#personlogo\",\"inLanguage\":\"pt-BR\",\"url\":\"https:\/\/secure.gravatar.com\/avatar\/115a974dba3376872eb3addeb276301c?s=96&d=mm&r=g\",\"contentUrl\":\"https:\/\/secure.gravatar.com\/avatar\/115a974dba3376872eb3addeb276301c?s=96&d=mm&r=g\",\"caption\":\"admin\"},\"url\":\"https:\/\/www.radiomanchester.com.br\/fm\/author\/admin\/\"}]}<\/script>\n<!-- \/ Yoast SEO plugin. -->","yoast_head_json":{"title":"Prefeitura amplia servi\u00e7os de ilumina\u00e7\u00e3o p\u00fablica e atende 27 bairros nos \u00faltimos dias - Manchester FM 93,3","robots":{"index":"index","follow":"follow","max-snippet":"max-snippet:-1","max-image-preview":"max-image-preview:large","max-video-preview":"max-video-preview:-1"},"canonical":"https:\/\/www.radiomanchester.com.br\/fm\/prefeitura-amplia-servicos-de-iluminacao-publica-e-atende-27-bairros-nos-ultimos-dias\/","og_locale":"pt_BR","og_type":"article","og_title":"Prefeitura amplia servi\u00e7os de ilumina\u00e7\u00e3o p\u00fablica e atende 27 bairros nos \u00faltimos dias - Manchester FM 93,3","og_description":"A Prefeitura de An\u00e1polis, por meio da Secretaria Municipal de Obras, Habita\u00e7\u00e3o, Planejamento Urbano e Meio Ambiente, j\u00e1 realizou servi\u00e7os de manuten\u00e7\u00e3o e instala\u00e7\u00e3o de ilumina\u00e7\u00e3o p\u00fablica em 27 bairros em menos de duas semanas. Os servi\u00e7os abrangem manuten\u00e7\u00e3o da ilumina\u00e7\u00e3o existente e instala\u00e7\u00e3o de novos pontos, com substitui\u00e7\u00e3o de lumin\u00e1rias e corre\u00e7\u00e3o de pontos [&hellip;]","og_url":"https:\/\/www.radiomanchester.com.br\/fm\/prefeitura-amplia-servicos-de-iluminacao-publica-e-atende-27-bairros-nos-ultimos-dias\/","og_site_name":"Manchester FM 93,3","article_published_time":"2026-01-13T23:50:34+00:00","article_modified_time":"2026-01-13T23:50:36+00:00","twitter_card":"summary_large_image","twitter_misc":{"Escrito por":"admin","Est. tempo de leitura":"1 minuto"},"schema":{"@context":"https:\/\/schema.org","@graph":[{"@type":"WebSite","@id":"https:\/\/www.radiomanchester.com.br\/fm\/#website","url":"https:\/\/www.radiomanchester.com.br\/fm\/","name":"Manchester FM 93,3","description":"Todo Mundo Ouve!","potentialAction":[{"@type":"SearchAction","target":{"@type":"EntryPoint","urlTemplate":"https:\/\/www.radiomanchester.com.br\/fm\/?s={search_term_string}"},"query-input":"required name=search_term_string"}],"inLanguage":"pt-BR"},{"@type":"WebPage","@id":"https:\/\/www.radiomanchester.com.br\/fm\/prefeitura-amplia-servicos-de-iluminacao-publica-e-atende-27-bairros-nos-ultimos-dias\/#webpage","url":"https:\/\/www.radiomanchester.com.br\/fm\/prefeitura-amplia-servicos-de-iluminacao-publica-e-atende-27-bairros-nos-ultimos-dias\/","name":"Prefeitura amplia servi\u00e7os de ilumina\u00e7\u00e3o p\u00fablica e atende 27 bairros nos \u00faltimos dias - Manchester FM 93,3","isPartOf":{"@id":"https:\/\/www.radiomanchester.com.br\/fm\/#website"},"datePublished":"2026-01-13T23:50:34+00:00","dateModified":"2026-01-13T23:50:36+00:00","author":{"@id":"https:\/\/www.radiomanchester.com.br\/fm\/#\/schema\/person\/408a7b4d4e32cbebd90e2782852abca3"},"breadcrumb":{"@id":"https:\/\/www.radiomanchester.com.br\/fm\/prefeitura-amplia-servicos-de-iluminacao-publica-e-atende-27-bairros-nos-ultimos-dias\/#breadcrumb"},"inLanguage":"pt-BR","potentialAction":[{"@type":"ReadAction","target":["https:\/\/www.radiomanchester.com.br\/fm\/prefeitura-amplia-servicos-de-iluminacao-publica-e-atende-27-bairros-nos-ultimos-dias\/"]}]},{"@type":"BreadcrumbList","@id":"https:\/\/www.radiomanchester.com.br\/fm\/prefeitura-amplia-servicos-de-iluminacao-publica-e-atende-27-bairros-nos-ultimos-dias\/#breadcrumb","itemListElement":[{"@type":"ListItem","position":1,"name":"Home","item":"https:\/\/www.radiomanchester.com.br\/fm\/"},{"@type":"ListItem","position":2,"name":"Prefeitura amplia servi\u00e7os de ilumina\u00e7\u00e3o p\u00fablica e atende 27 bairros nos \u00faltimos dias"}]},{"@type":"Person","@id":"https:\/\/www.radiomanchester.com.br\/fm\/#\/schema\/person\/408a7b4d4e32cbebd90e2782852abca3","name":"admin","image":{"@type":"ImageObject","@id":"https:\/\/www.radiomanchester.com.br\/fm\/#personlogo","inLanguage":"pt-BR","url":"https:\/\/secure.gravatar.com\/avatar\/115a974dba3376872eb3addeb276301c?s=96&d=mm&r=g","contentUrl":"https:\/\/secure.gravatar.com\/avatar\/115a974dba3376872eb3addeb276301c?s=96&d=mm&r=g","caption":"admin"},"url":"https:\/\/www.radiomanchester.com.br\/fm\/author\/admin\/"}]}},"_links":{"self":[{"href":"https:\/\/www.radiomanchester.com.br\/fm\/wp-json\/wp\/v2\/posts\/17161"}],"collection":[{"href":"https:\/\/www.radiomanchester.com.br\/fm\/wp-json\/wp\/v2\/posts"}],"about":[{"href":"https:\/\/www.radiomanchester.com.br\/fm\/wp-json\/wp\/v2\/types\/post"}],"author":[{"embeddable":true,"href":"https:\/\/www.radiomanchester.com.br\/fm\/wp-json\/wp\/v2\/users\/1"}],"replies":[{"embeddable":true,"href":"https:\/\/www.radiomanchester.com.br\/fm\/wp-json\/wp\/v2\/comments?post=17161"}],"version-history":[{"count":1,"href":"https:\/\/www.radiomanchester.com.br\/fm\/wp-json\/wp\/v2\/posts\/17161\/revisions"}],"predecessor-version":[{"id":17162,"href":"https:\/\/www.radiomanchester.com.br\/fm\/wp-json\/wp\/v2\/posts\/17161\/revisions\/17162"}],"wp:attachment":[{"href":"https:\/\/www.radiomanchester.com.br\/fm\/wp-json\/wp\/v2\/media?parent=17161"}],"wp:term":[{"taxonomy":"category","embeddable":true,"href":"https:\/\/www.radiomanchester.com.br\/fm\/wp-json\/wp\/v2\/categories?post=17161"},{"taxonomy":"post_tag","embeddable":true,"href":"https:\/\/www.radiomanchester.com.br\/fm\/wp-json\/wp\/v2\/tags?post=17161"}],"curies":[{"name":"wp","href":"https:\/\/api.w.org\/{rel}","templated":true}]}}